{"id":52949,"date":"2015-07-06T01:17:12","date_gmt":"2015-07-06T01:17:12","guid":{"rendered":"http:\/\/desarrollo.mcvicious.com\/aero2020\/2015\/07\/06\/grecia-rotundo-triunfo-del-no-en-referendum-clave-para-europa\/"},"modified":"2015-07-06T01:17:12","modified_gmt":"2015-07-06T01:17:12","slug":"grecia-rotundo-triunfo-del-no-en-referendum-clave-para-europa","status":"publish","type":"post","link":"https:\/\/aeronoticias.com.pe\/noticiero\/mundo\/mundo-mundo-2\/grecia-rotundo-triunfo-del-no-en-referendum-clave-para-europa\/","title":{"rendered":"Grecia: Rotundo triunfo del No en refer\u00e9ndum clave para Europa"},"content":{"rendered":"<p style=\"text-align: justify;\"><strong>(Aeronoticias)<\/strong>.-\u00a0Con el tel\u00f3n de fondo de una suspensi\u00f3n de pagos, bancos cerrados y amenazas de un apocalipsis financiero, el \u00abNo\u00bb venci\u00f3 en Grecia con el 61,57% tras el 75% de los votos escrutados, seg\u00fan los datos del Ministerio del Interior griego.<\/p>\n<p style=\"text-align: justify;\">Con ese porcentaje de las papeletas ya contabilizado, el \u00abS\u00ed\u00bb obtiene un 38,40% de apoyo.<\/p>\n<p style=\"text-align: justify;\">En la campa\u00f1a previa al refer\u00e9ndum el pa\u00eds de 11 millones de habitantes se mostr\u00f3 dividido sobre si aceptaba una oferta de los acreedores, considerada una \u00abhumillaci\u00f3n\u00bb por el primer ministro griego, Alexis Tsipras, quien fue elegido en enero con la promesa de poner fin a a\u00f1os de austeridad.<\/p>\n<p style=\"text-align: justify;\">Tsipras apoya el \u00abNo\u00bb, pues afirma que le dar\u00eda un mandato reforzado para regresar a las negociaciones y exigir un acuerdo mejor, incluyendo una amortizaci\u00f3n a la enorme deuda del pa\u00eds.<\/p>\n<p style=\"text-align: justify;\">Sin embargo, sus socios europeos dicen que un rechazo del plan pondr\u00eda a Grecia en camino de salida de la zona euro, provocando una desestabilizaci\u00f3n de la econom\u00eda mundial y de los mercados financieros.<\/p>\n<p style=\"text-align: justify;\">\u00abVot\u00e9 &#8216;No&#8217; en vez del &#8216;S\u00ed&#8217; que nuestros socios europeos insisten en que elija\u00bb, dijo Eleni Deligainni, de 43 a\u00f1os, en Atenas. \u00abLlevo casi cuatro a\u00f1os sin trabajo y dici\u00e9ndome que tengo que ser paciente (&#8230;) pero he tenido suficientes privaciones y paro\u00bb, agreg\u00f3.<\/p>\n<p style=\"text-align: justify;\">La poblaci\u00f3n, enfadada y exhausta tras cinco a\u00f1os de recortes en las pensiones, una ca\u00edda de la calidad de vida y alzas de impuestos, ahora sufren el cierre de bancos, retiros limitados en los cajeros autom\u00e1ticos y la posibilidad de que el pa\u00eds literalmente se quede sin dinero.<\/p>\n<p style=\"text-align: justify;\">Los pensionistas que se congregan en las puertas de los bancos para reclamar sus beneficios s\u00f3lo para salir con las manos vac\u00edas y llorando se han convertido en el s\u00edmbolo de la dram\u00e1tica ca\u00edda de la naci\u00f3n en la \u00faltima d\u00e9cada.<\/p>\n<p style=\"text-align: justify;\">Tsipras, un ex activista estudiantil de 40 a\u00f1os, calific\u00f3 el referendo como un asunto de dignidad nacional y sobre el futuro de Europa.<\/p>\n<p style=\"text-align: justify;\">Fuente: <span style=\"text-decoration: underline;\"><em><strong>El Comercio<\/strong><\/em><\/span>.<\/p>\n<p style=\"text-align: justify;\"><img decoding=\"async\" src=\"http:\/\/cde.3.elcomercio.pe\/ima\/0\/1\/1\/4\/9\/1149983\/base_image.jpg\" border=\"0\" alt=\"Grecia: Rotundo triunfo del No en refer\u00e9ndum clave para Europa\" \/><\/p>\n","protected":false},"excerpt":{"rendered":"<p>(Aeronoticias).-\u00a0Con el tel\u00f3n de fondo de una suspensi\u00f3n de pagos, bancos cerrados y amenazas de un apocalipsis financiero, el \u00abNo\u00bb venci\u00f3 en Grecia con el 61,57% tras el 75% de los votos escrutados, seg\u00fan los datos del Ministerio del Interior griego. Con ese porcentaje de las papeletas ya contabilizado, el \u00abS\u00ed\u00bb obtiene un 38,40% de [&hellip;]<\/p>\n","protected":false},"author":1,"featured_media":0,"comment_status":"open","ping_status":"open","sticky":false,"template":"","format":"standard","meta":{"tdm_status":"","tdm_grid_status":"","footnotes":""},"categories":[65],"tags":[],"class_list":{"0":"post-52949","1":"post","2":"type-post","3":"status-publish","4":"format-standard","6":"category-mundo-mundo-2"},"yoast_head":"<!-- This site is optimized with the Yoast SEO plugin v25.1 - https:\/\/yoast.com\/wordpress\/plugins\/seo\/ -->\n<title>Grecia: Rotundo triunfo del No en refer\u00e9ndum clave para Europa<\/title>\n<meta name=\"description\" content=\"Portal de noticias del Per\u00fa sobre el transporte a\u00e9reo, aviaci\u00f3n, turismo, hoteleria, actualidad.\" \/>\n<meta name=\"robots\" content=\"index, follow, max-snippet:-1, max-image-preview:large, max-video-preview:-1\" \/>\n<link rel=\"canonical\" href=\"https:\/\/aeronoticias.com.pe\/noticiero\/mundo\/mundo-mundo-2\/grecia-rotundo-triunfo-del-no-en-referendum-clave-para-europa\/\" \/>\n<meta property=\"og:locale\" content=\"es_ES\" \/>\n<meta property=\"og:type\" content=\"article\" \/>\n<meta property=\"og:title\" content=\"Grecia: Rotundo triunfo del No en refer\u00e9ndum clave para Europa\" \/>\n<meta property=\"og:description\" content=\"Portal de noticias del Per\u00fa sobre el transporte a\u00e9reo, aviaci\u00f3n, turismo, hoteleria, actualidad.\" \/>\n<meta property=\"og:url\" content=\"https:\/\/aeronoticias.com.pe\/noticiero\/mundo\/mundo-mundo-2\/grecia-rotundo-triunfo-del-no-en-referendum-clave-para-europa\/\" \/>\n<meta property=\"og:site_name\" content=\"Aeronoticias.com.pe\" \/>\n<meta property=\"article:publisher\" content=\"https:\/\/www.facebook.com\/Aeronoticias.com.pe\/\" \/>\n<meta property=\"article:published_time\" content=\"2015-07-06T01:17:12+00:00\" \/>\n<meta property=\"og:image\" content=\"http:\/\/cde.3.elcomercio.pe\/ima\/0\/1\/1\/4\/9\/1149983\/base_image.jpg\" \/>\n<meta name=\"author\" content=\"Redacci\u00f3n Aeronoticias\" \/>\n<meta name=\"twitter:card\" content=\"summary_large_image\" \/>\n<meta name=\"twitter:creator\" content=\"@aeronoticias\" \/>\n<meta name=\"twitter:site\" content=\"@aeronoticias\" \/>\n<meta name=\"twitter:label1\" content=\"Escrito por\" \/>\n\t<meta name=\"twitter:data1\" content=\"Redacci\u00f3n Aeronoticias\" \/>\n\t<meta name=\"twitter:label2\" content=\"Tiempo de lectura\" \/>\n\t<meta name=\"twitter:data2\" content=\"2 minutos\" \/>\n<script type=\"application\/ld+json\" class=\"yoast-schema-graph\">{\"@context\":\"https:\/\/schema.org\",\"@graph\":[{\"@type\":\"WebPage\",\"@id\":\"https:\/\/aeronoticias.com.pe\/noticiero\/mundo\/mundo-mundo-2\/grecia-rotundo-triunfo-del-no-en-referendum-clave-para-europa\/\",\"url\":\"https:\/\/aeronoticias.com.pe\/noticiero\/mundo\/mundo-mundo-2\/grecia-rotundo-triunfo-del-no-en-referendum-clave-para-europa\/\",\"name\":\"Grecia: Rotundo triunfo del No en refer\u00e9ndum clave para Europa\",\"isPartOf\":{\"@id\":\"https:\/\/aeronoticias.com.pe\/noticiero\/#website\"},\"primaryImageOfPage\":{\"@id\":\"https:\/\/aeronoticias.com.pe\/noticiero\/mundo\/mundo-mundo-2\/grecia-rotundo-triunfo-del-no-en-referendum-clave-para-europa\/#primaryimage\"},\"image\":{\"@id\":\"https:\/\/aeronoticias.com.pe\/noticiero\/mundo\/mundo-mundo-2\/grecia-rotundo-triunfo-del-no-en-referendum-clave-para-europa\/#primaryimage\"},\"thumbnailUrl\":\"http:\/\/cde.3.elcomercio.pe\/ima\/0\/1\/1\/4\/9\/1149983\/base_image.jpg\",\"datePublished\":\"2015-07-06T01:17:12+00:00\",\"author\":{\"@id\":\"https:\/\/aeronoticias.com.pe\/noticiero\/#\/schema\/person\/fc1e5d578f4b62ba1cf7ac2bba1170a0\"},\"description\":\"Portal de noticias del Per\u00fa sobre el transporte a\u00e9reo, aviaci\u00f3n, turismo, hoteleria, actualidad.\",\"breadcrumb\":{\"@id\":\"https:\/\/aeronoticias.com.pe\/noticiero\/mundo\/mundo-mundo-2\/grecia-rotundo-triunfo-del-no-en-referendum-clave-para-europa\/#breadcrumb\"},\"inLanguage\":\"es\",\"potentialAction\":[{\"@type\":\"ReadAction\",\"target\":[\"https:\/\/aeronoticias.com.pe\/noticiero\/mundo\/mundo-mundo-2\/grecia-rotundo-triunfo-del-no-en-referendum-clave-para-europa\/\"]}]},{\"@type\":\"ImageObject\",\"inLanguage\":\"es\",\"@id\":\"https:\/\/aeronoticias.com.pe\/noticiero\/mundo\/mundo-mundo-2\/grecia-rotundo-triunfo-del-no-en-referendum-clave-para-europa\/#primaryimage\",\"url\":\"http:\/\/cde.3.elcomercio.pe\/ima\/0\/1\/1\/4\/9\/1149983\/base_image.jpg\",\"contentUrl\":\"http:\/\/cde.3.elcomercio.pe\/ima\/0\/1\/1\/4\/9\/1149983\/base_image.jpg\"},{\"@type\":\"BreadcrumbList\",\"@id\":\"https:\/\/aeronoticias.com.pe\/noticiero\/mundo\/mundo-mundo-2\/grecia-rotundo-triunfo-del-no-en-referendum-clave-para-europa\/#breadcrumb\",\"itemListElement\":[{\"@type\":\"ListItem\",\"position\":1,\"name\":\"Portada\",\"item\":\"https:\/\/aeronoticias.com.pe\/noticiero\/\"},{\"@type\":\"ListItem\",\"position\":2,\"name\":\"Grecia: Rotundo triunfo del No en refer\u00e9ndum clave para Europa\"}]},{\"@type\":\"WebSite\",\"@id\":\"https:\/\/aeronoticias.com.pe\/noticiero\/#website\",\"url\":\"https:\/\/aeronoticias.com.pe\/noticiero\/\",\"name\":\"Aeronoticias.com.pe\",\"description\":\"Noticias de tranporte aereo, turismo, hoteles, gastronomia, actualidad, internacional\",\"potentialAction\":[{\"@type\":\"SearchAction\",\"target\":{\"@type\":\"EntryPoint\",\"urlTemplate\":\"https:\/\/aeronoticias.com.pe\/noticiero\/?s={search_term_string}\"},\"query-input\":{\"@type\":\"PropertyValueSpecification\",\"valueRequired\":true,\"valueName\":\"search_term_string\"}}],\"inLanguage\":\"es\"},{\"@type\":\"Person\",\"@id\":\"https:\/\/aeronoticias.com.pe\/noticiero\/#\/schema\/person\/fc1e5d578f4b62ba1cf7ac2bba1170a0\",\"name\":\"Redacci\u00f3n Aeronoticias\",\"url\":\"https:\/\/aeronoticias.com.pe\/noticiero\/author\/piloto\/\"}]}<\/script>\n<!-- \/ Yoast SEO plugin. -->","yoast_head_json":{"title":"Grecia: Rotundo triunfo del No en refer\u00e9ndum clave para Europa","description":"Portal de noticias del Per\u00fa sobre el transporte a\u00e9reo, aviaci\u00f3n, turismo, hoteleria, actualidad.","robots":{"index":"index","follow":"follow","max-snippet":"max-snippet:-1","max-image-preview":"max-image-preview:large","max-video-preview":"max-video-preview:-1"},"canonical":"https:\/\/aeronoticias.com.pe\/noticiero\/mundo\/mundo-mundo-2\/grecia-rotundo-triunfo-del-no-en-referendum-clave-para-europa\/","og_locale":"es_ES","og_type":"article","og_title":"Grecia: Rotundo triunfo del No en refer\u00e9ndum clave para Europa","og_description":"Portal de noticias del Per\u00fa sobre el transporte a\u00e9reo, aviaci\u00f3n, turismo, hoteleria, actualidad.","og_url":"https:\/\/aeronoticias.com.pe\/noticiero\/mundo\/mundo-mundo-2\/grecia-rotundo-triunfo-del-no-en-referendum-clave-para-europa\/","og_site_name":"Aeronoticias.com.pe","article_publisher":"https:\/\/www.facebook.com\/Aeronoticias.com.pe\/","article_published_time":"2015-07-06T01:17:12+00:00","og_image":[{"url":"http:\/\/cde.3.elcomercio.pe\/ima\/0\/1\/1\/4\/9\/1149983\/base_image.jpg","type":"","width":"","height":""}],"author":"Redacci\u00f3n Aeronoticias","twitter_card":"summary_large_image","twitter_creator":"@aeronoticias","twitter_site":"@aeronoticias","twitter_misc":{"Escrito por":"Redacci\u00f3n Aeronoticias","Tiempo de lectura":"2 minutos"},"schema":{"@context":"https:\/\/schema.org","@graph":[{"@type":"WebPage","@id":"https:\/\/aeronoticias.com.pe\/noticiero\/mundo\/mundo-mundo-2\/grecia-rotundo-triunfo-del-no-en-referendum-clave-para-europa\/","url":"https:\/\/aeronoticias.com.pe\/noticiero\/mundo\/mundo-mundo-2\/grecia-rotundo-triunfo-del-no-en-referendum-clave-para-europa\/","name":"Grecia: Rotundo triunfo del No en refer\u00e9ndum clave para Europa","isPartOf":{"@id":"https:\/\/aeronoticias.com.pe\/noticiero\/#website"},"primaryImageOfPage":{"@id":"https:\/\/aeronoticias.com.pe\/noticiero\/mundo\/mundo-mundo-2\/grecia-rotundo-triunfo-del-no-en-referendum-clave-para-europa\/#primaryimage"},"image":{"@id":"https:\/\/aeronoticias.com.pe\/noticiero\/mundo\/mundo-mundo-2\/grecia-rotundo-triunfo-del-no-en-referendum-clave-para-europa\/#primaryimage"},"thumbnailUrl":"http:\/\/cde.3.elcomercio.pe\/ima\/0\/1\/1\/4\/9\/1149983\/base_image.jpg","datePublished":"2015-07-06T01:17:12+00:00","author":{"@id":"https:\/\/aeronoticias.com.pe\/noticiero\/#\/schema\/person\/fc1e5d578f4b62ba1cf7ac2bba1170a0"},"description":"Portal de noticias del Per\u00fa sobre el transporte a\u00e9reo, aviaci\u00f3n, turismo, hoteleria, actualidad.","breadcrumb":{"@id":"https:\/\/aeronoticias.com.pe\/noticiero\/mundo\/mundo-mundo-2\/grecia-rotundo-triunfo-del-no-en-referendum-clave-para-europa\/#breadcrumb"},"inLanguage":"es","potentialAction":[{"@type":"ReadAction","target":["https:\/\/aeronoticias.com.pe\/noticiero\/mundo\/mundo-mundo-2\/grecia-rotundo-triunfo-del-no-en-referendum-clave-para-europa\/"]}]},{"@type":"ImageObject","inLanguage":"es","@id":"https:\/\/aeronoticias.com.pe\/noticiero\/mundo\/mundo-mundo-2\/grecia-rotundo-triunfo-del-no-en-referendum-clave-para-europa\/#primaryimage","url":"http:\/\/cde.3.elcomercio.pe\/ima\/0\/1\/1\/4\/9\/1149983\/base_image.jpg","contentUrl":"http:\/\/cde.3.elcomercio.pe\/ima\/0\/1\/1\/4\/9\/1149983\/base_image.jpg"},{"@type":"BreadcrumbList","@id":"https:\/\/aeronoticias.com.pe\/noticiero\/mundo\/mundo-mundo-2\/grecia-rotundo-triunfo-del-no-en-referendum-clave-para-europa\/#breadcrumb","itemListElement":[{"@type":"ListItem","position":1,"name":"Portada","item":"https:\/\/aeronoticias.com.pe\/noticiero\/"},{"@type":"ListItem","position":2,"name":"Grecia: Rotundo triunfo del No en refer\u00e9ndum clave para Europa"}]},{"@type":"WebSite","@id":"https:\/\/aeronoticias.com.pe\/noticiero\/#website","url":"https:\/\/aeronoticias.com.pe\/noticiero\/","name":"Aeronoticias.com.pe","description":"Noticias de tranporte aereo, turismo, hoteles, gastronomia, actualidad, internacional","potentialAction":[{"@type":"SearchAction","target":{"@type":"EntryPoint","urlTemplate":"https:\/\/aeronoticias.com.pe\/noticiero\/?s={search_term_string}"},"query-input":{"@type":"PropertyValueSpecification","valueRequired":true,"valueName":"search_term_string"}}],"inLanguage":"es"},{"@type":"Person","@id":"https:\/\/aeronoticias.com.pe\/noticiero\/#\/schema\/person\/fc1e5d578f4b62ba1cf7ac2bba1170a0","name":"Redacci\u00f3n Aeronoticias","url":"https:\/\/aeronoticias.com.pe\/noticiero\/author\/piloto\/"}]}},"_links":{"self":[{"href":"https:\/\/aeronoticias.com.pe\/noticiero\/wp-json\/wp\/v2\/posts\/52949","targetHints":{"allow":["GET"]}}],"collection":[{"href":"https:\/\/aeronoticias.com.pe\/noticiero\/wp-json\/wp\/v2\/posts"}],"about":[{"href":"https:\/\/aeronoticias.com.pe\/noticiero\/wp-json\/wp\/v2\/types\/post"}],"author":[{"embeddable":true,"href":"https:\/\/aeronoticias.com.pe\/noticiero\/wp-json\/wp\/v2\/users\/1"}],"replies":[{"embeddable":true,"href":"https:\/\/aeronoticias.com.pe\/noticiero\/wp-json\/wp\/v2\/comments?post=52949"}],"version-history":[{"count":0,"href":"https:\/\/aeronoticias.com.pe\/noticiero\/wp-json\/wp\/v2\/posts\/52949\/revisions"}],"wp:attachment":[{"href":"https:\/\/aeronoticias.com.pe\/noticiero\/wp-json\/wp\/v2\/media?parent=52949"}],"wp:term":[{"taxonomy":"category","embeddable":true,"href":"https:\/\/aeronoticias.com.pe\/noticiero\/wp-json\/wp\/v2\/categories?post=52949"},{"taxonomy":"post_tag","embeddable":true,"href":"https:\/\/aeronoticias.com.pe\/noticiero\/wp-json\/wp\/v2\/tags?post=52949"}],"curies":[{"name":"wp","href":"https:\/\/api.w.org\/{rel}","templated":true}]}}