{"id":52952,"date":"2015-07-06T02:16:52","date_gmt":"2015-07-06T02:16:52","guid":{"rendered":"http:\/\/desarrollo.mcvicious.com\/aero2020\/2015\/07\/06\/cientificos-avanzan-en-vacuna-contra-el-cancer-de-prostata\/"},"modified":"2015-07-06T02:16:52","modified_gmt":"2015-07-06T02:16:52","slug":"cientificos-avanzan-en-vacuna-contra-el-cancer-de-prostata","status":"publish","type":"post","link":"https:\/\/aeronoticias.com.pe\/noticiero\/salud\/cientificos-avanzan-en-vacuna-contra-el-cancer-de-prostata\/","title":{"rendered":"Cient\u00edficos avanzan en vacuna contra el c\u00e1ncer de pr\u00f3stata"},"content":{"rendered":"<p style=\"text-align: justify;\"><strong>(Aeronoticias)<\/strong>.-\u00a0Cient\u00edficos cubanos avanzan en el desarrollo de una vacuna terap\u00e9utica contra el c\u00e1ncer de pr\u00f3stata, una enfermedad que causa la muerte de m\u00e1s de 2 mil varones en el Per\u00fa al a\u00f1o.<\/p>\n<p style=\"text-align: justify;\">Este proyecto entr\u00f3 en su tercera fase tras pasar con \u00e9xito las dos primeras, en las cuales se registraron resultados alentadores en detener el avance de la enfermedad, explic\u00f3 el cient\u00edfico Roberto Basulto.<\/p>\n<p style=\"text-align: justify;\">Esta vacuna se aplica en siete dosis \u00aby el organismo desarrolla anticuerpos contra ese mal\u00bb, se\u00f1al\u00f3 Basulto, jefe del equipo investigador.<\/p>\n<p style=\"text-align: justify;\">Basulto y sus colegas del Centro de Ingenier\u00eda Gen\u00e9tica y Biotecnolog\u00eda (CIGB) de Camag\u00fcey, 530 km al este de La Habana, subrayaron que no es un tratamiento preventivo, sino destinado a \u00abmejorar la calidad de vida\u00bb de los enfermos.<\/p>\n<p style=\"text-align: justify;\">La tercera fase de pruebas, que demorar\u00e1 al menos cinco a\u00f1os, involucrar\u00e1 a unos 400 pacientes. Debe aportar informaci\u00f3n espec\u00edfica sobre su eficacia, adem\u00e1s de permitir comparar la vacuna cubana con otros tratamientos existentes en el mundo, con principios diferentes.<\/p>\n<p style=\"text-align: justify;\">Actualmente en los centros hospitalarios de dicho pa\u00eds se aplica una vacuna extranjera que inhibe a nivel de la hip\u00f3fisis la producci\u00f3n de la hormona que provoca la enfermedad.<\/p>\n<p style=\"text-align: justify;\">Para ello se inserta una dosis bajo el ombligo que \u00abva liberando todos los d\u00edas una cantidad constante de 120 microgramos\u00bb y debe reponerse cada uno o tres meses, explic\u00f3. Debe seguir aplic\u00e1ndose mientras no se registre una mejor\u00eda notable.<\/p>\n<p style=\"text-align: justify;\">Fuente: <span style=\"text-decoration: underline;\"><em><strong>El Comercio<\/strong><\/em><\/span>.<\/p>\n<p style=\"text-align: justify;\"><img decoding=\"async\" src=\"http:\/\/cde.3.elcomercio.pe\/ima\/0\/1\/1\/4\/9\/1149996\/base_image.jpg\" border=\"0\" alt=\"Cient\u00edficos avanzan en vacuna contra el c\u00e1ncer de pr\u00f3stata\" \/><\/p>\n","protected":false},"excerpt":{"rendered":"<p>(Aeronoticias).-\u00a0Cient\u00edficos cubanos avanzan en el desarrollo de una vacuna terap\u00e9utica contra el c\u00e1ncer de pr\u00f3stata, una enfermedad que causa la muerte de m\u00e1s de 2 mil varones en el Per\u00fa al a\u00f1o. Este proyecto entr\u00f3 en su tercera fase tras pasar con \u00e9xito las dos primeras, en las cuales se registraron resultados alentadores en detener [&hellip;]<\/p>\n","protected":false},"author":1,"featured_media":0,"comment_status":"open","ping_status":"open","sticky":false,"template":"","format":"standard","meta":{"tdm_status":"","tdm_grid_status":"","footnotes":""},"categories":[37],"tags":[],"class_list":{"0":"post-52952","1":"post","2":"type-post","3":"status-publish","4":"format-standard","6":"category-salud"},"yoast_head":"<!-- This site is optimized with the Yoast SEO plugin v25.1 - https:\/\/yoast.com\/wordpress\/plugins\/seo\/ -->\n<title>Cient\u00edficos avanzan en vacuna contra el c\u00e1ncer de pr\u00f3stata<\/title>\n<meta name=\"description\" content=\"Portal de noticias del Per\u00fa sobre el transporte a\u00e9reo, aviaci\u00f3n, turismo, hoteleria, actualidad.\" \/>\n<meta name=\"robots\" content=\"index, follow, max-snippet:-1, max-image-preview:large, max-video-preview:-1\" \/>\n<link rel=\"canonical\" href=\"https:\/\/aeronoticias.com.pe\/noticiero\/salud\/cientificos-avanzan-en-vacuna-contra-el-cancer-de-prostata\/\" \/>\n<meta property=\"og:locale\" content=\"es_ES\" \/>\n<meta property=\"og:type\" content=\"article\" \/>\n<meta property=\"og:title\" content=\"Cient\u00edficos avanzan en vacuna contra el c\u00e1ncer de pr\u00f3stata\" \/>\n<meta property=\"og:description\" content=\"Portal de noticias del Per\u00fa sobre el transporte a\u00e9reo, aviaci\u00f3n, turismo, hoteleria, actualidad.\" \/>\n<meta property=\"og:url\" content=\"https:\/\/aeronoticias.com.pe\/noticiero\/salud\/cientificos-avanzan-en-vacuna-contra-el-cancer-de-prostata\/\" \/>\n<meta property=\"og:site_name\" content=\"Aeronoticias.com.pe\" \/>\n<meta property=\"article:publisher\" content=\"https:\/\/www.facebook.com\/Aeronoticias.com.pe\/\" \/>\n<meta property=\"article:published_time\" content=\"2015-07-06T02:16:52+00:00\" \/>\n<meta property=\"og:image\" content=\"http:\/\/cde.3.elcomercio.pe\/ima\/0\/1\/1\/4\/9\/1149996\/base_image.jpg\" \/>\n<meta name=\"author\" content=\"Redacci\u00f3n Aeronoticias\" \/>\n<meta name=\"twitter:card\" content=\"summary_large_image\" \/>\n<meta name=\"twitter:creator\" content=\"@aeronoticias\" \/>\n<meta name=\"twitter:site\" content=\"@aeronoticias\" \/>\n<meta name=\"twitter:label1\" content=\"Escrito por\" \/>\n\t<meta name=\"twitter:data1\" content=\"Redacci\u00f3n Aeronoticias\" \/>\n\t<meta name=\"twitter:label2\" content=\"Tiempo de lectura\" \/>\n\t<meta name=\"twitter:data2\" content=\"1 minuto\" \/>\n<script type=\"application\/ld+json\" class=\"yoast-schema-graph\">{\"@context\":\"https:\/\/schema.org\",\"@graph\":[{\"@type\":\"WebPage\",\"@id\":\"https:\/\/aeronoticias.com.pe\/noticiero\/salud\/cientificos-avanzan-en-vacuna-contra-el-cancer-de-prostata\/\",\"url\":\"https:\/\/aeronoticias.com.pe\/noticiero\/salud\/cientificos-avanzan-en-vacuna-contra-el-cancer-de-prostata\/\",\"name\":\"Cient\u00edficos avanzan en vacuna contra el c\u00e1ncer de pr\u00f3stata\",\"isPartOf\":{\"@id\":\"https:\/\/aeronoticias.com.pe\/noticiero\/#website\"},\"primaryImageOfPage\":{\"@id\":\"https:\/\/aeronoticias.com.pe\/noticiero\/salud\/cientificos-avanzan-en-vacuna-contra-el-cancer-de-prostata\/#primaryimage\"},\"image\":{\"@id\":\"https:\/\/aeronoticias.com.pe\/noticiero\/salud\/cientificos-avanzan-en-vacuna-contra-el-cancer-de-prostata\/#primaryimage\"},\"thumbnailUrl\":\"http:\/\/cde.3.elcomercio.pe\/ima\/0\/1\/1\/4\/9\/1149996\/base_image.jpg\",\"datePublished\":\"2015-07-06T02:16:52+00:00\",\"author\":{\"@id\":\"https:\/\/aeronoticias.com.pe\/noticiero\/#\/schema\/person\/fc1e5d578f4b62ba1cf7ac2bba1170a0\"},\"description\":\"Portal de noticias del Per\u00fa sobre el transporte a\u00e9reo, aviaci\u00f3n, turismo, hoteleria, actualidad.\",\"breadcrumb\":{\"@id\":\"https:\/\/aeronoticias.com.pe\/noticiero\/salud\/cientificos-avanzan-en-vacuna-contra-el-cancer-de-prostata\/#breadcrumb\"},\"inLanguage\":\"es\",\"potentialAction\":[{\"@type\":\"ReadAction\",\"target\":[\"https:\/\/aeronoticias.com.pe\/noticiero\/salud\/cientificos-avanzan-en-vacuna-contra-el-cancer-de-prostata\/\"]}]},{\"@type\":\"ImageObject\",\"inLanguage\":\"es\",\"@id\":\"https:\/\/aeronoticias.com.pe\/noticiero\/salud\/cientificos-avanzan-en-vacuna-contra-el-cancer-de-prostata\/#primaryimage\",\"url\":\"http:\/\/cde.3.elcomercio.pe\/ima\/0\/1\/1\/4\/9\/1149996\/base_image.jpg\",\"contentUrl\":\"http:\/\/cde.3.elcomercio.pe\/ima\/0\/1\/1\/4\/9\/1149996\/base_image.jpg\"},{\"@type\":\"BreadcrumbList\",\"@id\":\"https:\/\/aeronoticias.com.pe\/noticiero\/salud\/cientificos-avanzan-en-vacuna-contra-el-cancer-de-prostata\/#breadcrumb\",\"itemListElement\":[{\"@type\":\"ListItem\",\"position\":1,\"name\":\"Portada\",\"item\":\"https:\/\/aeronoticias.com.pe\/noticiero\/\"},{\"@type\":\"ListItem\",\"position\":2,\"name\":\"Cient\u00edficos avanzan en vacuna contra el c\u00e1ncer de pr\u00f3stata\"}]},{\"@type\":\"WebSite\",\"@id\":\"https:\/\/aeronoticias.com.pe\/noticiero\/#website\",\"url\":\"https:\/\/aeronoticias.com.pe\/noticiero\/\",\"name\":\"Aeronoticias.com.pe\",\"description\":\"Noticias de tranporte aereo, turismo, hoteles, gastronomia, actualidad, internacional\",\"potentialAction\":[{\"@type\":\"SearchAction\",\"target\":{\"@type\":\"EntryPoint\",\"urlTemplate\":\"https:\/\/aeronoticias.com.pe\/noticiero\/?s={search_term_string}\"},\"query-input\":{\"@type\":\"PropertyValueSpecification\",\"valueRequired\":true,\"valueName\":\"search_term_string\"}}],\"inLanguage\":\"es\"},{\"@type\":\"Person\",\"@id\":\"https:\/\/aeronoticias.com.pe\/noticiero\/#\/schema\/person\/fc1e5d578f4b62ba1cf7ac2bba1170a0\",\"name\":\"Redacci\u00f3n Aeronoticias\",\"url\":\"https:\/\/aeronoticias.com.pe\/noticiero\/author\/piloto\/\"}]}<\/script>\n<!-- \/ Yoast SEO plugin. -->","yoast_head_json":{"title":"Cient\u00edficos avanzan en vacuna contra el c\u00e1ncer de pr\u00f3stata","description":"Portal de noticias del Per\u00fa sobre el transporte a\u00e9reo, aviaci\u00f3n, turismo, hoteleria, actualidad.","robots":{"index":"index","follow":"follow","max-snippet":"max-snippet:-1","max-image-preview":"max-image-preview:large","max-video-preview":"max-video-preview:-1"},"canonical":"https:\/\/aeronoticias.com.pe\/noticiero\/salud\/cientificos-avanzan-en-vacuna-contra-el-cancer-de-prostata\/","og_locale":"es_ES","og_type":"article","og_title":"Cient\u00edficos avanzan en vacuna contra el c\u00e1ncer de pr\u00f3stata","og_description":"Portal de noticias del Per\u00fa sobre el transporte a\u00e9reo, aviaci\u00f3n, turismo, hoteleria, actualidad.","og_url":"https:\/\/aeronoticias.com.pe\/noticiero\/salud\/cientificos-avanzan-en-vacuna-contra-el-cancer-de-prostata\/","og_site_name":"Aeronoticias.com.pe","article_publisher":"https:\/\/www.facebook.com\/Aeronoticias.com.pe\/","article_published_time":"2015-07-06T02:16:52+00:00","og_image":[{"url":"http:\/\/cde.3.elcomercio.pe\/ima\/0\/1\/1\/4\/9\/1149996\/base_image.jpg","type":"","width":"","height":""}],"author":"Redacci\u00f3n Aeronoticias","twitter_card":"summary_large_image","twitter_creator":"@aeronoticias","twitter_site":"@aeronoticias","twitter_misc":{"Escrito por":"Redacci\u00f3n Aeronoticias","Tiempo de lectura":"1 minuto"},"schema":{"@context":"https:\/\/schema.org","@graph":[{"@type":"WebPage","@id":"https:\/\/aeronoticias.com.pe\/noticiero\/salud\/cientificos-avanzan-en-vacuna-contra-el-cancer-de-prostata\/","url":"https:\/\/aeronoticias.com.pe\/noticiero\/salud\/cientificos-avanzan-en-vacuna-contra-el-cancer-de-prostata\/","name":"Cient\u00edficos avanzan en vacuna contra el c\u00e1ncer de pr\u00f3stata","isPartOf":{"@id":"https:\/\/aeronoticias.com.pe\/noticiero\/#website"},"primaryImageOfPage":{"@id":"https:\/\/aeronoticias.com.pe\/noticiero\/salud\/cientificos-avanzan-en-vacuna-contra-el-cancer-de-prostata\/#primaryimage"},"image":{"@id":"https:\/\/aeronoticias.com.pe\/noticiero\/salud\/cientificos-avanzan-en-vacuna-contra-el-cancer-de-prostata\/#primaryimage"},"thumbnailUrl":"http:\/\/cde.3.elcomercio.pe\/ima\/0\/1\/1\/4\/9\/1149996\/base_image.jpg","datePublished":"2015-07-06T02:16:52+00:00","author":{"@id":"https:\/\/aeronoticias.com.pe\/noticiero\/#\/schema\/person\/fc1e5d578f4b62ba1cf7ac2bba1170a0"},"description":"Portal de noticias del Per\u00fa sobre el transporte a\u00e9reo, aviaci\u00f3n, turismo, hoteleria, actualidad.","breadcrumb":{"@id":"https:\/\/aeronoticias.com.pe\/noticiero\/salud\/cientificos-avanzan-en-vacuna-contra-el-cancer-de-prostata\/#breadcrumb"},"inLanguage":"es","potentialAction":[{"@type":"ReadAction","target":["https:\/\/aeronoticias.com.pe\/noticiero\/salud\/cientificos-avanzan-en-vacuna-contra-el-cancer-de-prostata\/"]}]},{"@type":"ImageObject","inLanguage":"es","@id":"https:\/\/aeronoticias.com.pe\/noticiero\/salud\/cientificos-avanzan-en-vacuna-contra-el-cancer-de-prostata\/#primaryimage","url":"http:\/\/cde.3.elcomercio.pe\/ima\/0\/1\/1\/4\/9\/1149996\/base_image.jpg","contentUrl":"http:\/\/cde.3.elcomercio.pe\/ima\/0\/1\/1\/4\/9\/1149996\/base_image.jpg"},{"@type":"BreadcrumbList","@id":"https:\/\/aeronoticias.com.pe\/noticiero\/salud\/cientificos-avanzan-en-vacuna-contra-el-cancer-de-prostata\/#breadcrumb","itemListElement":[{"@type":"ListItem","position":1,"name":"Portada","item":"https:\/\/aeronoticias.com.pe\/noticiero\/"},{"@type":"ListItem","position":2,"name":"Cient\u00edficos avanzan en vacuna contra el c\u00e1ncer de pr\u00f3stata"}]},{"@type":"WebSite","@id":"https:\/\/aeronoticias.com.pe\/noticiero\/#website","url":"https:\/\/aeronoticias.com.pe\/noticiero\/","name":"Aeronoticias.com.pe","description":"Noticias de tranporte aereo, turismo, hoteles, gastronomia, actualidad, internacional","potentialAction":[{"@type":"SearchAction","target":{"@type":"EntryPoint","urlTemplate":"https:\/\/aeronoticias.com.pe\/noticiero\/?s={search_term_string}"},"query-input":{"@type":"PropertyValueSpecification","valueRequired":true,"valueName":"search_term_string"}}],"inLanguage":"es"},{"@type":"Person","@id":"https:\/\/aeronoticias.com.pe\/noticiero\/#\/schema\/person\/fc1e5d578f4b62ba1cf7ac2bba1170a0","name":"Redacci\u00f3n Aeronoticias","url":"https:\/\/aeronoticias.com.pe\/noticiero\/author\/piloto\/"}]}},"_links":{"self":[{"href":"https:\/\/aeronoticias.com.pe\/noticiero\/wp-json\/wp\/v2\/posts\/52952","targetHints":{"allow":["GET"]}}],"collection":[{"href":"https:\/\/aeronoticias.com.pe\/noticiero\/wp-json\/wp\/v2\/posts"}],"about":[{"href":"https:\/\/aeronoticias.com.pe\/noticiero\/wp-json\/wp\/v2\/types\/post"}],"author":[{"embeddable":true,"href":"https:\/\/aeronoticias.com.pe\/noticiero\/wp-json\/wp\/v2\/users\/1"}],"replies":[{"embeddable":true,"href":"https:\/\/aeronoticias.com.pe\/noticiero\/wp-json\/wp\/v2\/comments?post=52952"}],"version-history":[{"count":0,"href":"https:\/\/aeronoticias.com.pe\/noticiero\/wp-json\/wp\/v2\/posts\/52952\/revisions"}],"wp:attachment":[{"href":"https:\/\/aeronoticias.com.pe\/noticiero\/wp-json\/wp\/v2\/media?parent=52952"}],"wp:term":[{"taxonomy":"category","embeddable":true,"href":"https:\/\/aeronoticias.com.pe\/noticiero\/wp-json\/wp\/v2\/categories?post=52952"},{"taxonomy":"post_tag","embeddable":true,"href":"https:\/\/aeronoticias.com.pe\/noticiero\/wp-json\/wp\/v2\/tags?post=52952"}],"curies":[{"name":"wp","href":"https:\/\/api.w.org\/{rel}","templated":true}]}}