{"id":530,"date":"2008-09-16T18:18:41","date_gmt":"2008-09-16T18:18:41","guid":{"rendered":"http:\/\/desarrollo.mcvicious.com\/aero2020\/2008\/09\/16\/adex-qcon-eliminaci-del-drawback-se-pretende-llevar-al-sector-exportador-al-disparaderoq\/"},"modified":"2008-09-16T18:18:41","modified_gmt":"2008-09-16T18:18:41","slug":"adex-qcon-eliminaci-del-drawback-se-pretende-llevar-al-sector-exportador-al-disparaderoq","status":"publish","type":"post","link":"https:\/\/aeronoticias.com.pe\/noticiero\/economia\/adex-qcon-eliminaci-del-drawback-se-pretende-llevar-al-sector-exportador-al-disparaderoq\/","title":{"rendered":"ADEX: \u00abCON ELIMINACI"},"content":{"rendered":"<p>&nbsp;<\/p>\n<div align=\"justify\">Despu&eacute;s que el titular del Ministerio de Econom&iacute;a y Finanzas (MEF), Luis Valdivieso, confirmara que su despacho estudia la posibilidad de modificar el Drawback, el presidente de la Asociaci&oacute;n de Exportadores (ADEX), Jos&eacute; Luis Silva Martinot, afirm&oacute; que con su reformulaci&oacute;n el despacho del jir&oacute;n Jun&iacute;n busca llevar al sector exportador a un &quot;disparadero&quot;, por lo que calific&oacute; como un error ese planteamiento.<\/div>\n<p><\/p>\n<div align=\"justify\">\n<div style=\"text-align: center\"><img loading=\"lazy\" decoding=\"async\" src=\"http:\/\/aeronoticias.com.pe\/fotonoticias\/setiembre\/silva16sept.JPG\" alt=\" \" title=\"ADEX: &quot;CON ELIMINACI&Oacute;N DEL DRAWBACK SE PRETENDE LLEVAR AL SECTOR EXPORTADOR AL DISPARADERO&quot;. (Foto: ADEX)\" hspace=\"5\" vspace=\"5\" width=\"400\" height=\"502\" \/><\/div>\n<p><\/div>\n<p>&nbsp;<\/p>\n<p> <!--more--> <\/p>\n<p><strong><br \/><\/strong><\/p>\n<div align=\"center\"><strong>Drawback promueve la exportaci&oacute;n<\/strong><\/div>\n<p>&nbsp;<\/p>\n<div align=\"justify\">&quot;El Drawback es uno de los reg&iacute;menes aduaneros que promueve la exportaci&oacute;n no tradicional a trav&eacute;s de la restituci&oacute;n de derechos arancelarios y, como dijo el ministro Rafael Rey, es una herramienta para competir ante la falta de infraestructura y los sobrecostos que enfrentan las empresas. Por eso, cuando el ministro Valdivieso confirma que se est&aacute; evaluando una modificaci&oacute;n, genera un impacto en el sector pues obliga a replantear la reinversi&oacute;n y la contrataci&oacute;n de personal por parte de las empresas dependen del Drawback&quot;, dijo<br \/>&nbsp;<br \/>El l&iacute;der exportador record&oacute; que el mecanismo en discusi&oacute;n (devoluci&oacute;n de aranceles) es una pr&aacute;ctica internacional aprobada por la Organizaci&oacute;n Mundial de Comercio (OMC) basada en el principio de la no exportaci&oacute;n de impuestos indirectos, por lo que no puede ser considerada &ndash;por quienes plantean su modificaci&oacute;n y\/ eliminaci&oacute;n&ndash; como un subsidio creado para beneficiar exclusivamente a los exportadores.<br \/>&nbsp;<br \/>&quot;Un subsidio, en un sentido estricto, implica una transferencia del gobierno hacia los exportadores, que no se da en este caso porque genera una transferencia desde las empresas que no se benefician del Drawback a favor de las empresas que s&iacute; se benefician de &eacute;l&quot;, explic&oacute;.<\/div>\n<p align=\"justify\">&nbsp;<\/p>\n<p align=\"center\"><strong>Drawback apunta a la diversificaci&oacute;n de productos<\/strong><\/p>\n<p>&nbsp;<\/p>\n<div align=\"justify\">Silva Martinot detall&oacute; que el Drawback tiene un contenido promotor que apunta a la diversificaci&oacute;n de productos y al impulso de la formaci&oacute;n de nuevas empresas exportadoras, por eso beneficia solamente a las exportaciones no tradicionales y no a todos los sectores.&nbsp; &quot;Es m&aacute;s, se .trata de un beneficio temporal, porque se deja de percibir cuando las exportaciones de un producto superan los&nbsp; US$ 20 millones&quot;, aclar&oacute;. <br \/>&nbsp;<br \/>En ese sentido, remarc&oacute; que los m&aacute;s afectados ser&iacute;an los sectores m&aacute;s intensivos en mano de obra y, sobre todo, las empresas cuyos productos son fabricados fuera de Lima, lo que aunado a un tipo de cambio que contin&uacute;a con una alta volatilidad, se convierte en un nuevo dolor de cabeza para los exportadores, que meses atr&aacute;s reclaman que la joyer&iacute;a de oro tambi&eacute;n se beneficie del Drawback.<\/div>\n<p>&nbsp;<\/p>\n<div align=\"center\"><strong>&nbsp;<\/strong><br \/><strong>Vocaci&oacute;n de di&aacute;logo<\/strong><\/div>\n<p>&nbsp;<\/p>\n<div align=\"justify\">El representante gremial consider&oacute; que un planteamiento de ese tipo ser&iacute;a suicida porque en provincias y en Lima habr&iacute;an trabajadores que se ver&iacute;an afectados, &quot;pero estamos seguros que el ministro de Econom&iacute;a lo que menos quiere es afectar al trabajador, sobre todo a los de las empresas formales, por eso reafirmamos nuestra vocaci&oacute;n de di&aacute;logo&quot;, afirm&oacute;.<\/div>\n<div align=\"justify\">En ese punto, inform&oacute; que todos los gremios del sector privado &ndash;incluido ADEX&ndash;&nbsp; solicitaron una reuni&oacute;n al ministro Valdivieso, para tratar temas inherentes al desarrollo econ&oacute;mico del pa&iacute;s y las propuestas que de una u otra manera puedan afectar la generaci&oacute;n de empleo y la recaudaci&oacute;n de impuestos. Por ello, recomend&oacute; que esa iniciativa sea coordinada con los gremios correspondientes para no generar un impacto negativo en los empresarios, b&aacute;sicamente en los peque&ntilde;os y en los medianos, que son los principalmente beneficiados. <\/div>\n<p>&nbsp;<\/p>\n<div align=\"center\"><strong>Aporte exportador<\/strong><\/div>\n<p>&nbsp;<\/p>\n<div align=\"justify\">Record&oacute; que en el &uacute;ltimo a&ntilde;o, los exportadores pagaron solo por concepto de derechos arancelarios, por sus importaciones directas, alrededor de US$ 485 millones, de los que recibieron como parte del Drawback cerca de US$ 170 millones, de ah&iacute; que no se entienda a qu&eacute; se refiere el titular del MEF cuando habla de un desbalance en la aplicaci&oacute;n de este mecanismo.<br \/>&nbsp;<br \/>&quot;El Drawback es una inversi&oacute;n con alta rentabilidad para el pa&iacute;s y con costo cero para el fisco. Es aplicado en todo el mundo y lo particular en el Per&uacute; es la forma como se administra (5% flat en vez de una devoluci&oacute;n precisa de los montos pagados). Adem&aacute;s, el programa se financia por s&iacute; mismo ya que las empresas exportadoras pagan cierto monto y luego se les devuelve parte de ese monto, que en el 2007 no fue ni la tercera parte&quot;, anot&oacute;.<br \/>&nbsp;<br \/>A modo de ejemplo, Jos&eacute; Luis Silva se&ntilde;al&oacute; que uno de los exportadores m&aacute;s importantes de carm&iacute;n ya adelant&oacute; que en caso le quiten el Drawback, su empresa dejar&aacute; de exportar ese producto. &quot;Le pregunto al ministro de Econom&iacute;a, &iquest;qu&eacute; har&aacute;n para vivir las 6,000 &oacute; 7,000&nbsp; familias que dependen de las extracci&oacute;n de la cochinilla en Ayacucho, que no tendr&aacute;n a quien venderle su producto porque las empresa de ese rubro no podr&aacute;n exportar?&quot;, finaliz&oacute;.<\/div>\n<p>&nbsp;<\/p>\n<div align=\"center\"><strong>&iquest;Qui&eacute;nes no se benefician del Drawback? <\/strong><\/div>\n<p>&nbsp;<\/p>\n<div align=\"justify\">Todas las exportadoras de productos tradicionales, aquellas empresas cuyas partidas arancelarias superaron los US$ 20 millones o que el valor CIF importado excede el 50% del valor exportado.<\/div>\n<p>&nbsp;<\/p>\n","protected":false},"excerpt":{"rendered":"<p>&nbsp; Despu&eacute;s que el titular del Ministerio de Econom&iacute;a y Finanzas (MEF), Luis Valdivieso, confirmara que su despacho estudia la posibilidad de modificar el Drawback, el presidente de la Asociaci&oacute;n de Exportadores (ADEX), Jos&eacute; Luis Silva Martinot, afirm&oacute; que con su reformulaci&oacute;n el despacho del jir&oacute;n Jun&iacute;n busca llevar al sector exportador a un &quot;disparadero&quot;, [&hellip;]<\/p>\n","protected":false},"author":1,"featured_media":0,"comment_status":"open","ping_status":"open","sticky":false,"template":"","format":"standard","meta":{"tdm_status":"","tdm_grid_status":"","footnotes":""},"categories":[33],"tags":[],"class_list":{"0":"post-530","1":"post","2":"type-post","3":"status-publish","4":"format-standard","6":"category-economia"},"yoast_head":"<!-- This site is optimized with the Yoast SEO plugin v25.1 - https:\/\/yoast.com\/wordpress\/plugins\/seo\/ -->\n<title>ADEX: &quot;CON ELIMINACI<\/title>\n<meta name=\"description\" content=\"Portal de noticias del Per\u00fa sobre el transporte a\u00e9reo, aviaci\u00f3n, turismo, hoteleria, actualidad.\" \/>\n<meta name=\"robots\" content=\"index, follow, max-snippet:-1, max-image-preview:large, max-video-preview:-1\" \/>\n<link rel=\"canonical\" href=\"https:\/\/aeronoticias.com.pe\/noticiero\/economia\/adex-qcon-eliminaci-del-drawback-se-pretende-llevar-al-sector-exportador-al-disparaderoq\/\" \/>\n<meta property=\"og:locale\" content=\"es_ES\" \/>\n<meta property=\"og:type\" content=\"article\" \/>\n<meta property=\"og:title\" content=\"ADEX: &quot;CON ELIMINACI\" \/>\n<meta property=\"og:description\" content=\"Portal de noticias del Per\u00fa sobre el transporte a\u00e9reo, aviaci\u00f3n, turismo, hoteleria, actualidad.\" \/>\n<meta property=\"og:url\" content=\"https:\/\/aeronoticias.com.pe\/noticiero\/economia\/adex-qcon-eliminaci-del-drawback-se-pretende-llevar-al-sector-exportador-al-disparaderoq\/\" \/>\n<meta property=\"og:site_name\" content=\"Aeronoticias.com.pe\" \/>\n<meta property=\"article:publisher\" content=\"https:\/\/www.facebook.com\/Aeronoticias.com.pe\/\" \/>\n<meta property=\"article:published_time\" content=\"2008-09-16T18:18:41+00:00\" \/>\n<meta property=\"og:image\" content=\"http:\/\/aeronoticias.com.pe\/fotonoticias\/setiembre\/silva16sept.JPG\" \/>\n<meta name=\"author\" content=\"Redacci\u00f3n Aeronoticias\" \/>\n<meta name=\"twitter:card\" content=\"summary_large_image\" \/>\n<meta name=\"twitter:creator\" content=\"@aeronoticias\" \/>\n<meta name=\"twitter:site\" content=\"@aeronoticias\" \/>\n<meta name=\"twitter:label1\" content=\"Escrito por\" \/>\n\t<meta name=\"twitter:data1\" content=\"Redacci\u00f3n Aeronoticias\" \/>\n\t<meta name=\"twitter:label2\" content=\"Tiempo de lectura\" \/>\n\t<meta name=\"twitter:data2\" content=\"5 minutos\" \/>\n<script type=\"application\/ld+json\" class=\"yoast-schema-graph\">{\"@context\":\"https:\/\/schema.org\",\"@graph\":[{\"@type\":\"WebPage\",\"@id\":\"https:\/\/aeronoticias.com.pe\/noticiero\/economia\/adex-qcon-eliminaci-del-drawback-se-pretende-llevar-al-sector-exportador-al-disparaderoq\/\",\"url\":\"https:\/\/aeronoticias.com.pe\/noticiero\/economia\/adex-qcon-eliminaci-del-drawback-se-pretende-llevar-al-sector-exportador-al-disparaderoq\/\",\"name\":\"ADEX: \\\"CON ELIMINACI\",\"isPartOf\":{\"@id\":\"https:\/\/aeronoticias.com.pe\/noticiero\/#website\"},\"primaryImageOfPage\":{\"@id\":\"https:\/\/aeronoticias.com.pe\/noticiero\/economia\/adex-qcon-eliminaci-del-drawback-se-pretende-llevar-al-sector-exportador-al-disparaderoq\/#primaryimage\"},\"image\":{\"@id\":\"https:\/\/aeronoticias.com.pe\/noticiero\/economia\/adex-qcon-eliminaci-del-drawback-se-pretende-llevar-al-sector-exportador-al-disparaderoq\/#primaryimage\"},\"thumbnailUrl\":\"http:\/\/aeronoticias.com.pe\/fotonoticias\/setiembre\/silva16sept.JPG\",\"datePublished\":\"2008-09-16T18:18:41+00:00\",\"author\":{\"@id\":\"https:\/\/aeronoticias.com.pe\/noticiero\/#\/schema\/person\/fc1e5d578f4b62ba1cf7ac2bba1170a0\"},\"description\":\"Portal de noticias del Per\u00fa sobre el transporte a\u00e9reo, aviaci\u00f3n, turismo, hoteleria, actualidad.\",\"breadcrumb\":{\"@id\":\"https:\/\/aeronoticias.com.pe\/noticiero\/economia\/adex-qcon-eliminaci-del-drawback-se-pretende-llevar-al-sector-exportador-al-disparaderoq\/#breadcrumb\"},\"inLanguage\":\"es\",\"potentialAction\":[{\"@type\":\"ReadAction\",\"target\":[\"https:\/\/aeronoticias.com.pe\/noticiero\/economia\/adex-qcon-eliminaci-del-drawback-se-pretende-llevar-al-sector-exportador-al-disparaderoq\/\"]}]},{\"@type\":\"ImageObject\",\"inLanguage\":\"es\",\"@id\":\"https:\/\/aeronoticias.com.pe\/noticiero\/economia\/adex-qcon-eliminaci-del-drawback-se-pretende-llevar-al-sector-exportador-al-disparaderoq\/#primaryimage\",\"url\":\"http:\/\/aeronoticias.com.pe\/fotonoticias\/setiembre\/silva16sept.JPG\",\"contentUrl\":\"http:\/\/aeronoticias.com.pe\/fotonoticias\/setiembre\/silva16sept.JPG\"},{\"@type\":\"BreadcrumbList\",\"@id\":\"https:\/\/aeronoticias.com.pe\/noticiero\/economia\/adex-qcon-eliminaci-del-drawback-se-pretende-llevar-al-sector-exportador-al-disparaderoq\/#breadcrumb\",\"itemListElement\":[{\"@type\":\"ListItem\",\"position\":1,\"name\":\"Portada\",\"item\":\"https:\/\/aeronoticias.com.pe\/noticiero\/\"},{\"@type\":\"ListItem\",\"position\":2,\"name\":\"ADEX: \u00abCON ELIMINACI\"}]},{\"@type\":\"WebSite\",\"@id\":\"https:\/\/aeronoticias.com.pe\/noticiero\/#website\",\"url\":\"https:\/\/aeronoticias.com.pe\/noticiero\/\",\"name\":\"Aeronoticias.com.pe\",\"description\":\"Noticias de tranporte aereo, turismo, hoteles, gastronomia, actualidad, internacional\",\"potentialAction\":[{\"@type\":\"SearchAction\",\"target\":{\"@type\":\"EntryPoint\",\"urlTemplate\":\"https:\/\/aeronoticias.com.pe\/noticiero\/?s={search_term_string}\"},\"query-input\":{\"@type\":\"PropertyValueSpecification\",\"valueRequired\":true,\"valueName\":\"search_term_string\"}}],\"inLanguage\":\"es\"},{\"@type\":\"Person\",\"@id\":\"https:\/\/aeronoticias.com.pe\/noticiero\/#\/schema\/person\/fc1e5d578f4b62ba1cf7ac2bba1170a0\",\"name\":\"Redacci\u00f3n Aeronoticias\",\"url\":\"https:\/\/aeronoticias.com.pe\/noticiero\/author\/piloto\/\"}]}<\/script>\n<!-- \/ Yoast SEO plugin. -->","yoast_head_json":{"title":"ADEX: \"CON ELIMINACI","description":"Portal de noticias del Per\u00fa sobre el transporte a\u00e9reo, aviaci\u00f3n, turismo, hoteleria, actualidad.","robots":{"index":"index","follow":"follow","max-snippet":"max-snippet:-1","max-image-preview":"max-image-preview:large","max-video-preview":"max-video-preview:-1"},"canonical":"https:\/\/aeronoticias.com.pe\/noticiero\/economia\/adex-qcon-eliminaci-del-drawback-se-pretende-llevar-al-sector-exportador-al-disparaderoq\/","og_locale":"es_ES","og_type":"article","og_title":"ADEX: \"CON ELIMINACI","og_description":"Portal de noticias del Per\u00fa sobre el transporte a\u00e9reo, aviaci\u00f3n, turismo, hoteleria, actualidad.","og_url":"https:\/\/aeronoticias.com.pe\/noticiero\/economia\/adex-qcon-eliminaci-del-drawback-se-pretende-llevar-al-sector-exportador-al-disparaderoq\/","og_site_name":"Aeronoticias.com.pe","article_publisher":"https:\/\/www.facebook.com\/Aeronoticias.com.pe\/","article_published_time":"2008-09-16T18:18:41+00:00","og_image":[{"url":"http:\/\/aeronoticias.com.pe\/fotonoticias\/setiembre\/silva16sept.JPG","type":"","width":"","height":""}],"author":"Redacci\u00f3n Aeronoticias","twitter_card":"summary_large_image","twitter_creator":"@aeronoticias","twitter_site":"@aeronoticias","twitter_misc":{"Escrito por":"Redacci\u00f3n Aeronoticias","Tiempo de lectura":"5 minutos"},"schema":{"@context":"https:\/\/schema.org","@graph":[{"@type":"WebPage","@id":"https:\/\/aeronoticias.com.pe\/noticiero\/economia\/adex-qcon-eliminaci-del-drawback-se-pretende-llevar-al-sector-exportador-al-disparaderoq\/","url":"https:\/\/aeronoticias.com.pe\/noticiero\/economia\/adex-qcon-eliminaci-del-drawback-se-pretende-llevar-al-sector-exportador-al-disparaderoq\/","name":"ADEX: \"CON ELIMINACI","isPartOf":{"@id":"https:\/\/aeronoticias.com.pe\/noticiero\/#website"},"primaryImageOfPage":{"@id":"https:\/\/aeronoticias.com.pe\/noticiero\/economia\/adex-qcon-eliminaci-del-drawback-se-pretende-llevar-al-sector-exportador-al-disparaderoq\/#primaryimage"},"image":{"@id":"https:\/\/aeronoticias.com.pe\/noticiero\/economia\/adex-qcon-eliminaci-del-drawback-se-pretende-llevar-al-sector-exportador-al-disparaderoq\/#primaryimage"},"thumbnailUrl":"http:\/\/aeronoticias.com.pe\/fotonoticias\/setiembre\/silva16sept.JPG","datePublished":"2008-09-16T18:18:41+00:00","author":{"@id":"https:\/\/aeronoticias.com.pe\/noticiero\/#\/schema\/person\/fc1e5d578f4b62ba1cf7ac2bba1170a0"},"description":"Portal de noticias del Per\u00fa sobre el transporte a\u00e9reo, aviaci\u00f3n, turismo, hoteleria, actualidad.","breadcrumb":{"@id":"https:\/\/aeronoticias.com.pe\/noticiero\/economia\/adex-qcon-eliminaci-del-drawback-se-pretende-llevar-al-sector-exportador-al-disparaderoq\/#breadcrumb"},"inLanguage":"es","potentialAction":[{"@type":"ReadAction","target":["https:\/\/aeronoticias.com.pe\/noticiero\/economia\/adex-qcon-eliminaci-del-drawback-se-pretende-llevar-al-sector-exportador-al-disparaderoq\/"]}]},{"@type":"ImageObject","inLanguage":"es","@id":"https:\/\/aeronoticias.com.pe\/noticiero\/economia\/adex-qcon-eliminaci-del-drawback-se-pretende-llevar-al-sector-exportador-al-disparaderoq\/#primaryimage","url":"http:\/\/aeronoticias.com.pe\/fotonoticias\/setiembre\/silva16sept.JPG","contentUrl":"http:\/\/aeronoticias.com.pe\/fotonoticias\/setiembre\/silva16sept.JPG"},{"@type":"BreadcrumbList","@id":"https:\/\/aeronoticias.com.pe\/noticiero\/economia\/adex-qcon-eliminaci-del-drawback-se-pretende-llevar-al-sector-exportador-al-disparaderoq\/#breadcrumb","itemListElement":[{"@type":"ListItem","position":1,"name":"Portada","item":"https:\/\/aeronoticias.com.pe\/noticiero\/"},{"@type":"ListItem","position":2,"name":"ADEX: \u00abCON ELIMINACI"}]},{"@type":"WebSite","@id":"https:\/\/aeronoticias.com.pe\/noticiero\/#website","url":"https:\/\/aeronoticias.com.pe\/noticiero\/","name":"Aeronoticias.com.pe","description":"Noticias de tranporte aereo, turismo, hoteles, gastronomia, actualidad, internacional","potentialAction":[{"@type":"SearchAction","target":{"@type":"EntryPoint","urlTemplate":"https:\/\/aeronoticias.com.pe\/noticiero\/?s={search_term_string}"},"query-input":{"@type":"PropertyValueSpecification","valueRequired":true,"valueName":"search_term_string"}}],"inLanguage":"es"},{"@type":"Person","@id":"https:\/\/aeronoticias.com.pe\/noticiero\/#\/schema\/person\/fc1e5d578f4b62ba1cf7ac2bba1170a0","name":"Redacci\u00f3n Aeronoticias","url":"https:\/\/aeronoticias.com.pe\/noticiero\/author\/piloto\/"}]}},"_links":{"self":[{"href":"https:\/\/aeronoticias.com.pe\/noticiero\/wp-json\/wp\/v2\/posts\/530","targetHints":{"allow":["GET"]}}],"collection":[{"href":"https:\/\/aeronoticias.com.pe\/noticiero\/wp-json\/wp\/v2\/posts"}],"about":[{"href":"https:\/\/aeronoticias.com.pe\/noticiero\/wp-json\/wp\/v2\/types\/post"}],"author":[{"embeddable":true,"href":"https:\/\/aeronoticias.com.pe\/noticiero\/wp-json\/wp\/v2\/users\/1"}],"replies":[{"embeddable":true,"href":"https:\/\/aeronoticias.com.pe\/noticiero\/wp-json\/wp\/v2\/comments?post=530"}],"version-history":[{"count":0,"href":"https:\/\/aeronoticias.com.pe\/noticiero\/wp-json\/wp\/v2\/posts\/530\/revisions"}],"wp:attachment":[{"href":"https:\/\/aeronoticias.com.pe\/noticiero\/wp-json\/wp\/v2\/media?parent=530"}],"wp:term":[{"taxonomy":"category","embeddable":true,"href":"https:\/\/aeronoticias.com.pe\/noticiero\/wp-json\/wp\/v2\/categories?post=530"},{"taxonomy":"post_tag","embeddable":true,"href":"https:\/\/aeronoticias.com.pe\/noticiero\/wp-json\/wp\/v2\/tags?post=530"}],"curies":[{"name":"wp","href":"https:\/\/api.w.org\/{rel}","templated":true}]}}