{"id":53189,"date":"2015-07-27T14:45:14","date_gmt":"2015-07-27T14:45:14","guid":{"rendered":"http:\/\/desarrollo.mcvicious.com\/aero2020\/2015\/07\/27\/lima-recibio-de-manera-oficial-la-posta-para-ser-sede-de-los-juegos-panamericanos-2019\/"},"modified":"2015-07-27T14:45:14","modified_gmt":"2015-07-27T14:45:14","slug":"lima-recibio-de-manera-oficial-la-posta-para-ser-sede-de-los-juegos-panamericanos-2019","status":"publish","type":"post","link":"https:\/\/aeronoticias.com.pe\/noticiero\/deportes\/lima-recibio-de-manera-oficial-la-posta-para-ser-sede-de-los-juegos-panamericanos-2019\/","title":{"rendered":"Lima recibi\u00f3 de manera oficial la posta para ser sede de los Juegos Panamericanos 2019"},"content":{"rendered":"<p style=\"text-align: justify;\"><strong>(Aeronoticias) <\/strong><span style=\"font-size: 12.1599998474121px; line-height: 1.3em;\">El alcalde de Toronto, Robert Ford y el presidente de la Organizaci\u00f3n Deportiva Panamericana (Odepa), el uruguayo Julio C\u00e9sar Maglione entregaron una r\u00e9plica de la bandera de la Odepa al alcalde de Lima, Luis Casta\u00f1eda Lossio como s\u00edmbolo de la transferencia de la organizaci\u00f3n de los Juegos en el 2019.<\/span><\/p>\n<p style=\"text-align: justify;\"><span style=\"font-size: 12.1599998474121px; line-height: 1.3em;\">Danzantes de tijeras, cajoneros, campeones de marinera y personajes del Inti Raymi colorearon de \u00a0peruanidad la fiesta de clausura de los Juegos Panamericanos 2015 realizados en Toronto, donde Canad\u00e1 le entreg\u00f3 el pase oficial al Per\u00fa como responsable del pr\u00f3ximo certamen de gran importancia internacional \u00a0que tendr\u00e1 como sede Lima en el a\u00f1o 2019. <\/span><\/p>\n<p style=\"text-align: justify;\"><span style=\"font-size: 12.1599998474121px; line-height: 1.3em;\">La ceremonia se realiz\u00f3 en el Roger Centre de Toronto y all\u00ed la Polic\u00eda Montada de Canad\u00e1 se encarg\u00f3 de izar el Pabell\u00f3n Nacional.<\/span><\/p>\n<p style=\"text-align: justify;\"><span style=\"font-size: 12.1599998474121px; line-height: 1.3em;\">El programa, cuya organizaci\u00f3n cont\u00f3 con el apoyo de PromPer\u00fa, incluy\u00f3 \u00a0la presentaci\u00f3n de la soprano segunda del Coro Nacional de Ni\u00f1os del Per\u00fa Estefan\u00eda Castilla Pajares,de 16 a\u00f1os, quien enton\u00f3 el Himno Nacional del Per\u00fa en castellano y en el idioma quechua. <\/span><\/p>\n<p style=\"text-align: justify;\"><span style=\"font-size: 12.1599998474121px; line-height: 1.3em;\">Posteriormente, se escenific\u00f3 la traves\u00eda, a bordo de una llama, de un ni\u00f1o desde los Andes peruanos hasta Lima para luego ser acompa\u00f1ado por un grupo de chasquis hasta Toronto, donde se mostrar\u00e1 la amplia variedad de riquezas naturales, culturales, art\u00edsticas e hist\u00f3ricas del Per\u00fa. <\/span><\/p>\n<p style=\"text-align: justify;\"><span style=\"font-size: 12.1599998474121px; line-height: 1.3em;\">Entre ellas, los legados Moche y Paracas, la ciudadela de Machu Picchu en Cusco, las L\u00edneas de Nasca en Ica, el centro arqueol\u00f3gico Caral de Lima, considerado la ciudad m\u00e1s antigua del Per\u00fa y Am\u00e9rica. <\/span><\/p>\n<p style=\"text-align: justify;\"><span style=\"font-size: 12.1599998474121px; line-height: 1.3em;\">La presentaci\u00f3n fue matizada por proyecciones de im\u00e1genes del rico patrimonio cultural y natural peruano as\u00ed como por danzas diversas a cargo de m\u00e1s de 130 integrantes del Elenco Nacional del Folclore del Per\u00fa. <\/span><\/p>\n<p><strong><em>Fuente: Andina<\/em><\/strong><\/p>\n<p><strong><em><img decoding=\"async\" src=\"images\/stories\/15\/07\/270715\/panamericanoslima.jpg\" border=\"0\" \/><br \/><\/em><\/strong><\/p>\n","protected":false},"excerpt":{"rendered":"<p>(Aeronoticias) El alcalde de Toronto, Robert Ford y el presidente de la Organizaci\u00f3n Deportiva Panamericana (Odepa), el uruguayo Julio C\u00e9sar Maglione entregaron una r\u00e9plica de la bandera de la Odepa al alcalde de Lima, Luis Casta\u00f1eda Lossio como s\u00edmbolo de la transferencia de la organizaci\u00f3n de los Juegos en el 2019. Danzantes de tijeras, cajoneros, [&hellip;]<\/p>\n","protected":false},"author":1,"featured_media":0,"comment_status":"open","ping_status":"open","sticky":false,"template":"","format":"standard","meta":{"tdm_status":"","tdm_grid_status":"","footnotes":""},"categories":[40],"tags":[],"class_list":{"0":"post-53189","1":"post","2":"type-post","3":"status-publish","4":"format-standard","6":"category-deportes"},"yoast_head":"<!-- This site is optimized with the Yoast SEO plugin v25.1 - https:\/\/yoast.com\/wordpress\/plugins\/seo\/ -->\n<title>Lima recibi\u00f3 de manera oficial la posta para ser sede de los Juegos Panamericanos 2019<\/title>\n<meta name=\"description\" content=\"Portal de noticias del Per\u00fa sobre el transporte a\u00e9reo, aviaci\u00f3n, turismo, hoteleria, actualidad.\" \/>\n<meta name=\"robots\" content=\"index, follow, max-snippet:-1, max-image-preview:large, max-video-preview:-1\" \/>\n<link rel=\"canonical\" href=\"https:\/\/aeronoticias.com.pe\/noticiero\/deportes\/lima-recibio-de-manera-oficial-la-posta-para-ser-sede-de-los-juegos-panamericanos-2019\/\" \/>\n<meta property=\"og:locale\" content=\"es_ES\" \/>\n<meta property=\"og:type\" content=\"article\" \/>\n<meta property=\"og:title\" content=\"Lima recibi\u00f3 de manera oficial la posta para ser sede de los Juegos Panamericanos 2019\" \/>\n<meta property=\"og:description\" content=\"Portal de noticias del Per\u00fa sobre el transporte a\u00e9reo, aviaci\u00f3n, turismo, hoteleria, actualidad.\" \/>\n<meta property=\"og:url\" content=\"https:\/\/aeronoticias.com.pe\/noticiero\/deportes\/lima-recibio-de-manera-oficial-la-posta-para-ser-sede-de-los-juegos-panamericanos-2019\/\" \/>\n<meta property=\"og:site_name\" content=\"Aeronoticias.com.pe\" \/>\n<meta property=\"article:publisher\" content=\"https:\/\/www.facebook.com\/Aeronoticias.com.pe\/\" \/>\n<meta property=\"article:published_time\" content=\"2015-07-27T14:45:14+00:00\" \/>\n<meta name=\"author\" content=\"Redacci\u00f3n Aeronoticias\" \/>\n<meta name=\"twitter:card\" content=\"summary_large_image\" \/>\n<meta name=\"twitter:creator\" content=\"@aeronoticias\" \/>\n<meta name=\"twitter:site\" content=\"@aeronoticias\" \/>\n<meta name=\"twitter:label1\" content=\"Escrito por\" \/>\n\t<meta name=\"twitter:data1\" content=\"Redacci\u00f3n Aeronoticias\" \/>\n\t<meta name=\"twitter:label2\" content=\"Tiempo de lectura\" \/>\n\t<meta name=\"twitter:data2\" content=\"2 minutos\" \/>\n<script type=\"application\/ld+json\" class=\"yoast-schema-graph\">{\"@context\":\"https:\/\/schema.org\",\"@graph\":[{\"@type\":\"WebPage\",\"@id\":\"https:\/\/aeronoticias.com.pe\/noticiero\/deportes\/lima-recibio-de-manera-oficial-la-posta-para-ser-sede-de-los-juegos-panamericanos-2019\/\",\"url\":\"https:\/\/aeronoticias.com.pe\/noticiero\/deportes\/lima-recibio-de-manera-oficial-la-posta-para-ser-sede-de-los-juegos-panamericanos-2019\/\",\"name\":\"Lima recibi\u00f3 de manera oficial la posta para ser sede de los Juegos Panamericanos 2019\",\"isPartOf\":{\"@id\":\"https:\/\/aeronoticias.com.pe\/noticiero\/#website\"},\"datePublished\":\"2015-07-27T14:45:14+00:00\",\"author\":{\"@id\":\"https:\/\/aeronoticias.com.pe\/noticiero\/#\/schema\/person\/fc1e5d578f4b62ba1cf7ac2bba1170a0\"},\"description\":\"Portal de noticias del Per\u00fa sobre el transporte a\u00e9reo, aviaci\u00f3n, turismo, hoteleria, actualidad.\",\"breadcrumb\":{\"@id\":\"https:\/\/aeronoticias.com.pe\/noticiero\/deportes\/lima-recibio-de-manera-oficial-la-posta-para-ser-sede-de-los-juegos-panamericanos-2019\/#breadcrumb\"},\"inLanguage\":\"es\",\"potentialAction\":[{\"@type\":\"ReadAction\",\"target\":[\"https:\/\/aeronoticias.com.pe\/noticiero\/deportes\/lima-recibio-de-manera-oficial-la-posta-para-ser-sede-de-los-juegos-panamericanos-2019\/\"]}]},{\"@type\":\"BreadcrumbList\",\"@id\":\"https:\/\/aeronoticias.com.pe\/noticiero\/deportes\/lima-recibio-de-manera-oficial-la-posta-para-ser-sede-de-los-juegos-panamericanos-2019\/#breadcrumb\",\"itemListElement\":[{\"@type\":\"ListItem\",\"position\":1,\"name\":\"Portada\",\"item\":\"https:\/\/aeronoticias.com.pe\/noticiero\/\"},{\"@type\":\"ListItem\",\"position\":2,\"name\":\"Lima recibi\u00f3 de manera oficial la posta para ser sede de los Juegos Panamericanos 2019\"}]},{\"@type\":\"WebSite\",\"@id\":\"https:\/\/aeronoticias.com.pe\/noticiero\/#website\",\"url\":\"https:\/\/aeronoticias.com.pe\/noticiero\/\",\"name\":\"Aeronoticias.com.pe\",\"description\":\"Noticias de tranporte aereo, turismo, hoteles, gastronomia, actualidad, internacional\",\"potentialAction\":[{\"@type\":\"SearchAction\",\"target\":{\"@type\":\"EntryPoint\",\"urlTemplate\":\"https:\/\/aeronoticias.com.pe\/noticiero\/?s={search_term_string}\"},\"query-input\":{\"@type\":\"PropertyValueSpecification\",\"valueRequired\":true,\"valueName\":\"search_term_string\"}}],\"inLanguage\":\"es\"},{\"@type\":\"Person\",\"@id\":\"https:\/\/aeronoticias.com.pe\/noticiero\/#\/schema\/person\/fc1e5d578f4b62ba1cf7ac2bba1170a0\",\"name\":\"Redacci\u00f3n Aeronoticias\",\"url\":\"https:\/\/aeronoticias.com.pe\/noticiero\/author\/piloto\/\"}]}<\/script>\n<!-- \/ Yoast SEO plugin. -->","yoast_head_json":{"title":"Lima recibi\u00f3 de manera oficial la posta para ser sede de los Juegos Panamericanos 2019","description":"Portal de noticias del Per\u00fa sobre el transporte a\u00e9reo, aviaci\u00f3n, turismo, hoteleria, actualidad.","robots":{"index":"index","follow":"follow","max-snippet":"max-snippet:-1","max-image-preview":"max-image-preview:large","max-video-preview":"max-video-preview:-1"},"canonical":"https:\/\/aeronoticias.com.pe\/noticiero\/deportes\/lima-recibio-de-manera-oficial-la-posta-para-ser-sede-de-los-juegos-panamericanos-2019\/","og_locale":"es_ES","og_type":"article","og_title":"Lima recibi\u00f3 de manera oficial la posta para ser sede de los Juegos Panamericanos 2019","og_description":"Portal de noticias del Per\u00fa sobre el transporte a\u00e9reo, aviaci\u00f3n, turismo, hoteleria, actualidad.","og_url":"https:\/\/aeronoticias.com.pe\/noticiero\/deportes\/lima-recibio-de-manera-oficial-la-posta-para-ser-sede-de-los-juegos-panamericanos-2019\/","og_site_name":"Aeronoticias.com.pe","article_publisher":"https:\/\/www.facebook.com\/Aeronoticias.com.pe\/","article_published_time":"2015-07-27T14:45:14+00:00","author":"Redacci\u00f3n Aeronoticias","twitter_card":"summary_large_image","twitter_creator":"@aeronoticias","twitter_site":"@aeronoticias","twitter_misc":{"Escrito por":"Redacci\u00f3n Aeronoticias","Tiempo de lectura":"2 minutos"},"schema":{"@context":"https:\/\/schema.org","@graph":[{"@type":"WebPage","@id":"https:\/\/aeronoticias.com.pe\/noticiero\/deportes\/lima-recibio-de-manera-oficial-la-posta-para-ser-sede-de-los-juegos-panamericanos-2019\/","url":"https:\/\/aeronoticias.com.pe\/noticiero\/deportes\/lima-recibio-de-manera-oficial-la-posta-para-ser-sede-de-los-juegos-panamericanos-2019\/","name":"Lima recibi\u00f3 de manera oficial la posta para ser sede de los Juegos Panamericanos 2019","isPartOf":{"@id":"https:\/\/aeronoticias.com.pe\/noticiero\/#website"},"datePublished":"2015-07-27T14:45:14+00:00","author":{"@id":"https:\/\/aeronoticias.com.pe\/noticiero\/#\/schema\/person\/fc1e5d578f4b62ba1cf7ac2bba1170a0"},"description":"Portal de noticias del Per\u00fa sobre el transporte a\u00e9reo, aviaci\u00f3n, turismo, hoteleria, actualidad.","breadcrumb":{"@id":"https:\/\/aeronoticias.com.pe\/noticiero\/deportes\/lima-recibio-de-manera-oficial-la-posta-para-ser-sede-de-los-juegos-panamericanos-2019\/#breadcrumb"},"inLanguage":"es","potentialAction":[{"@type":"ReadAction","target":["https:\/\/aeronoticias.com.pe\/noticiero\/deportes\/lima-recibio-de-manera-oficial-la-posta-para-ser-sede-de-los-juegos-panamericanos-2019\/"]}]},{"@type":"BreadcrumbList","@id":"https:\/\/aeronoticias.com.pe\/noticiero\/deportes\/lima-recibio-de-manera-oficial-la-posta-para-ser-sede-de-los-juegos-panamericanos-2019\/#breadcrumb","itemListElement":[{"@type":"ListItem","position":1,"name":"Portada","item":"https:\/\/aeronoticias.com.pe\/noticiero\/"},{"@type":"ListItem","position":2,"name":"Lima recibi\u00f3 de manera oficial la posta para ser sede de los Juegos Panamericanos 2019"}]},{"@type":"WebSite","@id":"https:\/\/aeronoticias.com.pe\/noticiero\/#website","url":"https:\/\/aeronoticias.com.pe\/noticiero\/","name":"Aeronoticias.com.pe","description":"Noticias de tranporte aereo, turismo, hoteles, gastronomia, actualidad, internacional","potentialAction":[{"@type":"SearchAction","target":{"@type":"EntryPoint","urlTemplate":"https:\/\/aeronoticias.com.pe\/noticiero\/?s={search_term_string}"},"query-input":{"@type":"PropertyValueSpecification","valueRequired":true,"valueName":"search_term_string"}}],"inLanguage":"es"},{"@type":"Person","@id":"https:\/\/aeronoticias.com.pe\/noticiero\/#\/schema\/person\/fc1e5d578f4b62ba1cf7ac2bba1170a0","name":"Redacci\u00f3n Aeronoticias","url":"https:\/\/aeronoticias.com.pe\/noticiero\/author\/piloto\/"}]}},"_links":{"self":[{"href":"https:\/\/aeronoticias.com.pe\/noticiero\/wp-json\/wp\/v2\/posts\/53189","targetHints":{"allow":["GET"]}}],"collection":[{"href":"https:\/\/aeronoticias.com.pe\/noticiero\/wp-json\/wp\/v2\/posts"}],"about":[{"href":"https:\/\/aeronoticias.com.pe\/noticiero\/wp-json\/wp\/v2\/types\/post"}],"author":[{"embeddable":true,"href":"https:\/\/aeronoticias.com.pe\/noticiero\/wp-json\/wp\/v2\/users\/1"}],"replies":[{"embeddable":true,"href":"https:\/\/aeronoticias.com.pe\/noticiero\/wp-json\/wp\/v2\/comments?post=53189"}],"version-history":[{"count":0,"href":"https:\/\/aeronoticias.com.pe\/noticiero\/wp-json\/wp\/v2\/posts\/53189\/revisions"}],"wp:attachment":[{"href":"https:\/\/aeronoticias.com.pe\/noticiero\/wp-json\/wp\/v2\/media?parent=53189"}],"wp:term":[{"taxonomy":"category","embeddable":true,"href":"https:\/\/aeronoticias.com.pe\/noticiero\/wp-json\/wp\/v2\/categories?post=53189"},{"taxonomy":"post_tag","embeddable":true,"href":"https:\/\/aeronoticias.com.pe\/noticiero\/wp-json\/wp\/v2\/tags?post=53189"}],"curies":[{"name":"wp","href":"https:\/\/api.w.org\/{rel}","templated":true}]}}