{"id":53192,"date":"2015-07-28T02:36:49","date_gmt":"2015-07-28T02:36:49","guid":{"rendered":"http:\/\/desarrollo.mcvicious.com\/aero2020\/2015\/07\/28\/el-presidente-de-avianca-renuncia-tras-diez-anos-al-frente-de-la-aerolinea\/"},"modified":"2015-07-28T02:36:49","modified_gmt":"2015-07-28T02:36:49","slug":"el-presidente-de-avianca-renuncia-tras-diez-anos-al-frente-de-la-aerolinea","status":"publish","type":"post","link":"https:\/\/aeronoticias.com.pe\/noticiero\/transporte-aereo\/internacional\/el-presidente-de-avianca-renuncia-tras-diez-anos-al-frente-de-la-aerolinea\/","title":{"rendered":"El presidente de Avianca renuncia tras diez a\u00f1os al frente de la aerol\u00ednea"},"content":{"rendered":"<p style=\"text-align: justify;\"><strong>(Aeronoticias)<\/strong>.-\u00a0Seg\u00fan un comunicado de la junta directiva de la mayor compa\u00f1\u00eda a\u00e9rea de Colombia, Avianca Holding, su actual presidente, Fabio Villegas Ram\u00edrez, anunci\u00f3 su decisi\u00f3n de retirarse de la firma para atender proyectos e iniciativas personales.<\/p>\n<p style=\"text-align: justify;\">No obstante, Villegas Ram\u00edrez permanecer\u00e1 en el cargo hasta finales de diciembre del presente a\u00f1o. La junta destac\u00f3 y reconoci\u00f3 su gesti\u00f3n durante los m\u00e1s de 10 a\u00f1os que ha estado al servici\u00f3 de la organizaci\u00f3n como presidente de Avianca S.A. y de la compa\u00f1\u00eda.<\/p>\n<p style=\"text-align: justify;\">En el comunicado se dice que la junta solicit\u00f3 al comit\u00e9 de compensaci\u00f3n y recursos humanos, conformado mayoritariamente por miembros independientes de este \u00f3rgano directivo. , que oriente el proceso de sucesi\u00f3n y en consecuencia seleccione una firma de primer orden especializada en la b\u00fasqueda de talentos, que ayude a evaluar candidatos con las competencias necesarias para continuar liderando el desarrollo estrat\u00e9gico de la organizaci\u00f3n.<\/p>\n<p style=\"text-align: justify;\">\u00abCorresponde a la junta en su conjunto, la selecci\u00f3n de la persona que ocupar\u00e1 el cargo a partir de enero de 2016.<\/p>\n<p style=\"text-align: justify;\">La junta destac\u00f3 y reconoci\u00f3 la gesti\u00f3n del doctor Villegas durante los m\u00e1s de 10 a\u00f1os que ha estado al servicio de la organizaci\u00f3n como presidente de Avianca S.A. y de la Compa\u00f1\u00eda\u00bb, indica la comunicaci\u00f3n revelada al mercado.<\/p>\n<p style=\"text-align: justify;\">A su vez, Villegas Ram\u00edrez enfatiz\u00f3 que continuar\u00e1 trabajando sin descanso en los pr\u00f3ximos meses, de cara al cumplimiento de las metas operacionales, de servicio y financieras trazadas para el presente a\u00f1o y expres\u00f3 su gratitud a los accionistas, directivos, ejecutivos y a los m\u00e1s de veinte mil colaboradores que en esta d\u00e9cada han hecho que la marca Avianca represente las aerol\u00edneas integradas como una aerol\u00ednea l\u00edder en Am\u00e9rica Latina.<\/p>\n<p style=\"text-align: justify;\">Por su parte, el presidente de la junta directiva de la organizaci\u00f3n, Germ\u00e1n Efromovich, anot\u00f3:<\/p>\n<p style=\"text-align: justify;\">\u201cEn lo que resta de este a\u00f1o continuaremos trabajando con ah\u00ednco para acomodarnos a las nuevas realidades del mercado y la regi\u00f3n, marcada por un descenso en el crecimiento econ\u00f3mico de gran parte de los pa\u00edses atendidos por Avianca. Seguiremos ajustando las estrategias y adoptando los mecanismos que sean necesarios para mantener la posici\u00f3n de liderazgo alcanzada y consolidar el espacio que hemos conquistado como jugadores importantes en la aviaci\u00f3n internacional\u201d.<\/p>\n<p style=\"text-align: justify;\">Fuente: <strong><em><span style=\"text-decoration: underline;\">Aviaci\u00f3n al d\u00eda.<\/span><\/em><\/strong><\/p>\n<p style=\"text-align: justify;\"><img decoding=\"async\" src=\"http:\/\/2.bp.blogspot.com\/-FSgHNVcHipQ\/VbabYgZvZmI\/AAAAAAAAouk\/g6JMwCQpAfg\/s1600\/Fabio%2BVillegas.png\" border=\"0\" \/><\/p>\n","protected":false},"excerpt":{"rendered":"<p>(Aeronoticias).-\u00a0Seg\u00fan un comunicado de la junta directiva de la mayor compa\u00f1\u00eda a\u00e9rea de Colombia, Avianca Holding, su actual presidente, Fabio Villegas Ram\u00edrez, anunci\u00f3 su decisi\u00f3n de retirarse de la firma para atender proyectos e iniciativas personales. No obstante, Villegas Ram\u00edrez permanecer\u00e1 en el cargo hasta finales de diciembre del presente a\u00f1o. La junta destac\u00f3 y [&hellip;]<\/p>\n","protected":false},"author":1,"featured_media":0,"comment_status":"open","ping_status":"open","sticky":false,"template":"","format":"standard","meta":{"tdm_status":"","tdm_grid_status":"","footnotes":""},"categories":[32],"tags":[],"class_list":{"0":"post-53192","1":"post","2":"type-post","3":"status-publish","4":"format-standard","6":"category-internacional"},"yoast_head":"<!-- This site is optimized with the Yoast SEO plugin v25.1 - https:\/\/yoast.com\/wordpress\/plugins\/seo\/ -->\n<title>El presidente de Avianca renuncia tras diez a\u00f1os al frente de la aerol\u00ednea<\/title>\n<meta name=\"description\" content=\"Portal de noticias del Per\u00fa sobre el transporte a\u00e9reo, aviaci\u00f3n, turismo, hoteleria, actualidad.\" \/>\n<meta name=\"robots\" content=\"index, follow, max-snippet:-1, max-image-preview:large, max-video-preview:-1\" \/>\n<link rel=\"canonical\" href=\"https:\/\/aeronoticias.com.pe\/noticiero\/transporte-aereo\/internacional\/el-presidente-de-avianca-renuncia-tras-diez-anos-al-frente-de-la-aerolinea\/\" \/>\n<meta property=\"og:locale\" content=\"es_ES\" \/>\n<meta property=\"og:type\" content=\"article\" \/>\n<meta property=\"og:title\" content=\"El presidente de Avianca renuncia tras diez a\u00f1os al frente de la aerol\u00ednea\" \/>\n<meta property=\"og:description\" content=\"Portal de noticias del Per\u00fa sobre el transporte a\u00e9reo, aviaci\u00f3n, turismo, hoteleria, actualidad.\" \/>\n<meta property=\"og:url\" content=\"https:\/\/aeronoticias.com.pe\/noticiero\/transporte-aereo\/internacional\/el-presidente-de-avianca-renuncia-tras-diez-anos-al-frente-de-la-aerolinea\/\" \/>\n<meta property=\"og:site_name\" content=\"Aeronoticias.com.pe\" \/>\n<meta property=\"article:publisher\" content=\"https:\/\/www.facebook.com\/Aeronoticias.com.pe\/\" \/>\n<meta property=\"article:published_time\" content=\"2015-07-28T02:36:49+00:00\" \/>\n<meta property=\"og:image\" content=\"http:\/\/2.bp.blogspot.com\/-FSgHNVcHipQ\/VbabYgZvZmI\/AAAAAAAAouk\/g6JMwCQpAfg\/s1600\/Fabio%2BVillegas.png\" \/>\n<meta name=\"author\" content=\"Redacci\u00f3n Aeronoticias\" \/>\n<meta name=\"twitter:card\" content=\"summary_large_image\" \/>\n<meta name=\"twitter:creator\" content=\"@aeronoticias\" \/>\n<meta name=\"twitter:site\" content=\"@aeronoticias\" \/>\n<meta name=\"twitter:label1\" content=\"Escrito por\" \/>\n\t<meta name=\"twitter:data1\" content=\"Redacci\u00f3n Aeronoticias\" \/>\n\t<meta name=\"twitter:label2\" content=\"Tiempo de lectura\" \/>\n\t<meta name=\"twitter:data2\" content=\"2 minutos\" \/>\n<script type=\"application\/ld+json\" class=\"yoast-schema-graph\">{\"@context\":\"https:\/\/schema.org\",\"@graph\":[{\"@type\":\"WebPage\",\"@id\":\"https:\/\/aeronoticias.com.pe\/noticiero\/transporte-aereo\/internacional\/el-presidente-de-avianca-renuncia-tras-diez-anos-al-frente-de-la-aerolinea\/\",\"url\":\"https:\/\/aeronoticias.com.pe\/noticiero\/transporte-aereo\/internacional\/el-presidente-de-avianca-renuncia-tras-diez-anos-al-frente-de-la-aerolinea\/\",\"name\":\"El presidente de Avianca renuncia tras diez a\u00f1os al frente de la aerol\u00ednea\",\"isPartOf\":{\"@id\":\"https:\/\/aeronoticias.com.pe\/noticiero\/#website\"},\"primaryImageOfPage\":{\"@id\":\"https:\/\/aeronoticias.com.pe\/noticiero\/transporte-aereo\/internacional\/el-presidente-de-avianca-renuncia-tras-diez-anos-al-frente-de-la-aerolinea\/#primaryimage\"},\"image\":{\"@id\":\"https:\/\/aeronoticias.com.pe\/noticiero\/transporte-aereo\/internacional\/el-presidente-de-avianca-renuncia-tras-diez-anos-al-frente-de-la-aerolinea\/#primaryimage\"},\"thumbnailUrl\":\"http:\/\/2.bp.blogspot.com\/-FSgHNVcHipQ\/VbabYgZvZmI\/AAAAAAAAouk\/g6JMwCQpAfg\/s1600\/Fabio%2BVillegas.png\",\"datePublished\":\"2015-07-28T02:36:49+00:00\",\"author\":{\"@id\":\"https:\/\/aeronoticias.com.pe\/noticiero\/#\/schema\/person\/fc1e5d578f4b62ba1cf7ac2bba1170a0\"},\"description\":\"Portal de noticias del Per\u00fa sobre el transporte a\u00e9reo, aviaci\u00f3n, turismo, hoteleria, actualidad.\",\"breadcrumb\":{\"@id\":\"https:\/\/aeronoticias.com.pe\/noticiero\/transporte-aereo\/internacional\/el-presidente-de-avianca-renuncia-tras-diez-anos-al-frente-de-la-aerolinea\/#breadcrumb\"},\"inLanguage\":\"es\",\"potentialAction\":[{\"@type\":\"ReadAction\",\"target\":[\"https:\/\/aeronoticias.com.pe\/noticiero\/transporte-aereo\/internacional\/el-presidente-de-avianca-renuncia-tras-diez-anos-al-frente-de-la-aerolinea\/\"]}]},{\"@type\":\"ImageObject\",\"inLanguage\":\"es\",\"@id\":\"https:\/\/aeronoticias.com.pe\/noticiero\/transporte-aereo\/internacional\/el-presidente-de-avianca-renuncia-tras-diez-anos-al-frente-de-la-aerolinea\/#primaryimage\",\"url\":\"http:\/\/2.bp.blogspot.com\/-FSgHNVcHipQ\/VbabYgZvZmI\/AAAAAAAAouk\/g6JMwCQpAfg\/s1600\/Fabio%2BVillegas.png\",\"contentUrl\":\"http:\/\/2.bp.blogspot.com\/-FSgHNVcHipQ\/VbabYgZvZmI\/AAAAAAAAouk\/g6JMwCQpAfg\/s1600\/Fabio%2BVillegas.png\"},{\"@type\":\"BreadcrumbList\",\"@id\":\"https:\/\/aeronoticias.com.pe\/noticiero\/transporte-aereo\/internacional\/el-presidente-de-avianca-renuncia-tras-diez-anos-al-frente-de-la-aerolinea\/#breadcrumb\",\"itemListElement\":[{\"@type\":\"ListItem\",\"position\":1,\"name\":\"Portada\",\"item\":\"https:\/\/aeronoticias.com.pe\/noticiero\/\"},{\"@type\":\"ListItem\",\"position\":2,\"name\":\"El presidente de Avianca renuncia tras diez a\u00f1os al frente de la aerol\u00ednea\"}]},{\"@type\":\"WebSite\",\"@id\":\"https:\/\/aeronoticias.com.pe\/noticiero\/#website\",\"url\":\"https:\/\/aeronoticias.com.pe\/noticiero\/\",\"name\":\"Aeronoticias.com.pe\",\"description\":\"Noticias de tranporte aereo, turismo, hoteles, gastronomia, actualidad, internacional\",\"potentialAction\":[{\"@type\":\"SearchAction\",\"target\":{\"@type\":\"EntryPoint\",\"urlTemplate\":\"https:\/\/aeronoticias.com.pe\/noticiero\/?s={search_term_string}\"},\"query-input\":{\"@type\":\"PropertyValueSpecification\",\"valueRequired\":true,\"valueName\":\"search_term_string\"}}],\"inLanguage\":\"es\"},{\"@type\":\"Person\",\"@id\":\"https:\/\/aeronoticias.com.pe\/noticiero\/#\/schema\/person\/fc1e5d578f4b62ba1cf7ac2bba1170a0\",\"name\":\"Redacci\u00f3n Aeronoticias\",\"url\":\"https:\/\/aeronoticias.com.pe\/noticiero\/author\/piloto\/\"}]}<\/script>\n<!-- \/ Yoast SEO plugin. -->","yoast_head_json":{"title":"El presidente de Avianca renuncia tras diez a\u00f1os al frente de la aerol\u00ednea","description":"Portal de noticias del Per\u00fa sobre el transporte a\u00e9reo, aviaci\u00f3n, turismo, hoteleria, actualidad.","robots":{"index":"index","follow":"follow","max-snippet":"max-snippet:-1","max-image-preview":"max-image-preview:large","max-video-preview":"max-video-preview:-1"},"canonical":"https:\/\/aeronoticias.com.pe\/noticiero\/transporte-aereo\/internacional\/el-presidente-de-avianca-renuncia-tras-diez-anos-al-frente-de-la-aerolinea\/","og_locale":"es_ES","og_type":"article","og_title":"El presidente de Avianca renuncia tras diez a\u00f1os al frente de la aerol\u00ednea","og_description":"Portal de noticias del Per\u00fa sobre el transporte a\u00e9reo, aviaci\u00f3n, turismo, hoteleria, actualidad.","og_url":"https:\/\/aeronoticias.com.pe\/noticiero\/transporte-aereo\/internacional\/el-presidente-de-avianca-renuncia-tras-diez-anos-al-frente-de-la-aerolinea\/","og_site_name":"Aeronoticias.com.pe","article_publisher":"https:\/\/www.facebook.com\/Aeronoticias.com.pe\/","article_published_time":"2015-07-28T02:36:49+00:00","og_image":[{"url":"http:\/\/2.bp.blogspot.com\/-FSgHNVcHipQ\/VbabYgZvZmI\/AAAAAAAAouk\/g6JMwCQpAfg\/s1600\/Fabio%2BVillegas.png","type":"","width":"","height":""}],"author":"Redacci\u00f3n Aeronoticias","twitter_card":"summary_large_image","twitter_creator":"@aeronoticias","twitter_site":"@aeronoticias","twitter_misc":{"Escrito por":"Redacci\u00f3n Aeronoticias","Tiempo de lectura":"2 minutos"},"schema":{"@context":"https:\/\/schema.org","@graph":[{"@type":"WebPage","@id":"https:\/\/aeronoticias.com.pe\/noticiero\/transporte-aereo\/internacional\/el-presidente-de-avianca-renuncia-tras-diez-anos-al-frente-de-la-aerolinea\/","url":"https:\/\/aeronoticias.com.pe\/noticiero\/transporte-aereo\/internacional\/el-presidente-de-avianca-renuncia-tras-diez-anos-al-frente-de-la-aerolinea\/","name":"El presidente de Avianca renuncia tras diez a\u00f1os al frente de la aerol\u00ednea","isPartOf":{"@id":"https:\/\/aeronoticias.com.pe\/noticiero\/#website"},"primaryImageOfPage":{"@id":"https:\/\/aeronoticias.com.pe\/noticiero\/transporte-aereo\/internacional\/el-presidente-de-avianca-renuncia-tras-diez-anos-al-frente-de-la-aerolinea\/#primaryimage"},"image":{"@id":"https:\/\/aeronoticias.com.pe\/noticiero\/transporte-aereo\/internacional\/el-presidente-de-avianca-renuncia-tras-diez-anos-al-frente-de-la-aerolinea\/#primaryimage"},"thumbnailUrl":"http:\/\/2.bp.blogspot.com\/-FSgHNVcHipQ\/VbabYgZvZmI\/AAAAAAAAouk\/g6JMwCQpAfg\/s1600\/Fabio%2BVillegas.png","datePublished":"2015-07-28T02:36:49+00:00","author":{"@id":"https:\/\/aeronoticias.com.pe\/noticiero\/#\/schema\/person\/fc1e5d578f4b62ba1cf7ac2bba1170a0"},"description":"Portal de noticias del Per\u00fa sobre el transporte a\u00e9reo, aviaci\u00f3n, turismo, hoteleria, actualidad.","breadcrumb":{"@id":"https:\/\/aeronoticias.com.pe\/noticiero\/transporte-aereo\/internacional\/el-presidente-de-avianca-renuncia-tras-diez-anos-al-frente-de-la-aerolinea\/#breadcrumb"},"inLanguage":"es","potentialAction":[{"@type":"ReadAction","target":["https:\/\/aeronoticias.com.pe\/noticiero\/transporte-aereo\/internacional\/el-presidente-de-avianca-renuncia-tras-diez-anos-al-frente-de-la-aerolinea\/"]}]},{"@type":"ImageObject","inLanguage":"es","@id":"https:\/\/aeronoticias.com.pe\/noticiero\/transporte-aereo\/internacional\/el-presidente-de-avianca-renuncia-tras-diez-anos-al-frente-de-la-aerolinea\/#primaryimage","url":"http:\/\/2.bp.blogspot.com\/-FSgHNVcHipQ\/VbabYgZvZmI\/AAAAAAAAouk\/g6JMwCQpAfg\/s1600\/Fabio%2BVillegas.png","contentUrl":"http:\/\/2.bp.blogspot.com\/-FSgHNVcHipQ\/VbabYgZvZmI\/AAAAAAAAouk\/g6JMwCQpAfg\/s1600\/Fabio%2BVillegas.png"},{"@type":"BreadcrumbList","@id":"https:\/\/aeronoticias.com.pe\/noticiero\/transporte-aereo\/internacional\/el-presidente-de-avianca-renuncia-tras-diez-anos-al-frente-de-la-aerolinea\/#breadcrumb","itemListElement":[{"@type":"ListItem","position":1,"name":"Portada","item":"https:\/\/aeronoticias.com.pe\/noticiero\/"},{"@type":"ListItem","position":2,"name":"El presidente de Avianca renuncia tras diez a\u00f1os al frente de la aerol\u00ednea"}]},{"@type":"WebSite","@id":"https:\/\/aeronoticias.com.pe\/noticiero\/#website","url":"https:\/\/aeronoticias.com.pe\/noticiero\/","name":"Aeronoticias.com.pe","description":"Noticias de tranporte aereo, turismo, hoteles, gastronomia, actualidad, internacional","potentialAction":[{"@type":"SearchAction","target":{"@type":"EntryPoint","urlTemplate":"https:\/\/aeronoticias.com.pe\/noticiero\/?s={search_term_string}"},"query-input":{"@type":"PropertyValueSpecification","valueRequired":true,"valueName":"search_term_string"}}],"inLanguage":"es"},{"@type":"Person","@id":"https:\/\/aeronoticias.com.pe\/noticiero\/#\/schema\/person\/fc1e5d578f4b62ba1cf7ac2bba1170a0","name":"Redacci\u00f3n Aeronoticias","url":"https:\/\/aeronoticias.com.pe\/noticiero\/author\/piloto\/"}]}},"_links":{"self":[{"href":"https:\/\/aeronoticias.com.pe\/noticiero\/wp-json\/wp\/v2\/posts\/53192","targetHints":{"allow":["GET"]}}],"collection":[{"href":"https:\/\/aeronoticias.com.pe\/noticiero\/wp-json\/wp\/v2\/posts"}],"about":[{"href":"https:\/\/aeronoticias.com.pe\/noticiero\/wp-json\/wp\/v2\/types\/post"}],"author":[{"embeddable":true,"href":"https:\/\/aeronoticias.com.pe\/noticiero\/wp-json\/wp\/v2\/users\/1"}],"replies":[{"embeddable":true,"href":"https:\/\/aeronoticias.com.pe\/noticiero\/wp-json\/wp\/v2\/comments?post=53192"}],"version-history":[{"count":0,"href":"https:\/\/aeronoticias.com.pe\/noticiero\/wp-json\/wp\/v2\/posts\/53192\/revisions"}],"wp:attachment":[{"href":"https:\/\/aeronoticias.com.pe\/noticiero\/wp-json\/wp\/v2\/media?parent=53192"}],"wp:term":[{"taxonomy":"category","embeddable":true,"href":"https:\/\/aeronoticias.com.pe\/noticiero\/wp-json\/wp\/v2\/categories?post=53192"},{"taxonomy":"post_tag","embeddable":true,"href":"https:\/\/aeronoticias.com.pe\/noticiero\/wp-json\/wp\/v2\/tags?post=53192"}],"curies":[{"name":"wp","href":"https:\/\/api.w.org\/{rel}","templated":true}]}}