{"id":53196,"date":"2015-07-28T15:38:24","date_gmt":"2015-07-28T15:38:24","guid":{"rendered":"http:\/\/desarrollo.mcvicious.com\/aero2020\/2015\/07\/28\/fueron-abogados-los-que-ayudaron-al-general-san-martin-a-libertar-el-peru\/"},"modified":"2015-07-28T15:38:24","modified_gmt":"2015-07-28T15:38:24","slug":"fueron-abogados-los-que-ayudaron-al-general-san-martin-a-libertar-el-peru","status":"publish","type":"post","link":"https:\/\/aeronoticias.com.pe\/noticiero\/ultimas\/1\/fueron-abogados-los-que-ayudaron-al-general-san-martin-a-libertar-el-peru\/","title":{"rendered":"Fueron abogados los que ayudaron al General San Mart\u00edn a libertar el Per\u00fa"},"content":{"rendered":"<p style=\"text-align: justify;\"><strong>(Aeronoticias)<\/strong> El Ilustre Colegio de Abogados de Lima (CAL) fue fundado por Real Cedula de Carlos IV del 31 de julio de 1804, es decir, dentro de 3 d\u00edas cumplimos 211 a\u00f1os de historia al servicio del Per\u00fa, dijo el abogado Juli\u00e1n Palacin Fern\u00e1ndez candidato al Decanato del Ilustre Colegio de Abogados de Lima en las pr\u00f3ximas elecciones del s\u00e1bado 28 de noviembre para el periodo 2016-2017. Record\u00f3 que fueron abogados del CAL quienes se pusieron a las ordenes del General Don Jos\u00e9 de San Mart\u00edn en la gesta heroica de libertad, asimismo dijo el jurista, fueron abogados los que dieron su vida en la batalla de San Juan y Miraflores en la heroica defensa de Lima en la ocupaci\u00f3n chilena y fuimos nosotros los abogados del CAL al lado de Don Andr\u00e9s Arambur\u00fa Menchaca, quienes dimos el auditorio Jos\u00e9 Le\u00f3n Bariandar\u00e1n al Congreso de la Rep\u00fablica el 5 de julio de 1992 para que sesione el Congreso luego del golpe del 5 de abril.<\/p>\n<p style=\"text-align: justify;\"><span style=\"font-size: 12.1599998474121px; line-height: 1.3em;\">Los abogados hemos desempe\u00f1ado un rol importante en la historia del Per\u00fa y en estas Fiestas Patrias nuestros sentimientos est\u00e1n con el pa\u00eds y sus problemas, es por ello, que le deseamos a todos los abogados del CAL y a los abogados del Per\u00fa unas Felices Fiestas y les recordamos que tenemos un compromiso con la historia, de honrar esa historia de gloria, especialmente de aquellos Decanos como Juan Vicente Ugarte del Pino que sufri\u00f3 c\u00e1rcel por defender la democracia del Per\u00fa y de todos y cada uno de nuestros Decanos que lideraron al Gremio, a ellos los tenemos en nuestro coraz\u00f3n, esperando que en este 2016 luego de las elecciones que se llevar\u00e1n a cabo el s\u00e1bado 28 de noviembre de 2015 para elegir al Decano que regir\u00e1 los destinos de la abogac\u00eda peruana en el 2016 y 2017, el Ilustre Colegio de Abogados de Lima pueda recuperar la confianza ciudadana y el sitial que le corresponde como br\u00fajula y conciencia jur\u00eddica del Per\u00fa. <\/span><\/p>\n<p style=\"text-align: justify;\"><a href=\"https:\/\/www.youtube.com\/watch?v=WbUrQ1HGMe8&amp;feature=youtu.be\" target=\"_blank\" rel=\"noopener noreferrer\">VER VIDEO DE SALUDO DE FIESTAS PATRIA DE JULIAN PALACIN A LOS ABOGADOS Y ABOGADAS DEL CAL<\/a>.<\/p>\n<p style=\"text-align: justify;\"><span style=\"font-size: 12.1599998474121px; line-height: 1.3em;\"><img decoding=\"async\" src=\"images\/stories\/15\/07\/280715\/sanmartin1.jpg\" border=\"0\" \/><br \/><\/span><\/p>\n<p style=\"text-align: justify;\">\u00a0<\/p>\n","protected":false},"excerpt":{"rendered":"<p>(Aeronoticias) El Ilustre Colegio de Abogados de Lima (CAL) fue fundado por Real Cedula de Carlos IV del 31 de julio de 1804, es decir, dentro de 3 d\u00edas cumplimos 211 a\u00f1os de historia al servicio del Per\u00fa, dijo el abogado Juli\u00e1n Palacin Fern\u00e1ndez candidato al Decanato del Ilustre Colegio de Abogados de Lima en [&hellip;]<\/p>\n","protected":false},"author":1,"featured_media":0,"comment_status":"open","ping_status":"open","sticky":false,"template":"","format":"standard","meta":{"tdm_status":"","tdm_grid_status":"","footnotes":""},"categories":[30],"tags":[],"class_list":{"0":"post-53196","1":"post","2":"type-post","3":"status-publish","4":"format-standard","6":"category-30"},"yoast_head":"<!-- This site is optimized with the Yoast SEO plugin v25.1 - https:\/\/yoast.com\/wordpress\/plugins\/seo\/ -->\n<title>Fueron abogados los que ayudaron al General San Mart\u00edn a libertar el Per\u00fa<\/title>\n<meta name=\"description\" content=\"Portal de noticias del Per\u00fa sobre el transporte a\u00e9reo, aviaci\u00f3n, turismo, hoteleria, actualidad.\" \/>\n<meta name=\"robots\" content=\"index, follow, max-snippet:-1, max-image-preview:large, max-video-preview:-1\" \/>\n<link rel=\"canonical\" href=\"https:\/\/aeronoticias.com.pe\/noticiero\/ultimas\/1\/fueron-abogados-los-que-ayudaron-al-general-san-martin-a-libertar-el-peru\/\" \/>\n<meta property=\"og:locale\" content=\"es_ES\" \/>\n<meta property=\"og:type\" content=\"article\" \/>\n<meta property=\"og:title\" content=\"Fueron abogados los que ayudaron al General San Mart\u00edn a libertar el Per\u00fa\" \/>\n<meta property=\"og:description\" content=\"Portal de noticias del Per\u00fa sobre el transporte a\u00e9reo, aviaci\u00f3n, turismo, hoteleria, actualidad.\" \/>\n<meta property=\"og:url\" content=\"https:\/\/aeronoticias.com.pe\/noticiero\/ultimas\/1\/fueron-abogados-los-que-ayudaron-al-general-san-martin-a-libertar-el-peru\/\" \/>\n<meta property=\"og:site_name\" content=\"Aeronoticias.com.pe\" \/>\n<meta property=\"article:publisher\" content=\"https:\/\/www.facebook.com\/Aeronoticias.com.pe\/\" \/>\n<meta property=\"article:published_time\" content=\"2015-07-28T15:38:24+00:00\" \/>\n<meta name=\"author\" content=\"Redacci\u00f3n Aeronoticias\" \/>\n<meta name=\"twitter:card\" content=\"summary_large_image\" \/>\n<meta name=\"twitter:creator\" content=\"@aeronoticias\" \/>\n<meta name=\"twitter:site\" content=\"@aeronoticias\" \/>\n<meta name=\"twitter:label1\" content=\"Escrito por\" \/>\n\t<meta name=\"twitter:data1\" content=\"Redacci\u00f3n Aeronoticias\" \/>\n\t<meta name=\"twitter:label2\" content=\"Tiempo de lectura\" \/>\n\t<meta name=\"twitter:data2\" content=\"2 minutos\" \/>\n<script type=\"application\/ld+json\" class=\"yoast-schema-graph\">{\"@context\":\"https:\/\/schema.org\",\"@graph\":[{\"@type\":\"WebPage\",\"@id\":\"https:\/\/aeronoticias.com.pe\/noticiero\/ultimas\/1\/fueron-abogados-los-que-ayudaron-al-general-san-martin-a-libertar-el-peru\/\",\"url\":\"https:\/\/aeronoticias.com.pe\/noticiero\/ultimas\/1\/fueron-abogados-los-que-ayudaron-al-general-san-martin-a-libertar-el-peru\/\",\"name\":\"Fueron abogados los que ayudaron al General San Mart\u00edn a libertar el Per\u00fa\",\"isPartOf\":{\"@id\":\"https:\/\/aeronoticias.com.pe\/noticiero\/#website\"},\"datePublished\":\"2015-07-28T15:38:24+00:00\",\"author\":{\"@id\":\"https:\/\/aeronoticias.com.pe\/noticiero\/#\/schema\/person\/fc1e5d578f4b62ba1cf7ac2bba1170a0\"},\"description\":\"Portal de noticias del Per\u00fa sobre el transporte a\u00e9reo, aviaci\u00f3n, turismo, hoteleria, actualidad.\",\"breadcrumb\":{\"@id\":\"https:\/\/aeronoticias.com.pe\/noticiero\/ultimas\/1\/fueron-abogados-los-que-ayudaron-al-general-san-martin-a-libertar-el-peru\/#breadcrumb\"},\"inLanguage\":\"es\",\"potentialAction\":[{\"@type\":\"ReadAction\",\"target\":[\"https:\/\/aeronoticias.com.pe\/noticiero\/ultimas\/1\/fueron-abogados-los-que-ayudaron-al-general-san-martin-a-libertar-el-peru\/\"]}]},{\"@type\":\"BreadcrumbList\",\"@id\":\"https:\/\/aeronoticias.com.pe\/noticiero\/ultimas\/1\/fueron-abogados-los-que-ayudaron-al-general-san-martin-a-libertar-el-peru\/#breadcrumb\",\"itemListElement\":[{\"@type\":\"ListItem\",\"position\":1,\"name\":\"Portada\",\"item\":\"https:\/\/aeronoticias.com.pe\/noticiero\/\"},{\"@type\":\"ListItem\",\"position\":2,\"name\":\"Fueron abogados los que ayudaron al General San Mart\u00edn a libertar el Per\u00fa\"}]},{\"@type\":\"WebSite\",\"@id\":\"https:\/\/aeronoticias.com.pe\/noticiero\/#website\",\"url\":\"https:\/\/aeronoticias.com.pe\/noticiero\/\",\"name\":\"Aeronoticias.com.pe\",\"description\":\"Noticias de tranporte aereo, turismo, hoteles, gastronomia, actualidad, internacional\",\"potentialAction\":[{\"@type\":\"SearchAction\",\"target\":{\"@type\":\"EntryPoint\",\"urlTemplate\":\"https:\/\/aeronoticias.com.pe\/noticiero\/?s={search_term_string}\"},\"query-input\":{\"@type\":\"PropertyValueSpecification\",\"valueRequired\":true,\"valueName\":\"search_term_string\"}}],\"inLanguage\":\"es\"},{\"@type\":\"Person\",\"@id\":\"https:\/\/aeronoticias.com.pe\/noticiero\/#\/schema\/person\/fc1e5d578f4b62ba1cf7ac2bba1170a0\",\"name\":\"Redacci\u00f3n Aeronoticias\",\"url\":\"https:\/\/aeronoticias.com.pe\/noticiero\/author\/piloto\/\"}]}<\/script>\n<!-- \/ Yoast SEO plugin. -->","yoast_head_json":{"title":"Fueron abogados los que ayudaron al General San Mart\u00edn a libertar el Per\u00fa","description":"Portal de noticias del Per\u00fa sobre el transporte a\u00e9reo, aviaci\u00f3n, turismo, hoteleria, actualidad.","robots":{"index":"index","follow":"follow","max-snippet":"max-snippet:-1","max-image-preview":"max-image-preview:large","max-video-preview":"max-video-preview:-1"},"canonical":"https:\/\/aeronoticias.com.pe\/noticiero\/ultimas\/1\/fueron-abogados-los-que-ayudaron-al-general-san-martin-a-libertar-el-peru\/","og_locale":"es_ES","og_type":"article","og_title":"Fueron abogados los que ayudaron al General San Mart\u00edn a libertar el Per\u00fa","og_description":"Portal de noticias del Per\u00fa sobre el transporte a\u00e9reo, aviaci\u00f3n, turismo, hoteleria, actualidad.","og_url":"https:\/\/aeronoticias.com.pe\/noticiero\/ultimas\/1\/fueron-abogados-los-que-ayudaron-al-general-san-martin-a-libertar-el-peru\/","og_site_name":"Aeronoticias.com.pe","article_publisher":"https:\/\/www.facebook.com\/Aeronoticias.com.pe\/","article_published_time":"2015-07-28T15:38:24+00:00","author":"Redacci\u00f3n Aeronoticias","twitter_card":"summary_large_image","twitter_creator":"@aeronoticias","twitter_site":"@aeronoticias","twitter_misc":{"Escrito por":"Redacci\u00f3n Aeronoticias","Tiempo de lectura":"2 minutos"},"schema":{"@context":"https:\/\/schema.org","@graph":[{"@type":"WebPage","@id":"https:\/\/aeronoticias.com.pe\/noticiero\/ultimas\/1\/fueron-abogados-los-que-ayudaron-al-general-san-martin-a-libertar-el-peru\/","url":"https:\/\/aeronoticias.com.pe\/noticiero\/ultimas\/1\/fueron-abogados-los-que-ayudaron-al-general-san-martin-a-libertar-el-peru\/","name":"Fueron abogados los que ayudaron al General San Mart\u00edn a libertar el Per\u00fa","isPartOf":{"@id":"https:\/\/aeronoticias.com.pe\/noticiero\/#website"},"datePublished":"2015-07-28T15:38:24+00:00","author":{"@id":"https:\/\/aeronoticias.com.pe\/noticiero\/#\/schema\/person\/fc1e5d578f4b62ba1cf7ac2bba1170a0"},"description":"Portal de noticias del Per\u00fa sobre el transporte a\u00e9reo, aviaci\u00f3n, turismo, hoteleria, actualidad.","breadcrumb":{"@id":"https:\/\/aeronoticias.com.pe\/noticiero\/ultimas\/1\/fueron-abogados-los-que-ayudaron-al-general-san-martin-a-libertar-el-peru\/#breadcrumb"},"inLanguage":"es","potentialAction":[{"@type":"ReadAction","target":["https:\/\/aeronoticias.com.pe\/noticiero\/ultimas\/1\/fueron-abogados-los-que-ayudaron-al-general-san-martin-a-libertar-el-peru\/"]}]},{"@type":"BreadcrumbList","@id":"https:\/\/aeronoticias.com.pe\/noticiero\/ultimas\/1\/fueron-abogados-los-que-ayudaron-al-general-san-martin-a-libertar-el-peru\/#breadcrumb","itemListElement":[{"@type":"ListItem","position":1,"name":"Portada","item":"https:\/\/aeronoticias.com.pe\/noticiero\/"},{"@type":"ListItem","position":2,"name":"Fueron abogados los que ayudaron al General San Mart\u00edn a libertar el Per\u00fa"}]},{"@type":"WebSite","@id":"https:\/\/aeronoticias.com.pe\/noticiero\/#website","url":"https:\/\/aeronoticias.com.pe\/noticiero\/","name":"Aeronoticias.com.pe","description":"Noticias de tranporte aereo, turismo, hoteles, gastronomia, actualidad, internacional","potentialAction":[{"@type":"SearchAction","target":{"@type":"EntryPoint","urlTemplate":"https:\/\/aeronoticias.com.pe\/noticiero\/?s={search_term_string}"},"query-input":{"@type":"PropertyValueSpecification","valueRequired":true,"valueName":"search_term_string"}}],"inLanguage":"es"},{"@type":"Person","@id":"https:\/\/aeronoticias.com.pe\/noticiero\/#\/schema\/person\/fc1e5d578f4b62ba1cf7ac2bba1170a0","name":"Redacci\u00f3n Aeronoticias","url":"https:\/\/aeronoticias.com.pe\/noticiero\/author\/piloto\/"}]}},"_links":{"self":[{"href":"https:\/\/aeronoticias.com.pe\/noticiero\/wp-json\/wp\/v2\/posts\/53196","targetHints":{"allow":["GET"]}}],"collection":[{"href":"https:\/\/aeronoticias.com.pe\/noticiero\/wp-json\/wp\/v2\/posts"}],"about":[{"href":"https:\/\/aeronoticias.com.pe\/noticiero\/wp-json\/wp\/v2\/types\/post"}],"author":[{"embeddable":true,"href":"https:\/\/aeronoticias.com.pe\/noticiero\/wp-json\/wp\/v2\/users\/1"}],"replies":[{"embeddable":true,"href":"https:\/\/aeronoticias.com.pe\/noticiero\/wp-json\/wp\/v2\/comments?post=53196"}],"version-history":[{"count":0,"href":"https:\/\/aeronoticias.com.pe\/noticiero\/wp-json\/wp\/v2\/posts\/53196\/revisions"}],"wp:attachment":[{"href":"https:\/\/aeronoticias.com.pe\/noticiero\/wp-json\/wp\/v2\/media?parent=53196"}],"wp:term":[{"taxonomy":"category","embeddable":true,"href":"https:\/\/aeronoticias.com.pe\/noticiero\/wp-json\/wp\/v2\/categories?post=53196"},{"taxonomy":"post_tag","embeddable":true,"href":"https:\/\/aeronoticias.com.pe\/noticiero\/wp-json\/wp\/v2\/tags?post=53196"}],"curies":[{"name":"wp","href":"https:\/\/api.w.org\/{rel}","templated":true}]}}