{"id":53200,"date":"2015-07-29T01:04:09","date_gmt":"2015-07-29T01:04:09","guid":{"rendered":"http:\/\/desarrollo.mcvicious.com\/aero2020\/2015\/07\/29\/cipriani-no-al-neocolonialismo-de-paises-poderosos-pero-espiritualmente-enfermos\/"},"modified":"2015-07-29T01:04:09","modified_gmt":"2015-07-29T01:04:09","slug":"cipriani-no-al-neocolonialismo-de-paises-poderosos-pero-espiritualmente-enfermos","status":"publish","type":"post","link":"https:\/\/aeronoticias.com.pe\/noticiero\/nacionales\/cipriani-no-al-neocolonialismo-de-paises-poderosos-pero-espiritualmente-enfermos\/","title":{"rendered":"Cipriani: No al neocolonialismo de pa\u00edses poderosos pero espiritualmente enfermos"},"content":{"rendered":"<p style=\"text-align: justify;\"><strong>(Aeronoticias)<\/strong>.-\u00a0El cardenal Juan Luis Cipriani volvi\u00f3 a aludir al matrimonio entre personas del mismo sexo durante la misa y Te Deum por Fiestas Patrias. En la ceremonia participaron el presidente Ollanta Humala y la primera dama, Nadine Heredia.<\/p>\n<p style=\"text-align: justify;\">\u00abTodo lo que da\u00f1e la familia tiene la desaprobaci\u00f3n del pueblo. No aceptemos el neocolonialismo promovido por instituciones y organismos de pa\u00edses poderosos materialmente hablando, pero espiritualmente enfermos\u00bb, dijo en la homil\u00eda.<\/p>\n<p style=\"text-align: justify;\">En junio pasado, tras la aprobaci\u00f3n del matrimonio gay en Estados Unidos, el cardenal indic\u00f3: \u00abEsta decisi\u00f3n, para m\u00ed realmente tr\u00e1gico. Lo que est\u00e1 plante\u00e1ndose es el ataque a la instituci\u00f3n matrimonial. D\u00e9jenme el matrimonio tranquilo\u00bb.<\/p>\n<p style=\"text-align: justify;\">\u00abEl Per\u00fa tiene su propio camino. No debemos esperar iluminaciones de pa\u00edses que han renegado de su historia y de su origen y que hoy caminan en la oscuridad de lo que ellos llaman pr\u00e1cticas modernas. Todas ellas contra la familia, el matrimonio y la vida\u00bb, enfatiz\u00f3 Juan Luis Cipriani durante la misa por Fiestas Patrias.<\/p>\n<p style=\"text-align: justify;\">El arzobispo de Lima tambi\u00e9n lament\u00f3 las \u00abdiversas formas de descomposici\u00f3n social\u00bb que generan las \u00abmentiras, falsedades y enga\u00f1os\u00bb que \u00aben muchos \u00e1mbitos se quiere introducir\u00bb con \u00abel aire de cinismo de &#8216;todos los hacen'\u00bb.<\/p>\n<p style=\"text-align: justify;\"><strong>Corrupci\u00f3n y pol\u00edtica<\/strong><\/p>\n<p style=\"text-align: justify;\">De otro lado, Juan Luis Cipriani se refiri\u00f3 a la corrupci\u00f3n citando al Papa Francisco: \u00abEl corrupto atraviesa la vida con los atajos del oportunismo, con al aire de quien dice: &#8216;No he sido yo&#8217;. El corrupto no puede hacer la cr\u00edtica, descalifica a quien lo hace [&#8230;] No valora a los dem\u00e1s y ataca con el insulto a quien piensa diverso\u00bb.<\/p>\n<p style=\"text-align: justify;\">\u00abUna llamada muy especial de prudencia a los medios de comunicaci\u00f3n, se hace imprescindible para ayudar a orientar a nuestros compatriotas. La l\u00edcita variedad de opciones no significa ni otorga derechos para descalificar, insultar, da\u00f1ar la honra de las personas en campa\u00f1as destructivas de quienes no piensan como uno\u00bb, refiri\u00f3.<\/p>\n<p style=\"text-align: justify;\">Adem\u00e1s, Juan Luis Cipriani pidi\u00f3 que se le permita \u00abentrar con mucha delicadeza\u00bb en el tema de las elecciones presidenciales del 2016. Al respecto, expres\u00f3: \u00abDebemos realizar un compromiso con la honradez y transparencia del proceso en que se elegir\u00e1n a nuestros gobernantes\u00bb.<\/p>\n<p style=\"text-align: justify;\">Fuente: <span style=\"text-decoration: underline;\"><em><strong>El Comercio<\/strong><\/em><\/span>.<\/p>\n<p style=\"text-align: justify;\"><img decoding=\"async\" src=\"http:\/\/cde.peru.com\/ima\/0\/0\/7\/7\/3\/773218\/611x458\/lima.jpg\" border=\"0\" \/><\/p>\n","protected":false},"excerpt":{"rendered":"<p>(Aeronoticias).-\u00a0El cardenal Juan Luis Cipriani volvi\u00f3 a aludir al matrimonio entre personas del mismo sexo durante la misa y Te Deum por Fiestas Patrias. En la ceremonia participaron el presidente Ollanta Humala y la primera dama, Nadine Heredia. \u00abTodo lo que da\u00f1e la familia tiene la desaprobaci\u00f3n del pueblo. No aceptemos el neocolonialismo promovido por [&hellip;]<\/p>\n","protected":false},"author":1,"featured_media":0,"comment_status":"open","ping_status":"open","sticky":false,"template":"","format":"standard","meta":{"tdm_status":"","tdm_grid_status":"","footnotes":""},"categories":[38],"tags":[],"class_list":{"0":"post-53200","1":"post","2":"type-post","3":"status-publish","4":"format-standard","6":"category-nacionales"},"yoast_head":"<!-- This site is optimized with the Yoast SEO plugin v25.1 - https:\/\/yoast.com\/wordpress\/plugins\/seo\/ -->\n<title>Cipriani: No al neocolonialismo de pa\u00edses poderosos pero espiritualmente enfermos<\/title>\n<meta name=\"description\" content=\"Portal de noticias del Per\u00fa sobre el transporte a\u00e9reo, aviaci\u00f3n, turismo, hoteleria, actualidad.\" \/>\n<meta name=\"robots\" content=\"index, follow, max-snippet:-1, max-image-preview:large, max-video-preview:-1\" \/>\n<link rel=\"canonical\" href=\"https:\/\/aeronoticias.com.pe\/noticiero\/nacionales\/cipriani-no-al-neocolonialismo-de-paises-poderosos-pero-espiritualmente-enfermos\/\" \/>\n<meta property=\"og:locale\" content=\"es_ES\" \/>\n<meta property=\"og:type\" content=\"article\" \/>\n<meta property=\"og:title\" content=\"Cipriani: No al neocolonialismo de pa\u00edses poderosos pero espiritualmente enfermos\" \/>\n<meta property=\"og:description\" content=\"Portal de noticias del Per\u00fa sobre el transporte a\u00e9reo, aviaci\u00f3n, turismo, hoteleria, actualidad.\" \/>\n<meta property=\"og:url\" content=\"https:\/\/aeronoticias.com.pe\/noticiero\/nacionales\/cipriani-no-al-neocolonialismo-de-paises-poderosos-pero-espiritualmente-enfermos\/\" \/>\n<meta property=\"og:site_name\" content=\"Aeronoticias.com.pe\" \/>\n<meta property=\"article:publisher\" content=\"https:\/\/www.facebook.com\/Aeronoticias.com.pe\/\" \/>\n<meta property=\"article:published_time\" content=\"2015-07-29T01:04:09+00:00\" \/>\n<meta property=\"og:image\" content=\"http:\/\/cde.peru.com\/ima\/0\/0\/7\/7\/3\/773218\/611x458\/lima.jpg\" \/>\n<meta name=\"author\" content=\"Redacci\u00f3n Aeronoticias\" \/>\n<meta name=\"twitter:card\" content=\"summary_large_image\" \/>\n<meta name=\"twitter:creator\" content=\"@aeronoticias\" \/>\n<meta name=\"twitter:site\" content=\"@aeronoticias\" \/>\n<meta name=\"twitter:label1\" content=\"Escrito por\" \/>\n\t<meta name=\"twitter:data1\" content=\"Redacci\u00f3n Aeronoticias\" \/>\n\t<meta name=\"twitter:label2\" content=\"Tiempo de lectura\" \/>\n\t<meta name=\"twitter:data2\" content=\"2 minutos\" \/>\n<script type=\"application\/ld+json\" class=\"yoast-schema-graph\">{\"@context\":\"https:\/\/schema.org\",\"@graph\":[{\"@type\":\"WebPage\",\"@id\":\"https:\/\/aeronoticias.com.pe\/noticiero\/nacionales\/cipriani-no-al-neocolonialismo-de-paises-poderosos-pero-espiritualmente-enfermos\/\",\"url\":\"https:\/\/aeronoticias.com.pe\/noticiero\/nacionales\/cipriani-no-al-neocolonialismo-de-paises-poderosos-pero-espiritualmente-enfermos\/\",\"name\":\"Cipriani: No al neocolonialismo de pa\u00edses poderosos pero espiritualmente enfermos\",\"isPartOf\":{\"@id\":\"https:\/\/aeronoticias.com.pe\/noticiero\/#website\"},\"primaryImageOfPage\":{\"@id\":\"https:\/\/aeronoticias.com.pe\/noticiero\/nacionales\/cipriani-no-al-neocolonialismo-de-paises-poderosos-pero-espiritualmente-enfermos\/#primaryimage\"},\"image\":{\"@id\":\"https:\/\/aeronoticias.com.pe\/noticiero\/nacionales\/cipriani-no-al-neocolonialismo-de-paises-poderosos-pero-espiritualmente-enfermos\/#primaryimage\"},\"thumbnailUrl\":\"http:\/\/cde.peru.com\/ima\/0\/0\/7\/7\/3\/773218\/611x458\/lima.jpg\",\"datePublished\":\"2015-07-29T01:04:09+00:00\",\"author\":{\"@id\":\"https:\/\/aeronoticias.com.pe\/noticiero\/#\/schema\/person\/fc1e5d578f4b62ba1cf7ac2bba1170a0\"},\"description\":\"Portal de noticias del Per\u00fa sobre el transporte a\u00e9reo, aviaci\u00f3n, turismo, hoteleria, actualidad.\",\"breadcrumb\":{\"@id\":\"https:\/\/aeronoticias.com.pe\/noticiero\/nacionales\/cipriani-no-al-neocolonialismo-de-paises-poderosos-pero-espiritualmente-enfermos\/#breadcrumb\"},\"inLanguage\":\"es\",\"potentialAction\":[{\"@type\":\"ReadAction\",\"target\":[\"https:\/\/aeronoticias.com.pe\/noticiero\/nacionales\/cipriani-no-al-neocolonialismo-de-paises-poderosos-pero-espiritualmente-enfermos\/\"]}]},{\"@type\":\"ImageObject\",\"inLanguage\":\"es\",\"@id\":\"https:\/\/aeronoticias.com.pe\/noticiero\/nacionales\/cipriani-no-al-neocolonialismo-de-paises-poderosos-pero-espiritualmente-enfermos\/#primaryimage\",\"url\":\"http:\/\/cde.peru.com\/ima\/0\/0\/7\/7\/3\/773218\/611x458\/lima.jpg\",\"contentUrl\":\"http:\/\/cde.peru.com\/ima\/0\/0\/7\/7\/3\/773218\/611x458\/lima.jpg\"},{\"@type\":\"BreadcrumbList\",\"@id\":\"https:\/\/aeronoticias.com.pe\/noticiero\/nacionales\/cipriani-no-al-neocolonialismo-de-paises-poderosos-pero-espiritualmente-enfermos\/#breadcrumb\",\"itemListElement\":[{\"@type\":\"ListItem\",\"position\":1,\"name\":\"Portada\",\"item\":\"https:\/\/aeronoticias.com.pe\/noticiero\/\"},{\"@type\":\"ListItem\",\"position\":2,\"name\":\"Cipriani: No al neocolonialismo de pa\u00edses poderosos pero espiritualmente enfermos\"}]},{\"@type\":\"WebSite\",\"@id\":\"https:\/\/aeronoticias.com.pe\/noticiero\/#website\",\"url\":\"https:\/\/aeronoticias.com.pe\/noticiero\/\",\"name\":\"Aeronoticias.com.pe\",\"description\":\"Noticias de tranporte aereo, turismo, hoteles, gastronomia, actualidad, internacional\",\"potentialAction\":[{\"@type\":\"SearchAction\",\"target\":{\"@type\":\"EntryPoint\",\"urlTemplate\":\"https:\/\/aeronoticias.com.pe\/noticiero\/?s={search_term_string}\"},\"query-input\":{\"@type\":\"PropertyValueSpecification\",\"valueRequired\":true,\"valueName\":\"search_term_string\"}}],\"inLanguage\":\"es\"},{\"@type\":\"Person\",\"@id\":\"https:\/\/aeronoticias.com.pe\/noticiero\/#\/schema\/person\/fc1e5d578f4b62ba1cf7ac2bba1170a0\",\"name\":\"Redacci\u00f3n Aeronoticias\",\"url\":\"https:\/\/aeronoticias.com.pe\/noticiero\/author\/piloto\/\"}]}<\/script>\n<!-- \/ Yoast SEO plugin. -->","yoast_head_json":{"title":"Cipriani: No al neocolonialismo de pa\u00edses poderosos pero espiritualmente enfermos","description":"Portal de noticias del Per\u00fa sobre el transporte a\u00e9reo, aviaci\u00f3n, turismo, hoteleria, actualidad.","robots":{"index":"index","follow":"follow","max-snippet":"max-snippet:-1","max-image-preview":"max-image-preview:large","max-video-preview":"max-video-preview:-1"},"canonical":"https:\/\/aeronoticias.com.pe\/noticiero\/nacionales\/cipriani-no-al-neocolonialismo-de-paises-poderosos-pero-espiritualmente-enfermos\/","og_locale":"es_ES","og_type":"article","og_title":"Cipriani: No al neocolonialismo de pa\u00edses poderosos pero espiritualmente enfermos","og_description":"Portal de noticias del Per\u00fa sobre el transporte a\u00e9reo, aviaci\u00f3n, turismo, hoteleria, actualidad.","og_url":"https:\/\/aeronoticias.com.pe\/noticiero\/nacionales\/cipriani-no-al-neocolonialismo-de-paises-poderosos-pero-espiritualmente-enfermos\/","og_site_name":"Aeronoticias.com.pe","article_publisher":"https:\/\/www.facebook.com\/Aeronoticias.com.pe\/","article_published_time":"2015-07-29T01:04:09+00:00","og_image":[{"url":"http:\/\/cde.peru.com\/ima\/0\/0\/7\/7\/3\/773218\/611x458\/lima.jpg","type":"","width":"","height":""}],"author":"Redacci\u00f3n Aeronoticias","twitter_card":"summary_large_image","twitter_creator":"@aeronoticias","twitter_site":"@aeronoticias","twitter_misc":{"Escrito por":"Redacci\u00f3n Aeronoticias","Tiempo de lectura":"2 minutos"},"schema":{"@context":"https:\/\/schema.org","@graph":[{"@type":"WebPage","@id":"https:\/\/aeronoticias.com.pe\/noticiero\/nacionales\/cipriani-no-al-neocolonialismo-de-paises-poderosos-pero-espiritualmente-enfermos\/","url":"https:\/\/aeronoticias.com.pe\/noticiero\/nacionales\/cipriani-no-al-neocolonialismo-de-paises-poderosos-pero-espiritualmente-enfermos\/","name":"Cipriani: No al neocolonialismo de pa\u00edses poderosos pero espiritualmente enfermos","isPartOf":{"@id":"https:\/\/aeronoticias.com.pe\/noticiero\/#website"},"primaryImageOfPage":{"@id":"https:\/\/aeronoticias.com.pe\/noticiero\/nacionales\/cipriani-no-al-neocolonialismo-de-paises-poderosos-pero-espiritualmente-enfermos\/#primaryimage"},"image":{"@id":"https:\/\/aeronoticias.com.pe\/noticiero\/nacionales\/cipriani-no-al-neocolonialismo-de-paises-poderosos-pero-espiritualmente-enfermos\/#primaryimage"},"thumbnailUrl":"http:\/\/cde.peru.com\/ima\/0\/0\/7\/7\/3\/773218\/611x458\/lima.jpg","datePublished":"2015-07-29T01:04:09+00:00","author":{"@id":"https:\/\/aeronoticias.com.pe\/noticiero\/#\/schema\/person\/fc1e5d578f4b62ba1cf7ac2bba1170a0"},"description":"Portal de noticias del Per\u00fa sobre el transporte a\u00e9reo, aviaci\u00f3n, turismo, hoteleria, actualidad.","breadcrumb":{"@id":"https:\/\/aeronoticias.com.pe\/noticiero\/nacionales\/cipriani-no-al-neocolonialismo-de-paises-poderosos-pero-espiritualmente-enfermos\/#breadcrumb"},"inLanguage":"es","potentialAction":[{"@type":"ReadAction","target":["https:\/\/aeronoticias.com.pe\/noticiero\/nacionales\/cipriani-no-al-neocolonialismo-de-paises-poderosos-pero-espiritualmente-enfermos\/"]}]},{"@type":"ImageObject","inLanguage":"es","@id":"https:\/\/aeronoticias.com.pe\/noticiero\/nacionales\/cipriani-no-al-neocolonialismo-de-paises-poderosos-pero-espiritualmente-enfermos\/#primaryimage","url":"http:\/\/cde.peru.com\/ima\/0\/0\/7\/7\/3\/773218\/611x458\/lima.jpg","contentUrl":"http:\/\/cde.peru.com\/ima\/0\/0\/7\/7\/3\/773218\/611x458\/lima.jpg"},{"@type":"BreadcrumbList","@id":"https:\/\/aeronoticias.com.pe\/noticiero\/nacionales\/cipriani-no-al-neocolonialismo-de-paises-poderosos-pero-espiritualmente-enfermos\/#breadcrumb","itemListElement":[{"@type":"ListItem","position":1,"name":"Portada","item":"https:\/\/aeronoticias.com.pe\/noticiero\/"},{"@type":"ListItem","position":2,"name":"Cipriani: No al neocolonialismo de pa\u00edses poderosos pero espiritualmente enfermos"}]},{"@type":"WebSite","@id":"https:\/\/aeronoticias.com.pe\/noticiero\/#website","url":"https:\/\/aeronoticias.com.pe\/noticiero\/","name":"Aeronoticias.com.pe","description":"Noticias de tranporte aereo, turismo, hoteles, gastronomia, actualidad, internacional","potentialAction":[{"@type":"SearchAction","target":{"@type":"EntryPoint","urlTemplate":"https:\/\/aeronoticias.com.pe\/noticiero\/?s={search_term_string}"},"query-input":{"@type":"PropertyValueSpecification","valueRequired":true,"valueName":"search_term_string"}}],"inLanguage":"es"},{"@type":"Person","@id":"https:\/\/aeronoticias.com.pe\/noticiero\/#\/schema\/person\/fc1e5d578f4b62ba1cf7ac2bba1170a0","name":"Redacci\u00f3n Aeronoticias","url":"https:\/\/aeronoticias.com.pe\/noticiero\/author\/piloto\/"}]}},"_links":{"self":[{"href":"https:\/\/aeronoticias.com.pe\/noticiero\/wp-json\/wp\/v2\/posts\/53200","targetHints":{"allow":["GET"]}}],"collection":[{"href":"https:\/\/aeronoticias.com.pe\/noticiero\/wp-json\/wp\/v2\/posts"}],"about":[{"href":"https:\/\/aeronoticias.com.pe\/noticiero\/wp-json\/wp\/v2\/types\/post"}],"author":[{"embeddable":true,"href":"https:\/\/aeronoticias.com.pe\/noticiero\/wp-json\/wp\/v2\/users\/1"}],"replies":[{"embeddable":true,"href":"https:\/\/aeronoticias.com.pe\/noticiero\/wp-json\/wp\/v2\/comments?post=53200"}],"version-history":[{"count":0,"href":"https:\/\/aeronoticias.com.pe\/noticiero\/wp-json\/wp\/v2\/posts\/53200\/revisions"}],"wp:attachment":[{"href":"https:\/\/aeronoticias.com.pe\/noticiero\/wp-json\/wp\/v2\/media?parent=53200"}],"wp:term":[{"taxonomy":"category","embeddable":true,"href":"https:\/\/aeronoticias.com.pe\/noticiero\/wp-json\/wp\/v2\/categories?post=53200"},{"taxonomy":"post_tag","embeddable":true,"href":"https:\/\/aeronoticias.com.pe\/noticiero\/wp-json\/wp\/v2\/tags?post=53200"}],"curies":[{"name":"wp","href":"https:\/\/api.w.org\/{rel}","templated":true}]}}