{"id":53201,"date":"2015-07-29T01:13:56","date_gmt":"2015-07-29T01:13:56","guid":{"rendered":"http:\/\/desarrollo.mcvicious.com\/aero2020\/2015\/07\/29\/humala-anuncia-pension-para-personas-con-discapacidad-severa\/"},"modified":"2015-07-29T01:13:56","modified_gmt":"2015-07-29T01:13:56","slug":"humala-anuncia-pension-para-personas-con-discapacidad-severa","status":"publish","type":"post","link":"https:\/\/aeronoticias.com.pe\/noticiero\/politica\/humala-anuncia-pension-para-personas-con-discapacidad-severa\/","title":{"rendered":"Humala anuncia pensi\u00f3n para personas con discapacidad severa"},"content":{"rendered":"<p style=\"text-align: justify;\"><strong>(Aeronoticias)<\/strong>.-\u00a0El presidente de la Rep\u00fablica, Ollanta Humala, anunci\u00f3 la pr\u00f3xima creaci\u00f3n de un programa social que atender\u00e1 a los peruanos con discapacidad severa en condici\u00f3n de pobreza.<\/p>\n<p style=\"text-align: justify;\">Durante su \u00faltimo mensaje a la naci\u00f3n por Fiestas Patrias, el presidente dijo que el nuevo programa de pensi\u00f3n no contributiva se iniciar\u00e1 en los departamentos de Ayacucho y Tumbes.<\/p>\n<p style=\"text-align: justify;\">\u00abAl a\u00f1o 2016 se estima que llegar\u00e1 a 4,449 pobladores de Tumbes, y los cuatro m\u00e1s pobres: Amazonas, Ayacucho, Cajamarca y Huancavelica para empezar\u00bb, sostuvo.<\/p>\n<p style=\"text-align: justify;\">Recuento de los programas sociales<\/p>\n<p style=\"text-align: justify;\">Humala inici\u00f3 su mensaje a la naci\u00f3n resaltando los avances de los programas sociales implementados en su gobierno.<\/p>\n<p style=\"text-align: justify;\">Dijo que Cuna M\u00e1s ha atendido en los \u00faltimos tres a\u00f1os a 315.000 ni\u00f1os y ni\u00f1as principalmente en zonas rurales y con poblaci\u00f3n dispersa. \u201cPara el pr\u00f3ximo a\u00f1o esta cifra crecer\u00e1 en 166. 569 ni\u00f1os adicionales\u201d, se\u00f1al\u00f3.<\/p>\n<p style=\"text-align: justify;\">Luego el mandatario se refiri\u00f3 al programa Juntos, el cual \u2013seg\u00fan indic\u00f3\u2013 atendi\u00f3 a m\u00e1s de 1,7 mill\u00f3n de ciudadanos. \u00a0\u201cJuntos cuenta con 828.000 hogares afiliados en 1.156 distritos y 42 mil centros poblados\u201d, precis\u00f3.<\/p>\n<p style=\"text-align: justify;\">Ollanta Humala dijo que su gobierno entreg\u00f3, a trav\u00e9s del programa Beca 18, un total de 3.856 becas de estudios para adolescentes con bajos recursos econ\u00f3micos del Valle de los r\u00edos Apur\u00edmac, Ene y Mantaro (Vraem).<\/p>\n<p style=\"text-align: justify;\">Finalmente, afirm\u00f3 que en toda \u00a0Am\u00e9rica Latina el Per\u00fa es l\u00edder de gesti\u00f3n de pol\u00edticas sociales. \u00a0\u201cNunca antes en nuestro pa\u00eds se alcanz\u00f3 certificaci\u00f3n de programas sociales, nosotros tenemos dos certificaciones internacionales: a Pensi\u00f3n 65 y Beca 18\u201d, se\u00f1al\u00f3.<\/p>\n<p style=\"text-align: justify;\">Fuente: <span style=\"text-decoration: underline;\"><strong><em>El Comercio<\/em><\/strong><\/span>.<\/p>\n<p style=\"text-align: justify;\"><img decoding=\"async\" src=\"http:\/\/cde.3.elcomercio.pe\/ima\/0\/1\/1\/6\/5\/1165476\/base_image.jpg\" border=\"0\" alt=\"Humala anuncia pensi\u00f3n para personas con discapacidad severa\" \/><\/p>\n","protected":false},"excerpt":{"rendered":"<p>(Aeronoticias).-\u00a0El presidente de la Rep\u00fablica, Ollanta Humala, anunci\u00f3 la pr\u00f3xima creaci\u00f3n de un programa social que atender\u00e1 a los peruanos con discapacidad severa en condici\u00f3n de pobreza. Durante su \u00faltimo mensaje a la naci\u00f3n por Fiestas Patrias, el presidente dijo que el nuevo programa de pensi\u00f3n no contributiva se iniciar\u00e1 en los departamentos de Ayacucho [&hellip;]<\/p>\n","protected":false},"author":1,"featured_media":0,"comment_status":"open","ping_status":"open","sticky":false,"template":"","format":"standard","meta":{"tdm_status":"","tdm_grid_status":"","footnotes":""},"categories":[36],"tags":[],"class_list":{"0":"post-53201","1":"post","2":"type-post","3":"status-publish","4":"format-standard","6":"category-politica"},"yoast_head":"<!-- This site is optimized with the Yoast SEO plugin v25.1 - https:\/\/yoast.com\/wordpress\/plugins\/seo\/ -->\n<title>Humala anuncia pensi\u00f3n para personas con discapacidad severa<\/title>\n<meta name=\"description\" content=\"Portal de noticias del Per\u00fa sobre el transporte a\u00e9reo, aviaci\u00f3n, turismo, hoteleria, actualidad.\" \/>\n<meta name=\"robots\" content=\"index, follow, max-snippet:-1, max-image-preview:large, max-video-preview:-1\" \/>\n<link rel=\"canonical\" href=\"https:\/\/aeronoticias.com.pe\/noticiero\/politica\/humala-anuncia-pension-para-personas-con-discapacidad-severa\/\" \/>\n<meta property=\"og:locale\" content=\"es_ES\" \/>\n<meta property=\"og:type\" content=\"article\" \/>\n<meta property=\"og:title\" content=\"Humala anuncia pensi\u00f3n para personas con discapacidad severa\" \/>\n<meta property=\"og:description\" content=\"Portal de noticias del Per\u00fa sobre el transporte a\u00e9reo, aviaci\u00f3n, turismo, hoteleria, actualidad.\" \/>\n<meta property=\"og:url\" content=\"https:\/\/aeronoticias.com.pe\/noticiero\/politica\/humala-anuncia-pension-para-personas-con-discapacidad-severa\/\" \/>\n<meta property=\"og:site_name\" content=\"Aeronoticias.com.pe\" \/>\n<meta property=\"article:publisher\" content=\"https:\/\/www.facebook.com\/Aeronoticias.com.pe\/\" \/>\n<meta property=\"article:published_time\" content=\"2015-07-29T01:13:56+00:00\" \/>\n<meta property=\"og:image\" content=\"http:\/\/cde.3.elcomercio.pe\/ima\/0\/1\/1\/6\/5\/1165476\/base_image.jpg\" \/>\n<meta name=\"author\" content=\"Redacci\u00f3n Aeronoticias\" \/>\n<meta name=\"twitter:card\" content=\"summary_large_image\" \/>\n<meta name=\"twitter:creator\" content=\"@aeronoticias\" \/>\n<meta name=\"twitter:site\" content=\"@aeronoticias\" \/>\n<meta name=\"twitter:label1\" content=\"Escrito por\" \/>\n\t<meta name=\"twitter:data1\" content=\"Redacci\u00f3n Aeronoticias\" \/>\n\t<meta name=\"twitter:label2\" content=\"Tiempo de lectura\" \/>\n\t<meta name=\"twitter:data2\" content=\"1 minuto\" \/>\n<script type=\"application\/ld+json\" class=\"yoast-schema-graph\">{\"@context\":\"https:\/\/schema.org\",\"@graph\":[{\"@type\":\"WebPage\",\"@id\":\"https:\/\/aeronoticias.com.pe\/noticiero\/politica\/humala-anuncia-pension-para-personas-con-discapacidad-severa\/\",\"url\":\"https:\/\/aeronoticias.com.pe\/noticiero\/politica\/humala-anuncia-pension-para-personas-con-discapacidad-severa\/\",\"name\":\"Humala anuncia pensi\u00f3n para personas con discapacidad severa\",\"isPartOf\":{\"@id\":\"https:\/\/aeronoticias.com.pe\/noticiero\/#website\"},\"primaryImageOfPage\":{\"@id\":\"https:\/\/aeronoticias.com.pe\/noticiero\/politica\/humala-anuncia-pension-para-personas-con-discapacidad-severa\/#primaryimage\"},\"image\":{\"@id\":\"https:\/\/aeronoticias.com.pe\/noticiero\/politica\/humala-anuncia-pension-para-personas-con-discapacidad-severa\/#primaryimage\"},\"thumbnailUrl\":\"http:\/\/cde.3.elcomercio.pe\/ima\/0\/1\/1\/6\/5\/1165476\/base_image.jpg\",\"datePublished\":\"2015-07-29T01:13:56+00:00\",\"author\":{\"@id\":\"https:\/\/aeronoticias.com.pe\/noticiero\/#\/schema\/person\/fc1e5d578f4b62ba1cf7ac2bba1170a0\"},\"description\":\"Portal de noticias del Per\u00fa sobre el transporte a\u00e9reo, aviaci\u00f3n, turismo, hoteleria, actualidad.\",\"breadcrumb\":{\"@id\":\"https:\/\/aeronoticias.com.pe\/noticiero\/politica\/humala-anuncia-pension-para-personas-con-discapacidad-severa\/#breadcrumb\"},\"inLanguage\":\"es\",\"potentialAction\":[{\"@type\":\"ReadAction\",\"target\":[\"https:\/\/aeronoticias.com.pe\/noticiero\/politica\/humala-anuncia-pension-para-personas-con-discapacidad-severa\/\"]}]},{\"@type\":\"ImageObject\",\"inLanguage\":\"es\",\"@id\":\"https:\/\/aeronoticias.com.pe\/noticiero\/politica\/humala-anuncia-pension-para-personas-con-discapacidad-severa\/#primaryimage\",\"url\":\"http:\/\/cde.3.elcomercio.pe\/ima\/0\/1\/1\/6\/5\/1165476\/base_image.jpg\",\"contentUrl\":\"http:\/\/cde.3.elcomercio.pe\/ima\/0\/1\/1\/6\/5\/1165476\/base_image.jpg\"},{\"@type\":\"BreadcrumbList\",\"@id\":\"https:\/\/aeronoticias.com.pe\/noticiero\/politica\/humala-anuncia-pension-para-personas-con-discapacidad-severa\/#breadcrumb\",\"itemListElement\":[{\"@type\":\"ListItem\",\"position\":1,\"name\":\"Portada\",\"item\":\"https:\/\/aeronoticias.com.pe\/noticiero\/\"},{\"@type\":\"ListItem\",\"position\":2,\"name\":\"Humala anuncia pensi\u00f3n para personas con discapacidad severa\"}]},{\"@type\":\"WebSite\",\"@id\":\"https:\/\/aeronoticias.com.pe\/noticiero\/#website\",\"url\":\"https:\/\/aeronoticias.com.pe\/noticiero\/\",\"name\":\"Aeronoticias.com.pe\",\"description\":\"Noticias de tranporte aereo, turismo, hoteles, gastronomia, actualidad, internacional\",\"potentialAction\":[{\"@type\":\"SearchAction\",\"target\":{\"@type\":\"EntryPoint\",\"urlTemplate\":\"https:\/\/aeronoticias.com.pe\/noticiero\/?s={search_term_string}\"},\"query-input\":{\"@type\":\"PropertyValueSpecification\",\"valueRequired\":true,\"valueName\":\"search_term_string\"}}],\"inLanguage\":\"es\"},{\"@type\":\"Person\",\"@id\":\"https:\/\/aeronoticias.com.pe\/noticiero\/#\/schema\/person\/fc1e5d578f4b62ba1cf7ac2bba1170a0\",\"name\":\"Redacci\u00f3n Aeronoticias\",\"url\":\"https:\/\/aeronoticias.com.pe\/noticiero\/author\/piloto\/\"}]}<\/script>\n<!-- \/ Yoast SEO plugin. -->","yoast_head_json":{"title":"Humala anuncia pensi\u00f3n para personas con discapacidad severa","description":"Portal de noticias del Per\u00fa sobre el transporte a\u00e9reo, aviaci\u00f3n, turismo, hoteleria, actualidad.","robots":{"index":"index","follow":"follow","max-snippet":"max-snippet:-1","max-image-preview":"max-image-preview:large","max-video-preview":"max-video-preview:-1"},"canonical":"https:\/\/aeronoticias.com.pe\/noticiero\/politica\/humala-anuncia-pension-para-personas-con-discapacidad-severa\/","og_locale":"es_ES","og_type":"article","og_title":"Humala anuncia pensi\u00f3n para personas con discapacidad severa","og_description":"Portal de noticias del Per\u00fa sobre el transporte a\u00e9reo, aviaci\u00f3n, turismo, hoteleria, actualidad.","og_url":"https:\/\/aeronoticias.com.pe\/noticiero\/politica\/humala-anuncia-pension-para-personas-con-discapacidad-severa\/","og_site_name":"Aeronoticias.com.pe","article_publisher":"https:\/\/www.facebook.com\/Aeronoticias.com.pe\/","article_published_time":"2015-07-29T01:13:56+00:00","og_image":[{"url":"http:\/\/cde.3.elcomercio.pe\/ima\/0\/1\/1\/6\/5\/1165476\/base_image.jpg","type":"","width":"","height":""}],"author":"Redacci\u00f3n Aeronoticias","twitter_card":"summary_large_image","twitter_creator":"@aeronoticias","twitter_site":"@aeronoticias","twitter_misc":{"Escrito por":"Redacci\u00f3n Aeronoticias","Tiempo de lectura":"1 minuto"},"schema":{"@context":"https:\/\/schema.org","@graph":[{"@type":"WebPage","@id":"https:\/\/aeronoticias.com.pe\/noticiero\/politica\/humala-anuncia-pension-para-personas-con-discapacidad-severa\/","url":"https:\/\/aeronoticias.com.pe\/noticiero\/politica\/humala-anuncia-pension-para-personas-con-discapacidad-severa\/","name":"Humala anuncia pensi\u00f3n para personas con discapacidad severa","isPartOf":{"@id":"https:\/\/aeronoticias.com.pe\/noticiero\/#website"},"primaryImageOfPage":{"@id":"https:\/\/aeronoticias.com.pe\/noticiero\/politica\/humala-anuncia-pension-para-personas-con-discapacidad-severa\/#primaryimage"},"image":{"@id":"https:\/\/aeronoticias.com.pe\/noticiero\/politica\/humala-anuncia-pension-para-personas-con-discapacidad-severa\/#primaryimage"},"thumbnailUrl":"http:\/\/cde.3.elcomercio.pe\/ima\/0\/1\/1\/6\/5\/1165476\/base_image.jpg","datePublished":"2015-07-29T01:13:56+00:00","author":{"@id":"https:\/\/aeronoticias.com.pe\/noticiero\/#\/schema\/person\/fc1e5d578f4b62ba1cf7ac2bba1170a0"},"description":"Portal de noticias del Per\u00fa sobre el transporte a\u00e9reo, aviaci\u00f3n, turismo, hoteleria, actualidad.","breadcrumb":{"@id":"https:\/\/aeronoticias.com.pe\/noticiero\/politica\/humala-anuncia-pension-para-personas-con-discapacidad-severa\/#breadcrumb"},"inLanguage":"es","potentialAction":[{"@type":"ReadAction","target":["https:\/\/aeronoticias.com.pe\/noticiero\/politica\/humala-anuncia-pension-para-personas-con-discapacidad-severa\/"]}]},{"@type":"ImageObject","inLanguage":"es","@id":"https:\/\/aeronoticias.com.pe\/noticiero\/politica\/humala-anuncia-pension-para-personas-con-discapacidad-severa\/#primaryimage","url":"http:\/\/cde.3.elcomercio.pe\/ima\/0\/1\/1\/6\/5\/1165476\/base_image.jpg","contentUrl":"http:\/\/cde.3.elcomercio.pe\/ima\/0\/1\/1\/6\/5\/1165476\/base_image.jpg"},{"@type":"BreadcrumbList","@id":"https:\/\/aeronoticias.com.pe\/noticiero\/politica\/humala-anuncia-pension-para-personas-con-discapacidad-severa\/#breadcrumb","itemListElement":[{"@type":"ListItem","position":1,"name":"Portada","item":"https:\/\/aeronoticias.com.pe\/noticiero\/"},{"@type":"ListItem","position":2,"name":"Humala anuncia pensi\u00f3n para personas con discapacidad severa"}]},{"@type":"WebSite","@id":"https:\/\/aeronoticias.com.pe\/noticiero\/#website","url":"https:\/\/aeronoticias.com.pe\/noticiero\/","name":"Aeronoticias.com.pe","description":"Noticias de tranporte aereo, turismo, hoteles, gastronomia, actualidad, internacional","potentialAction":[{"@type":"SearchAction","target":{"@type":"EntryPoint","urlTemplate":"https:\/\/aeronoticias.com.pe\/noticiero\/?s={search_term_string}"},"query-input":{"@type":"PropertyValueSpecification","valueRequired":true,"valueName":"search_term_string"}}],"inLanguage":"es"},{"@type":"Person","@id":"https:\/\/aeronoticias.com.pe\/noticiero\/#\/schema\/person\/fc1e5d578f4b62ba1cf7ac2bba1170a0","name":"Redacci\u00f3n Aeronoticias","url":"https:\/\/aeronoticias.com.pe\/noticiero\/author\/piloto\/"}]}},"_links":{"self":[{"href":"https:\/\/aeronoticias.com.pe\/noticiero\/wp-json\/wp\/v2\/posts\/53201","targetHints":{"allow":["GET"]}}],"collection":[{"href":"https:\/\/aeronoticias.com.pe\/noticiero\/wp-json\/wp\/v2\/posts"}],"about":[{"href":"https:\/\/aeronoticias.com.pe\/noticiero\/wp-json\/wp\/v2\/types\/post"}],"author":[{"embeddable":true,"href":"https:\/\/aeronoticias.com.pe\/noticiero\/wp-json\/wp\/v2\/users\/1"}],"replies":[{"embeddable":true,"href":"https:\/\/aeronoticias.com.pe\/noticiero\/wp-json\/wp\/v2\/comments?post=53201"}],"version-history":[{"count":0,"href":"https:\/\/aeronoticias.com.pe\/noticiero\/wp-json\/wp\/v2\/posts\/53201\/revisions"}],"wp:attachment":[{"href":"https:\/\/aeronoticias.com.pe\/noticiero\/wp-json\/wp\/v2\/media?parent=53201"}],"wp:term":[{"taxonomy":"category","embeddable":true,"href":"https:\/\/aeronoticias.com.pe\/noticiero\/wp-json\/wp\/v2\/categories?post=53201"},{"taxonomy":"post_tag","embeddable":true,"href":"https:\/\/aeronoticias.com.pe\/noticiero\/wp-json\/wp\/v2\/tags?post=53201"}],"curies":[{"name":"wp","href":"https:\/\/api.w.org\/{rel}","templated":true}]}}