{"id":53202,"date":"2015-07-29T01:16:55","date_gmt":"2015-07-29T01:16:55","guid":{"rendered":"http:\/\/desarrollo.mcvicious.com\/aero2020\/2015\/07\/29\/mensaje-presidencial-lo-que-no-se-dijo-en-materia-economica\/"},"modified":"2015-07-29T01:16:55","modified_gmt":"2015-07-29T01:16:55","slug":"mensaje-presidencial-lo-que-no-se-dijo-en-materia-economica","status":"publish","type":"post","link":"https:\/\/aeronoticias.com.pe\/noticiero\/economia\/mensaje-presidencial-lo-que-no-se-dijo-en-materia-economica\/","title":{"rendered":"Mensaje presidencial: lo que no se dijo en materia econ\u00f3mica"},"content":{"rendered":"<p style=\"text-align: justify;\"><strong>(Aeronoticias)<\/strong>.-\u00a0Para el economista Jorge Gonz\u00e1lez Izquierdo el discurso presidencial fue decepcionante \u00a0por la carencia de anuncios econ\u00f3micos, pese al panorama de desaceleraci\u00f3n que vive el pa\u00eds y en el que se esperaban medidas tanto para reactivarlo, como para fomentar la inversi\u00f3n privada. \u00abSin embargo, no dijo absolutamente nada\u00bb, indic\u00f3 en una entrevista a Canal N.<\/p>\n<p style=\"text-align: justify;\">Adem\u00e1s, el mensaje a la naci\u00f3n careci\u00f3 de informaci\u00f3n sobre metas para el sector minero, segmento en el que las exportaciones locales cayeron 12,7% entre enero y mayo y cuya inversi\u00f3n en exploraci\u00f3n minera se desplom\u00f3 en los \u00faltimos dos a\u00f1os tras la ca\u00edda de los precios de los metales, consider\u00f3 el socio director de Macroconsult, Elmer Cuba.<\/p>\n<p style=\"text-align: justify;\">C\u00f3mo el gobierno responder\u00eda a la ca\u00edda de las exportaciones -que hasta mayo de este a\u00f1o descend\u00edan 18,9%, seg\u00fan informaci\u00f3n de \u00c1DEX- tampoco fue abordado en el mensaje presidencial de Ollanta Humala -m\u00e1s all\u00e1 de la menci\u00f3n al Plan Nacional de Diversificaci\u00f3n Productiva- as\u00ed como los planes de contingencia ante el Fen\u00f3meno de El Ni\u00f1o.<\/p>\n<p style=\"text-align: justify;\">A ello se suma el posible aumento del sueldo m\u00ednimo, voceado desde hace algunos d\u00edas. No obstante, sobre este punto el economista Jorge Gonz\u00e1lez Izquierdo consider\u00f3 que si bien ya podr\u00eda ser tiempo de un reajuste salarial, a\u00fan no deber\u00eda hacerse pues \u00abno es el momento oportuno\u00bb.<\/p>\n<p style=\"text-align: justify;\">Pese a estas carencias en la alocuci\u00f3n de Ollanta Humala, el presidente de la Confiep, Mart\u00edn P\u00e9rez, apunt\u00f3 que, en general, hay optimismo por lo que vendr\u00e1 en el mundo en el 2016. \u00abTodos los economistas coinciden en que el 2016 sera mejor que el 2015, que ha sido de mucha incertidumbre\u00bb, se\u00f1al\u00f3 en una entrevista radial.<\/p>\n<p style=\"text-align: justify;\">Fuente: <span style=\"text-decoration: underline;\"><em><strong>El Comercio<\/strong><\/em><\/span>.<\/p>\n<p style=\"text-align: justify;\"><img decoding=\"async\" src=\"http:\/\/cde.3.elcomercio.pe\/ima\/0\/1\/1\/6\/5\/1165541\/base_image.jpg\" border=\"0\" alt=\"Mensaje presidencial: lo que no se dijo en materia econ\u00f3mica\" \/><\/p>\n","protected":false},"excerpt":{"rendered":"<p>(Aeronoticias).-\u00a0Para el economista Jorge Gonz\u00e1lez Izquierdo el discurso presidencial fue decepcionante \u00a0por la carencia de anuncios econ\u00f3micos, pese al panorama de desaceleraci\u00f3n que vive el pa\u00eds y en el que se esperaban medidas tanto para reactivarlo, como para fomentar la inversi\u00f3n privada. \u00abSin embargo, no dijo absolutamente nada\u00bb, indic\u00f3 en una entrevista a Canal N. [&hellip;]<\/p>\n","protected":false},"author":1,"featured_media":0,"comment_status":"open","ping_status":"open","sticky":false,"template":"","format":"standard","meta":{"tdm_status":"","tdm_grid_status":"","footnotes":""},"categories":[33],"tags":[],"class_list":{"0":"post-53202","1":"post","2":"type-post","3":"status-publish","4":"format-standard","6":"category-economia"},"yoast_head":"<!-- This site is optimized with the Yoast SEO plugin v25.1 - https:\/\/yoast.com\/wordpress\/plugins\/seo\/ -->\n<title>Mensaje presidencial: lo que no se dijo en materia econ\u00f3mica<\/title>\n<meta name=\"description\" content=\"Portal de noticias del Per\u00fa sobre el transporte a\u00e9reo, aviaci\u00f3n, turismo, hoteleria, actualidad.\" \/>\n<meta name=\"robots\" content=\"index, follow, max-snippet:-1, max-image-preview:large, max-video-preview:-1\" \/>\n<link rel=\"canonical\" href=\"https:\/\/aeronoticias.com.pe\/noticiero\/economia\/mensaje-presidencial-lo-que-no-se-dijo-en-materia-economica\/\" \/>\n<meta property=\"og:locale\" content=\"es_ES\" \/>\n<meta property=\"og:type\" content=\"article\" \/>\n<meta property=\"og:title\" content=\"Mensaje presidencial: lo que no se dijo en materia econ\u00f3mica\" \/>\n<meta property=\"og:description\" content=\"Portal de noticias del Per\u00fa sobre el transporte a\u00e9reo, aviaci\u00f3n, turismo, hoteleria, actualidad.\" \/>\n<meta property=\"og:url\" content=\"https:\/\/aeronoticias.com.pe\/noticiero\/economia\/mensaje-presidencial-lo-que-no-se-dijo-en-materia-economica\/\" \/>\n<meta property=\"og:site_name\" content=\"Aeronoticias.com.pe\" \/>\n<meta property=\"article:publisher\" content=\"https:\/\/www.facebook.com\/Aeronoticias.com.pe\/\" \/>\n<meta property=\"article:published_time\" content=\"2015-07-29T01:16:55+00:00\" \/>\n<meta property=\"og:image\" content=\"http:\/\/cde.3.elcomercio.pe\/ima\/0\/1\/1\/6\/5\/1165541\/base_image.jpg\" \/>\n<meta name=\"author\" content=\"Redacci\u00f3n Aeronoticias\" \/>\n<meta name=\"twitter:card\" content=\"summary_large_image\" \/>\n<meta name=\"twitter:creator\" content=\"@aeronoticias\" \/>\n<meta name=\"twitter:site\" content=\"@aeronoticias\" \/>\n<meta name=\"twitter:label1\" content=\"Escrito por\" \/>\n\t<meta name=\"twitter:data1\" content=\"Redacci\u00f3n Aeronoticias\" \/>\n\t<meta name=\"twitter:label2\" content=\"Tiempo de lectura\" \/>\n\t<meta name=\"twitter:data2\" content=\"2 minutos\" \/>\n<script type=\"application\/ld+json\" class=\"yoast-schema-graph\">{\"@context\":\"https:\/\/schema.org\",\"@graph\":[{\"@type\":\"WebPage\",\"@id\":\"https:\/\/aeronoticias.com.pe\/noticiero\/economia\/mensaje-presidencial-lo-que-no-se-dijo-en-materia-economica\/\",\"url\":\"https:\/\/aeronoticias.com.pe\/noticiero\/economia\/mensaje-presidencial-lo-que-no-se-dijo-en-materia-economica\/\",\"name\":\"Mensaje presidencial: lo que no se dijo en materia econ\u00f3mica\",\"isPartOf\":{\"@id\":\"https:\/\/aeronoticias.com.pe\/noticiero\/#website\"},\"primaryImageOfPage\":{\"@id\":\"https:\/\/aeronoticias.com.pe\/noticiero\/economia\/mensaje-presidencial-lo-que-no-se-dijo-en-materia-economica\/#primaryimage\"},\"image\":{\"@id\":\"https:\/\/aeronoticias.com.pe\/noticiero\/economia\/mensaje-presidencial-lo-que-no-se-dijo-en-materia-economica\/#primaryimage\"},\"thumbnailUrl\":\"http:\/\/cde.3.elcomercio.pe\/ima\/0\/1\/1\/6\/5\/1165541\/base_image.jpg\",\"datePublished\":\"2015-07-29T01:16:55+00:00\",\"author\":{\"@id\":\"https:\/\/aeronoticias.com.pe\/noticiero\/#\/schema\/person\/fc1e5d578f4b62ba1cf7ac2bba1170a0\"},\"description\":\"Portal de noticias del Per\u00fa sobre el transporte a\u00e9reo, aviaci\u00f3n, turismo, hoteleria, actualidad.\",\"breadcrumb\":{\"@id\":\"https:\/\/aeronoticias.com.pe\/noticiero\/economia\/mensaje-presidencial-lo-que-no-se-dijo-en-materia-economica\/#breadcrumb\"},\"inLanguage\":\"es\",\"potentialAction\":[{\"@type\":\"ReadAction\",\"target\":[\"https:\/\/aeronoticias.com.pe\/noticiero\/economia\/mensaje-presidencial-lo-que-no-se-dijo-en-materia-economica\/\"]}]},{\"@type\":\"ImageObject\",\"inLanguage\":\"es\",\"@id\":\"https:\/\/aeronoticias.com.pe\/noticiero\/economia\/mensaje-presidencial-lo-que-no-se-dijo-en-materia-economica\/#primaryimage\",\"url\":\"http:\/\/cde.3.elcomercio.pe\/ima\/0\/1\/1\/6\/5\/1165541\/base_image.jpg\",\"contentUrl\":\"http:\/\/cde.3.elcomercio.pe\/ima\/0\/1\/1\/6\/5\/1165541\/base_image.jpg\"},{\"@type\":\"BreadcrumbList\",\"@id\":\"https:\/\/aeronoticias.com.pe\/noticiero\/economia\/mensaje-presidencial-lo-que-no-se-dijo-en-materia-economica\/#breadcrumb\",\"itemListElement\":[{\"@type\":\"ListItem\",\"position\":1,\"name\":\"Portada\",\"item\":\"https:\/\/aeronoticias.com.pe\/noticiero\/\"},{\"@type\":\"ListItem\",\"position\":2,\"name\":\"Mensaje presidencial: lo que no se dijo en materia econ\u00f3mica\"}]},{\"@type\":\"WebSite\",\"@id\":\"https:\/\/aeronoticias.com.pe\/noticiero\/#website\",\"url\":\"https:\/\/aeronoticias.com.pe\/noticiero\/\",\"name\":\"Aeronoticias.com.pe\",\"description\":\"Noticias de tranporte aereo, turismo, hoteles, gastronomia, actualidad, internacional\",\"potentialAction\":[{\"@type\":\"SearchAction\",\"target\":{\"@type\":\"EntryPoint\",\"urlTemplate\":\"https:\/\/aeronoticias.com.pe\/noticiero\/?s={search_term_string}\"},\"query-input\":{\"@type\":\"PropertyValueSpecification\",\"valueRequired\":true,\"valueName\":\"search_term_string\"}}],\"inLanguage\":\"es\"},{\"@type\":\"Person\",\"@id\":\"https:\/\/aeronoticias.com.pe\/noticiero\/#\/schema\/person\/fc1e5d578f4b62ba1cf7ac2bba1170a0\",\"name\":\"Redacci\u00f3n Aeronoticias\",\"url\":\"https:\/\/aeronoticias.com.pe\/noticiero\/author\/piloto\/\"}]}<\/script>\n<!-- \/ Yoast SEO plugin. -->","yoast_head_json":{"title":"Mensaje presidencial: lo que no se dijo en materia econ\u00f3mica","description":"Portal de noticias del Per\u00fa sobre el transporte a\u00e9reo, aviaci\u00f3n, turismo, hoteleria, actualidad.","robots":{"index":"index","follow":"follow","max-snippet":"max-snippet:-1","max-image-preview":"max-image-preview:large","max-video-preview":"max-video-preview:-1"},"canonical":"https:\/\/aeronoticias.com.pe\/noticiero\/economia\/mensaje-presidencial-lo-que-no-se-dijo-en-materia-economica\/","og_locale":"es_ES","og_type":"article","og_title":"Mensaje presidencial: lo que no se dijo en materia econ\u00f3mica","og_description":"Portal de noticias del Per\u00fa sobre el transporte a\u00e9reo, aviaci\u00f3n, turismo, hoteleria, actualidad.","og_url":"https:\/\/aeronoticias.com.pe\/noticiero\/economia\/mensaje-presidencial-lo-que-no-se-dijo-en-materia-economica\/","og_site_name":"Aeronoticias.com.pe","article_publisher":"https:\/\/www.facebook.com\/Aeronoticias.com.pe\/","article_published_time":"2015-07-29T01:16:55+00:00","og_image":[{"url":"http:\/\/cde.3.elcomercio.pe\/ima\/0\/1\/1\/6\/5\/1165541\/base_image.jpg","type":"","width":"","height":""}],"author":"Redacci\u00f3n Aeronoticias","twitter_card":"summary_large_image","twitter_creator":"@aeronoticias","twitter_site":"@aeronoticias","twitter_misc":{"Escrito por":"Redacci\u00f3n Aeronoticias","Tiempo de lectura":"2 minutos"},"schema":{"@context":"https:\/\/schema.org","@graph":[{"@type":"WebPage","@id":"https:\/\/aeronoticias.com.pe\/noticiero\/economia\/mensaje-presidencial-lo-que-no-se-dijo-en-materia-economica\/","url":"https:\/\/aeronoticias.com.pe\/noticiero\/economia\/mensaje-presidencial-lo-que-no-se-dijo-en-materia-economica\/","name":"Mensaje presidencial: lo que no se dijo en materia econ\u00f3mica","isPartOf":{"@id":"https:\/\/aeronoticias.com.pe\/noticiero\/#website"},"primaryImageOfPage":{"@id":"https:\/\/aeronoticias.com.pe\/noticiero\/economia\/mensaje-presidencial-lo-que-no-se-dijo-en-materia-economica\/#primaryimage"},"image":{"@id":"https:\/\/aeronoticias.com.pe\/noticiero\/economia\/mensaje-presidencial-lo-que-no-se-dijo-en-materia-economica\/#primaryimage"},"thumbnailUrl":"http:\/\/cde.3.elcomercio.pe\/ima\/0\/1\/1\/6\/5\/1165541\/base_image.jpg","datePublished":"2015-07-29T01:16:55+00:00","author":{"@id":"https:\/\/aeronoticias.com.pe\/noticiero\/#\/schema\/person\/fc1e5d578f4b62ba1cf7ac2bba1170a0"},"description":"Portal de noticias del Per\u00fa sobre el transporte a\u00e9reo, aviaci\u00f3n, turismo, hoteleria, actualidad.","breadcrumb":{"@id":"https:\/\/aeronoticias.com.pe\/noticiero\/economia\/mensaje-presidencial-lo-que-no-se-dijo-en-materia-economica\/#breadcrumb"},"inLanguage":"es","potentialAction":[{"@type":"ReadAction","target":["https:\/\/aeronoticias.com.pe\/noticiero\/economia\/mensaje-presidencial-lo-que-no-se-dijo-en-materia-economica\/"]}]},{"@type":"ImageObject","inLanguage":"es","@id":"https:\/\/aeronoticias.com.pe\/noticiero\/economia\/mensaje-presidencial-lo-que-no-se-dijo-en-materia-economica\/#primaryimage","url":"http:\/\/cde.3.elcomercio.pe\/ima\/0\/1\/1\/6\/5\/1165541\/base_image.jpg","contentUrl":"http:\/\/cde.3.elcomercio.pe\/ima\/0\/1\/1\/6\/5\/1165541\/base_image.jpg"},{"@type":"BreadcrumbList","@id":"https:\/\/aeronoticias.com.pe\/noticiero\/economia\/mensaje-presidencial-lo-que-no-se-dijo-en-materia-economica\/#breadcrumb","itemListElement":[{"@type":"ListItem","position":1,"name":"Portada","item":"https:\/\/aeronoticias.com.pe\/noticiero\/"},{"@type":"ListItem","position":2,"name":"Mensaje presidencial: lo que no se dijo en materia econ\u00f3mica"}]},{"@type":"WebSite","@id":"https:\/\/aeronoticias.com.pe\/noticiero\/#website","url":"https:\/\/aeronoticias.com.pe\/noticiero\/","name":"Aeronoticias.com.pe","description":"Noticias de tranporte aereo, turismo, hoteles, gastronomia, actualidad, internacional","potentialAction":[{"@type":"SearchAction","target":{"@type":"EntryPoint","urlTemplate":"https:\/\/aeronoticias.com.pe\/noticiero\/?s={search_term_string}"},"query-input":{"@type":"PropertyValueSpecification","valueRequired":true,"valueName":"search_term_string"}}],"inLanguage":"es"},{"@type":"Person","@id":"https:\/\/aeronoticias.com.pe\/noticiero\/#\/schema\/person\/fc1e5d578f4b62ba1cf7ac2bba1170a0","name":"Redacci\u00f3n Aeronoticias","url":"https:\/\/aeronoticias.com.pe\/noticiero\/author\/piloto\/"}]}},"_links":{"self":[{"href":"https:\/\/aeronoticias.com.pe\/noticiero\/wp-json\/wp\/v2\/posts\/53202","targetHints":{"allow":["GET"]}}],"collection":[{"href":"https:\/\/aeronoticias.com.pe\/noticiero\/wp-json\/wp\/v2\/posts"}],"about":[{"href":"https:\/\/aeronoticias.com.pe\/noticiero\/wp-json\/wp\/v2\/types\/post"}],"author":[{"embeddable":true,"href":"https:\/\/aeronoticias.com.pe\/noticiero\/wp-json\/wp\/v2\/users\/1"}],"replies":[{"embeddable":true,"href":"https:\/\/aeronoticias.com.pe\/noticiero\/wp-json\/wp\/v2\/comments?post=53202"}],"version-history":[{"count":0,"href":"https:\/\/aeronoticias.com.pe\/noticiero\/wp-json\/wp\/v2\/posts\/53202\/revisions"}],"wp:attachment":[{"href":"https:\/\/aeronoticias.com.pe\/noticiero\/wp-json\/wp\/v2\/media?parent=53202"}],"wp:term":[{"taxonomy":"category","embeddable":true,"href":"https:\/\/aeronoticias.com.pe\/noticiero\/wp-json\/wp\/v2\/categories?post=53202"},{"taxonomy":"post_tag","embeddable":true,"href":"https:\/\/aeronoticias.com.pe\/noticiero\/wp-json\/wp\/v2\/tags?post=53202"}],"curies":[{"name":"wp","href":"https:\/\/api.w.org\/{rel}","templated":true}]}}