{"id":53203,"date":"2015-07-29T16:28:50","date_gmt":"2015-07-29T16:28:50","guid":{"rendered":"http:\/\/desarrollo.mcvicious.com\/aero2020\/2015\/07\/29\/eco-cambio-por-un-periodismo-verde-por-jefrey-buenaventura\/"},"modified":"2015-07-29T16:28:50","modified_gmt":"2015-07-29T16:28:50","slug":"eco-cambio-por-un-periodismo-verde-por-jefrey-buenaventura","status":"publish","type":"post","link":"https:\/\/aeronoticias.com.pe\/noticiero\/salud\/eco-cambio-por-un-periodismo-verde-por-jefrey-buenaventura\/","title":{"rendered":"ECO &#8211; CAMBIO: Por un periodismo verde, por Jefrey Buenaventura"},"content":{"rendered":"<p style=\"text-align: justify;\"><strong>(Aeronoticias)<\/strong>.-\u00a0Cualquier periodista puede tratar una noticia, cualquier periodista puede realizar una cobertura sobre alg\u00fan tratado ambiental, derrame de petr\u00f3leo de alguna refiner\u00eda o realizar un informe sobre ballenas varadas en la costa de alg\u00fan lugar del planeta.<\/p>\n<p style=\"text-align: justify;\">Sin embargo, si consideramos el impacto ambiental, el cuidado del medio y la crisis ecol\u00f3gica que sufre nuestro planeta desde hace ya m\u00e1s de 20 a\u00f1os, entonces lograremos comprender el compromiso que tiene el periodismo ambiental frente a estos peligrosos agentes contaminantes de nuestro hogar.<\/p>\n<p style=\"text-align: justify;\">El periodismo &#8216;verde&#8217; o ambiental no solo informa el hecho sino que adem\u00e1s inicia un proceso de profundizaci\u00f3n hasta descubrir sus causas.<\/p>\n<p style=\"text-align: justify;\">En ese sentido, el periodismo ambiental adopta una serie de valores respecto al tratamiento de la noticia pues se convierte en un periodismo investigativo, cient\u00edfico, pedag\u00f3gico, social, responsable y objetivo. Pero eso s\u00ed, todo ello desligado de las posturas de agrupaciones ecologistas que en algunos casos se tornan radicales frente a determinados temas de impacto social y econ\u00f3mico.<\/p>\n<p style=\"text-align: justify;\">El perfil de un periodista ambiental debe adoptar un compromiso real y responsable frente al hecho que desarrolla. No quedarse solo con lo que tiene sino trascender, descubrir las causas e informar con profesionalismo lo acontecido porque sin lugar a dudas servir\u00e1 en el camino de la prevenci\u00f3n de futuros desastres similares.<\/p>\n<p style=\"text-align: justify;\">El progreso social, econ\u00f3mico y pol\u00edtico resultan bastante influyentes pues la explotaci\u00f3n de recursos de un pa\u00eds son necesarios con el fin de cumplir los objetivos trazados y, en esta l\u00ednea, los gobiernos junto a las instituciones estatales redoblan esfuerzos para el m\u00e1ximo aprovechamiento y su buen uso.<\/p>\n<p style=\"text-align: justify;\">Pero no todo queda en la \u00e9lite gubernamental, la realidad se torna m\u00e1s dura cuando observamos el comportamiento de nuestros ciudadanos y su insensible actitud hacia el trato de nuestro hogar, la Tierra.<\/p>\n<p style=\"text-align: justify;\">La crisis ambiental est\u00e1 ligada a la falta de conciencia de nuestros propios ciudadanos. La identidad con su entorno es casi nula pues consideran como hogar las cuatro paredes que los encierran en su territorio (casa) mientras que las calles, avenidas, parques y plazas son ajenos a lo que ellos tendr\u00edan que identificar tambi\u00e9n como propio.<\/p>\n<p style=\"text-align: justify;\">Es momento de reunir esfuerzos a trav\u00e9s de las diversas plataformas que nos ofrece la tecnolog\u00eda de hoy y continuar ese camino interminable de la educaci\u00f3n en principios ecol\u00f3gicos a una sociedad que cada d\u00eda se torna m\u00e1s consumista, indiferente y ego\u00edsta.<\/p>\n<p style=\"text-align: justify;\">El futuro de nuestro hogar, la Tierra, no solo est\u00e1 en manos de Greenpeace o de muchos otros grupos ambientalistas sino que adem\u00e1s uno de los m\u00e1s grandes aportes tal vez se encuentran detr\u00e1s de una c\u00e1mara y un comunicador comprometido, tal vez se encuentra en la voz de un periodista que ama la naturaleza, que ama la verdad y sobretodo que ama un periodismo verde.<\/p>\n<p style=\"text-align: justify;\"><img decoding=\"async\" src=\"http:\/\/1.bp.blogspot.com\/-Jrt3usCAmBs\/VaH0rTJxaMI\/AAAAAAAABf8\/wKNXq_kZ1Os\/s1600\/per.jpg\" border=\"0\" \/><\/p>\n","protected":false},"excerpt":{"rendered":"<p>(Aeronoticias).-\u00a0Cualquier periodista puede tratar una noticia, cualquier periodista puede realizar una cobertura sobre alg\u00fan tratado ambiental, derrame de petr\u00f3leo de alguna refiner\u00eda o realizar un informe sobre ballenas varadas en la costa de alg\u00fan lugar del planeta. Sin embargo, si consideramos el impacto ambiental, el cuidado del medio y la crisis ecol\u00f3gica que sufre nuestro [&hellip;]<\/p>\n","protected":false},"author":1,"featured_media":0,"comment_status":"open","ping_status":"open","sticky":false,"template":"","format":"standard","meta":{"tdm_status":"","tdm_grid_status":"","footnotes":""},"categories":[37],"tags":[],"class_list":{"0":"post-53203","1":"post","2":"type-post","3":"status-publish","4":"format-standard","6":"category-salud"},"yoast_head":"<!-- This site is optimized with the Yoast SEO plugin v25.1 - https:\/\/yoast.com\/wordpress\/plugins\/seo\/ -->\n<title>ECO - CAMBIO: Por un periodismo verde, por Jefrey Buenaventura<\/title>\n<meta name=\"description\" content=\"Portal de noticias del Per\u00fa sobre el transporte a\u00e9reo, aviaci\u00f3n, turismo, hoteleria, actualidad.\" \/>\n<meta name=\"robots\" content=\"index, follow, max-snippet:-1, max-image-preview:large, max-video-preview:-1\" \/>\n<link rel=\"canonical\" href=\"https:\/\/aeronoticias.com.pe\/noticiero\/salud\/eco-cambio-por-un-periodismo-verde-por-jefrey-buenaventura\/\" \/>\n<meta property=\"og:locale\" content=\"es_ES\" \/>\n<meta property=\"og:type\" content=\"article\" \/>\n<meta property=\"og:title\" content=\"ECO - CAMBIO: Por un periodismo verde, por Jefrey Buenaventura\" \/>\n<meta property=\"og:description\" content=\"Portal de noticias del Per\u00fa sobre el transporte a\u00e9reo, aviaci\u00f3n, turismo, hoteleria, actualidad.\" \/>\n<meta property=\"og:url\" content=\"https:\/\/aeronoticias.com.pe\/noticiero\/salud\/eco-cambio-por-un-periodismo-verde-por-jefrey-buenaventura\/\" \/>\n<meta property=\"og:site_name\" content=\"Aeronoticias.com.pe\" \/>\n<meta property=\"article:publisher\" content=\"https:\/\/www.facebook.com\/Aeronoticias.com.pe\/\" \/>\n<meta property=\"article:published_time\" content=\"2015-07-29T16:28:50+00:00\" \/>\n<meta property=\"og:image\" content=\"http:\/\/1.bp.blogspot.com\/-Jrt3usCAmBs\/VaH0rTJxaMI\/AAAAAAAABf8\/wKNXq_kZ1Os\/s1600\/per.jpg\" \/>\n<meta name=\"author\" content=\"Redacci\u00f3n Aeronoticias\" \/>\n<meta name=\"twitter:card\" content=\"summary_large_image\" \/>\n<meta name=\"twitter:creator\" content=\"@aeronoticias\" \/>\n<meta name=\"twitter:site\" content=\"@aeronoticias\" \/>\n<meta name=\"twitter:label1\" content=\"Escrito por\" \/>\n\t<meta name=\"twitter:data1\" content=\"Redacci\u00f3n Aeronoticias\" \/>\n\t<meta name=\"twitter:label2\" content=\"Tiempo de lectura\" \/>\n\t<meta name=\"twitter:data2\" content=\"2 minutos\" \/>\n<script type=\"application\/ld+json\" class=\"yoast-schema-graph\">{\"@context\":\"https:\/\/schema.org\",\"@graph\":[{\"@type\":\"WebPage\",\"@id\":\"https:\/\/aeronoticias.com.pe\/noticiero\/salud\/eco-cambio-por-un-periodismo-verde-por-jefrey-buenaventura\/\",\"url\":\"https:\/\/aeronoticias.com.pe\/noticiero\/salud\/eco-cambio-por-un-periodismo-verde-por-jefrey-buenaventura\/\",\"name\":\"ECO - CAMBIO: Por un periodismo verde, por Jefrey Buenaventura\",\"isPartOf\":{\"@id\":\"https:\/\/aeronoticias.com.pe\/noticiero\/#website\"},\"primaryImageOfPage\":{\"@id\":\"https:\/\/aeronoticias.com.pe\/noticiero\/salud\/eco-cambio-por-un-periodismo-verde-por-jefrey-buenaventura\/#primaryimage\"},\"image\":{\"@id\":\"https:\/\/aeronoticias.com.pe\/noticiero\/salud\/eco-cambio-por-un-periodismo-verde-por-jefrey-buenaventura\/#primaryimage\"},\"thumbnailUrl\":\"http:\/\/1.bp.blogspot.com\/-Jrt3usCAmBs\/VaH0rTJxaMI\/AAAAAAAABf8\/wKNXq_kZ1Os\/s1600\/per.jpg\",\"datePublished\":\"2015-07-29T16:28:50+00:00\",\"author\":{\"@id\":\"https:\/\/aeronoticias.com.pe\/noticiero\/#\/schema\/person\/fc1e5d578f4b62ba1cf7ac2bba1170a0\"},\"description\":\"Portal de noticias del Per\u00fa sobre el transporte a\u00e9reo, aviaci\u00f3n, turismo, hoteleria, actualidad.\",\"breadcrumb\":{\"@id\":\"https:\/\/aeronoticias.com.pe\/noticiero\/salud\/eco-cambio-por-un-periodismo-verde-por-jefrey-buenaventura\/#breadcrumb\"},\"inLanguage\":\"es\",\"potentialAction\":[{\"@type\":\"ReadAction\",\"target\":[\"https:\/\/aeronoticias.com.pe\/noticiero\/salud\/eco-cambio-por-un-periodismo-verde-por-jefrey-buenaventura\/\"]}]},{\"@type\":\"ImageObject\",\"inLanguage\":\"es\",\"@id\":\"https:\/\/aeronoticias.com.pe\/noticiero\/salud\/eco-cambio-por-un-periodismo-verde-por-jefrey-buenaventura\/#primaryimage\",\"url\":\"http:\/\/1.bp.blogspot.com\/-Jrt3usCAmBs\/VaH0rTJxaMI\/AAAAAAAABf8\/wKNXq_kZ1Os\/s1600\/per.jpg\",\"contentUrl\":\"http:\/\/1.bp.blogspot.com\/-Jrt3usCAmBs\/VaH0rTJxaMI\/AAAAAAAABf8\/wKNXq_kZ1Os\/s1600\/per.jpg\"},{\"@type\":\"BreadcrumbList\",\"@id\":\"https:\/\/aeronoticias.com.pe\/noticiero\/salud\/eco-cambio-por-un-periodismo-verde-por-jefrey-buenaventura\/#breadcrumb\",\"itemListElement\":[{\"@type\":\"ListItem\",\"position\":1,\"name\":\"Portada\",\"item\":\"https:\/\/aeronoticias.com.pe\/noticiero\/\"},{\"@type\":\"ListItem\",\"position\":2,\"name\":\"ECO &#8211; CAMBIO: Por un periodismo verde, por Jefrey Buenaventura\"}]},{\"@type\":\"WebSite\",\"@id\":\"https:\/\/aeronoticias.com.pe\/noticiero\/#website\",\"url\":\"https:\/\/aeronoticias.com.pe\/noticiero\/\",\"name\":\"Aeronoticias.com.pe\",\"description\":\"Noticias de tranporte aereo, turismo, hoteles, gastronomia, actualidad, internacional\",\"potentialAction\":[{\"@type\":\"SearchAction\",\"target\":{\"@type\":\"EntryPoint\",\"urlTemplate\":\"https:\/\/aeronoticias.com.pe\/noticiero\/?s={search_term_string}\"},\"query-input\":{\"@type\":\"PropertyValueSpecification\",\"valueRequired\":true,\"valueName\":\"search_term_string\"}}],\"inLanguage\":\"es\"},{\"@type\":\"Person\",\"@id\":\"https:\/\/aeronoticias.com.pe\/noticiero\/#\/schema\/person\/fc1e5d578f4b62ba1cf7ac2bba1170a0\",\"name\":\"Redacci\u00f3n Aeronoticias\",\"url\":\"https:\/\/aeronoticias.com.pe\/noticiero\/author\/piloto\/\"}]}<\/script>\n<!-- \/ Yoast SEO plugin. -->","yoast_head_json":{"title":"ECO - CAMBIO: Por un periodismo verde, por Jefrey Buenaventura","description":"Portal de noticias del Per\u00fa sobre el transporte a\u00e9reo, aviaci\u00f3n, turismo, hoteleria, actualidad.","robots":{"index":"index","follow":"follow","max-snippet":"max-snippet:-1","max-image-preview":"max-image-preview:large","max-video-preview":"max-video-preview:-1"},"canonical":"https:\/\/aeronoticias.com.pe\/noticiero\/salud\/eco-cambio-por-un-periodismo-verde-por-jefrey-buenaventura\/","og_locale":"es_ES","og_type":"article","og_title":"ECO - CAMBIO: Por un periodismo verde, por Jefrey Buenaventura","og_description":"Portal de noticias del Per\u00fa sobre el transporte a\u00e9reo, aviaci\u00f3n, turismo, hoteleria, actualidad.","og_url":"https:\/\/aeronoticias.com.pe\/noticiero\/salud\/eco-cambio-por-un-periodismo-verde-por-jefrey-buenaventura\/","og_site_name":"Aeronoticias.com.pe","article_publisher":"https:\/\/www.facebook.com\/Aeronoticias.com.pe\/","article_published_time":"2015-07-29T16:28:50+00:00","og_image":[{"url":"http:\/\/1.bp.blogspot.com\/-Jrt3usCAmBs\/VaH0rTJxaMI\/AAAAAAAABf8\/wKNXq_kZ1Os\/s1600\/per.jpg","type":"","width":"","height":""}],"author":"Redacci\u00f3n Aeronoticias","twitter_card":"summary_large_image","twitter_creator":"@aeronoticias","twitter_site":"@aeronoticias","twitter_misc":{"Escrito por":"Redacci\u00f3n Aeronoticias","Tiempo de lectura":"2 minutos"},"schema":{"@context":"https:\/\/schema.org","@graph":[{"@type":"WebPage","@id":"https:\/\/aeronoticias.com.pe\/noticiero\/salud\/eco-cambio-por-un-periodismo-verde-por-jefrey-buenaventura\/","url":"https:\/\/aeronoticias.com.pe\/noticiero\/salud\/eco-cambio-por-un-periodismo-verde-por-jefrey-buenaventura\/","name":"ECO - CAMBIO: Por un periodismo verde, por Jefrey Buenaventura","isPartOf":{"@id":"https:\/\/aeronoticias.com.pe\/noticiero\/#website"},"primaryImageOfPage":{"@id":"https:\/\/aeronoticias.com.pe\/noticiero\/salud\/eco-cambio-por-un-periodismo-verde-por-jefrey-buenaventura\/#primaryimage"},"image":{"@id":"https:\/\/aeronoticias.com.pe\/noticiero\/salud\/eco-cambio-por-un-periodismo-verde-por-jefrey-buenaventura\/#primaryimage"},"thumbnailUrl":"http:\/\/1.bp.blogspot.com\/-Jrt3usCAmBs\/VaH0rTJxaMI\/AAAAAAAABf8\/wKNXq_kZ1Os\/s1600\/per.jpg","datePublished":"2015-07-29T16:28:50+00:00","author":{"@id":"https:\/\/aeronoticias.com.pe\/noticiero\/#\/schema\/person\/fc1e5d578f4b62ba1cf7ac2bba1170a0"},"description":"Portal de noticias del Per\u00fa sobre el transporte a\u00e9reo, aviaci\u00f3n, turismo, hoteleria, actualidad.","breadcrumb":{"@id":"https:\/\/aeronoticias.com.pe\/noticiero\/salud\/eco-cambio-por-un-periodismo-verde-por-jefrey-buenaventura\/#breadcrumb"},"inLanguage":"es","potentialAction":[{"@type":"ReadAction","target":["https:\/\/aeronoticias.com.pe\/noticiero\/salud\/eco-cambio-por-un-periodismo-verde-por-jefrey-buenaventura\/"]}]},{"@type":"ImageObject","inLanguage":"es","@id":"https:\/\/aeronoticias.com.pe\/noticiero\/salud\/eco-cambio-por-un-periodismo-verde-por-jefrey-buenaventura\/#primaryimage","url":"http:\/\/1.bp.blogspot.com\/-Jrt3usCAmBs\/VaH0rTJxaMI\/AAAAAAAABf8\/wKNXq_kZ1Os\/s1600\/per.jpg","contentUrl":"http:\/\/1.bp.blogspot.com\/-Jrt3usCAmBs\/VaH0rTJxaMI\/AAAAAAAABf8\/wKNXq_kZ1Os\/s1600\/per.jpg"},{"@type":"BreadcrumbList","@id":"https:\/\/aeronoticias.com.pe\/noticiero\/salud\/eco-cambio-por-un-periodismo-verde-por-jefrey-buenaventura\/#breadcrumb","itemListElement":[{"@type":"ListItem","position":1,"name":"Portada","item":"https:\/\/aeronoticias.com.pe\/noticiero\/"},{"@type":"ListItem","position":2,"name":"ECO &#8211; CAMBIO: Por un periodismo verde, por Jefrey Buenaventura"}]},{"@type":"WebSite","@id":"https:\/\/aeronoticias.com.pe\/noticiero\/#website","url":"https:\/\/aeronoticias.com.pe\/noticiero\/","name":"Aeronoticias.com.pe","description":"Noticias de tranporte aereo, turismo, hoteles, gastronomia, actualidad, internacional","potentialAction":[{"@type":"SearchAction","target":{"@type":"EntryPoint","urlTemplate":"https:\/\/aeronoticias.com.pe\/noticiero\/?s={search_term_string}"},"query-input":{"@type":"PropertyValueSpecification","valueRequired":true,"valueName":"search_term_string"}}],"inLanguage":"es"},{"@type":"Person","@id":"https:\/\/aeronoticias.com.pe\/noticiero\/#\/schema\/person\/fc1e5d578f4b62ba1cf7ac2bba1170a0","name":"Redacci\u00f3n Aeronoticias","url":"https:\/\/aeronoticias.com.pe\/noticiero\/author\/piloto\/"}]}},"_links":{"self":[{"href":"https:\/\/aeronoticias.com.pe\/noticiero\/wp-json\/wp\/v2\/posts\/53203","targetHints":{"allow":["GET"]}}],"collection":[{"href":"https:\/\/aeronoticias.com.pe\/noticiero\/wp-json\/wp\/v2\/posts"}],"about":[{"href":"https:\/\/aeronoticias.com.pe\/noticiero\/wp-json\/wp\/v2\/types\/post"}],"author":[{"embeddable":true,"href":"https:\/\/aeronoticias.com.pe\/noticiero\/wp-json\/wp\/v2\/users\/1"}],"replies":[{"embeddable":true,"href":"https:\/\/aeronoticias.com.pe\/noticiero\/wp-json\/wp\/v2\/comments?post=53203"}],"version-history":[{"count":0,"href":"https:\/\/aeronoticias.com.pe\/noticiero\/wp-json\/wp\/v2\/posts\/53203\/revisions"}],"wp:attachment":[{"href":"https:\/\/aeronoticias.com.pe\/noticiero\/wp-json\/wp\/v2\/media?parent=53203"}],"wp:term":[{"taxonomy":"category","embeddable":true,"href":"https:\/\/aeronoticias.com.pe\/noticiero\/wp-json\/wp\/v2\/categories?post=53203"},{"taxonomy":"post_tag","embeddable":true,"href":"https:\/\/aeronoticias.com.pe\/noticiero\/wp-json\/wp\/v2\/tags?post=53203"}],"curies":[{"name":"wp","href":"https:\/\/api.w.org\/{rel}","templated":true}]}}