{"id":53205,"date":"2015-07-30T02:52:44","date_gmt":"2015-07-30T02:52:44","guid":{"rendered":"http:\/\/desarrollo.mcvicious.com\/aero2020\/2015\/07\/30\/miles-fueron-espectadores-de-la-gran-parada-militar\/"},"modified":"2015-07-30T02:52:44","modified_gmt":"2015-07-30T02:52:44","slug":"miles-fueron-espectadores-de-la-gran-parada-militar","status":"publish","type":"post","link":"https:\/\/aeronoticias.com.pe\/noticiero\/nacionales\/miles-fueron-espectadores-de-la-gran-parada-militar\/","title":{"rendered":"Miles fueron espectadores de la Gran Parada Militar"},"content":{"rendered":"<p style=\"text-align: justify;\"><strong>(Aeronoticias)<\/strong>.-\u00a0Miles de espectadores, junto a autoridades del Gobierno, se congregaron en la Av. Brasil desde las primeras horas del 29 de julio para presencia la Gran Parada Militar por Fiestas Patrias.<\/p>\n<p style=\"text-align: justify;\">Durante m\u00e1s de tres horas, desde las 10 a.m. aproximadamente, todos pudieron apreciar la solemne marcha de las agrupaciones de la Polic\u00eda Nacional del Per\u00fa, del Cuerpo General de Bomberos, de las Fuerzas Armadas, Fuerza A\u00e9rea y Marina, entre otros.<\/p>\n<p style=\"text-align: justify;\">La gran aglemeraci\u00f3n de p\u00fablico se repiti\u00f3, como cada a\u00f1o, a lo largo de la Av. Brasil, lo que tambi\u00e9n origin\u00f3 una gran cantidad de comerciantes informales quienes vend\u00edan de todo para amenizar las horas que durar\u00eda la Gran Parada Militar, desde asientos, comida, juguetes hasta s\u00edmbolos patrios.<\/p>\n<p style=\"text-align: justify;\">Fuente: <span style=\"text-decoration: underline;\"><em><strong>El Comercio<\/strong><\/em><\/span>.<\/p>\n<p style=\"text-align: justify;\"><img decoding=\"async\" src=\"http:\/\/cdn.larepublica.pe\/sites\/default\/files\/imagecache\/img_noticia_640x384\/imagen\/2013\/07\/29\/imagen-parada-militar.jpg\" border=\"0\" \/><\/p>\n","protected":false},"excerpt":{"rendered":"<p>(Aeronoticias).-\u00a0Miles de espectadores, junto a autoridades del Gobierno, se congregaron en la Av. Brasil desde las primeras horas del 29 de julio para presencia la Gran Parada Militar por Fiestas Patrias. Durante m\u00e1s de tres horas, desde las 10 a.m. aproximadamente, todos pudieron apreciar la solemne marcha de las agrupaciones de la Polic\u00eda Nacional del [&hellip;]<\/p>\n","protected":false},"author":1,"featured_media":0,"comment_status":"open","ping_status":"open","sticky":false,"template":"","format":"standard","meta":{"tdm_status":"","tdm_grid_status":"","footnotes":""},"categories":[38],"tags":[],"class_list":{"0":"post-53205","1":"post","2":"type-post","3":"status-publish","4":"format-standard","6":"category-nacionales"},"yoast_head":"<!-- This site is optimized with the Yoast SEO plugin v25.1 - https:\/\/yoast.com\/wordpress\/plugins\/seo\/ -->\n<title>Miles fueron espectadores de la Gran Parada Militar<\/title>\n<meta name=\"description\" content=\"Portal de noticias del Per\u00fa sobre el transporte a\u00e9reo, aviaci\u00f3n, turismo, hoteleria, actualidad.\" \/>\n<meta name=\"robots\" content=\"index, follow, max-snippet:-1, max-image-preview:large, max-video-preview:-1\" \/>\n<link rel=\"canonical\" href=\"https:\/\/aeronoticias.com.pe\/noticiero\/nacionales\/miles-fueron-espectadores-de-la-gran-parada-militar\/\" \/>\n<meta property=\"og:locale\" content=\"es_ES\" \/>\n<meta property=\"og:type\" content=\"article\" \/>\n<meta property=\"og:title\" content=\"Miles fueron espectadores de la Gran Parada Militar\" \/>\n<meta property=\"og:description\" content=\"Portal de noticias del Per\u00fa sobre el transporte a\u00e9reo, aviaci\u00f3n, turismo, hoteleria, actualidad.\" \/>\n<meta property=\"og:url\" content=\"https:\/\/aeronoticias.com.pe\/noticiero\/nacionales\/miles-fueron-espectadores-de-la-gran-parada-militar\/\" \/>\n<meta property=\"og:site_name\" content=\"Aeronoticias.com.pe\" \/>\n<meta property=\"article:publisher\" content=\"https:\/\/www.facebook.com\/Aeronoticias.com.pe\/\" \/>\n<meta property=\"article:published_time\" content=\"2015-07-30T02:52:44+00:00\" \/>\n<meta property=\"og:image\" content=\"http:\/\/cdn.larepublica.pe\/sites\/default\/files\/imagecache\/img_noticia_640x384\/imagen\/2013\/07\/29\/imagen-parada-militar.jpg\" \/>\n<meta name=\"author\" content=\"Redacci\u00f3n Aeronoticias\" \/>\n<meta name=\"twitter:card\" content=\"summary_large_image\" \/>\n<meta name=\"twitter:creator\" content=\"@aeronoticias\" \/>\n<meta name=\"twitter:site\" content=\"@aeronoticias\" \/>\n<meta name=\"twitter:label1\" content=\"Escrito por\" \/>\n\t<meta name=\"twitter:data1\" content=\"Redacci\u00f3n Aeronoticias\" \/>\n\t<meta name=\"twitter:label2\" content=\"Tiempo de lectura\" \/>\n\t<meta name=\"twitter:data2\" content=\"1 minuto\" \/>\n<script type=\"application\/ld+json\" class=\"yoast-schema-graph\">{\"@context\":\"https:\/\/schema.org\",\"@graph\":[{\"@type\":\"WebPage\",\"@id\":\"https:\/\/aeronoticias.com.pe\/noticiero\/nacionales\/miles-fueron-espectadores-de-la-gran-parada-militar\/\",\"url\":\"https:\/\/aeronoticias.com.pe\/noticiero\/nacionales\/miles-fueron-espectadores-de-la-gran-parada-militar\/\",\"name\":\"Miles fueron espectadores de la Gran Parada Militar\",\"isPartOf\":{\"@id\":\"https:\/\/aeronoticias.com.pe\/noticiero\/#website\"},\"primaryImageOfPage\":{\"@id\":\"https:\/\/aeronoticias.com.pe\/noticiero\/nacionales\/miles-fueron-espectadores-de-la-gran-parada-militar\/#primaryimage\"},\"image\":{\"@id\":\"https:\/\/aeronoticias.com.pe\/noticiero\/nacionales\/miles-fueron-espectadores-de-la-gran-parada-militar\/#primaryimage\"},\"thumbnailUrl\":\"http:\/\/cdn.larepublica.pe\/sites\/default\/files\/imagecache\/img_noticia_640x384\/imagen\/2013\/07\/29\/imagen-parada-militar.jpg\",\"datePublished\":\"2015-07-30T02:52:44+00:00\",\"author\":{\"@id\":\"https:\/\/aeronoticias.com.pe\/noticiero\/#\/schema\/person\/fc1e5d578f4b62ba1cf7ac2bba1170a0\"},\"description\":\"Portal de noticias del Per\u00fa sobre el transporte a\u00e9reo, aviaci\u00f3n, turismo, hoteleria, actualidad.\",\"breadcrumb\":{\"@id\":\"https:\/\/aeronoticias.com.pe\/noticiero\/nacionales\/miles-fueron-espectadores-de-la-gran-parada-militar\/#breadcrumb\"},\"inLanguage\":\"es\",\"potentialAction\":[{\"@type\":\"ReadAction\",\"target\":[\"https:\/\/aeronoticias.com.pe\/noticiero\/nacionales\/miles-fueron-espectadores-de-la-gran-parada-militar\/\"]}]},{\"@type\":\"ImageObject\",\"inLanguage\":\"es\",\"@id\":\"https:\/\/aeronoticias.com.pe\/noticiero\/nacionales\/miles-fueron-espectadores-de-la-gran-parada-militar\/#primaryimage\",\"url\":\"http:\/\/cdn.larepublica.pe\/sites\/default\/files\/imagecache\/img_noticia_640x384\/imagen\/2013\/07\/29\/imagen-parada-militar.jpg\",\"contentUrl\":\"http:\/\/cdn.larepublica.pe\/sites\/default\/files\/imagecache\/img_noticia_640x384\/imagen\/2013\/07\/29\/imagen-parada-militar.jpg\"},{\"@type\":\"BreadcrumbList\",\"@id\":\"https:\/\/aeronoticias.com.pe\/noticiero\/nacionales\/miles-fueron-espectadores-de-la-gran-parada-militar\/#breadcrumb\",\"itemListElement\":[{\"@type\":\"ListItem\",\"position\":1,\"name\":\"Portada\",\"item\":\"https:\/\/aeronoticias.com.pe\/noticiero\/\"},{\"@type\":\"ListItem\",\"position\":2,\"name\":\"Miles fueron espectadores de la Gran Parada Militar\"}]},{\"@type\":\"WebSite\",\"@id\":\"https:\/\/aeronoticias.com.pe\/noticiero\/#website\",\"url\":\"https:\/\/aeronoticias.com.pe\/noticiero\/\",\"name\":\"Aeronoticias.com.pe\",\"description\":\"Noticias de tranporte aereo, turismo, hoteles, gastronomia, actualidad, internacional\",\"potentialAction\":[{\"@type\":\"SearchAction\",\"target\":{\"@type\":\"EntryPoint\",\"urlTemplate\":\"https:\/\/aeronoticias.com.pe\/noticiero\/?s={search_term_string}\"},\"query-input\":{\"@type\":\"PropertyValueSpecification\",\"valueRequired\":true,\"valueName\":\"search_term_string\"}}],\"inLanguage\":\"es\"},{\"@type\":\"Person\",\"@id\":\"https:\/\/aeronoticias.com.pe\/noticiero\/#\/schema\/person\/fc1e5d578f4b62ba1cf7ac2bba1170a0\",\"name\":\"Redacci\u00f3n Aeronoticias\",\"url\":\"https:\/\/aeronoticias.com.pe\/noticiero\/author\/piloto\/\"}]}<\/script>\n<!-- \/ Yoast SEO plugin. -->","yoast_head_json":{"title":"Miles fueron espectadores de la Gran Parada Militar","description":"Portal de noticias del Per\u00fa sobre el transporte a\u00e9reo, aviaci\u00f3n, turismo, hoteleria, actualidad.","robots":{"index":"index","follow":"follow","max-snippet":"max-snippet:-1","max-image-preview":"max-image-preview:large","max-video-preview":"max-video-preview:-1"},"canonical":"https:\/\/aeronoticias.com.pe\/noticiero\/nacionales\/miles-fueron-espectadores-de-la-gran-parada-militar\/","og_locale":"es_ES","og_type":"article","og_title":"Miles fueron espectadores de la Gran Parada Militar","og_description":"Portal de noticias del Per\u00fa sobre el transporte a\u00e9reo, aviaci\u00f3n, turismo, hoteleria, actualidad.","og_url":"https:\/\/aeronoticias.com.pe\/noticiero\/nacionales\/miles-fueron-espectadores-de-la-gran-parada-militar\/","og_site_name":"Aeronoticias.com.pe","article_publisher":"https:\/\/www.facebook.com\/Aeronoticias.com.pe\/","article_published_time":"2015-07-30T02:52:44+00:00","og_image":[{"url":"http:\/\/cdn.larepublica.pe\/sites\/default\/files\/imagecache\/img_noticia_640x384\/imagen\/2013\/07\/29\/imagen-parada-militar.jpg","type":"","width":"","height":""}],"author":"Redacci\u00f3n Aeronoticias","twitter_card":"summary_large_image","twitter_creator":"@aeronoticias","twitter_site":"@aeronoticias","twitter_misc":{"Escrito por":"Redacci\u00f3n Aeronoticias","Tiempo de lectura":"1 minuto"},"schema":{"@context":"https:\/\/schema.org","@graph":[{"@type":"WebPage","@id":"https:\/\/aeronoticias.com.pe\/noticiero\/nacionales\/miles-fueron-espectadores-de-la-gran-parada-militar\/","url":"https:\/\/aeronoticias.com.pe\/noticiero\/nacionales\/miles-fueron-espectadores-de-la-gran-parada-militar\/","name":"Miles fueron espectadores de la Gran Parada Militar","isPartOf":{"@id":"https:\/\/aeronoticias.com.pe\/noticiero\/#website"},"primaryImageOfPage":{"@id":"https:\/\/aeronoticias.com.pe\/noticiero\/nacionales\/miles-fueron-espectadores-de-la-gran-parada-militar\/#primaryimage"},"image":{"@id":"https:\/\/aeronoticias.com.pe\/noticiero\/nacionales\/miles-fueron-espectadores-de-la-gran-parada-militar\/#primaryimage"},"thumbnailUrl":"http:\/\/cdn.larepublica.pe\/sites\/default\/files\/imagecache\/img_noticia_640x384\/imagen\/2013\/07\/29\/imagen-parada-militar.jpg","datePublished":"2015-07-30T02:52:44+00:00","author":{"@id":"https:\/\/aeronoticias.com.pe\/noticiero\/#\/schema\/person\/fc1e5d578f4b62ba1cf7ac2bba1170a0"},"description":"Portal de noticias del Per\u00fa sobre el transporte a\u00e9reo, aviaci\u00f3n, turismo, hoteleria, actualidad.","breadcrumb":{"@id":"https:\/\/aeronoticias.com.pe\/noticiero\/nacionales\/miles-fueron-espectadores-de-la-gran-parada-militar\/#breadcrumb"},"inLanguage":"es","potentialAction":[{"@type":"ReadAction","target":["https:\/\/aeronoticias.com.pe\/noticiero\/nacionales\/miles-fueron-espectadores-de-la-gran-parada-militar\/"]}]},{"@type":"ImageObject","inLanguage":"es","@id":"https:\/\/aeronoticias.com.pe\/noticiero\/nacionales\/miles-fueron-espectadores-de-la-gran-parada-militar\/#primaryimage","url":"http:\/\/cdn.larepublica.pe\/sites\/default\/files\/imagecache\/img_noticia_640x384\/imagen\/2013\/07\/29\/imagen-parada-militar.jpg","contentUrl":"http:\/\/cdn.larepublica.pe\/sites\/default\/files\/imagecache\/img_noticia_640x384\/imagen\/2013\/07\/29\/imagen-parada-militar.jpg"},{"@type":"BreadcrumbList","@id":"https:\/\/aeronoticias.com.pe\/noticiero\/nacionales\/miles-fueron-espectadores-de-la-gran-parada-militar\/#breadcrumb","itemListElement":[{"@type":"ListItem","position":1,"name":"Portada","item":"https:\/\/aeronoticias.com.pe\/noticiero\/"},{"@type":"ListItem","position":2,"name":"Miles fueron espectadores de la Gran Parada Militar"}]},{"@type":"WebSite","@id":"https:\/\/aeronoticias.com.pe\/noticiero\/#website","url":"https:\/\/aeronoticias.com.pe\/noticiero\/","name":"Aeronoticias.com.pe","description":"Noticias de tranporte aereo, turismo, hoteles, gastronomia, actualidad, internacional","potentialAction":[{"@type":"SearchAction","target":{"@type":"EntryPoint","urlTemplate":"https:\/\/aeronoticias.com.pe\/noticiero\/?s={search_term_string}"},"query-input":{"@type":"PropertyValueSpecification","valueRequired":true,"valueName":"search_term_string"}}],"inLanguage":"es"},{"@type":"Person","@id":"https:\/\/aeronoticias.com.pe\/noticiero\/#\/schema\/person\/fc1e5d578f4b62ba1cf7ac2bba1170a0","name":"Redacci\u00f3n Aeronoticias","url":"https:\/\/aeronoticias.com.pe\/noticiero\/author\/piloto\/"}]}},"_links":{"self":[{"href":"https:\/\/aeronoticias.com.pe\/noticiero\/wp-json\/wp\/v2\/posts\/53205","targetHints":{"allow":["GET"]}}],"collection":[{"href":"https:\/\/aeronoticias.com.pe\/noticiero\/wp-json\/wp\/v2\/posts"}],"about":[{"href":"https:\/\/aeronoticias.com.pe\/noticiero\/wp-json\/wp\/v2\/types\/post"}],"author":[{"embeddable":true,"href":"https:\/\/aeronoticias.com.pe\/noticiero\/wp-json\/wp\/v2\/users\/1"}],"replies":[{"embeddable":true,"href":"https:\/\/aeronoticias.com.pe\/noticiero\/wp-json\/wp\/v2\/comments?post=53205"}],"version-history":[{"count":0,"href":"https:\/\/aeronoticias.com.pe\/noticiero\/wp-json\/wp\/v2\/posts\/53205\/revisions"}],"wp:attachment":[{"href":"https:\/\/aeronoticias.com.pe\/noticiero\/wp-json\/wp\/v2\/media?parent=53205"}],"wp:term":[{"taxonomy":"category","embeddable":true,"href":"https:\/\/aeronoticias.com.pe\/noticiero\/wp-json\/wp\/v2\/categories?post=53205"},{"taxonomy":"post_tag","embeddable":true,"href":"https:\/\/aeronoticias.com.pe\/noticiero\/wp-json\/wp\/v2\/tags?post=53205"}],"curies":[{"name":"wp","href":"https:\/\/api.w.org\/{rel}","templated":true}]}}