{"id":53210,"date":"2015-07-30T14:55:51","date_gmt":"2015-07-30T14:55:51","guid":{"rendered":"http:\/\/desarrollo.mcvicious.com\/aero2020\/2015\/07\/30\/amazon-quiere-espacio-aereo-propio-para-los-drones-autonomos\/"},"modified":"2015-07-30T14:55:51","modified_gmt":"2015-07-30T14:55:51","slug":"amazon-quiere-espacio-aereo-propio-para-los-drones-autonomos","status":"publish","type":"post","link":"https:\/\/aeronoticias.com.pe\/noticiero\/27\/amazon-quiere-espacio-aereo-propio-para-los-drones-autonomos\/","title":{"rendered":"Amazon quiere espacio a\u00e9reo propio para los drones aut\u00f3nomos"},"content":{"rendered":"<p style=\"text-align: justify;\"><strong>(Aeronoticias) <\/strong><span style=\"font-size: 12.1599998474121px; line-height: 1.3em;\">Lo de Amazon con el reparto de paquetes mediante drones sigue adelante. Y para conseguir su prop\u00f3sito ya ha propuesto que haya un espacio a\u00e9reo exclusivo para drones en el \u00e1mbito urbano. Su previsi\u00f3n es que en diez a\u00f1os sean decenas de miles los drones sin control humano que viajen de un lado a otro de las ciudades para diferentes servicios r\u00e1pidos.<\/span><\/p>\n<p style=\"text-align: justify;\">La propuesta de Amazon no es v\u00e1lida para cualquier drone, y estar\u00eda reservada para modelos aut\u00f3nomos que dispongan de la tecnolog\u00eda y avances que les permitan el vuelo sin control continuo por parte de humanos.<\/p>\n<p style=\"text-align: justify;\"><span style=\"font-size: 12.1599998474121px; line-height: 1.3em;\">Una zona exclusiva para el vuelo de drones en la ciudad<\/span><\/p>\n<p style=\"text-align: justify;\">La zona dedica para el vuelo de drones aut\u00f3nomos que propone Amazon comprende una distancia de 60 metros comprendida entre los 60 y 120 metros de altura, en la cual solo los drones autorizados podr\u00edan entrar. La velocidad m\u00e1xima de vuelo ser\u00eda de 60 kil\u00f3metros por hora.<\/p>\n<p style=\"text-align: justify;\">Sobre esa zona exclusiva se situar\u00eda una de seguridad de 30 metros, donde ni drones ni otro tipo de aeroplanos podr\u00edan entrar.<\/p>\n<p style=\"text-align: justify;\"><span style=\"font-size: 12.1599998474121px; line-height: 1.3em;\">Exigencias tecnol\u00f3gicas para los drones aut\u00f3nomos<\/span><\/p>\n<p style=\"text-align: justify;\">Aunque las discusiones actuales en torno al vuelo de drones se han centrado casi exclusivamente en modelos controlados por el ser humano, la propuesta de Amazon no va en esa direcci\u00f3n. El plan desvelado en el evento Nasa UTM deja claras algunas de las tecnolog\u00edas con las que deber\u00edan contar los drones que quisieran usar ese espacio a\u00e9reo reservado.<\/p>\n<p style=\"text-align: justify;\">El conjunto de los requerimientos de Amazon para estos drones va en la l\u00ednea de conseguir autonom\u00eda total de funcionamiento en base a los datos del GPS del propio drone y los de alrededor, sumado a la informaci\u00f3n de rutas y movimientos que deber\u00eda proporcionar cada empresa.<\/p>\n<p style=\"text-align: justify;\"><span style=\"font-size: 12.1599998474121px; line-height: 1.3em;\">La conexi\u00f3n a Internet y sistemas avanzados de comunicaci\u00f3n para recibir y enviar de forma continua toda la informaci\u00f3n necesaria ser\u00eda tambi\u00e9n imprescindible. Por \u00faltimo, los drones que podr\u00edan usar el espacio a\u00e9reo deber\u00edan contar con sensores y equipamiento capaces de detectar la presencia aleatoria de aves, otros drones o cualquier obst\u00e1culo no previsto.<\/span><\/p>\n<p><strong><em>Fuente: http:\/\/www.xataka.com\/vehiculos\/amazon-quiere-espacio-aereo-propio-para-los-drones-autonomos<\/em><\/strong><\/p>\n<p><strong><em><img decoding=\"async\" src=\"images\/stories\/15\/07\/300715\/dronamazon.jpg\" border=\"0\" \/><br \/><\/em><\/strong><\/p>\n","protected":false},"excerpt":{"rendered":"<p>(Aeronoticias) Lo de Amazon con el reparto de paquetes mediante drones sigue adelante. Y para conseguir su prop\u00f3sito ya ha propuesto que haya un espacio a\u00e9reo exclusivo para drones en el \u00e1mbito urbano. Su previsi\u00f3n es que en diez a\u00f1os sean decenas de miles los drones sin control humano que viajen de un lado a [&hellip;]<\/p>\n","protected":false},"author":1,"featured_media":0,"comment_status":"open","ping_status":"open","sticky":false,"template":"","format":"standard","meta":{"tdm_status":"","tdm_grid_status":"","footnotes":""},"categories":[35],"tags":[],"class_list":{"0":"post-53210","1":"post","2":"type-post","3":"status-publish","4":"format-standard","6":"category-35"},"yoast_head":"<!-- This site is optimized with the Yoast SEO plugin v25.1 - https:\/\/yoast.com\/wordpress\/plugins\/seo\/ -->\n<title>Amazon quiere espacio a\u00e9reo propio para los drones aut\u00f3nomos<\/title>\n<meta name=\"description\" content=\"Portal de noticias del Per\u00fa sobre el transporte a\u00e9reo, aviaci\u00f3n, turismo, hoteleria, actualidad.\" \/>\n<meta name=\"robots\" content=\"index, follow, max-snippet:-1, max-image-preview:large, max-video-preview:-1\" \/>\n<link rel=\"canonical\" href=\"https:\/\/aeronoticias.com.pe\/noticiero\/27\/amazon-quiere-espacio-aereo-propio-para-los-drones-autonomos\/\" \/>\n<meta property=\"og:locale\" content=\"es_ES\" \/>\n<meta property=\"og:type\" content=\"article\" \/>\n<meta property=\"og:title\" content=\"Amazon quiere espacio a\u00e9reo propio para los drones aut\u00f3nomos\" \/>\n<meta property=\"og:description\" content=\"Portal de noticias del Per\u00fa sobre el transporte a\u00e9reo, aviaci\u00f3n, turismo, hoteleria, actualidad.\" \/>\n<meta property=\"og:url\" content=\"https:\/\/aeronoticias.com.pe\/noticiero\/27\/amazon-quiere-espacio-aereo-propio-para-los-drones-autonomos\/\" \/>\n<meta property=\"og:site_name\" content=\"Aeronoticias.com.pe\" \/>\n<meta property=\"article:publisher\" content=\"https:\/\/www.facebook.com\/Aeronoticias.com.pe\/\" \/>\n<meta property=\"article:published_time\" content=\"2015-07-30T14:55:51+00:00\" \/>\n<meta name=\"author\" content=\"Redacci\u00f3n Aeronoticias\" \/>\n<meta name=\"twitter:card\" content=\"summary_large_image\" \/>\n<meta name=\"twitter:creator\" content=\"@aeronoticias\" \/>\n<meta name=\"twitter:site\" content=\"@aeronoticias\" \/>\n<meta name=\"twitter:label1\" content=\"Escrito por\" \/>\n\t<meta name=\"twitter:data1\" content=\"Redacci\u00f3n Aeronoticias\" \/>\n\t<meta name=\"twitter:label2\" content=\"Tiempo de lectura\" \/>\n\t<meta name=\"twitter:data2\" content=\"2 minutos\" \/>\n<script type=\"application\/ld+json\" class=\"yoast-schema-graph\">{\"@context\":\"https:\/\/schema.org\",\"@graph\":[{\"@type\":\"WebPage\",\"@id\":\"https:\/\/aeronoticias.com.pe\/noticiero\/27\/amazon-quiere-espacio-aereo-propio-para-los-drones-autonomos\/\",\"url\":\"https:\/\/aeronoticias.com.pe\/noticiero\/27\/amazon-quiere-espacio-aereo-propio-para-los-drones-autonomos\/\",\"name\":\"Amazon quiere espacio a\u00e9reo propio para los drones aut\u00f3nomos\",\"isPartOf\":{\"@id\":\"https:\/\/aeronoticias.com.pe\/noticiero\/#website\"},\"datePublished\":\"2015-07-30T14:55:51+00:00\",\"author\":{\"@id\":\"https:\/\/aeronoticias.com.pe\/noticiero\/#\/schema\/person\/fc1e5d578f4b62ba1cf7ac2bba1170a0\"},\"description\":\"Portal de noticias del Per\u00fa sobre el transporte a\u00e9reo, aviaci\u00f3n, turismo, hoteleria, actualidad.\",\"breadcrumb\":{\"@id\":\"https:\/\/aeronoticias.com.pe\/noticiero\/27\/amazon-quiere-espacio-aereo-propio-para-los-drones-autonomos\/#breadcrumb\"},\"inLanguage\":\"es\",\"potentialAction\":[{\"@type\":\"ReadAction\",\"target\":[\"https:\/\/aeronoticias.com.pe\/noticiero\/27\/amazon-quiere-espacio-aereo-propio-para-los-drones-autonomos\/\"]}]},{\"@type\":\"BreadcrumbList\",\"@id\":\"https:\/\/aeronoticias.com.pe\/noticiero\/27\/amazon-quiere-espacio-aereo-propio-para-los-drones-autonomos\/#breadcrumb\",\"itemListElement\":[{\"@type\":\"ListItem\",\"position\":1,\"name\":\"Portada\",\"item\":\"https:\/\/aeronoticias.com.pe\/noticiero\/\"},{\"@type\":\"ListItem\",\"position\":2,\"name\":\"Amazon quiere espacio a\u00e9reo propio para los drones aut\u00f3nomos\"}]},{\"@type\":\"WebSite\",\"@id\":\"https:\/\/aeronoticias.com.pe\/noticiero\/#website\",\"url\":\"https:\/\/aeronoticias.com.pe\/noticiero\/\",\"name\":\"Aeronoticias.com.pe\",\"description\":\"Noticias de tranporte aereo, turismo, hoteles, gastronomia, actualidad, internacional\",\"potentialAction\":[{\"@type\":\"SearchAction\",\"target\":{\"@type\":\"EntryPoint\",\"urlTemplate\":\"https:\/\/aeronoticias.com.pe\/noticiero\/?s={search_term_string}\"},\"query-input\":{\"@type\":\"PropertyValueSpecification\",\"valueRequired\":true,\"valueName\":\"search_term_string\"}}],\"inLanguage\":\"es\"},{\"@type\":\"Person\",\"@id\":\"https:\/\/aeronoticias.com.pe\/noticiero\/#\/schema\/person\/fc1e5d578f4b62ba1cf7ac2bba1170a0\",\"name\":\"Redacci\u00f3n Aeronoticias\",\"url\":\"https:\/\/aeronoticias.com.pe\/noticiero\/author\/piloto\/\"}]}<\/script>\n<!-- \/ Yoast SEO plugin. -->","yoast_head_json":{"title":"Amazon quiere espacio a\u00e9reo propio para los drones aut\u00f3nomos","description":"Portal de noticias del Per\u00fa sobre el transporte a\u00e9reo, aviaci\u00f3n, turismo, hoteleria, actualidad.","robots":{"index":"index","follow":"follow","max-snippet":"max-snippet:-1","max-image-preview":"max-image-preview:large","max-video-preview":"max-video-preview:-1"},"canonical":"https:\/\/aeronoticias.com.pe\/noticiero\/27\/amazon-quiere-espacio-aereo-propio-para-los-drones-autonomos\/","og_locale":"es_ES","og_type":"article","og_title":"Amazon quiere espacio a\u00e9reo propio para los drones aut\u00f3nomos","og_description":"Portal de noticias del Per\u00fa sobre el transporte a\u00e9reo, aviaci\u00f3n, turismo, hoteleria, actualidad.","og_url":"https:\/\/aeronoticias.com.pe\/noticiero\/27\/amazon-quiere-espacio-aereo-propio-para-los-drones-autonomos\/","og_site_name":"Aeronoticias.com.pe","article_publisher":"https:\/\/www.facebook.com\/Aeronoticias.com.pe\/","article_published_time":"2015-07-30T14:55:51+00:00","author":"Redacci\u00f3n Aeronoticias","twitter_card":"summary_large_image","twitter_creator":"@aeronoticias","twitter_site":"@aeronoticias","twitter_misc":{"Escrito por":"Redacci\u00f3n Aeronoticias","Tiempo de lectura":"2 minutos"},"schema":{"@context":"https:\/\/schema.org","@graph":[{"@type":"WebPage","@id":"https:\/\/aeronoticias.com.pe\/noticiero\/27\/amazon-quiere-espacio-aereo-propio-para-los-drones-autonomos\/","url":"https:\/\/aeronoticias.com.pe\/noticiero\/27\/amazon-quiere-espacio-aereo-propio-para-los-drones-autonomos\/","name":"Amazon quiere espacio a\u00e9reo propio para los drones aut\u00f3nomos","isPartOf":{"@id":"https:\/\/aeronoticias.com.pe\/noticiero\/#website"},"datePublished":"2015-07-30T14:55:51+00:00","author":{"@id":"https:\/\/aeronoticias.com.pe\/noticiero\/#\/schema\/person\/fc1e5d578f4b62ba1cf7ac2bba1170a0"},"description":"Portal de noticias del Per\u00fa sobre el transporte a\u00e9reo, aviaci\u00f3n, turismo, hoteleria, actualidad.","breadcrumb":{"@id":"https:\/\/aeronoticias.com.pe\/noticiero\/27\/amazon-quiere-espacio-aereo-propio-para-los-drones-autonomos\/#breadcrumb"},"inLanguage":"es","potentialAction":[{"@type":"ReadAction","target":["https:\/\/aeronoticias.com.pe\/noticiero\/27\/amazon-quiere-espacio-aereo-propio-para-los-drones-autonomos\/"]}]},{"@type":"BreadcrumbList","@id":"https:\/\/aeronoticias.com.pe\/noticiero\/27\/amazon-quiere-espacio-aereo-propio-para-los-drones-autonomos\/#breadcrumb","itemListElement":[{"@type":"ListItem","position":1,"name":"Portada","item":"https:\/\/aeronoticias.com.pe\/noticiero\/"},{"@type":"ListItem","position":2,"name":"Amazon quiere espacio a\u00e9reo propio para los drones aut\u00f3nomos"}]},{"@type":"WebSite","@id":"https:\/\/aeronoticias.com.pe\/noticiero\/#website","url":"https:\/\/aeronoticias.com.pe\/noticiero\/","name":"Aeronoticias.com.pe","description":"Noticias de tranporte aereo, turismo, hoteles, gastronomia, actualidad, internacional","potentialAction":[{"@type":"SearchAction","target":{"@type":"EntryPoint","urlTemplate":"https:\/\/aeronoticias.com.pe\/noticiero\/?s={search_term_string}"},"query-input":{"@type":"PropertyValueSpecification","valueRequired":true,"valueName":"search_term_string"}}],"inLanguage":"es"},{"@type":"Person","@id":"https:\/\/aeronoticias.com.pe\/noticiero\/#\/schema\/person\/fc1e5d578f4b62ba1cf7ac2bba1170a0","name":"Redacci\u00f3n Aeronoticias","url":"https:\/\/aeronoticias.com.pe\/noticiero\/author\/piloto\/"}]}},"_links":{"self":[{"href":"https:\/\/aeronoticias.com.pe\/noticiero\/wp-json\/wp\/v2\/posts\/53210","targetHints":{"allow":["GET"]}}],"collection":[{"href":"https:\/\/aeronoticias.com.pe\/noticiero\/wp-json\/wp\/v2\/posts"}],"about":[{"href":"https:\/\/aeronoticias.com.pe\/noticiero\/wp-json\/wp\/v2\/types\/post"}],"author":[{"embeddable":true,"href":"https:\/\/aeronoticias.com.pe\/noticiero\/wp-json\/wp\/v2\/users\/1"}],"replies":[{"embeddable":true,"href":"https:\/\/aeronoticias.com.pe\/noticiero\/wp-json\/wp\/v2\/comments?post=53210"}],"version-history":[{"count":0,"href":"https:\/\/aeronoticias.com.pe\/noticiero\/wp-json\/wp\/v2\/posts\/53210\/revisions"}],"wp:attachment":[{"href":"https:\/\/aeronoticias.com.pe\/noticiero\/wp-json\/wp\/v2\/media?parent=53210"}],"wp:term":[{"taxonomy":"category","embeddable":true,"href":"https:\/\/aeronoticias.com.pe\/noticiero\/wp-json\/wp\/v2\/categories?post=53210"},{"taxonomy":"post_tag","embeddable":true,"href":"https:\/\/aeronoticias.com.pe\/noticiero\/wp-json\/wp\/v2\/tags?post=53210"}],"curies":[{"name":"wp","href":"https:\/\/api.w.org\/{rel}","templated":true}]}}