{"id":53213,"date":"2015-07-30T15:18:22","date_gmt":"2015-07-30T15:18:22","guid":{"rendered":"http:\/\/desarrollo.mcvicious.com\/aero2020\/2015\/07\/30\/gladys-tejeda-qel-mejor-momento-de-mi-vida-es-celebrar-con-todo-el-pueblo-peruanoq\/"},"modified":"2015-07-30T15:18:22","modified_gmt":"2015-07-30T15:18:22","slug":"gladys-tejeda-qel-mejor-momento-de-mi-vida-es-celebrar-con-todo-el-pueblo-peruanoq","status":"publish","type":"post","link":"https:\/\/aeronoticias.com.pe\/noticiero\/deportes\/gladys-tejeda-qel-mejor-momento-de-mi-vida-es-celebrar-con-todo-el-pueblo-peruanoq\/","title":{"rendered":"Gladys Tejeda: \u00abEl mejor momento de mi vida es celebrar con todo el pueblo peruano\u00bb"},"content":{"rendered":"<p style=\"text-align: justify;\"><strong>(Aeronoticias) <\/strong><span style=\"font-size: 12.1599998474121px; line-height: 1.3em;\">\u201cNo me esperaba este recibimiento\u2026\u201d, expres\u00f3 Gladys Tejeda, ganadora de la medalla de oro en los XVII Juegos Panamericanos de Toronto, al comentar la gran acogida que tuvo ayer en el Aeropuerto Internacional Jorge Ch\u00e1vez.<\/span><\/p>\n<p style=\"text-align: justify;\"><span style=\"font-size: 12.1599998474121px; line-height: 1.3em;\">Manifest\u00f3 que sinti\u00f3 mucha emoci\u00f3n y alegr\u00eda cuando arrib\u00f3 a Lima, procedente de Canad\u00e1, en medio de las sinceras muestras de apoyo y gratitud de los aficionados peruanos.<\/span><\/p>\n<p style=\"text-align: justify;\"><span style=\"font-size: 12.1599998474121px; line-height: 1.3em;\">Y especialmente, agreg\u00f3, porque en el terminal a\u00e9reo se encontraba su \u00a0madre, Marcelina Pucuhuaranga, ya que debido a su preparaci\u00f3n para los Panamericanos de Toronto estuvo fuera del Per\u00fa por casi dos meses.<\/span><\/p>\n<p style=\"text-align: justify;\"><span style=\"font-size: 12.1599998474121px; line-height: 1.3em;\">Gladys Tejeda consider\u00f3 que vivi\u00f3 un \u201cmomento muy feliz\u201d cuando observ\u00f3 la gran cantidad de personas que la recibieron en el aeropuerto.<\/span><\/p>\n<p style=\"text-align: justify;\"><span style=\"font-size: 12.1599998474121px; line-height: 1.3em;\">\u00abHa sido un momento muy feliz para m\u00ed. El mejor momento de mi vida es celebrar con todo el pueblo peruano y con mi hermosa madre, que estuvo presente. Agradezco a la prensa, por darse ese espacio y estar all\u00ed en la espera y en la llegada al aeropuerto\u00bb, anot\u00f3 en declaraciones a \u00abTV Per\u00fa\u00bb.<\/span><\/p>\n<p style=\"text-align: justify;\"><span style=\"font-size: 12.1599998474121px; line-height: 1.3em;\">Destac\u00f3 que su madre es su principal motivo no solo en el deporte, sino en su desarrollo profesional.<\/span><\/p>\n<p style=\"text-align: justify;\"><span style=\"font-size: 12.1599998474121px; line-height: 1.3em;\">La campeona panamericana revel\u00f3 que gracias a ella termin\u00f3 la carrera de educaci\u00f3n primaria. \u00abMi madre nunca me limit\u00f3 y me dio la confianza para salir adelante\u00bb.<\/span><\/p>\n<p style=\"text-align: justify;\"><span style=\"font-size: 12.1599998474121px; line-height: 1.3em;\">Tambi\u00e9n reconoci\u00f3 que recibi\u00f3 el \u00e1nimo de sus hermanos para seguir compitiendo y hacerse de un nombre en el deporte peruano.<\/span><\/p>\n<p style=\"text-align: justify;\"><span style=\"font-size: 12.1599998474121px; line-height: 1.3em;\">A\u00f1adi\u00f3 que dejar\u00e1 su pr\u00f3ximo plan de preparaci\u00f3n en manos de su entrenador, pero afirm\u00f3 que no dejar\u00e1 de correr. \u00abNo puedo estar quieta\u00bb, coment\u00f3.<\/span><\/p>\n<div><strong><em>Fuente: Andina<\/em><\/strong><\/div>\n<div><strong><em><img decoding=\"async\" src=\"images\/stories\/15\/07\/300715\/gladyst.jpg\" border=\"0\" \/><br \/><\/em><\/strong><\/div>\n","protected":false},"excerpt":{"rendered":"<p>(Aeronoticias) \u201cNo me esperaba este recibimiento\u2026\u201d, expres\u00f3 Gladys Tejeda, ganadora de la medalla de oro en los XVII Juegos Panamericanos de Toronto, al comentar la gran acogida que tuvo ayer en el Aeropuerto Internacional Jorge Ch\u00e1vez. Manifest\u00f3 que sinti\u00f3 mucha emoci\u00f3n y alegr\u00eda cuando arrib\u00f3 a Lima, procedente de Canad\u00e1, en medio de las sinceras [&hellip;]<\/p>\n","protected":false},"author":1,"featured_media":0,"comment_status":"open","ping_status":"open","sticky":false,"template":"","format":"standard","meta":{"tdm_status":"","tdm_grid_status":"","footnotes":""},"categories":[40],"tags":[],"class_list":{"0":"post-53213","1":"post","2":"type-post","3":"status-publish","4":"format-standard","6":"category-deportes"},"yoast_head":"<!-- This site is optimized with the Yoast SEO plugin v25.1 - https:\/\/yoast.com\/wordpress\/plugins\/seo\/ -->\n<title>Gladys Tejeda: &quot;El mejor momento de mi vida es celebrar con todo el pueblo peruano&quot;<\/title>\n<meta name=\"description\" content=\"Portal de noticias del Per\u00fa sobre el transporte a\u00e9reo, aviaci\u00f3n, turismo, hoteleria, actualidad.\" \/>\n<meta name=\"robots\" content=\"index, follow, max-snippet:-1, max-image-preview:large, max-video-preview:-1\" \/>\n<link rel=\"canonical\" href=\"https:\/\/aeronoticias.com.pe\/noticiero\/deportes\/gladys-tejeda-qel-mejor-momento-de-mi-vida-es-celebrar-con-todo-el-pueblo-peruanoq\/\" \/>\n<meta property=\"og:locale\" content=\"es_ES\" \/>\n<meta property=\"og:type\" content=\"article\" \/>\n<meta property=\"og:title\" content=\"Gladys Tejeda: &quot;El mejor momento de mi vida es celebrar con todo el pueblo peruano&quot;\" \/>\n<meta property=\"og:description\" content=\"Portal de noticias del Per\u00fa sobre el transporte a\u00e9reo, aviaci\u00f3n, turismo, hoteleria, actualidad.\" \/>\n<meta property=\"og:url\" content=\"https:\/\/aeronoticias.com.pe\/noticiero\/deportes\/gladys-tejeda-qel-mejor-momento-de-mi-vida-es-celebrar-con-todo-el-pueblo-peruanoq\/\" \/>\n<meta property=\"og:site_name\" content=\"Aeronoticias.com.pe\" \/>\n<meta property=\"article:publisher\" content=\"https:\/\/www.facebook.com\/Aeronoticias.com.pe\/\" \/>\n<meta property=\"article:published_time\" content=\"2015-07-30T15:18:22+00:00\" \/>\n<meta name=\"author\" content=\"Redacci\u00f3n Aeronoticias\" \/>\n<meta name=\"twitter:card\" content=\"summary_large_image\" \/>\n<meta name=\"twitter:creator\" content=\"@aeronoticias\" \/>\n<meta name=\"twitter:site\" content=\"@aeronoticias\" \/>\n<meta name=\"twitter:label1\" content=\"Escrito por\" \/>\n\t<meta name=\"twitter:data1\" content=\"Redacci\u00f3n Aeronoticias\" \/>\n\t<meta name=\"twitter:label2\" content=\"Tiempo de lectura\" \/>\n\t<meta name=\"twitter:data2\" content=\"1 minuto\" \/>\n<script type=\"application\/ld+json\" class=\"yoast-schema-graph\">{\"@context\":\"https:\/\/schema.org\",\"@graph\":[{\"@type\":\"WebPage\",\"@id\":\"https:\/\/aeronoticias.com.pe\/noticiero\/deportes\/gladys-tejeda-qel-mejor-momento-de-mi-vida-es-celebrar-con-todo-el-pueblo-peruanoq\/\",\"url\":\"https:\/\/aeronoticias.com.pe\/noticiero\/deportes\/gladys-tejeda-qel-mejor-momento-de-mi-vida-es-celebrar-con-todo-el-pueblo-peruanoq\/\",\"name\":\"Gladys Tejeda: \\\"El mejor momento de mi vida es celebrar con todo el pueblo peruano\\\"\",\"isPartOf\":{\"@id\":\"https:\/\/aeronoticias.com.pe\/noticiero\/#website\"},\"datePublished\":\"2015-07-30T15:18:22+00:00\",\"author\":{\"@id\":\"https:\/\/aeronoticias.com.pe\/noticiero\/#\/schema\/person\/fc1e5d578f4b62ba1cf7ac2bba1170a0\"},\"description\":\"Portal de noticias del Per\u00fa sobre el transporte a\u00e9reo, aviaci\u00f3n, turismo, hoteleria, actualidad.\",\"breadcrumb\":{\"@id\":\"https:\/\/aeronoticias.com.pe\/noticiero\/deportes\/gladys-tejeda-qel-mejor-momento-de-mi-vida-es-celebrar-con-todo-el-pueblo-peruanoq\/#breadcrumb\"},\"inLanguage\":\"es\",\"potentialAction\":[{\"@type\":\"ReadAction\",\"target\":[\"https:\/\/aeronoticias.com.pe\/noticiero\/deportes\/gladys-tejeda-qel-mejor-momento-de-mi-vida-es-celebrar-con-todo-el-pueblo-peruanoq\/\"]}]},{\"@type\":\"BreadcrumbList\",\"@id\":\"https:\/\/aeronoticias.com.pe\/noticiero\/deportes\/gladys-tejeda-qel-mejor-momento-de-mi-vida-es-celebrar-con-todo-el-pueblo-peruanoq\/#breadcrumb\",\"itemListElement\":[{\"@type\":\"ListItem\",\"position\":1,\"name\":\"Portada\",\"item\":\"https:\/\/aeronoticias.com.pe\/noticiero\/\"},{\"@type\":\"ListItem\",\"position\":2,\"name\":\"Gladys Tejeda: \u00abEl mejor momento de mi vida es celebrar con todo el pueblo peruano\u00bb\"}]},{\"@type\":\"WebSite\",\"@id\":\"https:\/\/aeronoticias.com.pe\/noticiero\/#website\",\"url\":\"https:\/\/aeronoticias.com.pe\/noticiero\/\",\"name\":\"Aeronoticias.com.pe\",\"description\":\"Noticias de tranporte aereo, turismo, hoteles, gastronomia, actualidad, internacional\",\"potentialAction\":[{\"@type\":\"SearchAction\",\"target\":{\"@type\":\"EntryPoint\",\"urlTemplate\":\"https:\/\/aeronoticias.com.pe\/noticiero\/?s={search_term_string}\"},\"query-input\":{\"@type\":\"PropertyValueSpecification\",\"valueRequired\":true,\"valueName\":\"search_term_string\"}}],\"inLanguage\":\"es\"},{\"@type\":\"Person\",\"@id\":\"https:\/\/aeronoticias.com.pe\/noticiero\/#\/schema\/person\/fc1e5d578f4b62ba1cf7ac2bba1170a0\",\"name\":\"Redacci\u00f3n Aeronoticias\",\"url\":\"https:\/\/aeronoticias.com.pe\/noticiero\/author\/piloto\/\"}]}<\/script>\n<!-- \/ Yoast SEO plugin. -->","yoast_head_json":{"title":"Gladys Tejeda: \"El mejor momento de mi vida es celebrar con todo el pueblo peruano\"","description":"Portal de noticias del Per\u00fa sobre el transporte a\u00e9reo, aviaci\u00f3n, turismo, hoteleria, actualidad.","robots":{"index":"index","follow":"follow","max-snippet":"max-snippet:-1","max-image-preview":"max-image-preview:large","max-video-preview":"max-video-preview:-1"},"canonical":"https:\/\/aeronoticias.com.pe\/noticiero\/deportes\/gladys-tejeda-qel-mejor-momento-de-mi-vida-es-celebrar-con-todo-el-pueblo-peruanoq\/","og_locale":"es_ES","og_type":"article","og_title":"Gladys Tejeda: \"El mejor momento de mi vida es celebrar con todo el pueblo peruano\"","og_description":"Portal de noticias del Per\u00fa sobre el transporte a\u00e9reo, aviaci\u00f3n, turismo, hoteleria, actualidad.","og_url":"https:\/\/aeronoticias.com.pe\/noticiero\/deportes\/gladys-tejeda-qel-mejor-momento-de-mi-vida-es-celebrar-con-todo-el-pueblo-peruanoq\/","og_site_name":"Aeronoticias.com.pe","article_publisher":"https:\/\/www.facebook.com\/Aeronoticias.com.pe\/","article_published_time":"2015-07-30T15:18:22+00:00","author":"Redacci\u00f3n Aeronoticias","twitter_card":"summary_large_image","twitter_creator":"@aeronoticias","twitter_site":"@aeronoticias","twitter_misc":{"Escrito por":"Redacci\u00f3n Aeronoticias","Tiempo de lectura":"1 minuto"},"schema":{"@context":"https:\/\/schema.org","@graph":[{"@type":"WebPage","@id":"https:\/\/aeronoticias.com.pe\/noticiero\/deportes\/gladys-tejeda-qel-mejor-momento-de-mi-vida-es-celebrar-con-todo-el-pueblo-peruanoq\/","url":"https:\/\/aeronoticias.com.pe\/noticiero\/deportes\/gladys-tejeda-qel-mejor-momento-de-mi-vida-es-celebrar-con-todo-el-pueblo-peruanoq\/","name":"Gladys Tejeda: \"El mejor momento de mi vida es celebrar con todo el pueblo peruano\"","isPartOf":{"@id":"https:\/\/aeronoticias.com.pe\/noticiero\/#website"},"datePublished":"2015-07-30T15:18:22+00:00","author":{"@id":"https:\/\/aeronoticias.com.pe\/noticiero\/#\/schema\/person\/fc1e5d578f4b62ba1cf7ac2bba1170a0"},"description":"Portal de noticias del Per\u00fa sobre el transporte a\u00e9reo, aviaci\u00f3n, turismo, hoteleria, actualidad.","breadcrumb":{"@id":"https:\/\/aeronoticias.com.pe\/noticiero\/deportes\/gladys-tejeda-qel-mejor-momento-de-mi-vida-es-celebrar-con-todo-el-pueblo-peruanoq\/#breadcrumb"},"inLanguage":"es","potentialAction":[{"@type":"ReadAction","target":["https:\/\/aeronoticias.com.pe\/noticiero\/deportes\/gladys-tejeda-qel-mejor-momento-de-mi-vida-es-celebrar-con-todo-el-pueblo-peruanoq\/"]}]},{"@type":"BreadcrumbList","@id":"https:\/\/aeronoticias.com.pe\/noticiero\/deportes\/gladys-tejeda-qel-mejor-momento-de-mi-vida-es-celebrar-con-todo-el-pueblo-peruanoq\/#breadcrumb","itemListElement":[{"@type":"ListItem","position":1,"name":"Portada","item":"https:\/\/aeronoticias.com.pe\/noticiero\/"},{"@type":"ListItem","position":2,"name":"Gladys Tejeda: \u00abEl mejor momento de mi vida es celebrar con todo el pueblo peruano\u00bb"}]},{"@type":"WebSite","@id":"https:\/\/aeronoticias.com.pe\/noticiero\/#website","url":"https:\/\/aeronoticias.com.pe\/noticiero\/","name":"Aeronoticias.com.pe","description":"Noticias de tranporte aereo, turismo, hoteles, gastronomia, actualidad, internacional","potentialAction":[{"@type":"SearchAction","target":{"@type":"EntryPoint","urlTemplate":"https:\/\/aeronoticias.com.pe\/noticiero\/?s={search_term_string}"},"query-input":{"@type":"PropertyValueSpecification","valueRequired":true,"valueName":"search_term_string"}}],"inLanguage":"es"},{"@type":"Person","@id":"https:\/\/aeronoticias.com.pe\/noticiero\/#\/schema\/person\/fc1e5d578f4b62ba1cf7ac2bba1170a0","name":"Redacci\u00f3n Aeronoticias","url":"https:\/\/aeronoticias.com.pe\/noticiero\/author\/piloto\/"}]}},"_links":{"self":[{"href":"https:\/\/aeronoticias.com.pe\/noticiero\/wp-json\/wp\/v2\/posts\/53213","targetHints":{"allow":["GET"]}}],"collection":[{"href":"https:\/\/aeronoticias.com.pe\/noticiero\/wp-json\/wp\/v2\/posts"}],"about":[{"href":"https:\/\/aeronoticias.com.pe\/noticiero\/wp-json\/wp\/v2\/types\/post"}],"author":[{"embeddable":true,"href":"https:\/\/aeronoticias.com.pe\/noticiero\/wp-json\/wp\/v2\/users\/1"}],"replies":[{"embeddable":true,"href":"https:\/\/aeronoticias.com.pe\/noticiero\/wp-json\/wp\/v2\/comments?post=53213"}],"version-history":[{"count":0,"href":"https:\/\/aeronoticias.com.pe\/noticiero\/wp-json\/wp\/v2\/posts\/53213\/revisions"}],"wp:attachment":[{"href":"https:\/\/aeronoticias.com.pe\/noticiero\/wp-json\/wp\/v2\/media?parent=53213"}],"wp:term":[{"taxonomy":"category","embeddable":true,"href":"https:\/\/aeronoticias.com.pe\/noticiero\/wp-json\/wp\/v2\/categories?post=53213"},{"taxonomy":"post_tag","embeddable":true,"href":"https:\/\/aeronoticias.com.pe\/noticiero\/wp-json\/wp\/v2\/tags?post=53213"}],"curies":[{"name":"wp","href":"https:\/\/api.w.org\/{rel}","templated":true}]}}