{"id":53217,"date":"2015-07-30T18:07:18","date_gmt":"2015-07-30T18:07:18","guid":{"rendered":"http:\/\/desarrollo.mcvicious.com\/aero2020\/2015\/07\/30\/julian-palacin-se-encontro-con-la-vicepresidente-de-la-republica-marisol-espinoza-en-la-ceremonia-de-accion-de-gracias\/"},"modified":"2015-07-30T18:07:18","modified_gmt":"2015-07-30T18:07:18","slug":"julian-palacin-se-encontro-con-la-vicepresidente-de-la-republica-marisol-espinoza-en-la-ceremonia-de-accion-de-gracias","status":"publish","type":"post","link":"https:\/\/aeronoticias.com.pe\/noticiero\/ultimas\/1\/julian-palacin-se-encontro-con-la-vicepresidente-de-la-republica-marisol-espinoza-en-la-ceremonia-de-accion-de-gracias\/","title":{"rendered":"Julian Palacin se encontr\u00f3 con la Vicepresidente de la Rep\u00fablica, Marisol Espinoza, en la ceremonia de Acci\u00f3n de Gracias"},"content":{"rendered":"<p style=\"text-align: justify;\"><strong>(Aeronoticias)<\/strong> El d\u00eda de hoy jueves 30 de julio de 2015, se llev\u00f3 a cabo la X Ceremonia de Acci\u00f3n de Gracias por el Per\u00fa del Ministerio de Acci\u00f3n de Gracias de las Iglesias Evang\u00e9licas del Per\u00fa con ocasi\u00f3n de nuestro 194 aniversario patrio, en el que asistieron m\u00e1s mil invitados en el Templo de la Alianza Cristiana y Misionera de la Av. Arequipa 2356, Lince.<\/p>\n<p style=\"text-align: justify;\">Presidi\u00f3 la Acci\u00f3n de Gracias el Presidente de la Rep\u00fablica del Per\u00fa, Ollanta Humala Tasso, acompa\u00f1ado de su esposa Nadine Heredia, de sus ministros y congresistas de todos los partidos pol\u00edticos.<\/p>\n<p style=\"text-align: justify;\">Estuvo presente Luis Iberico, Presidente del Congreso de la Rep\u00fablica del Per\u00fa, Marisol Espinoza Cruz, Primer Vicepresidente de la Rep\u00fablica del Per\u00fa, Keiko Fujimori, candidata a la Presidencia de la Rep\u00fablica, Luz Salgado, Congresista y Juli\u00e1n Palacin Fern\u00e1ndez, candidato al Decanato del Colegio de Abogados de Lima periodo 2016-2017.<\/p>\n<p style=\"text-align: justify;\">A la salida, el candidato al Decanato del CAL Juli\u00e1n Palacin Fern\u00e1ndez, se encontr\u00f3 con la Vicepresidente de la Rep\u00fablica, Marisol Espinoza Cruz, quien es abogada agremiada al Colegio de Abogados de Lima y expres\u00f3 \u201cmi abogado favorito\u201d, en la foto que ilustra esta nota.<\/p>\n<p style=\"text-align: justify;\">Trascendi\u00f3 que el Templo de la Alianza Cristiana y Misionera invit\u00f3 a Juli\u00e1n Palacin, \u00a0a quien protocolo lo ubic\u00f3 en la segunda fila atr\u00e1s de Keiko Fujimori y Luz Salgado y al lado de los ministros, ya que se consideran que los evang\u00e9licos nos comentaron la esperanza que existe de que en los pr\u00f3ximos meses se convierta en la br\u00fajula jur\u00eddica del pa\u00eds al mando del CAL.<\/p>\n<p style=\"text-align: justify;\"><img decoding=\"async\" src=\"images\/stories\/15\/07\/300715\/mespinoza.jpg\" border=\"0\" \/><\/p>\n<p style=\"text-align: justify;\">\u00a0<\/p>\n","protected":false},"excerpt":{"rendered":"<p>(Aeronoticias) El d\u00eda de hoy jueves 30 de julio de 2015, se llev\u00f3 a cabo la X Ceremonia de Acci\u00f3n de Gracias por el Per\u00fa del Ministerio de Acci\u00f3n de Gracias de las Iglesias Evang\u00e9licas del Per\u00fa con ocasi\u00f3n de nuestro 194 aniversario patrio, en el que asistieron m\u00e1s mil invitados en el Templo de [&hellip;]<\/p>\n","protected":false},"author":1,"featured_media":0,"comment_status":"open","ping_status":"open","sticky":false,"template":"","format":"standard","meta":{"tdm_status":"","tdm_grid_status":"","footnotes":""},"categories":[30],"tags":[],"class_list":{"0":"post-53217","1":"post","2":"type-post","3":"status-publish","4":"format-standard","6":"category-30"},"yoast_head":"<!-- This site is optimized with the Yoast SEO plugin v25.1 - https:\/\/yoast.com\/wordpress\/plugins\/seo\/ -->\n<title>Julian Palacin se encontr\u00f3 con la Vicepresidente de la Rep\u00fablica, Marisol Espinoza, en la ceremonia de Acci\u00f3n de Gracias<\/title>\n<meta name=\"description\" content=\"Portal de noticias del Per\u00fa sobre el transporte a\u00e9reo, aviaci\u00f3n, turismo, hoteleria, actualidad.\" \/>\n<meta name=\"robots\" content=\"index, follow, max-snippet:-1, max-image-preview:large, max-video-preview:-1\" \/>\n<link rel=\"canonical\" href=\"https:\/\/aeronoticias.com.pe\/noticiero\/ultimas\/1\/julian-palacin-se-encontro-con-la-vicepresidente-de-la-republica-marisol-espinoza-en-la-ceremonia-de-accion-de-gracias\/\" \/>\n<meta property=\"og:locale\" content=\"es_ES\" \/>\n<meta property=\"og:type\" content=\"article\" \/>\n<meta property=\"og:title\" content=\"Julian Palacin se encontr\u00f3 con la Vicepresidente de la Rep\u00fablica, Marisol Espinoza, en la ceremonia de Acci\u00f3n de Gracias\" \/>\n<meta property=\"og:description\" content=\"Portal de noticias del Per\u00fa sobre el transporte a\u00e9reo, aviaci\u00f3n, turismo, hoteleria, actualidad.\" \/>\n<meta property=\"og:url\" content=\"https:\/\/aeronoticias.com.pe\/noticiero\/ultimas\/1\/julian-palacin-se-encontro-con-la-vicepresidente-de-la-republica-marisol-espinoza-en-la-ceremonia-de-accion-de-gracias\/\" \/>\n<meta property=\"og:site_name\" content=\"Aeronoticias.com.pe\" \/>\n<meta property=\"article:publisher\" content=\"https:\/\/www.facebook.com\/Aeronoticias.com.pe\/\" \/>\n<meta property=\"article:published_time\" content=\"2015-07-30T18:07:18+00:00\" \/>\n<meta name=\"author\" content=\"Redacci\u00f3n Aeronoticias\" \/>\n<meta name=\"twitter:card\" content=\"summary_large_image\" \/>\n<meta name=\"twitter:creator\" content=\"@aeronoticias\" \/>\n<meta name=\"twitter:site\" content=\"@aeronoticias\" \/>\n<meta name=\"twitter:label1\" content=\"Escrito por\" \/>\n\t<meta name=\"twitter:data1\" content=\"Redacci\u00f3n Aeronoticias\" \/>\n\t<meta name=\"twitter:label2\" content=\"Tiempo de lectura\" \/>\n\t<meta name=\"twitter:data2\" content=\"1 minuto\" \/>\n<script type=\"application\/ld+json\" class=\"yoast-schema-graph\">{\"@context\":\"https:\/\/schema.org\",\"@graph\":[{\"@type\":\"WebPage\",\"@id\":\"https:\/\/aeronoticias.com.pe\/noticiero\/ultimas\/1\/julian-palacin-se-encontro-con-la-vicepresidente-de-la-republica-marisol-espinoza-en-la-ceremonia-de-accion-de-gracias\/\",\"url\":\"https:\/\/aeronoticias.com.pe\/noticiero\/ultimas\/1\/julian-palacin-se-encontro-con-la-vicepresidente-de-la-republica-marisol-espinoza-en-la-ceremonia-de-accion-de-gracias\/\",\"name\":\"Julian Palacin se encontr\u00f3 con la Vicepresidente de la Rep\u00fablica, Marisol Espinoza, en la ceremonia de Acci\u00f3n de Gracias\",\"isPartOf\":{\"@id\":\"https:\/\/aeronoticias.com.pe\/noticiero\/#website\"},\"datePublished\":\"2015-07-30T18:07:18+00:00\",\"author\":{\"@id\":\"https:\/\/aeronoticias.com.pe\/noticiero\/#\/schema\/person\/fc1e5d578f4b62ba1cf7ac2bba1170a0\"},\"description\":\"Portal de noticias del Per\u00fa sobre el transporte a\u00e9reo, aviaci\u00f3n, turismo, hoteleria, actualidad.\",\"breadcrumb\":{\"@id\":\"https:\/\/aeronoticias.com.pe\/noticiero\/ultimas\/1\/julian-palacin-se-encontro-con-la-vicepresidente-de-la-republica-marisol-espinoza-en-la-ceremonia-de-accion-de-gracias\/#breadcrumb\"},\"inLanguage\":\"es\",\"potentialAction\":[{\"@type\":\"ReadAction\",\"target\":[\"https:\/\/aeronoticias.com.pe\/noticiero\/ultimas\/1\/julian-palacin-se-encontro-con-la-vicepresidente-de-la-republica-marisol-espinoza-en-la-ceremonia-de-accion-de-gracias\/\"]}]},{\"@type\":\"BreadcrumbList\",\"@id\":\"https:\/\/aeronoticias.com.pe\/noticiero\/ultimas\/1\/julian-palacin-se-encontro-con-la-vicepresidente-de-la-republica-marisol-espinoza-en-la-ceremonia-de-accion-de-gracias\/#breadcrumb\",\"itemListElement\":[{\"@type\":\"ListItem\",\"position\":1,\"name\":\"Portada\",\"item\":\"https:\/\/aeronoticias.com.pe\/noticiero\/\"},{\"@type\":\"ListItem\",\"position\":2,\"name\":\"Julian Palacin se encontr\u00f3 con la Vicepresidente de la Rep\u00fablica, Marisol Espinoza, en la ceremonia de Acci\u00f3n de Gracias\"}]},{\"@type\":\"WebSite\",\"@id\":\"https:\/\/aeronoticias.com.pe\/noticiero\/#website\",\"url\":\"https:\/\/aeronoticias.com.pe\/noticiero\/\",\"name\":\"Aeronoticias.com.pe\",\"description\":\"Noticias de tranporte aereo, turismo, hoteles, gastronomia, actualidad, internacional\",\"potentialAction\":[{\"@type\":\"SearchAction\",\"target\":{\"@type\":\"EntryPoint\",\"urlTemplate\":\"https:\/\/aeronoticias.com.pe\/noticiero\/?s={search_term_string}\"},\"query-input\":{\"@type\":\"PropertyValueSpecification\",\"valueRequired\":true,\"valueName\":\"search_term_string\"}}],\"inLanguage\":\"es\"},{\"@type\":\"Person\",\"@id\":\"https:\/\/aeronoticias.com.pe\/noticiero\/#\/schema\/person\/fc1e5d578f4b62ba1cf7ac2bba1170a0\",\"name\":\"Redacci\u00f3n Aeronoticias\",\"url\":\"https:\/\/aeronoticias.com.pe\/noticiero\/author\/piloto\/\"}]}<\/script>\n<!-- \/ Yoast SEO plugin. -->","yoast_head_json":{"title":"Julian Palacin se encontr\u00f3 con la Vicepresidente de la Rep\u00fablica, Marisol Espinoza, en la ceremonia de Acci\u00f3n de Gracias","description":"Portal de noticias del Per\u00fa sobre el transporte a\u00e9reo, aviaci\u00f3n, turismo, hoteleria, actualidad.","robots":{"index":"index","follow":"follow","max-snippet":"max-snippet:-1","max-image-preview":"max-image-preview:large","max-video-preview":"max-video-preview:-1"},"canonical":"https:\/\/aeronoticias.com.pe\/noticiero\/ultimas\/1\/julian-palacin-se-encontro-con-la-vicepresidente-de-la-republica-marisol-espinoza-en-la-ceremonia-de-accion-de-gracias\/","og_locale":"es_ES","og_type":"article","og_title":"Julian Palacin se encontr\u00f3 con la Vicepresidente de la Rep\u00fablica, Marisol Espinoza, en la ceremonia de Acci\u00f3n de Gracias","og_description":"Portal de noticias del Per\u00fa sobre el transporte a\u00e9reo, aviaci\u00f3n, turismo, hoteleria, actualidad.","og_url":"https:\/\/aeronoticias.com.pe\/noticiero\/ultimas\/1\/julian-palacin-se-encontro-con-la-vicepresidente-de-la-republica-marisol-espinoza-en-la-ceremonia-de-accion-de-gracias\/","og_site_name":"Aeronoticias.com.pe","article_publisher":"https:\/\/www.facebook.com\/Aeronoticias.com.pe\/","article_published_time":"2015-07-30T18:07:18+00:00","author":"Redacci\u00f3n Aeronoticias","twitter_card":"summary_large_image","twitter_creator":"@aeronoticias","twitter_site":"@aeronoticias","twitter_misc":{"Escrito por":"Redacci\u00f3n Aeronoticias","Tiempo de lectura":"1 minuto"},"schema":{"@context":"https:\/\/schema.org","@graph":[{"@type":"WebPage","@id":"https:\/\/aeronoticias.com.pe\/noticiero\/ultimas\/1\/julian-palacin-se-encontro-con-la-vicepresidente-de-la-republica-marisol-espinoza-en-la-ceremonia-de-accion-de-gracias\/","url":"https:\/\/aeronoticias.com.pe\/noticiero\/ultimas\/1\/julian-palacin-se-encontro-con-la-vicepresidente-de-la-republica-marisol-espinoza-en-la-ceremonia-de-accion-de-gracias\/","name":"Julian Palacin se encontr\u00f3 con la Vicepresidente de la Rep\u00fablica, Marisol Espinoza, en la ceremonia de Acci\u00f3n de Gracias","isPartOf":{"@id":"https:\/\/aeronoticias.com.pe\/noticiero\/#website"},"datePublished":"2015-07-30T18:07:18+00:00","author":{"@id":"https:\/\/aeronoticias.com.pe\/noticiero\/#\/schema\/person\/fc1e5d578f4b62ba1cf7ac2bba1170a0"},"description":"Portal de noticias del Per\u00fa sobre el transporte a\u00e9reo, aviaci\u00f3n, turismo, hoteleria, actualidad.","breadcrumb":{"@id":"https:\/\/aeronoticias.com.pe\/noticiero\/ultimas\/1\/julian-palacin-se-encontro-con-la-vicepresidente-de-la-republica-marisol-espinoza-en-la-ceremonia-de-accion-de-gracias\/#breadcrumb"},"inLanguage":"es","potentialAction":[{"@type":"ReadAction","target":["https:\/\/aeronoticias.com.pe\/noticiero\/ultimas\/1\/julian-palacin-se-encontro-con-la-vicepresidente-de-la-republica-marisol-espinoza-en-la-ceremonia-de-accion-de-gracias\/"]}]},{"@type":"BreadcrumbList","@id":"https:\/\/aeronoticias.com.pe\/noticiero\/ultimas\/1\/julian-palacin-se-encontro-con-la-vicepresidente-de-la-republica-marisol-espinoza-en-la-ceremonia-de-accion-de-gracias\/#breadcrumb","itemListElement":[{"@type":"ListItem","position":1,"name":"Portada","item":"https:\/\/aeronoticias.com.pe\/noticiero\/"},{"@type":"ListItem","position":2,"name":"Julian Palacin se encontr\u00f3 con la Vicepresidente de la Rep\u00fablica, Marisol Espinoza, en la ceremonia de Acci\u00f3n de Gracias"}]},{"@type":"WebSite","@id":"https:\/\/aeronoticias.com.pe\/noticiero\/#website","url":"https:\/\/aeronoticias.com.pe\/noticiero\/","name":"Aeronoticias.com.pe","description":"Noticias de tranporte aereo, turismo, hoteles, gastronomia, actualidad, internacional","potentialAction":[{"@type":"SearchAction","target":{"@type":"EntryPoint","urlTemplate":"https:\/\/aeronoticias.com.pe\/noticiero\/?s={search_term_string}"},"query-input":{"@type":"PropertyValueSpecification","valueRequired":true,"valueName":"search_term_string"}}],"inLanguage":"es"},{"@type":"Person","@id":"https:\/\/aeronoticias.com.pe\/noticiero\/#\/schema\/person\/fc1e5d578f4b62ba1cf7ac2bba1170a0","name":"Redacci\u00f3n Aeronoticias","url":"https:\/\/aeronoticias.com.pe\/noticiero\/author\/piloto\/"}]}},"_links":{"self":[{"href":"https:\/\/aeronoticias.com.pe\/noticiero\/wp-json\/wp\/v2\/posts\/53217","targetHints":{"allow":["GET"]}}],"collection":[{"href":"https:\/\/aeronoticias.com.pe\/noticiero\/wp-json\/wp\/v2\/posts"}],"about":[{"href":"https:\/\/aeronoticias.com.pe\/noticiero\/wp-json\/wp\/v2\/types\/post"}],"author":[{"embeddable":true,"href":"https:\/\/aeronoticias.com.pe\/noticiero\/wp-json\/wp\/v2\/users\/1"}],"replies":[{"embeddable":true,"href":"https:\/\/aeronoticias.com.pe\/noticiero\/wp-json\/wp\/v2\/comments?post=53217"}],"version-history":[{"count":0,"href":"https:\/\/aeronoticias.com.pe\/noticiero\/wp-json\/wp\/v2\/posts\/53217\/revisions"}],"wp:attachment":[{"href":"https:\/\/aeronoticias.com.pe\/noticiero\/wp-json\/wp\/v2\/media?parent=53217"}],"wp:term":[{"taxonomy":"category","embeddable":true,"href":"https:\/\/aeronoticias.com.pe\/noticiero\/wp-json\/wp\/v2\/categories?post=53217"},{"taxonomy":"post_tag","embeddable":true,"href":"https:\/\/aeronoticias.com.pe\/noticiero\/wp-json\/wp\/v2\/tags?post=53217"}],"curies":[{"name":"wp","href":"https:\/\/api.w.org\/{rel}","templated":true}]}}