{"id":53218,"date":"2015-07-30T18:26:59","date_gmt":"2015-07-30T18:26:59","guid":{"rendered":"http:\/\/desarrollo.mcvicious.com\/aero2020\/2015\/07\/30\/entrevista-al-embajador-de-armenia-en-argentina-alexan-haroutunian\/"},"modified":"2020-09-11T15:22:34","modified_gmt":"2020-09-11T15:22:34","slug":"entrevista-al-embajador-de-armenia-en-argentina-alexan-haroutunian","status":"publish","type":"post","link":"https:\/\/aeronoticias.com.pe\/noticiero\/diplomatica\/entrevista-al-embajador-de-armenia-en-argentina-alexan-haroutunian\/","title":{"rendered":"Entrevista al Embajador de Armenia en Argentina Alexan Haroutunian"},"content":{"rendered":"<p style=\"text-align: justify;\"><strong>(Aeronoticias) <\/strong>Nuestro corresponsal en Argentina\u00a0Juan Cruz Casti\u00f1eiras, entrevist\u00f3 al\u00a0Embajador de Armenia en Argentina Alexan Haroutunian.<\/p>\n<p style=\"text-align: justify;\"><strong> <\/strong><span style=\"font-size: 12.1599998474121px; line-height: 1.3em;\">\u00bfQu\u00e9 nos puede decir del centenario del denominado \u201cgenocidio armenio\u201d?<\/span><\/p>\n<p style=\"text-align: justify;\"><span style=\"font-size: 12.1599998474121px; line-height: 1.3em;\">Durante todo el a\u00f1o se record\u00f3 el centenario genocidio con muchos actos alusivos, sin embargo, la recordaci\u00f3n fundamental fue el 23 y 24 de abril en Erevan, la capital de la Rep\u00fablica de Armenia. Tambi\u00e9n hubo actos muy importantes en varios pa\u00edses del mundo y en la Rep\u00fablica Argentina. Debemos resaltar la misa que ofreci\u00f3 el Papa Francisco en la Bas\u00edlica de San San Pedro y sus declaraciones que tuvieron una gran importancia en los l\u00edderes de los diferentes pa\u00edses del mundo. El Papa no solo reconoci\u00f3 el genocidio armenio sino que proclam\u00f3 que fue el primer genocidio del siglo XX, fue muy importante considerar el genocidio armenio a la altura del holocausto y a los cr\u00edmenes de los \u201cnazis\u201d en general. No hay que olvidar esas palabras hist\u00f3ricas que pronunci\u00f3 Hitler cuando ordenaba a sus fuerzas el exterminio invocaba que en esa \u00e9poca nadie se acordaba de lo que hab\u00edan hecho con los armenios. Este centenario ha coincidido con nuevos reconocimientos expresados por Bolivia, Chile y Brasil ;y seguramente lo condenar\u00e1n otros pa\u00edses. El primer pa\u00eds que reconoci\u00f3 el genocidio armenio a los 50 a\u00f1os del mismo, en 1965, fue \u00a0Uruguay. Pareciera que ya no se puede detener el reconocimiento del genocidio, incluso, \u00a0los pa\u00edses que no han reconocido el genocidio no dicen que \u00e9ste no existi\u00f3 sino que por presiones pol\u00edticas no lo hacen todav\u00eda. Si bien el negacionismo turco a trav\u00e9s de estos 100 a\u00f1os ha sufrido cambios el fundamento de \u00e9ste no ha cambiado y a trav\u00e9s de su dirigencia intenta darle ciertas formalidades que a veces son rid\u00edculas en la pr\u00e1ctica. Si Turqu\u00eda no le puede explicar a su propio pueblo, \u00bfc\u00f3mo le va a explicar al mundo?. La prueba es que en una importante regi\u00f3n del imperio otomano hab\u00eda una poblaci\u00f3n armenia que no existe m\u00e1s, \u00a0ahora los turcos est\u00e1n all\u00ed y los armenios no est\u00e1n.<\/span><\/p>\n<p style=\"text-align: justify;\"><span style=\"font-size: 12.1599998474121px; line-height: 1.3em;\">El Presidente turco Erdogan propone la constituci\u00f3n de una comisi\u00f3n mixta entre historiadores armenios y turcos, \u00bfQu\u00e9 opinan en Armenia de esta propuesta turca?<\/span><\/p>\n<p style=\"text-align: justify;\"><span style=\"font-size: 12.1599998474121px; line-height: 1.3em;\">Eso no tiene sentido, es una forma moderna del negacionismo, se podr\u00eda decir que es un neonegacionismo. En eso no hay ning\u00fan tipo de l\u00f3gica para abordarlo seriamente. Armenia y Turqu\u00eda podr\u00edan establecer otro tipo de comisi\u00f3n explicando c\u00f3mo los turcos ocuparon esa parte de Armenia occidental que eso puede ser de inter\u00e9s para los historiadores. La comisi\u00f3n que propone Turqu\u00eda no solo es rid\u00edcula para los armenios sino para todo el mundo. Ellos tendr\u00edan que tener una actitud de la altura moral que han tenido los alemanes, a ning\u00fan alem\u00e1n se le hubieses ocurrido una propuesta semejante para reconocer su genocidio. Ellos tendr\u00edan que enfrentarse a su propio pasado.<\/span><\/p>\n<p style=\"text-align: justify;\"><span style=\"font-size: 12.1599998474121px; line-height: 1.3em;\">\u00bfC\u00f3mo se pueden mejorar la relaci\u00f3n entre armenios y turcos sin necesidad de invocar temas que ocurrieron en el pasado?<\/span><\/p>\n<p style=\"text-align: justify;\"><span style=\"font-size: 12.1599998474121px; line-height: 1.3em;\">Armenia lo ha decidido as\u00ed, mejorar y establecer relaciones con Turqu\u00eda sin ning\u00fan tipo de condicionamientos, \u00a0la que se niega es Turqu\u00eda que mantiene hace m\u00e1s de 20 a\u00f1os el bloqueo de la frontera. Hace a\u00f1os se firm\u00f3 un protocolo en Zurich pero Turqu\u00eda una vez firmado el protocolo empez\u00f3 a poner condicionamientos a partir del conflicto de Karabaj, como si Turqu\u00eda hubiese solucionado sus problemas ahora alega cuestiones de terceros estados.<\/span><\/p>\n<p style=\"text-align: justify;\"><span style=\"font-size: 12.1599998474121px; line-height: 1.3em;\">\u00bfEn su pa\u00eds anhelan constituir nuevamente la Gran Armenia?<\/span><\/p>\n<p style=\"text-align: justify;\"><span style=\"font-size: 12.1599998474121px; line-height: 1.3em;\">Esa idea parece que le surge a partir de hablar con nuestro Embajador vecino. La Gran Armenia hist\u00f3rica era un pa\u00eds que ten\u00eda salida a tres mares, nunca hemos ansiado eso. En la Armenia occidental hab\u00eda much\u00edsimos armenios y ahora no est\u00e1n. El holocausto del pueblo jud\u00edo ocurri\u00f3 en varios pa\u00edses pero nuestro genocidio ocurri\u00f3 en territorio armenio y el miedo de Turqu\u00eda est\u00e1 en ese punto.<\/span><\/p>\n<p style=\"text-align: justify;\"><span style=\"font-size: 12.1599998474121px; line-height: 1.3em;\">\u00bfSe podr\u00eda decir que Armenia tiene m\u00e1s afinidad con Rusia que con occidente?<\/span><\/p>\n<p style=\"text-align: justify;\"><span style=\"font-size: 12.1599998474121px; line-height: 1.3em;\">No lo definir\u00eda de esa manera, hoy Armenia tiene muy buenas relaciones con Rusia y con Occidente. \u00a0Tenemos buenas relaciones con Francia. Dentro de ciertas estructuras est\u00e1n conjuntamente Rusia y Armenia. Ejemplo el tratado de seguridad colectiva y de la uni\u00f3n econ\u00f3mica euroasi\u00e1tica. Dentro del territorio de Armenia hay una base rusa que es un elemento fundamental para nuestra seguridad, adem\u00e1s, tenemos una cooperaci\u00f3n muy estrecha con la OTAN.<\/span><\/p>\n<p style=\"text-align: justify;\"><span style=\"font-size: 12.1599998474121px; line-height: 1.3em;\">\u00bfC\u00f3mo contribuye la gran di\u00e1spora armenia con el fortalecimiento de su pa\u00eds?<\/span><\/p>\n<p style=\"text-align: justify;\"><span style=\"font-size: 12.1599998474121px; line-height: 1.3em;\">Hay 10 millones de armenios pero 3 millones vive en la Rep\u00fablica de Armenia, que es la madre patria de todos los armenios del mundo. Nosotros consideramos que Armenia es la patria de 10 millones de armenios.<\/span><\/p>\n<p style=\"text-align: justify;\"><span style=\"font-size: 12.1599998474121px; line-height: 1.3em;\">\u00bfPor qu\u00e9 en un pa\u00eds tan importante en la regi\u00f3n como Per\u00fa no hay embajada de Armenia?<\/span><\/p>\n<p style=\"text-align: justify;\"><span style=\"font-size: 12.1599998474121px; line-height: 1.3em;\">Armenia es un pa\u00eds con algunas limitaciones econ\u00f3micas, pero tenemos la esperanza de abrir una embajada all\u00ed. Tenemos con Per\u00fa estrechas relaciones, como uno de los dos embajadores en Am\u00e9rica pienso tener iniciativas importantes al respecto. En los primeros a\u00f1os las comunidades locales de armenios aseguraban el presupuesto de las embajadas, actualmente ya no es as\u00ed. Incluso la embajada en Argentina fue una donaci\u00f3n de los armenios en este pa\u00eds.<\/span><\/p>\n<p style=\"text-align: justify;\"><span style=\"font-size: 12.1599998474121px; line-height: 1.3em;\">\u00bfCu\u00e1l es el pa\u00eds donde m\u00e1s armenios o descendientes de ellos hay?<\/span><\/p>\n<p style=\"text-align: justify;\"><span style=\"font-size: 12.1599998474121px; line-height: 1.3em;\">En el mundo es Rusia, en Am\u00e9rica en EEUU, tambi\u00e9n hay muchos armenios en Canad\u00e1, Argentina, Brasil, Uruguay, Chile y Venezuela. En los pa\u00edses andinos como Bolivia, Per\u00fa y Ecuador no hay comunidad armenia.<\/span><\/p>\n<p style=\"text-align: justify;\"><span style=\"font-size: 12.1599998474121px; line-height: 1.3em;\"><img decoding=\"async\" src=\"images\/stories\/15\/07\/300715\/earmenia.jpg\" border=\"0\" \/><br \/><\/span><\/p>\n","protected":false},"excerpt":{"rendered":"<p>(Aeronoticias) Nuestro corresponsal en Argentina\u00a0Juan Cruz Casti\u00f1eiras, entrevist\u00f3 al\u00a0Embajador de Armenia en Argentina Alexan Haroutunian. \u00bfQu\u00e9 nos puede decir del centenario del denominado \u201cgenocidio armenio\u201d? Durante todo el a\u00f1o se record\u00f3 el centenario genocidio con muchos actos alusivos, sin embargo, la recordaci\u00f3n fundamental fue el 23 y 24 de abril en Erevan, la capital de [&hellip;]<\/p>\n","protected":false},"author":1,"featured_media":0,"comment_status":"open","ping_status":"open","sticky":false,"template":"","format":"standard","meta":{"tdm_status":"","tdm_grid_status":"","footnotes":""},"categories":[25],"tags":[],"class_list":{"0":"post-53218","1":"post","2":"type-post","3":"status-publish","4":"format-standard","6":"category-diplomatica"},"yoast_head":"<!-- This site is optimized with the Yoast SEO plugin v25.1 - https:\/\/yoast.com\/wordpress\/plugins\/seo\/ -->\n<title>Entrevista al Embajador de Armenia en Argentina Alexan Haroutunian<\/title>\n<meta name=\"description\" content=\"Portal de noticias del Per\u00fa sobre el transporte a\u00e9reo, aviaci\u00f3n, turismo, hoteleria, actualidad.\" \/>\n<meta name=\"robots\" content=\"index, follow, max-snippet:-1, max-image-preview:large, max-video-preview:-1\" \/>\n<link rel=\"canonical\" href=\"https:\/\/aeronoticias.com.pe\/noticiero\/diplomatica\/entrevista-al-embajador-de-armenia-en-argentina-alexan-haroutunian\/\" \/>\n<meta property=\"og:locale\" content=\"es_ES\" \/>\n<meta property=\"og:type\" content=\"article\" \/>\n<meta property=\"og:title\" content=\"Entrevista al Embajador de Armenia en Argentina Alexan Haroutunian\" \/>\n<meta property=\"og:description\" content=\"Portal de noticias del Per\u00fa sobre el transporte a\u00e9reo, aviaci\u00f3n, turismo, hoteleria, actualidad.\" \/>\n<meta property=\"og:url\" content=\"https:\/\/aeronoticias.com.pe\/noticiero\/diplomatica\/entrevista-al-embajador-de-armenia-en-argentina-alexan-haroutunian\/\" \/>\n<meta property=\"og:site_name\" content=\"Aeronoticias.com.pe\" \/>\n<meta property=\"article:publisher\" content=\"https:\/\/www.facebook.com\/Aeronoticias.com.pe\/\" \/>\n<meta property=\"article:published_time\" content=\"2015-07-30T18:26:59+00:00\" \/>\n<meta property=\"article:modified_time\" content=\"2020-09-11T15:22:34+00:00\" \/>\n<meta name=\"author\" content=\"Redacci\u00f3n Aeronoticias\" \/>\n<meta name=\"twitter:card\" content=\"summary_large_image\" \/>\n<meta name=\"twitter:creator\" content=\"@aeronoticias\" \/>\n<meta name=\"twitter:site\" content=\"@aeronoticias\" \/>\n<meta name=\"twitter:label1\" content=\"Escrito por\" \/>\n\t<meta name=\"twitter:data1\" content=\"Redacci\u00f3n Aeronoticias\" \/>\n\t<meta name=\"twitter:label2\" content=\"Tiempo de lectura\" \/>\n\t<meta name=\"twitter:data2\" content=\"5 minutos\" \/>\n<script type=\"application\/ld+json\" class=\"yoast-schema-graph\">{\"@context\":\"https:\/\/schema.org\",\"@graph\":[{\"@type\":\"WebPage\",\"@id\":\"https:\/\/aeronoticias.com.pe\/noticiero\/diplomatica\/entrevista-al-embajador-de-armenia-en-argentina-alexan-haroutunian\/\",\"url\":\"https:\/\/aeronoticias.com.pe\/noticiero\/diplomatica\/entrevista-al-embajador-de-armenia-en-argentina-alexan-haroutunian\/\",\"name\":\"Entrevista al Embajador de Armenia en Argentina Alexan Haroutunian\",\"isPartOf\":{\"@id\":\"https:\/\/aeronoticias.com.pe\/noticiero\/#website\"},\"datePublished\":\"2015-07-30T18:26:59+00:00\",\"dateModified\":\"2020-09-11T15:22:34+00:00\",\"author\":{\"@id\":\"https:\/\/aeronoticias.com.pe\/noticiero\/#\/schema\/person\/fc1e5d578f4b62ba1cf7ac2bba1170a0\"},\"description\":\"Portal de noticias del Per\u00fa sobre el transporte a\u00e9reo, aviaci\u00f3n, turismo, hoteleria, actualidad.\",\"breadcrumb\":{\"@id\":\"https:\/\/aeronoticias.com.pe\/noticiero\/diplomatica\/entrevista-al-embajador-de-armenia-en-argentina-alexan-haroutunian\/#breadcrumb\"},\"inLanguage\":\"es\",\"potentialAction\":[{\"@type\":\"ReadAction\",\"target\":[\"https:\/\/aeronoticias.com.pe\/noticiero\/diplomatica\/entrevista-al-embajador-de-armenia-en-argentina-alexan-haroutunian\/\"]}]},{\"@type\":\"BreadcrumbList\",\"@id\":\"https:\/\/aeronoticias.com.pe\/noticiero\/diplomatica\/entrevista-al-embajador-de-armenia-en-argentina-alexan-haroutunian\/#breadcrumb\",\"itemListElement\":[{\"@type\":\"ListItem\",\"position\":1,\"name\":\"Portada\",\"item\":\"https:\/\/aeronoticias.com.pe\/noticiero\/\"},{\"@type\":\"ListItem\",\"position\":2,\"name\":\"Entrevista al Embajador de Armenia en Argentina Alexan Haroutunian\"}]},{\"@type\":\"WebSite\",\"@id\":\"https:\/\/aeronoticias.com.pe\/noticiero\/#website\",\"url\":\"https:\/\/aeronoticias.com.pe\/noticiero\/\",\"name\":\"Aeronoticias.com.pe\",\"description\":\"Noticias de tranporte aereo, turismo, hoteles, gastronomia, actualidad, internacional\",\"potentialAction\":[{\"@type\":\"SearchAction\",\"target\":{\"@type\":\"EntryPoint\",\"urlTemplate\":\"https:\/\/aeronoticias.com.pe\/noticiero\/?s={search_term_string}\"},\"query-input\":{\"@type\":\"PropertyValueSpecification\",\"valueRequired\":true,\"valueName\":\"search_term_string\"}}],\"inLanguage\":\"es\"},{\"@type\":\"Person\",\"@id\":\"https:\/\/aeronoticias.com.pe\/noticiero\/#\/schema\/person\/fc1e5d578f4b62ba1cf7ac2bba1170a0\",\"name\":\"Redacci\u00f3n Aeronoticias\",\"url\":\"https:\/\/aeronoticias.com.pe\/noticiero\/author\/piloto\/\"}]}<\/script>\n<!-- \/ Yoast SEO plugin. -->","yoast_head_json":{"title":"Entrevista al Embajador de Armenia en Argentina Alexan Haroutunian","description":"Portal de noticias del Per\u00fa sobre el transporte a\u00e9reo, aviaci\u00f3n, turismo, hoteleria, actualidad.","robots":{"index":"index","follow":"follow","max-snippet":"max-snippet:-1","max-image-preview":"max-image-preview:large","max-video-preview":"max-video-preview:-1"},"canonical":"https:\/\/aeronoticias.com.pe\/noticiero\/diplomatica\/entrevista-al-embajador-de-armenia-en-argentina-alexan-haroutunian\/","og_locale":"es_ES","og_type":"article","og_title":"Entrevista al Embajador de Armenia en Argentina Alexan Haroutunian","og_description":"Portal de noticias del Per\u00fa sobre el transporte a\u00e9reo, aviaci\u00f3n, turismo, hoteleria, actualidad.","og_url":"https:\/\/aeronoticias.com.pe\/noticiero\/diplomatica\/entrevista-al-embajador-de-armenia-en-argentina-alexan-haroutunian\/","og_site_name":"Aeronoticias.com.pe","article_publisher":"https:\/\/www.facebook.com\/Aeronoticias.com.pe\/","article_published_time":"2015-07-30T18:26:59+00:00","article_modified_time":"2020-09-11T15:22:34+00:00","author":"Redacci\u00f3n Aeronoticias","twitter_card":"summary_large_image","twitter_creator":"@aeronoticias","twitter_site":"@aeronoticias","twitter_misc":{"Escrito por":"Redacci\u00f3n Aeronoticias","Tiempo de lectura":"5 minutos"},"schema":{"@context":"https:\/\/schema.org","@graph":[{"@type":"WebPage","@id":"https:\/\/aeronoticias.com.pe\/noticiero\/diplomatica\/entrevista-al-embajador-de-armenia-en-argentina-alexan-haroutunian\/","url":"https:\/\/aeronoticias.com.pe\/noticiero\/diplomatica\/entrevista-al-embajador-de-armenia-en-argentina-alexan-haroutunian\/","name":"Entrevista al Embajador de Armenia en Argentina Alexan Haroutunian","isPartOf":{"@id":"https:\/\/aeronoticias.com.pe\/noticiero\/#website"},"datePublished":"2015-07-30T18:26:59+00:00","dateModified":"2020-09-11T15:22:34+00:00","author":{"@id":"https:\/\/aeronoticias.com.pe\/noticiero\/#\/schema\/person\/fc1e5d578f4b62ba1cf7ac2bba1170a0"},"description":"Portal de noticias del Per\u00fa sobre el transporte a\u00e9reo, aviaci\u00f3n, turismo, hoteleria, actualidad.","breadcrumb":{"@id":"https:\/\/aeronoticias.com.pe\/noticiero\/diplomatica\/entrevista-al-embajador-de-armenia-en-argentina-alexan-haroutunian\/#breadcrumb"},"inLanguage":"es","potentialAction":[{"@type":"ReadAction","target":["https:\/\/aeronoticias.com.pe\/noticiero\/diplomatica\/entrevista-al-embajador-de-armenia-en-argentina-alexan-haroutunian\/"]}]},{"@type":"BreadcrumbList","@id":"https:\/\/aeronoticias.com.pe\/noticiero\/diplomatica\/entrevista-al-embajador-de-armenia-en-argentina-alexan-haroutunian\/#breadcrumb","itemListElement":[{"@type":"ListItem","position":1,"name":"Portada","item":"https:\/\/aeronoticias.com.pe\/noticiero\/"},{"@type":"ListItem","position":2,"name":"Entrevista al Embajador de Armenia en Argentina Alexan Haroutunian"}]},{"@type":"WebSite","@id":"https:\/\/aeronoticias.com.pe\/noticiero\/#website","url":"https:\/\/aeronoticias.com.pe\/noticiero\/","name":"Aeronoticias.com.pe","description":"Noticias de tranporte aereo, turismo, hoteles, gastronomia, actualidad, internacional","potentialAction":[{"@type":"SearchAction","target":{"@type":"EntryPoint","urlTemplate":"https:\/\/aeronoticias.com.pe\/noticiero\/?s={search_term_string}"},"query-input":{"@type":"PropertyValueSpecification","valueRequired":true,"valueName":"search_term_string"}}],"inLanguage":"es"},{"@type":"Person","@id":"https:\/\/aeronoticias.com.pe\/noticiero\/#\/schema\/person\/fc1e5d578f4b62ba1cf7ac2bba1170a0","name":"Redacci\u00f3n Aeronoticias","url":"https:\/\/aeronoticias.com.pe\/noticiero\/author\/piloto\/"}]}},"_links":{"self":[{"href":"https:\/\/aeronoticias.com.pe\/noticiero\/wp-json\/wp\/v2\/posts\/53218","targetHints":{"allow":["GET"]}}],"collection":[{"href":"https:\/\/aeronoticias.com.pe\/noticiero\/wp-json\/wp\/v2\/posts"}],"about":[{"href":"https:\/\/aeronoticias.com.pe\/noticiero\/wp-json\/wp\/v2\/types\/post"}],"author":[{"embeddable":true,"href":"https:\/\/aeronoticias.com.pe\/noticiero\/wp-json\/wp\/v2\/users\/1"}],"replies":[{"embeddable":true,"href":"https:\/\/aeronoticias.com.pe\/noticiero\/wp-json\/wp\/v2\/comments?post=53218"}],"version-history":[{"count":0,"href":"https:\/\/aeronoticias.com.pe\/noticiero\/wp-json\/wp\/v2\/posts\/53218\/revisions"}],"wp:attachment":[{"href":"https:\/\/aeronoticias.com.pe\/noticiero\/wp-json\/wp\/v2\/media?parent=53218"}],"wp:term":[{"taxonomy":"category","embeddable":true,"href":"https:\/\/aeronoticias.com.pe\/noticiero\/wp-json\/wp\/v2\/categories?post=53218"},{"taxonomy":"post_tag","embeddable":true,"href":"https:\/\/aeronoticias.com.pe\/noticiero\/wp-json\/wp\/v2\/tags?post=53218"}],"curies":[{"name":"wp","href":"https:\/\/api.w.org\/{rel}","templated":true}]}}