{"id":53221,"date":"2015-07-30T21:11:18","date_gmt":"2015-07-30T21:11:18","guid":{"rendered":"http:\/\/desarrollo.mcvicious.com\/aero2020\/2015\/07\/30\/avion-de-turkish-airlines-aterriza-en-polonia-por-sospecha-de-bomba\/"},"modified":"2015-07-30T21:11:18","modified_gmt":"2015-07-30T21:11:18","slug":"avion-de-turkish-airlines-aterriza-en-polonia-por-sospecha-de-bomba","status":"publish","type":"post","link":"https:\/\/aeronoticias.com.pe\/noticiero\/transporte-aereo\/internacional\/avion-de-turkish-airlines-aterriza-en-polonia-por-sospecha-de-bomba\/","title":{"rendered":"Avi\u00f3n de Turkish Airlines aterriza en Polonia por sospecha de bomba"},"content":{"rendered":"<p style=\"text-align: justify;\"><strong>(Aeronoticias)<\/strong>.-\u00a0<span style=\"font-size: 12.1599998474121px; line-height: 1.3em;\">Un avi\u00f3n de la l\u00ednea a\u00e9rea turca Turkish Airlines, en vuelo de Estambul a San Francisco (EEUU), ha efectuado hoy un aterrizaje imprevisto en Varsovia (Polonia) por una sospecha de bomba, al hallarse un tel\u00e9fono m\u00f3vil sin due\u00f1o en la cabina.<\/span><\/p>\n<p style=\"text-align: justify;\">El piloto del avi\u00f3n, que hab\u00eda partido de Estambul a las 10.30 GMT, tom\u00f3 la medida de precauci\u00f3n de aterrizar en la capital polaca, donde los pasajeros fueron evacuados a la terminal, inform\u00f3 la agencia turca Anadolu, cit\u00f3 Efe.<\/p>\n<p style=\"text-align: justify;\">Tras efectuarse una inspecci\u00f3n del avi\u00f3n por equipos de seguridad y no hallarse rastro de nada anormal, el aparato continu\u00f3 vuelo hacia Estados Unidos.<\/p>\n<p style=\"text-align: justify;\">A finales de marzo, Turkish Airlines interrumpi\u00f3 tres vuelos internacionales de largo recorrido por hallarse notas manuscritas con el aviso \u00abHay una bomba\u00bb, aunque todas esas amenazas resultaron ser falsas.<\/p>\n<p style=\"text-align: justify;\">A mediados de julio, la compa\u00f1\u00eda anunci\u00f3 que hab\u00eda detectado y despedido al autor de los avisos, un oficial de cabina, pero hace justo una semana volvi\u00f3 a hallarse una nota similar, esta vez en un avi\u00f3n que ya hab\u00eda aterrizado en Estambul, procedente de Estonia.<\/p>\n<p style=\"text-align: justify;\">Fuente: <span style=\"text-decoration: underline;\"><em><strong>Aviaci\u00f3n al d\u00eda<\/strong><\/em><\/span>.<\/p>\n<p style=\"text-align: justify;\"><img decoding=\"async\" src=\"http:\/\/1.bp.blogspot.com\/-AwJW8MX5AcE\/VbqBDPV99EI\/AAAAAAAAo2Q\/YsWmvv-Vulg\/s1600\/Turkish%2BAirlines.png\" border=\"0\" \/><\/p>\n","protected":false},"excerpt":{"rendered":"<p>(Aeronoticias).-\u00a0Un avi\u00f3n de la l\u00ednea a\u00e9rea turca Turkish Airlines, en vuelo de Estambul a San Francisco (EEUU), ha efectuado hoy un aterrizaje imprevisto en Varsovia (Polonia) por una sospecha de bomba, al hallarse un tel\u00e9fono m\u00f3vil sin due\u00f1o en la cabina. El piloto del avi\u00f3n, que hab\u00eda partido de Estambul a las 10.30 GMT, tom\u00f3 [&hellip;]<\/p>\n","protected":false},"author":1,"featured_media":0,"comment_status":"open","ping_status":"open","sticky":false,"template":"","format":"standard","meta":{"tdm_status":"","tdm_grid_status":"","footnotes":""},"categories":[32],"tags":[],"class_list":{"0":"post-53221","1":"post","2":"type-post","3":"status-publish","4":"format-standard","6":"category-internacional"},"yoast_head":"<!-- This site is optimized with the Yoast SEO plugin v25.1 - https:\/\/yoast.com\/wordpress\/plugins\/seo\/ -->\n<title>Avi\u00f3n de Turkish Airlines aterriza en Polonia por sospecha de bomba<\/title>\n<meta name=\"description\" content=\"Portal de noticias del Per\u00fa sobre el transporte a\u00e9reo, aviaci\u00f3n, turismo, hoteleria, actualidad.\" \/>\n<meta name=\"robots\" content=\"index, follow, max-snippet:-1, max-image-preview:large, max-video-preview:-1\" \/>\n<link rel=\"canonical\" href=\"https:\/\/aeronoticias.com.pe\/noticiero\/transporte-aereo\/internacional\/avion-de-turkish-airlines-aterriza-en-polonia-por-sospecha-de-bomba\/\" \/>\n<meta property=\"og:locale\" content=\"es_ES\" \/>\n<meta property=\"og:type\" content=\"article\" \/>\n<meta property=\"og:title\" content=\"Avi\u00f3n de Turkish Airlines aterriza en Polonia por sospecha de bomba\" \/>\n<meta property=\"og:description\" content=\"Portal de noticias del Per\u00fa sobre el transporte a\u00e9reo, aviaci\u00f3n, turismo, hoteleria, actualidad.\" \/>\n<meta property=\"og:url\" content=\"https:\/\/aeronoticias.com.pe\/noticiero\/transporte-aereo\/internacional\/avion-de-turkish-airlines-aterriza-en-polonia-por-sospecha-de-bomba\/\" \/>\n<meta property=\"og:site_name\" content=\"Aeronoticias.com.pe\" \/>\n<meta property=\"article:publisher\" content=\"https:\/\/www.facebook.com\/Aeronoticias.com.pe\/\" \/>\n<meta property=\"article:published_time\" content=\"2015-07-30T21:11:18+00:00\" \/>\n<meta property=\"og:image\" content=\"http:\/\/1.bp.blogspot.com\/-AwJW8MX5AcE\/VbqBDPV99EI\/AAAAAAAAo2Q\/YsWmvv-Vulg\/s1600\/Turkish%2BAirlines.png\" \/>\n<meta name=\"author\" content=\"Redacci\u00f3n Aeronoticias\" \/>\n<meta name=\"twitter:card\" content=\"summary_large_image\" \/>\n<meta name=\"twitter:creator\" content=\"@aeronoticias\" \/>\n<meta name=\"twitter:site\" content=\"@aeronoticias\" \/>\n<meta name=\"twitter:label1\" content=\"Escrito por\" \/>\n\t<meta name=\"twitter:data1\" content=\"Redacci\u00f3n Aeronoticias\" \/>\n\t<meta name=\"twitter:label2\" content=\"Tiempo de lectura\" \/>\n\t<meta name=\"twitter:data2\" content=\"1 minuto\" \/>\n<script type=\"application\/ld+json\" class=\"yoast-schema-graph\">{\"@context\":\"https:\/\/schema.org\",\"@graph\":[{\"@type\":\"WebPage\",\"@id\":\"https:\/\/aeronoticias.com.pe\/noticiero\/transporte-aereo\/internacional\/avion-de-turkish-airlines-aterriza-en-polonia-por-sospecha-de-bomba\/\",\"url\":\"https:\/\/aeronoticias.com.pe\/noticiero\/transporte-aereo\/internacional\/avion-de-turkish-airlines-aterriza-en-polonia-por-sospecha-de-bomba\/\",\"name\":\"Avi\u00f3n de Turkish Airlines aterriza en Polonia por sospecha de bomba\",\"isPartOf\":{\"@id\":\"https:\/\/aeronoticias.com.pe\/noticiero\/#website\"},\"primaryImageOfPage\":{\"@id\":\"https:\/\/aeronoticias.com.pe\/noticiero\/transporte-aereo\/internacional\/avion-de-turkish-airlines-aterriza-en-polonia-por-sospecha-de-bomba\/#primaryimage\"},\"image\":{\"@id\":\"https:\/\/aeronoticias.com.pe\/noticiero\/transporte-aereo\/internacional\/avion-de-turkish-airlines-aterriza-en-polonia-por-sospecha-de-bomba\/#primaryimage\"},\"thumbnailUrl\":\"http:\/\/1.bp.blogspot.com\/-AwJW8MX5AcE\/VbqBDPV99EI\/AAAAAAAAo2Q\/YsWmvv-Vulg\/s1600\/Turkish%2BAirlines.png\",\"datePublished\":\"2015-07-30T21:11:18+00:00\",\"author\":{\"@id\":\"https:\/\/aeronoticias.com.pe\/noticiero\/#\/schema\/person\/fc1e5d578f4b62ba1cf7ac2bba1170a0\"},\"description\":\"Portal de noticias del Per\u00fa sobre el transporte a\u00e9reo, aviaci\u00f3n, turismo, hoteleria, actualidad.\",\"breadcrumb\":{\"@id\":\"https:\/\/aeronoticias.com.pe\/noticiero\/transporte-aereo\/internacional\/avion-de-turkish-airlines-aterriza-en-polonia-por-sospecha-de-bomba\/#breadcrumb\"},\"inLanguage\":\"es\",\"potentialAction\":[{\"@type\":\"ReadAction\",\"target\":[\"https:\/\/aeronoticias.com.pe\/noticiero\/transporte-aereo\/internacional\/avion-de-turkish-airlines-aterriza-en-polonia-por-sospecha-de-bomba\/\"]}]},{\"@type\":\"ImageObject\",\"inLanguage\":\"es\",\"@id\":\"https:\/\/aeronoticias.com.pe\/noticiero\/transporte-aereo\/internacional\/avion-de-turkish-airlines-aterriza-en-polonia-por-sospecha-de-bomba\/#primaryimage\",\"url\":\"http:\/\/1.bp.blogspot.com\/-AwJW8MX5AcE\/VbqBDPV99EI\/AAAAAAAAo2Q\/YsWmvv-Vulg\/s1600\/Turkish%2BAirlines.png\",\"contentUrl\":\"http:\/\/1.bp.blogspot.com\/-AwJW8MX5AcE\/VbqBDPV99EI\/AAAAAAAAo2Q\/YsWmvv-Vulg\/s1600\/Turkish%2BAirlines.png\"},{\"@type\":\"BreadcrumbList\",\"@id\":\"https:\/\/aeronoticias.com.pe\/noticiero\/transporte-aereo\/internacional\/avion-de-turkish-airlines-aterriza-en-polonia-por-sospecha-de-bomba\/#breadcrumb\",\"itemListElement\":[{\"@type\":\"ListItem\",\"position\":1,\"name\":\"Portada\",\"item\":\"https:\/\/aeronoticias.com.pe\/noticiero\/\"},{\"@type\":\"ListItem\",\"position\":2,\"name\":\"Avi\u00f3n de Turkish Airlines aterriza en Polonia por sospecha de bomba\"}]},{\"@type\":\"WebSite\",\"@id\":\"https:\/\/aeronoticias.com.pe\/noticiero\/#website\",\"url\":\"https:\/\/aeronoticias.com.pe\/noticiero\/\",\"name\":\"Aeronoticias.com.pe\",\"description\":\"Noticias de tranporte aereo, turismo, hoteles, gastronomia, actualidad, internacional\",\"potentialAction\":[{\"@type\":\"SearchAction\",\"target\":{\"@type\":\"EntryPoint\",\"urlTemplate\":\"https:\/\/aeronoticias.com.pe\/noticiero\/?s={search_term_string}\"},\"query-input\":{\"@type\":\"PropertyValueSpecification\",\"valueRequired\":true,\"valueName\":\"search_term_string\"}}],\"inLanguage\":\"es\"},{\"@type\":\"Person\",\"@id\":\"https:\/\/aeronoticias.com.pe\/noticiero\/#\/schema\/person\/fc1e5d578f4b62ba1cf7ac2bba1170a0\",\"name\":\"Redacci\u00f3n Aeronoticias\",\"url\":\"https:\/\/aeronoticias.com.pe\/noticiero\/author\/piloto\/\"}]}<\/script>\n<!-- \/ Yoast SEO plugin. -->","yoast_head_json":{"title":"Avi\u00f3n de Turkish Airlines aterriza en Polonia por sospecha de bomba","description":"Portal de noticias del Per\u00fa sobre el transporte a\u00e9reo, aviaci\u00f3n, turismo, hoteleria, actualidad.","robots":{"index":"index","follow":"follow","max-snippet":"max-snippet:-1","max-image-preview":"max-image-preview:large","max-video-preview":"max-video-preview:-1"},"canonical":"https:\/\/aeronoticias.com.pe\/noticiero\/transporte-aereo\/internacional\/avion-de-turkish-airlines-aterriza-en-polonia-por-sospecha-de-bomba\/","og_locale":"es_ES","og_type":"article","og_title":"Avi\u00f3n de Turkish Airlines aterriza en Polonia por sospecha de bomba","og_description":"Portal de noticias del Per\u00fa sobre el transporte a\u00e9reo, aviaci\u00f3n, turismo, hoteleria, actualidad.","og_url":"https:\/\/aeronoticias.com.pe\/noticiero\/transporte-aereo\/internacional\/avion-de-turkish-airlines-aterriza-en-polonia-por-sospecha-de-bomba\/","og_site_name":"Aeronoticias.com.pe","article_publisher":"https:\/\/www.facebook.com\/Aeronoticias.com.pe\/","article_published_time":"2015-07-30T21:11:18+00:00","og_image":[{"url":"http:\/\/1.bp.blogspot.com\/-AwJW8MX5AcE\/VbqBDPV99EI\/AAAAAAAAo2Q\/YsWmvv-Vulg\/s1600\/Turkish%2BAirlines.png","type":"","width":"","height":""}],"author":"Redacci\u00f3n Aeronoticias","twitter_card":"summary_large_image","twitter_creator":"@aeronoticias","twitter_site":"@aeronoticias","twitter_misc":{"Escrito por":"Redacci\u00f3n Aeronoticias","Tiempo de lectura":"1 minuto"},"schema":{"@context":"https:\/\/schema.org","@graph":[{"@type":"WebPage","@id":"https:\/\/aeronoticias.com.pe\/noticiero\/transporte-aereo\/internacional\/avion-de-turkish-airlines-aterriza-en-polonia-por-sospecha-de-bomba\/","url":"https:\/\/aeronoticias.com.pe\/noticiero\/transporte-aereo\/internacional\/avion-de-turkish-airlines-aterriza-en-polonia-por-sospecha-de-bomba\/","name":"Avi\u00f3n de Turkish Airlines aterriza en Polonia por sospecha de bomba","isPartOf":{"@id":"https:\/\/aeronoticias.com.pe\/noticiero\/#website"},"primaryImageOfPage":{"@id":"https:\/\/aeronoticias.com.pe\/noticiero\/transporte-aereo\/internacional\/avion-de-turkish-airlines-aterriza-en-polonia-por-sospecha-de-bomba\/#primaryimage"},"image":{"@id":"https:\/\/aeronoticias.com.pe\/noticiero\/transporte-aereo\/internacional\/avion-de-turkish-airlines-aterriza-en-polonia-por-sospecha-de-bomba\/#primaryimage"},"thumbnailUrl":"http:\/\/1.bp.blogspot.com\/-AwJW8MX5AcE\/VbqBDPV99EI\/AAAAAAAAo2Q\/YsWmvv-Vulg\/s1600\/Turkish%2BAirlines.png","datePublished":"2015-07-30T21:11:18+00:00","author":{"@id":"https:\/\/aeronoticias.com.pe\/noticiero\/#\/schema\/person\/fc1e5d578f4b62ba1cf7ac2bba1170a0"},"description":"Portal de noticias del Per\u00fa sobre el transporte a\u00e9reo, aviaci\u00f3n, turismo, hoteleria, actualidad.","breadcrumb":{"@id":"https:\/\/aeronoticias.com.pe\/noticiero\/transporte-aereo\/internacional\/avion-de-turkish-airlines-aterriza-en-polonia-por-sospecha-de-bomba\/#breadcrumb"},"inLanguage":"es","potentialAction":[{"@type":"ReadAction","target":["https:\/\/aeronoticias.com.pe\/noticiero\/transporte-aereo\/internacional\/avion-de-turkish-airlines-aterriza-en-polonia-por-sospecha-de-bomba\/"]}]},{"@type":"ImageObject","inLanguage":"es","@id":"https:\/\/aeronoticias.com.pe\/noticiero\/transporte-aereo\/internacional\/avion-de-turkish-airlines-aterriza-en-polonia-por-sospecha-de-bomba\/#primaryimage","url":"http:\/\/1.bp.blogspot.com\/-AwJW8MX5AcE\/VbqBDPV99EI\/AAAAAAAAo2Q\/YsWmvv-Vulg\/s1600\/Turkish%2BAirlines.png","contentUrl":"http:\/\/1.bp.blogspot.com\/-AwJW8MX5AcE\/VbqBDPV99EI\/AAAAAAAAo2Q\/YsWmvv-Vulg\/s1600\/Turkish%2BAirlines.png"},{"@type":"BreadcrumbList","@id":"https:\/\/aeronoticias.com.pe\/noticiero\/transporte-aereo\/internacional\/avion-de-turkish-airlines-aterriza-en-polonia-por-sospecha-de-bomba\/#breadcrumb","itemListElement":[{"@type":"ListItem","position":1,"name":"Portada","item":"https:\/\/aeronoticias.com.pe\/noticiero\/"},{"@type":"ListItem","position":2,"name":"Avi\u00f3n de Turkish Airlines aterriza en Polonia por sospecha de bomba"}]},{"@type":"WebSite","@id":"https:\/\/aeronoticias.com.pe\/noticiero\/#website","url":"https:\/\/aeronoticias.com.pe\/noticiero\/","name":"Aeronoticias.com.pe","description":"Noticias de tranporte aereo, turismo, hoteles, gastronomia, actualidad, internacional","potentialAction":[{"@type":"SearchAction","target":{"@type":"EntryPoint","urlTemplate":"https:\/\/aeronoticias.com.pe\/noticiero\/?s={search_term_string}"},"query-input":{"@type":"PropertyValueSpecification","valueRequired":true,"valueName":"search_term_string"}}],"inLanguage":"es"},{"@type":"Person","@id":"https:\/\/aeronoticias.com.pe\/noticiero\/#\/schema\/person\/fc1e5d578f4b62ba1cf7ac2bba1170a0","name":"Redacci\u00f3n Aeronoticias","url":"https:\/\/aeronoticias.com.pe\/noticiero\/author\/piloto\/"}]}},"_links":{"self":[{"href":"https:\/\/aeronoticias.com.pe\/noticiero\/wp-json\/wp\/v2\/posts\/53221","targetHints":{"allow":["GET"]}}],"collection":[{"href":"https:\/\/aeronoticias.com.pe\/noticiero\/wp-json\/wp\/v2\/posts"}],"about":[{"href":"https:\/\/aeronoticias.com.pe\/noticiero\/wp-json\/wp\/v2\/types\/post"}],"author":[{"embeddable":true,"href":"https:\/\/aeronoticias.com.pe\/noticiero\/wp-json\/wp\/v2\/users\/1"}],"replies":[{"embeddable":true,"href":"https:\/\/aeronoticias.com.pe\/noticiero\/wp-json\/wp\/v2\/comments?post=53221"}],"version-history":[{"count":0,"href":"https:\/\/aeronoticias.com.pe\/noticiero\/wp-json\/wp\/v2\/posts\/53221\/revisions"}],"wp:attachment":[{"href":"https:\/\/aeronoticias.com.pe\/noticiero\/wp-json\/wp\/v2\/media?parent=53221"}],"wp:term":[{"taxonomy":"category","embeddable":true,"href":"https:\/\/aeronoticias.com.pe\/noticiero\/wp-json\/wp\/v2\/categories?post=53221"},{"taxonomy":"post_tag","embeddable":true,"href":"https:\/\/aeronoticias.com.pe\/noticiero\/wp-json\/wp\/v2\/tags?post=53221"}],"curies":[{"name":"wp","href":"https:\/\/api.w.org\/{rel}","templated":true}]}}