{"id":53222,"date":"2015-07-30T22:14:37","date_gmt":"2015-07-30T22:14:37","guid":{"rendered":"http:\/\/desarrollo.mcvicious.com\/aero2020\/2015\/07\/30\/roma-retrasos-en-aeropuerto-un-dia-despues-del-incendio\/"},"modified":"2015-07-30T22:14:37","modified_gmt":"2015-07-30T22:14:37","slug":"roma-retrasos-en-aeropuerto-un-dia-despues-del-incendio","status":"publish","type":"post","link":"https:\/\/aeronoticias.com.pe\/noticiero\/transporte-aereo\/internacional\/roma-retrasos-en-aeropuerto-un-dia-despues-del-incendio\/","title":{"rendered":"Roma: Retrasos en aeropuerto un d\u00eda despu\u00e9s del incendio"},"content":{"rendered":"<p style=\"text-align: justify;\"><strong>(Aeronoticias).<\/strong>&#8211;\u00a0El aeropuerto de Roma-Fiumicino vivi\u00f3 otra jornada complicada este jueves por los retrasos, la c\u00f3lera de los pasajeros y hasta un apag\u00f3n de 20 minutos que sembr\u00f3 caos y desesperaci\u00f3n.<\/p>\n<p style=\"text-align: justify;\">La situaci\u00f3n del principal aeropuerto de la capital italiana, entre los m\u00e1s traficados de Europa, sigue complicada despu\u00e9s de que el mi\u00e9rcoles un incendio en un bosque cercano a las pistas de aterrizaje obligara a cancelar por dos horas todos los vuelos, cit\u00f3 AFP.<\/p>\n<p style=\"text-align: justify;\">La mayor\u00eda de los vuelos acumularon m\u00e1s de una hora de retardo este jueves lo que provoc\u00f3 la c\u00f3lera de los pasajeros, justo en los d\u00edas de m\u00e1s tr\u00e1fico por las vacaciones de verano en Europa.<\/p>\n<p style=\"text-align: justify;\">Los diarios y las televisiones italianos divulgaron videos con escenas de desesperaci\u00f3n de los pasajeros, entre ellos de un grupo de espa\u00f1oles que ped\u00edan en coro que el vuelo partiera.<\/p>\n<p style=\"text-align: justify;\">Un cortocircuito caus\u00f3 adem\u00e1s un apag\u00f3n de 20 minutos lo que agrav\u00f3 la congesti\u00f3n del aeropuerto.<\/p>\n<p style=\"text-align: justify;\">Tambi\u00e9n Alitalia ha mostrado su irritaci\u00f3n, ya que adem\u00e1s registr\u00f3 la semana pasada un paro promovido por el sindicato de pilotos.<\/p>\n<p style=\"text-align: justify;\">La compa\u00f1\u00eda pidi\u00f3 una indemnizaci\u00f3n de 80 millones por los incendios, al tiempo que ha amenazado con abandonar Fiumicino y construir otro aeropuerto si el actual no es remodelado.<\/p>\n<p style=\"text-align: justify;\">El aeropuerto de Roma-Fiumicino hab\u00eda registrado enormes perturbaciones en mayo, cuando un incendio en la terminal 3 oblig\u00f3 a reducir el 40% del tr\u00e1fico durante varias semanas.<\/p>\n<p style=\"text-align: justify;\"><span style=\"font-size: 12.1599998474121px; line-height: 1.3em;\">\u00abEs una situaci\u00f3n intolerable. Es la segunda vez en pocos meses y no es posible que el aeropuerto de Fiumicino se paralice. Ahora, basta. Es impensable que el principal aeropuerto italiano, en alta temporada de verano, est\u00e9 a merced de incidentes o, peor a\u00fan, de malintencionados y delincuentes\u00bb, lament\u00f3 el primer ministro Matteo Renzi, quien pidi\u00f3 al ministerio del Interior que investigue a fondo si el incendio fue provocado intencionalmente.<\/span><\/p>\n<p style=\"text-align: justify;\"><span style=\"font-size: 12.1599998474121px; line-height: 1.3em;\">Fuente: <span style=\"text-decoration: underline;\"><em><strong>Aviaci\u00f3n al d\u00eda<\/strong><\/em><\/span>.<\/span><\/p>\n<p style=\"text-align: justify;\"><img decoding=\"async\" src=\"http:\/\/4.bp.blogspot.com\/-25RsiSE4q8M\/Vbp4P4bM6aI\/AAAAAAAAo2A\/OusYeXw4MTg\/s1600\/roma%2Bairport.png\" border=\"0\" \/><\/p>\n","protected":false},"excerpt":{"rendered":"<p>(Aeronoticias).&#8211;\u00a0El aeropuerto de Roma-Fiumicino vivi\u00f3 otra jornada complicada este jueves por los retrasos, la c\u00f3lera de los pasajeros y hasta un apag\u00f3n de 20 minutos que sembr\u00f3 caos y desesperaci\u00f3n. La situaci\u00f3n del principal aeropuerto de la capital italiana, entre los m\u00e1s traficados de Europa, sigue complicada despu\u00e9s de que el mi\u00e9rcoles un incendio en [&hellip;]<\/p>\n","protected":false},"author":1,"featured_media":0,"comment_status":"open","ping_status":"open","sticky":false,"template":"","format":"standard","meta":{"tdm_status":"","tdm_grid_status":"","footnotes":""},"categories":[32],"tags":[],"class_list":{"0":"post-53222","1":"post","2":"type-post","3":"status-publish","4":"format-standard","6":"category-internacional"},"yoast_head":"<!-- This site is optimized with the Yoast SEO plugin v25.1 - https:\/\/yoast.com\/wordpress\/plugins\/seo\/ -->\n<title>Roma: Retrasos en aeropuerto un d\u00eda despu\u00e9s del incendio<\/title>\n<meta name=\"description\" content=\"Portal de noticias del Per\u00fa sobre el transporte a\u00e9reo, aviaci\u00f3n, turismo, hoteleria, actualidad.\" \/>\n<meta name=\"robots\" content=\"index, follow, max-snippet:-1, max-image-preview:large, max-video-preview:-1\" \/>\n<link rel=\"canonical\" href=\"https:\/\/aeronoticias.com.pe\/noticiero\/transporte-aereo\/internacional\/roma-retrasos-en-aeropuerto-un-dia-despues-del-incendio\/\" \/>\n<meta property=\"og:locale\" content=\"es_ES\" \/>\n<meta property=\"og:type\" content=\"article\" \/>\n<meta property=\"og:title\" content=\"Roma: Retrasos en aeropuerto un d\u00eda despu\u00e9s del incendio\" \/>\n<meta property=\"og:description\" content=\"Portal de noticias del Per\u00fa sobre el transporte a\u00e9reo, aviaci\u00f3n, turismo, hoteleria, actualidad.\" \/>\n<meta property=\"og:url\" content=\"https:\/\/aeronoticias.com.pe\/noticiero\/transporte-aereo\/internacional\/roma-retrasos-en-aeropuerto-un-dia-despues-del-incendio\/\" \/>\n<meta property=\"og:site_name\" content=\"Aeronoticias.com.pe\" \/>\n<meta property=\"article:publisher\" content=\"https:\/\/www.facebook.com\/Aeronoticias.com.pe\/\" \/>\n<meta property=\"article:published_time\" content=\"2015-07-30T22:14:37+00:00\" \/>\n<meta property=\"og:image\" content=\"http:\/\/4.bp.blogspot.com\/-25RsiSE4q8M\/Vbp4P4bM6aI\/AAAAAAAAo2A\/OusYeXw4MTg\/s1600\/roma%2Bairport.png\" \/>\n<meta name=\"author\" content=\"Redacci\u00f3n Aeronoticias\" \/>\n<meta name=\"twitter:card\" content=\"summary_large_image\" \/>\n<meta name=\"twitter:creator\" content=\"@aeronoticias\" \/>\n<meta name=\"twitter:site\" content=\"@aeronoticias\" \/>\n<meta name=\"twitter:label1\" content=\"Escrito por\" \/>\n\t<meta name=\"twitter:data1\" content=\"Redacci\u00f3n Aeronoticias\" \/>\n\t<meta name=\"twitter:label2\" content=\"Tiempo de lectura\" \/>\n\t<meta name=\"twitter:data2\" content=\"2 minutos\" \/>\n<script type=\"application\/ld+json\" class=\"yoast-schema-graph\">{\"@context\":\"https:\/\/schema.org\",\"@graph\":[{\"@type\":\"WebPage\",\"@id\":\"https:\/\/aeronoticias.com.pe\/noticiero\/transporte-aereo\/internacional\/roma-retrasos-en-aeropuerto-un-dia-despues-del-incendio\/\",\"url\":\"https:\/\/aeronoticias.com.pe\/noticiero\/transporte-aereo\/internacional\/roma-retrasos-en-aeropuerto-un-dia-despues-del-incendio\/\",\"name\":\"Roma: Retrasos en aeropuerto un d\u00eda despu\u00e9s del incendio\",\"isPartOf\":{\"@id\":\"https:\/\/aeronoticias.com.pe\/noticiero\/#website\"},\"primaryImageOfPage\":{\"@id\":\"https:\/\/aeronoticias.com.pe\/noticiero\/transporte-aereo\/internacional\/roma-retrasos-en-aeropuerto-un-dia-despues-del-incendio\/#primaryimage\"},\"image\":{\"@id\":\"https:\/\/aeronoticias.com.pe\/noticiero\/transporte-aereo\/internacional\/roma-retrasos-en-aeropuerto-un-dia-despues-del-incendio\/#primaryimage\"},\"thumbnailUrl\":\"http:\/\/4.bp.blogspot.com\/-25RsiSE4q8M\/Vbp4P4bM6aI\/AAAAAAAAo2A\/OusYeXw4MTg\/s1600\/roma%2Bairport.png\",\"datePublished\":\"2015-07-30T22:14:37+00:00\",\"author\":{\"@id\":\"https:\/\/aeronoticias.com.pe\/noticiero\/#\/schema\/person\/fc1e5d578f4b62ba1cf7ac2bba1170a0\"},\"description\":\"Portal de noticias del Per\u00fa sobre el transporte a\u00e9reo, aviaci\u00f3n, turismo, hoteleria, actualidad.\",\"breadcrumb\":{\"@id\":\"https:\/\/aeronoticias.com.pe\/noticiero\/transporte-aereo\/internacional\/roma-retrasos-en-aeropuerto-un-dia-despues-del-incendio\/#breadcrumb\"},\"inLanguage\":\"es\",\"potentialAction\":[{\"@type\":\"ReadAction\",\"target\":[\"https:\/\/aeronoticias.com.pe\/noticiero\/transporte-aereo\/internacional\/roma-retrasos-en-aeropuerto-un-dia-despues-del-incendio\/\"]}]},{\"@type\":\"ImageObject\",\"inLanguage\":\"es\",\"@id\":\"https:\/\/aeronoticias.com.pe\/noticiero\/transporte-aereo\/internacional\/roma-retrasos-en-aeropuerto-un-dia-despues-del-incendio\/#primaryimage\",\"url\":\"http:\/\/4.bp.blogspot.com\/-25RsiSE4q8M\/Vbp4P4bM6aI\/AAAAAAAAo2A\/OusYeXw4MTg\/s1600\/roma%2Bairport.png\",\"contentUrl\":\"http:\/\/4.bp.blogspot.com\/-25RsiSE4q8M\/Vbp4P4bM6aI\/AAAAAAAAo2A\/OusYeXw4MTg\/s1600\/roma%2Bairport.png\"},{\"@type\":\"BreadcrumbList\",\"@id\":\"https:\/\/aeronoticias.com.pe\/noticiero\/transporte-aereo\/internacional\/roma-retrasos-en-aeropuerto-un-dia-despues-del-incendio\/#breadcrumb\",\"itemListElement\":[{\"@type\":\"ListItem\",\"position\":1,\"name\":\"Portada\",\"item\":\"https:\/\/aeronoticias.com.pe\/noticiero\/\"},{\"@type\":\"ListItem\",\"position\":2,\"name\":\"Roma: Retrasos en aeropuerto un d\u00eda despu\u00e9s del incendio\"}]},{\"@type\":\"WebSite\",\"@id\":\"https:\/\/aeronoticias.com.pe\/noticiero\/#website\",\"url\":\"https:\/\/aeronoticias.com.pe\/noticiero\/\",\"name\":\"Aeronoticias.com.pe\",\"description\":\"Noticias de tranporte aereo, turismo, hoteles, gastronomia, actualidad, internacional\",\"potentialAction\":[{\"@type\":\"SearchAction\",\"target\":{\"@type\":\"EntryPoint\",\"urlTemplate\":\"https:\/\/aeronoticias.com.pe\/noticiero\/?s={search_term_string}\"},\"query-input\":{\"@type\":\"PropertyValueSpecification\",\"valueRequired\":true,\"valueName\":\"search_term_string\"}}],\"inLanguage\":\"es\"},{\"@type\":\"Person\",\"@id\":\"https:\/\/aeronoticias.com.pe\/noticiero\/#\/schema\/person\/fc1e5d578f4b62ba1cf7ac2bba1170a0\",\"name\":\"Redacci\u00f3n Aeronoticias\",\"url\":\"https:\/\/aeronoticias.com.pe\/noticiero\/author\/piloto\/\"}]}<\/script>\n<!-- \/ Yoast SEO plugin. -->","yoast_head_json":{"title":"Roma: Retrasos en aeropuerto un d\u00eda despu\u00e9s del incendio","description":"Portal de noticias del Per\u00fa sobre el transporte a\u00e9reo, aviaci\u00f3n, turismo, hoteleria, actualidad.","robots":{"index":"index","follow":"follow","max-snippet":"max-snippet:-1","max-image-preview":"max-image-preview:large","max-video-preview":"max-video-preview:-1"},"canonical":"https:\/\/aeronoticias.com.pe\/noticiero\/transporte-aereo\/internacional\/roma-retrasos-en-aeropuerto-un-dia-despues-del-incendio\/","og_locale":"es_ES","og_type":"article","og_title":"Roma: Retrasos en aeropuerto un d\u00eda despu\u00e9s del incendio","og_description":"Portal de noticias del Per\u00fa sobre el transporte a\u00e9reo, aviaci\u00f3n, turismo, hoteleria, actualidad.","og_url":"https:\/\/aeronoticias.com.pe\/noticiero\/transporte-aereo\/internacional\/roma-retrasos-en-aeropuerto-un-dia-despues-del-incendio\/","og_site_name":"Aeronoticias.com.pe","article_publisher":"https:\/\/www.facebook.com\/Aeronoticias.com.pe\/","article_published_time":"2015-07-30T22:14:37+00:00","og_image":[{"url":"http:\/\/4.bp.blogspot.com\/-25RsiSE4q8M\/Vbp4P4bM6aI\/AAAAAAAAo2A\/OusYeXw4MTg\/s1600\/roma%2Bairport.png","type":"","width":"","height":""}],"author":"Redacci\u00f3n Aeronoticias","twitter_card":"summary_large_image","twitter_creator":"@aeronoticias","twitter_site":"@aeronoticias","twitter_misc":{"Escrito por":"Redacci\u00f3n Aeronoticias","Tiempo de lectura":"2 minutos"},"schema":{"@context":"https:\/\/schema.org","@graph":[{"@type":"WebPage","@id":"https:\/\/aeronoticias.com.pe\/noticiero\/transporte-aereo\/internacional\/roma-retrasos-en-aeropuerto-un-dia-despues-del-incendio\/","url":"https:\/\/aeronoticias.com.pe\/noticiero\/transporte-aereo\/internacional\/roma-retrasos-en-aeropuerto-un-dia-despues-del-incendio\/","name":"Roma: Retrasos en aeropuerto un d\u00eda despu\u00e9s del incendio","isPartOf":{"@id":"https:\/\/aeronoticias.com.pe\/noticiero\/#website"},"primaryImageOfPage":{"@id":"https:\/\/aeronoticias.com.pe\/noticiero\/transporte-aereo\/internacional\/roma-retrasos-en-aeropuerto-un-dia-despues-del-incendio\/#primaryimage"},"image":{"@id":"https:\/\/aeronoticias.com.pe\/noticiero\/transporte-aereo\/internacional\/roma-retrasos-en-aeropuerto-un-dia-despues-del-incendio\/#primaryimage"},"thumbnailUrl":"http:\/\/4.bp.blogspot.com\/-25RsiSE4q8M\/Vbp4P4bM6aI\/AAAAAAAAo2A\/OusYeXw4MTg\/s1600\/roma%2Bairport.png","datePublished":"2015-07-30T22:14:37+00:00","author":{"@id":"https:\/\/aeronoticias.com.pe\/noticiero\/#\/schema\/person\/fc1e5d578f4b62ba1cf7ac2bba1170a0"},"description":"Portal de noticias del Per\u00fa sobre el transporte a\u00e9reo, aviaci\u00f3n, turismo, hoteleria, actualidad.","breadcrumb":{"@id":"https:\/\/aeronoticias.com.pe\/noticiero\/transporte-aereo\/internacional\/roma-retrasos-en-aeropuerto-un-dia-despues-del-incendio\/#breadcrumb"},"inLanguage":"es","potentialAction":[{"@type":"ReadAction","target":["https:\/\/aeronoticias.com.pe\/noticiero\/transporte-aereo\/internacional\/roma-retrasos-en-aeropuerto-un-dia-despues-del-incendio\/"]}]},{"@type":"ImageObject","inLanguage":"es","@id":"https:\/\/aeronoticias.com.pe\/noticiero\/transporte-aereo\/internacional\/roma-retrasos-en-aeropuerto-un-dia-despues-del-incendio\/#primaryimage","url":"http:\/\/4.bp.blogspot.com\/-25RsiSE4q8M\/Vbp4P4bM6aI\/AAAAAAAAo2A\/OusYeXw4MTg\/s1600\/roma%2Bairport.png","contentUrl":"http:\/\/4.bp.blogspot.com\/-25RsiSE4q8M\/Vbp4P4bM6aI\/AAAAAAAAo2A\/OusYeXw4MTg\/s1600\/roma%2Bairport.png"},{"@type":"BreadcrumbList","@id":"https:\/\/aeronoticias.com.pe\/noticiero\/transporte-aereo\/internacional\/roma-retrasos-en-aeropuerto-un-dia-despues-del-incendio\/#breadcrumb","itemListElement":[{"@type":"ListItem","position":1,"name":"Portada","item":"https:\/\/aeronoticias.com.pe\/noticiero\/"},{"@type":"ListItem","position":2,"name":"Roma: Retrasos en aeropuerto un d\u00eda despu\u00e9s del incendio"}]},{"@type":"WebSite","@id":"https:\/\/aeronoticias.com.pe\/noticiero\/#website","url":"https:\/\/aeronoticias.com.pe\/noticiero\/","name":"Aeronoticias.com.pe","description":"Noticias de tranporte aereo, turismo, hoteles, gastronomia, actualidad, internacional","potentialAction":[{"@type":"SearchAction","target":{"@type":"EntryPoint","urlTemplate":"https:\/\/aeronoticias.com.pe\/noticiero\/?s={search_term_string}"},"query-input":{"@type":"PropertyValueSpecification","valueRequired":true,"valueName":"search_term_string"}}],"inLanguage":"es"},{"@type":"Person","@id":"https:\/\/aeronoticias.com.pe\/noticiero\/#\/schema\/person\/fc1e5d578f4b62ba1cf7ac2bba1170a0","name":"Redacci\u00f3n Aeronoticias","url":"https:\/\/aeronoticias.com.pe\/noticiero\/author\/piloto\/"}]}},"_links":{"self":[{"href":"https:\/\/aeronoticias.com.pe\/noticiero\/wp-json\/wp\/v2\/posts\/53222","targetHints":{"allow":["GET"]}}],"collection":[{"href":"https:\/\/aeronoticias.com.pe\/noticiero\/wp-json\/wp\/v2\/posts"}],"about":[{"href":"https:\/\/aeronoticias.com.pe\/noticiero\/wp-json\/wp\/v2\/types\/post"}],"author":[{"embeddable":true,"href":"https:\/\/aeronoticias.com.pe\/noticiero\/wp-json\/wp\/v2\/users\/1"}],"replies":[{"embeddable":true,"href":"https:\/\/aeronoticias.com.pe\/noticiero\/wp-json\/wp\/v2\/comments?post=53222"}],"version-history":[{"count":0,"href":"https:\/\/aeronoticias.com.pe\/noticiero\/wp-json\/wp\/v2\/posts\/53222\/revisions"}],"wp:attachment":[{"href":"https:\/\/aeronoticias.com.pe\/noticiero\/wp-json\/wp\/v2\/media?parent=53222"}],"wp:term":[{"taxonomy":"category","embeddable":true,"href":"https:\/\/aeronoticias.com.pe\/noticiero\/wp-json\/wp\/v2\/categories?post=53222"},{"taxonomy":"post_tag","embeddable":true,"href":"https:\/\/aeronoticias.com.pe\/noticiero\/wp-json\/wp\/v2\/tags?post=53222"}],"curies":[{"name":"wp","href":"https:\/\/api.w.org\/{rel}","templated":true}]}}