{"id":53223,"date":"2015-07-30T22:22:20","date_gmt":"2015-07-30T22:22:20","guid":{"rendered":"http:\/\/desarrollo.mcvicious.com\/aero2020\/2015\/07\/30\/ryanair-unira-madrid-con-la-ciudad-alemana-de-hamburgo-a-partir-de-noviembre\/"},"modified":"2015-07-30T22:22:20","modified_gmt":"2015-07-30T22:22:20","slug":"ryanair-unira-madrid-con-la-ciudad-alemana-de-hamburgo-a-partir-de-noviembre","status":"publish","type":"post","link":"https:\/\/aeronoticias.com.pe\/noticiero\/transporte-aereo\/internacional\/ryanair-unira-madrid-con-la-ciudad-alemana-de-hamburgo-a-partir-de-noviembre\/","title":{"rendered":"Ryanair unir\u00e1 Madrid con la ciudad alemana de Hamburgo a partir de noviembre"},"content":{"rendered":"<p style=\"text-align: justify;\"><strong>(Aeronoticias)<\/strong>.-\u00a0<span style=\"font-size: 12.1599998474121px; line-height: 1.3em;\">La aerol\u00ednea de bajo coste irlandesa Ryanair ha anunciado hoy la apertura de una nueva ruta desde Madrid a Hamburgo, que operar\u00e1 diariamente a partir del pr\u00f3ximo 4 de noviembre, como parte de la ampliaci\u00f3n del calendario de vuelos para este invierno.<\/span><\/p>\n<p style=\"text-align: justify;\">La conexi\u00f3n se suma a las cinco nuevas rutas para este invierno ya anunciadas por la compa\u00f1\u00eda a Berl\u00edn, Bratislava, Bucarest, Copenhague y Vilna.<\/p>\n<p style=\"text-align: justify;\">Adem\u00e1s, la compa\u00f1\u00eda ofrecer\u00e1 este invierno m\u00e1s frecuencias en once rutas, entre ellas Dubl\u00edn, Londres, Manchester y Varsovia.<\/p>\n<p style=\"text-align: justify;\">En total, operar\u00e1 38 rutas en el calendario de invierno, lo que permitir\u00e1 transportar 5,7 millones de clientes y mantener 5.700 puestos de trabajo en el aeropuerto madrile\u00f1o.<\/p>\n<p style=\"text-align: justify;\">Los vuelos de la nueva ruta a Hamburgo estar\u00e1n a la venta a partir de ma\u00f1ana en la web de Ryanair.com.<\/p>\n<p style=\"text-align: justify;\">Fuente: <span style=\"text-decoration: underline;\"><strong><em>Aviaci\u00f3n al d\u00eda<\/em><\/strong><\/span>.<\/p>\n<p style=\"text-align: justify;\"><img decoding=\"async\" src=\"http:\/\/aviationweek.com\/site-files\/aviationweek.com\/files\/uploads\/2013\/09\/ryanairkeithgaskell1.jpg\" border=\"0\" \/><\/p>\n","protected":false},"excerpt":{"rendered":"<p>(Aeronoticias).-\u00a0La aerol\u00ednea de bajo coste irlandesa Ryanair ha anunciado hoy la apertura de una nueva ruta desde Madrid a Hamburgo, que operar\u00e1 diariamente a partir del pr\u00f3ximo 4 de noviembre, como parte de la ampliaci\u00f3n del calendario de vuelos para este invierno. La conexi\u00f3n se suma a las cinco nuevas rutas para este invierno ya [&hellip;]<\/p>\n","protected":false},"author":1,"featured_media":0,"comment_status":"open","ping_status":"open","sticky":false,"template":"","format":"standard","meta":{"tdm_status":"","tdm_grid_status":"","footnotes":""},"categories":[32],"tags":[],"class_list":{"0":"post-53223","1":"post","2":"type-post","3":"status-publish","4":"format-standard","6":"category-internacional"},"yoast_head":"<!-- This site is optimized with the Yoast SEO plugin v25.1 - https:\/\/yoast.com\/wordpress\/plugins\/seo\/ -->\n<title>Ryanair unir\u00e1 Madrid con la ciudad alemana de Hamburgo a partir de noviembre<\/title>\n<meta name=\"description\" content=\"Portal de noticias del Per\u00fa sobre el transporte a\u00e9reo, aviaci\u00f3n, turismo, hoteleria, actualidad.\" \/>\n<meta name=\"robots\" content=\"index, follow, max-snippet:-1, max-image-preview:large, max-video-preview:-1\" \/>\n<link rel=\"canonical\" href=\"https:\/\/aeronoticias.com.pe\/noticiero\/transporte-aereo\/internacional\/ryanair-unira-madrid-con-la-ciudad-alemana-de-hamburgo-a-partir-de-noviembre\/\" \/>\n<meta property=\"og:locale\" content=\"es_ES\" \/>\n<meta property=\"og:type\" content=\"article\" \/>\n<meta property=\"og:title\" content=\"Ryanair unir\u00e1 Madrid con la ciudad alemana de Hamburgo a partir de noviembre\" \/>\n<meta property=\"og:description\" content=\"Portal de noticias del Per\u00fa sobre el transporte a\u00e9reo, aviaci\u00f3n, turismo, hoteleria, actualidad.\" \/>\n<meta property=\"og:url\" content=\"https:\/\/aeronoticias.com.pe\/noticiero\/transporte-aereo\/internacional\/ryanair-unira-madrid-con-la-ciudad-alemana-de-hamburgo-a-partir-de-noviembre\/\" \/>\n<meta property=\"og:site_name\" content=\"Aeronoticias.com.pe\" \/>\n<meta property=\"article:publisher\" content=\"https:\/\/www.facebook.com\/Aeronoticias.com.pe\/\" \/>\n<meta property=\"article:published_time\" content=\"2015-07-30T22:22:20+00:00\" \/>\n<meta property=\"og:image\" content=\"http:\/\/aviationweek.com\/site-files\/aviationweek.com\/files\/uploads\/2013\/09\/ryanairkeithgaskell1.jpg\" \/>\n<meta name=\"author\" content=\"Redacci\u00f3n Aeronoticias\" \/>\n<meta name=\"twitter:card\" content=\"summary_large_image\" \/>\n<meta name=\"twitter:creator\" content=\"@aeronoticias\" \/>\n<meta name=\"twitter:site\" content=\"@aeronoticias\" \/>\n<meta name=\"twitter:label1\" content=\"Escrito por\" \/>\n\t<meta name=\"twitter:data1\" content=\"Redacci\u00f3n Aeronoticias\" \/>\n\t<meta name=\"twitter:label2\" content=\"Tiempo de lectura\" \/>\n\t<meta name=\"twitter:data2\" content=\"1 minuto\" \/>\n<script type=\"application\/ld+json\" class=\"yoast-schema-graph\">{\"@context\":\"https:\/\/schema.org\",\"@graph\":[{\"@type\":\"WebPage\",\"@id\":\"https:\/\/aeronoticias.com.pe\/noticiero\/transporte-aereo\/internacional\/ryanair-unira-madrid-con-la-ciudad-alemana-de-hamburgo-a-partir-de-noviembre\/\",\"url\":\"https:\/\/aeronoticias.com.pe\/noticiero\/transporte-aereo\/internacional\/ryanair-unira-madrid-con-la-ciudad-alemana-de-hamburgo-a-partir-de-noviembre\/\",\"name\":\"Ryanair unir\u00e1 Madrid con la ciudad alemana de Hamburgo a partir de noviembre\",\"isPartOf\":{\"@id\":\"https:\/\/aeronoticias.com.pe\/noticiero\/#website\"},\"primaryImageOfPage\":{\"@id\":\"https:\/\/aeronoticias.com.pe\/noticiero\/transporte-aereo\/internacional\/ryanair-unira-madrid-con-la-ciudad-alemana-de-hamburgo-a-partir-de-noviembre\/#primaryimage\"},\"image\":{\"@id\":\"https:\/\/aeronoticias.com.pe\/noticiero\/transporte-aereo\/internacional\/ryanair-unira-madrid-con-la-ciudad-alemana-de-hamburgo-a-partir-de-noviembre\/#primaryimage\"},\"thumbnailUrl\":\"http:\/\/aviationweek.com\/site-files\/aviationweek.com\/files\/uploads\/2013\/09\/ryanairkeithgaskell1.jpg\",\"datePublished\":\"2015-07-30T22:22:20+00:00\",\"author\":{\"@id\":\"https:\/\/aeronoticias.com.pe\/noticiero\/#\/schema\/person\/fc1e5d578f4b62ba1cf7ac2bba1170a0\"},\"description\":\"Portal de noticias del Per\u00fa sobre el transporte a\u00e9reo, aviaci\u00f3n, turismo, hoteleria, actualidad.\",\"breadcrumb\":{\"@id\":\"https:\/\/aeronoticias.com.pe\/noticiero\/transporte-aereo\/internacional\/ryanair-unira-madrid-con-la-ciudad-alemana-de-hamburgo-a-partir-de-noviembre\/#breadcrumb\"},\"inLanguage\":\"es\",\"potentialAction\":[{\"@type\":\"ReadAction\",\"target\":[\"https:\/\/aeronoticias.com.pe\/noticiero\/transporte-aereo\/internacional\/ryanair-unira-madrid-con-la-ciudad-alemana-de-hamburgo-a-partir-de-noviembre\/\"]}]},{\"@type\":\"ImageObject\",\"inLanguage\":\"es\",\"@id\":\"https:\/\/aeronoticias.com.pe\/noticiero\/transporte-aereo\/internacional\/ryanair-unira-madrid-con-la-ciudad-alemana-de-hamburgo-a-partir-de-noviembre\/#primaryimage\",\"url\":\"http:\/\/aviationweek.com\/site-files\/aviationweek.com\/files\/uploads\/2013\/09\/ryanairkeithgaskell1.jpg\",\"contentUrl\":\"http:\/\/aviationweek.com\/site-files\/aviationweek.com\/files\/uploads\/2013\/09\/ryanairkeithgaskell1.jpg\"},{\"@type\":\"BreadcrumbList\",\"@id\":\"https:\/\/aeronoticias.com.pe\/noticiero\/transporte-aereo\/internacional\/ryanair-unira-madrid-con-la-ciudad-alemana-de-hamburgo-a-partir-de-noviembre\/#breadcrumb\",\"itemListElement\":[{\"@type\":\"ListItem\",\"position\":1,\"name\":\"Portada\",\"item\":\"https:\/\/aeronoticias.com.pe\/noticiero\/\"},{\"@type\":\"ListItem\",\"position\":2,\"name\":\"Ryanair unir\u00e1 Madrid con la ciudad alemana de Hamburgo a partir de noviembre\"}]},{\"@type\":\"WebSite\",\"@id\":\"https:\/\/aeronoticias.com.pe\/noticiero\/#website\",\"url\":\"https:\/\/aeronoticias.com.pe\/noticiero\/\",\"name\":\"Aeronoticias.com.pe\",\"description\":\"Noticias de tranporte aereo, turismo, hoteles, gastronomia, actualidad, internacional\",\"potentialAction\":[{\"@type\":\"SearchAction\",\"target\":{\"@type\":\"EntryPoint\",\"urlTemplate\":\"https:\/\/aeronoticias.com.pe\/noticiero\/?s={search_term_string}\"},\"query-input\":{\"@type\":\"PropertyValueSpecification\",\"valueRequired\":true,\"valueName\":\"search_term_string\"}}],\"inLanguage\":\"es\"},{\"@type\":\"Person\",\"@id\":\"https:\/\/aeronoticias.com.pe\/noticiero\/#\/schema\/person\/fc1e5d578f4b62ba1cf7ac2bba1170a0\",\"name\":\"Redacci\u00f3n Aeronoticias\",\"url\":\"https:\/\/aeronoticias.com.pe\/noticiero\/author\/piloto\/\"}]}<\/script>\n<!-- \/ Yoast SEO plugin. -->","yoast_head_json":{"title":"Ryanair unir\u00e1 Madrid con la ciudad alemana de Hamburgo a partir de noviembre","description":"Portal de noticias del Per\u00fa sobre el transporte a\u00e9reo, aviaci\u00f3n, turismo, hoteleria, actualidad.","robots":{"index":"index","follow":"follow","max-snippet":"max-snippet:-1","max-image-preview":"max-image-preview:large","max-video-preview":"max-video-preview:-1"},"canonical":"https:\/\/aeronoticias.com.pe\/noticiero\/transporte-aereo\/internacional\/ryanair-unira-madrid-con-la-ciudad-alemana-de-hamburgo-a-partir-de-noviembre\/","og_locale":"es_ES","og_type":"article","og_title":"Ryanair unir\u00e1 Madrid con la ciudad alemana de Hamburgo a partir de noviembre","og_description":"Portal de noticias del Per\u00fa sobre el transporte a\u00e9reo, aviaci\u00f3n, turismo, hoteleria, actualidad.","og_url":"https:\/\/aeronoticias.com.pe\/noticiero\/transporte-aereo\/internacional\/ryanair-unira-madrid-con-la-ciudad-alemana-de-hamburgo-a-partir-de-noviembre\/","og_site_name":"Aeronoticias.com.pe","article_publisher":"https:\/\/www.facebook.com\/Aeronoticias.com.pe\/","article_published_time":"2015-07-30T22:22:20+00:00","og_image":[{"url":"http:\/\/aviationweek.com\/site-files\/aviationweek.com\/files\/uploads\/2013\/09\/ryanairkeithgaskell1.jpg","type":"","width":"","height":""}],"author":"Redacci\u00f3n Aeronoticias","twitter_card":"summary_large_image","twitter_creator":"@aeronoticias","twitter_site":"@aeronoticias","twitter_misc":{"Escrito por":"Redacci\u00f3n Aeronoticias","Tiempo de lectura":"1 minuto"},"schema":{"@context":"https:\/\/schema.org","@graph":[{"@type":"WebPage","@id":"https:\/\/aeronoticias.com.pe\/noticiero\/transporte-aereo\/internacional\/ryanair-unira-madrid-con-la-ciudad-alemana-de-hamburgo-a-partir-de-noviembre\/","url":"https:\/\/aeronoticias.com.pe\/noticiero\/transporte-aereo\/internacional\/ryanair-unira-madrid-con-la-ciudad-alemana-de-hamburgo-a-partir-de-noviembre\/","name":"Ryanair unir\u00e1 Madrid con la ciudad alemana de Hamburgo a partir de noviembre","isPartOf":{"@id":"https:\/\/aeronoticias.com.pe\/noticiero\/#website"},"primaryImageOfPage":{"@id":"https:\/\/aeronoticias.com.pe\/noticiero\/transporte-aereo\/internacional\/ryanair-unira-madrid-con-la-ciudad-alemana-de-hamburgo-a-partir-de-noviembre\/#primaryimage"},"image":{"@id":"https:\/\/aeronoticias.com.pe\/noticiero\/transporte-aereo\/internacional\/ryanair-unira-madrid-con-la-ciudad-alemana-de-hamburgo-a-partir-de-noviembre\/#primaryimage"},"thumbnailUrl":"http:\/\/aviationweek.com\/site-files\/aviationweek.com\/files\/uploads\/2013\/09\/ryanairkeithgaskell1.jpg","datePublished":"2015-07-30T22:22:20+00:00","author":{"@id":"https:\/\/aeronoticias.com.pe\/noticiero\/#\/schema\/person\/fc1e5d578f4b62ba1cf7ac2bba1170a0"},"description":"Portal de noticias del Per\u00fa sobre el transporte a\u00e9reo, aviaci\u00f3n, turismo, hoteleria, actualidad.","breadcrumb":{"@id":"https:\/\/aeronoticias.com.pe\/noticiero\/transporte-aereo\/internacional\/ryanair-unira-madrid-con-la-ciudad-alemana-de-hamburgo-a-partir-de-noviembre\/#breadcrumb"},"inLanguage":"es","potentialAction":[{"@type":"ReadAction","target":["https:\/\/aeronoticias.com.pe\/noticiero\/transporte-aereo\/internacional\/ryanair-unira-madrid-con-la-ciudad-alemana-de-hamburgo-a-partir-de-noviembre\/"]}]},{"@type":"ImageObject","inLanguage":"es","@id":"https:\/\/aeronoticias.com.pe\/noticiero\/transporte-aereo\/internacional\/ryanair-unira-madrid-con-la-ciudad-alemana-de-hamburgo-a-partir-de-noviembre\/#primaryimage","url":"http:\/\/aviationweek.com\/site-files\/aviationweek.com\/files\/uploads\/2013\/09\/ryanairkeithgaskell1.jpg","contentUrl":"http:\/\/aviationweek.com\/site-files\/aviationweek.com\/files\/uploads\/2013\/09\/ryanairkeithgaskell1.jpg"},{"@type":"BreadcrumbList","@id":"https:\/\/aeronoticias.com.pe\/noticiero\/transporte-aereo\/internacional\/ryanair-unira-madrid-con-la-ciudad-alemana-de-hamburgo-a-partir-de-noviembre\/#breadcrumb","itemListElement":[{"@type":"ListItem","position":1,"name":"Portada","item":"https:\/\/aeronoticias.com.pe\/noticiero\/"},{"@type":"ListItem","position":2,"name":"Ryanair unir\u00e1 Madrid con la ciudad alemana de Hamburgo a partir de noviembre"}]},{"@type":"WebSite","@id":"https:\/\/aeronoticias.com.pe\/noticiero\/#website","url":"https:\/\/aeronoticias.com.pe\/noticiero\/","name":"Aeronoticias.com.pe","description":"Noticias de tranporte aereo, turismo, hoteles, gastronomia, actualidad, internacional","potentialAction":[{"@type":"SearchAction","target":{"@type":"EntryPoint","urlTemplate":"https:\/\/aeronoticias.com.pe\/noticiero\/?s={search_term_string}"},"query-input":{"@type":"PropertyValueSpecification","valueRequired":true,"valueName":"search_term_string"}}],"inLanguage":"es"},{"@type":"Person","@id":"https:\/\/aeronoticias.com.pe\/noticiero\/#\/schema\/person\/fc1e5d578f4b62ba1cf7ac2bba1170a0","name":"Redacci\u00f3n Aeronoticias","url":"https:\/\/aeronoticias.com.pe\/noticiero\/author\/piloto\/"}]}},"_links":{"self":[{"href":"https:\/\/aeronoticias.com.pe\/noticiero\/wp-json\/wp\/v2\/posts\/53223","targetHints":{"allow":["GET"]}}],"collection":[{"href":"https:\/\/aeronoticias.com.pe\/noticiero\/wp-json\/wp\/v2\/posts"}],"about":[{"href":"https:\/\/aeronoticias.com.pe\/noticiero\/wp-json\/wp\/v2\/types\/post"}],"author":[{"embeddable":true,"href":"https:\/\/aeronoticias.com.pe\/noticiero\/wp-json\/wp\/v2\/users\/1"}],"replies":[{"embeddable":true,"href":"https:\/\/aeronoticias.com.pe\/noticiero\/wp-json\/wp\/v2\/comments?post=53223"}],"version-history":[{"count":0,"href":"https:\/\/aeronoticias.com.pe\/noticiero\/wp-json\/wp\/v2\/posts\/53223\/revisions"}],"wp:attachment":[{"href":"https:\/\/aeronoticias.com.pe\/noticiero\/wp-json\/wp\/v2\/media?parent=53223"}],"wp:term":[{"taxonomy":"category","embeddable":true,"href":"https:\/\/aeronoticias.com.pe\/noticiero\/wp-json\/wp\/v2\/categories?post=53223"},{"taxonomy":"post_tag","embeddable":true,"href":"https:\/\/aeronoticias.com.pe\/noticiero\/wp-json\/wp\/v2\/tags?post=53223"}],"curies":[{"name":"wp","href":"https:\/\/api.w.org\/{rel}","templated":true}]}}