{"id":53225,"date":"2015-07-30T22:31:09","date_gmt":"2015-07-30T22:31:09","guid":{"rendered":"http:\/\/desarrollo.mcvicious.com\/aero2020\/2015\/07\/30\/se-indignan-por-un-leon-muerto-pero-no-por-bebes-abortados\/"},"modified":"2015-07-30T22:31:09","modified_gmt":"2015-07-30T22:31:09","slug":"se-indignan-por-un-leon-muerto-pero-no-por-bebes-abortados","status":"publish","type":"post","link":"https:\/\/aeronoticias.com.pe\/noticiero\/internacionales\/se-indignan-por-un-leon-muerto-pero-no-por-bebes-abortados\/","title":{"rendered":"&#8216;Se indignan por un le\u00f3n muerto, pero no por beb\u00e9s abortados&#8217;"},"content":{"rendered":"<p style=\"text-align: justify;\"><strong>(Aeronoticias)<\/strong>.-\u00a0El senador de Florida y precandidato republicano, Marco Rubio, critic\u00f3 la atenci\u00f3n que le dan los medios y usuarios de redes sociales a la noticia sobre la muerte de Cecil, el le\u00f3n m\u00e1s famoso de Zimbabue, y el desinter\u00e9s por temas como el aborto, promovidos en Estados Unidos por la ONG Planned Parenthood.<\/p>\n<p style=\"text-align: justify;\">\u00abMiren la indignaci\u00f3n por la muerte de un le\u00f3n, pero donde est\u00e1 toda esa indignaci\u00f3n por los beb\u00e9s muertos en Planned Parenthood\u00bb, se\u00f1ala Rubio en su cuenta de Twitter.<\/p>\n<p style=\"text-align: justify;\">Otro l\u00edder republicano que se uni\u00f3 a la cr\u00edtica es el ex gobernador de Arkansas, Mike Huckabee. La denuncia del pol\u00edtico estadounidense se\u00f1ala que los centros de Planned Parenthood est\u00e1n hechos para \u00abcosechar los \u00f3rganos\u00bb de los beb\u00e9s abortados.<\/p>\n<p style=\"text-align: justify;\">\u00abQue la mayor\u00eda de medios nacionales est\u00e9n m\u00e1s preocupados con el le\u00f3n Cecil que con Planned Parenthood matando beb\u00e9s para cosechar sus \u00f3rganos es inconcebible\u00bb, se\u00f1ala el mensaje de Huckabee.<\/p>\n<p style=\"text-align: justify;\">Ambos pol\u00edticos centraron su atenci\u00f3n en el tema luego que una agrupaci\u00f3n antiabortos difundiera un video en el que denuncia las pr\u00e1cticas realizadas por Planned Parenthood y recoge el testimonio de una supuesta ex trabajadora que asegura que en los centros se trafica con tejidos de beb\u00e9s abortados.<\/p>\n<p style=\"text-align: justify;\">Fuente: <span style=\"text-decoration: underline;\"><em><strong>El Comercio<\/strong><\/em><\/span>.<\/p>\n<p style=\"text-align: justify;\"><img decoding=\"async\" src=\"https:\/\/scontent-mia1-1.xx.fbcdn.net\/hphotos-xpt1\/v\/t1.0-9\/11825678_1595989503996408_5879408474470137_n.jpg?oh=0531acc2b5ee02421b38985b52b54136&amp;oe=565349FD\" border=\"0\" \/><\/p>\n","protected":false},"excerpt":{"rendered":"<p>(Aeronoticias).-\u00a0El senador de Florida y precandidato republicano, Marco Rubio, critic\u00f3 la atenci\u00f3n que le dan los medios y usuarios de redes sociales a la noticia sobre la muerte de Cecil, el le\u00f3n m\u00e1s famoso de Zimbabue, y el desinter\u00e9s por temas como el aborto, promovidos en Estados Unidos por la ONG Planned Parenthood. \u00abMiren la [&hellip;]<\/p>\n","protected":false},"author":1,"featured_media":0,"comment_status":"open","ping_status":"open","sticky":false,"template":"","format":"standard","meta":{"tdm_status":"","tdm_grid_status":"","footnotes":""},"categories":[34],"tags":[],"class_list":{"0":"post-53225","1":"post","2":"type-post","3":"status-publish","4":"format-standard","6":"category-internacionales"},"yoast_head":"<!-- This site is optimized with the Yoast SEO plugin v25.1 - https:\/\/yoast.com\/wordpress\/plugins\/seo\/ -->\n<title>&#039;Se indignan por un le\u00f3n muerto, pero no por beb\u00e9s abortados&#039;<\/title>\n<meta name=\"description\" content=\"Portal de noticias del Per\u00fa sobre el transporte a\u00e9reo, aviaci\u00f3n, turismo, hoteleria, actualidad.\" \/>\n<meta name=\"robots\" content=\"index, follow, max-snippet:-1, max-image-preview:large, max-video-preview:-1\" \/>\n<link rel=\"canonical\" href=\"https:\/\/aeronoticias.com.pe\/noticiero\/internacionales\/se-indignan-por-un-leon-muerto-pero-no-por-bebes-abortados\/\" \/>\n<meta property=\"og:locale\" content=\"es_ES\" \/>\n<meta property=\"og:type\" content=\"article\" \/>\n<meta property=\"og:title\" content=\"&#039;Se indignan por un le\u00f3n muerto, pero no por beb\u00e9s abortados&#039;\" \/>\n<meta property=\"og:description\" content=\"Portal de noticias del Per\u00fa sobre el transporte a\u00e9reo, aviaci\u00f3n, turismo, hoteleria, actualidad.\" \/>\n<meta property=\"og:url\" content=\"https:\/\/aeronoticias.com.pe\/noticiero\/internacionales\/se-indignan-por-un-leon-muerto-pero-no-por-bebes-abortados\/\" \/>\n<meta property=\"og:site_name\" content=\"Aeronoticias.com.pe\" \/>\n<meta property=\"article:publisher\" content=\"https:\/\/www.facebook.com\/Aeronoticias.com.pe\/\" \/>\n<meta property=\"article:published_time\" content=\"2015-07-30T22:31:09+00:00\" \/>\n<meta property=\"og:image\" content=\"https:\/\/scontent-mia1-1.xx.fbcdn.net\/hphotos-xpt1\/v\/t1.0-9\/11825678_1595989503996408_5879408474470137_n.jpg?oh=0531acc2b5ee02421b38985b52b54136&amp;oe=565349FD\" \/>\n<meta name=\"author\" content=\"Redacci\u00f3n Aeronoticias\" \/>\n<meta name=\"twitter:card\" content=\"summary_large_image\" \/>\n<meta name=\"twitter:creator\" content=\"@aeronoticias\" \/>\n<meta name=\"twitter:site\" content=\"@aeronoticias\" \/>\n<meta name=\"twitter:label1\" content=\"Escrito por\" \/>\n\t<meta name=\"twitter:data1\" content=\"Redacci\u00f3n Aeronoticias\" \/>\n\t<meta name=\"twitter:label2\" content=\"Tiempo de lectura\" \/>\n\t<meta name=\"twitter:data2\" content=\"1 minuto\" \/>\n<script type=\"application\/ld+json\" class=\"yoast-schema-graph\">{\"@context\":\"https:\/\/schema.org\",\"@graph\":[{\"@type\":\"WebPage\",\"@id\":\"https:\/\/aeronoticias.com.pe\/noticiero\/internacionales\/se-indignan-por-un-leon-muerto-pero-no-por-bebes-abortados\/\",\"url\":\"https:\/\/aeronoticias.com.pe\/noticiero\/internacionales\/se-indignan-por-un-leon-muerto-pero-no-por-bebes-abortados\/\",\"name\":\"'Se indignan por un le\u00f3n muerto, pero no por beb\u00e9s abortados'\",\"isPartOf\":{\"@id\":\"https:\/\/aeronoticias.com.pe\/noticiero\/#website\"},\"primaryImageOfPage\":{\"@id\":\"https:\/\/aeronoticias.com.pe\/noticiero\/internacionales\/se-indignan-por-un-leon-muerto-pero-no-por-bebes-abortados\/#primaryimage\"},\"image\":{\"@id\":\"https:\/\/aeronoticias.com.pe\/noticiero\/internacionales\/se-indignan-por-un-leon-muerto-pero-no-por-bebes-abortados\/#primaryimage\"},\"thumbnailUrl\":\"https:\/\/scontent-mia1-1.xx.fbcdn.net\/hphotos-xpt1\/v\/t1.0-9\/11825678_1595989503996408_5879408474470137_n.jpg?oh=0531acc2b5ee02421b38985b52b54136&amp;oe=565349FD\",\"datePublished\":\"2015-07-30T22:31:09+00:00\",\"author\":{\"@id\":\"https:\/\/aeronoticias.com.pe\/noticiero\/#\/schema\/person\/fc1e5d578f4b62ba1cf7ac2bba1170a0\"},\"description\":\"Portal de noticias del Per\u00fa sobre el transporte a\u00e9reo, aviaci\u00f3n, turismo, hoteleria, actualidad.\",\"breadcrumb\":{\"@id\":\"https:\/\/aeronoticias.com.pe\/noticiero\/internacionales\/se-indignan-por-un-leon-muerto-pero-no-por-bebes-abortados\/#breadcrumb\"},\"inLanguage\":\"es\",\"potentialAction\":[{\"@type\":\"ReadAction\",\"target\":[\"https:\/\/aeronoticias.com.pe\/noticiero\/internacionales\/se-indignan-por-un-leon-muerto-pero-no-por-bebes-abortados\/\"]}]},{\"@type\":\"ImageObject\",\"inLanguage\":\"es\",\"@id\":\"https:\/\/aeronoticias.com.pe\/noticiero\/internacionales\/se-indignan-por-un-leon-muerto-pero-no-por-bebes-abortados\/#primaryimage\",\"url\":\"https:\/\/scontent-mia1-1.xx.fbcdn.net\/hphotos-xpt1\/v\/t1.0-9\/11825678_1595989503996408_5879408474470137_n.jpg?oh=0531acc2b5ee02421b38985b52b54136&amp;oe=565349FD\",\"contentUrl\":\"https:\/\/scontent-mia1-1.xx.fbcdn.net\/hphotos-xpt1\/v\/t1.0-9\/11825678_1595989503996408_5879408474470137_n.jpg?oh=0531acc2b5ee02421b38985b52b54136&amp;oe=565349FD\"},{\"@type\":\"BreadcrumbList\",\"@id\":\"https:\/\/aeronoticias.com.pe\/noticiero\/internacionales\/se-indignan-por-un-leon-muerto-pero-no-por-bebes-abortados\/#breadcrumb\",\"itemListElement\":[{\"@type\":\"ListItem\",\"position\":1,\"name\":\"Portada\",\"item\":\"https:\/\/aeronoticias.com.pe\/noticiero\/\"},{\"@type\":\"ListItem\",\"position\":2,\"name\":\"&#8216;Se indignan por un le\u00f3n muerto, pero no por beb\u00e9s abortados&#8217;\"}]},{\"@type\":\"WebSite\",\"@id\":\"https:\/\/aeronoticias.com.pe\/noticiero\/#website\",\"url\":\"https:\/\/aeronoticias.com.pe\/noticiero\/\",\"name\":\"Aeronoticias.com.pe\",\"description\":\"Noticias de tranporte aereo, turismo, hoteles, gastronomia, actualidad, internacional\",\"potentialAction\":[{\"@type\":\"SearchAction\",\"target\":{\"@type\":\"EntryPoint\",\"urlTemplate\":\"https:\/\/aeronoticias.com.pe\/noticiero\/?s={search_term_string}\"},\"query-input\":{\"@type\":\"PropertyValueSpecification\",\"valueRequired\":true,\"valueName\":\"search_term_string\"}}],\"inLanguage\":\"es\"},{\"@type\":\"Person\",\"@id\":\"https:\/\/aeronoticias.com.pe\/noticiero\/#\/schema\/person\/fc1e5d578f4b62ba1cf7ac2bba1170a0\",\"name\":\"Redacci\u00f3n Aeronoticias\",\"url\":\"https:\/\/aeronoticias.com.pe\/noticiero\/author\/piloto\/\"}]}<\/script>\n<!-- \/ Yoast SEO plugin. -->","yoast_head_json":{"title":"'Se indignan por un le\u00f3n muerto, pero no por beb\u00e9s abortados'","description":"Portal de noticias del Per\u00fa sobre el transporte a\u00e9reo, aviaci\u00f3n, turismo, hoteleria, actualidad.","robots":{"index":"index","follow":"follow","max-snippet":"max-snippet:-1","max-image-preview":"max-image-preview:large","max-video-preview":"max-video-preview:-1"},"canonical":"https:\/\/aeronoticias.com.pe\/noticiero\/internacionales\/se-indignan-por-un-leon-muerto-pero-no-por-bebes-abortados\/","og_locale":"es_ES","og_type":"article","og_title":"'Se indignan por un le\u00f3n muerto, pero no por beb\u00e9s abortados'","og_description":"Portal de noticias del Per\u00fa sobre el transporte a\u00e9reo, aviaci\u00f3n, turismo, hoteleria, actualidad.","og_url":"https:\/\/aeronoticias.com.pe\/noticiero\/internacionales\/se-indignan-por-un-leon-muerto-pero-no-por-bebes-abortados\/","og_site_name":"Aeronoticias.com.pe","article_publisher":"https:\/\/www.facebook.com\/Aeronoticias.com.pe\/","article_published_time":"2015-07-30T22:31:09+00:00","og_image":[{"url":"https:\/\/scontent-mia1-1.xx.fbcdn.net\/hphotos-xpt1\/v\/t1.0-9\/11825678_1595989503996408_5879408474470137_n.jpg?oh=0531acc2b5ee02421b38985b52b54136&amp;oe=565349FD","type":"","width":"","height":""}],"author":"Redacci\u00f3n Aeronoticias","twitter_card":"summary_large_image","twitter_creator":"@aeronoticias","twitter_site":"@aeronoticias","twitter_misc":{"Escrito por":"Redacci\u00f3n Aeronoticias","Tiempo de lectura":"1 minuto"},"schema":{"@context":"https:\/\/schema.org","@graph":[{"@type":"WebPage","@id":"https:\/\/aeronoticias.com.pe\/noticiero\/internacionales\/se-indignan-por-un-leon-muerto-pero-no-por-bebes-abortados\/","url":"https:\/\/aeronoticias.com.pe\/noticiero\/internacionales\/se-indignan-por-un-leon-muerto-pero-no-por-bebes-abortados\/","name":"'Se indignan por un le\u00f3n muerto, pero no por beb\u00e9s abortados'","isPartOf":{"@id":"https:\/\/aeronoticias.com.pe\/noticiero\/#website"},"primaryImageOfPage":{"@id":"https:\/\/aeronoticias.com.pe\/noticiero\/internacionales\/se-indignan-por-un-leon-muerto-pero-no-por-bebes-abortados\/#primaryimage"},"image":{"@id":"https:\/\/aeronoticias.com.pe\/noticiero\/internacionales\/se-indignan-por-un-leon-muerto-pero-no-por-bebes-abortados\/#primaryimage"},"thumbnailUrl":"https:\/\/scontent-mia1-1.xx.fbcdn.net\/hphotos-xpt1\/v\/t1.0-9\/11825678_1595989503996408_5879408474470137_n.jpg?oh=0531acc2b5ee02421b38985b52b54136&amp;oe=565349FD","datePublished":"2015-07-30T22:31:09+00:00","author":{"@id":"https:\/\/aeronoticias.com.pe\/noticiero\/#\/schema\/person\/fc1e5d578f4b62ba1cf7ac2bba1170a0"},"description":"Portal de noticias del Per\u00fa sobre el transporte a\u00e9reo, aviaci\u00f3n, turismo, hoteleria, actualidad.","breadcrumb":{"@id":"https:\/\/aeronoticias.com.pe\/noticiero\/internacionales\/se-indignan-por-un-leon-muerto-pero-no-por-bebes-abortados\/#breadcrumb"},"inLanguage":"es","potentialAction":[{"@type":"ReadAction","target":["https:\/\/aeronoticias.com.pe\/noticiero\/internacionales\/se-indignan-por-un-leon-muerto-pero-no-por-bebes-abortados\/"]}]},{"@type":"ImageObject","inLanguage":"es","@id":"https:\/\/aeronoticias.com.pe\/noticiero\/internacionales\/se-indignan-por-un-leon-muerto-pero-no-por-bebes-abortados\/#primaryimage","url":"https:\/\/scontent-mia1-1.xx.fbcdn.net\/hphotos-xpt1\/v\/t1.0-9\/11825678_1595989503996408_5879408474470137_n.jpg?oh=0531acc2b5ee02421b38985b52b54136&amp;oe=565349FD","contentUrl":"https:\/\/scontent-mia1-1.xx.fbcdn.net\/hphotos-xpt1\/v\/t1.0-9\/11825678_1595989503996408_5879408474470137_n.jpg?oh=0531acc2b5ee02421b38985b52b54136&amp;oe=565349FD"},{"@type":"BreadcrumbList","@id":"https:\/\/aeronoticias.com.pe\/noticiero\/internacionales\/se-indignan-por-un-leon-muerto-pero-no-por-bebes-abortados\/#breadcrumb","itemListElement":[{"@type":"ListItem","position":1,"name":"Portada","item":"https:\/\/aeronoticias.com.pe\/noticiero\/"},{"@type":"ListItem","position":2,"name":"&#8216;Se indignan por un le\u00f3n muerto, pero no por beb\u00e9s abortados&#8217;"}]},{"@type":"WebSite","@id":"https:\/\/aeronoticias.com.pe\/noticiero\/#website","url":"https:\/\/aeronoticias.com.pe\/noticiero\/","name":"Aeronoticias.com.pe","description":"Noticias de tranporte aereo, turismo, hoteles, gastronomia, actualidad, internacional","potentialAction":[{"@type":"SearchAction","target":{"@type":"EntryPoint","urlTemplate":"https:\/\/aeronoticias.com.pe\/noticiero\/?s={search_term_string}"},"query-input":{"@type":"PropertyValueSpecification","valueRequired":true,"valueName":"search_term_string"}}],"inLanguage":"es"},{"@type":"Person","@id":"https:\/\/aeronoticias.com.pe\/noticiero\/#\/schema\/person\/fc1e5d578f4b62ba1cf7ac2bba1170a0","name":"Redacci\u00f3n Aeronoticias","url":"https:\/\/aeronoticias.com.pe\/noticiero\/author\/piloto\/"}]}},"_links":{"self":[{"href":"https:\/\/aeronoticias.com.pe\/noticiero\/wp-json\/wp\/v2\/posts\/53225","targetHints":{"allow":["GET"]}}],"collection":[{"href":"https:\/\/aeronoticias.com.pe\/noticiero\/wp-json\/wp\/v2\/posts"}],"about":[{"href":"https:\/\/aeronoticias.com.pe\/noticiero\/wp-json\/wp\/v2\/types\/post"}],"author":[{"embeddable":true,"href":"https:\/\/aeronoticias.com.pe\/noticiero\/wp-json\/wp\/v2\/users\/1"}],"replies":[{"embeddable":true,"href":"https:\/\/aeronoticias.com.pe\/noticiero\/wp-json\/wp\/v2\/comments?post=53225"}],"version-history":[{"count":0,"href":"https:\/\/aeronoticias.com.pe\/noticiero\/wp-json\/wp\/v2\/posts\/53225\/revisions"}],"wp:attachment":[{"href":"https:\/\/aeronoticias.com.pe\/noticiero\/wp-json\/wp\/v2\/media?parent=53225"}],"wp:term":[{"taxonomy":"category","embeddable":true,"href":"https:\/\/aeronoticias.com.pe\/noticiero\/wp-json\/wp\/v2\/categories?post=53225"},{"taxonomy":"post_tag","embeddable":true,"href":"https:\/\/aeronoticias.com.pe\/noticiero\/wp-json\/wp\/v2\/tags?post=53225"}],"curies":[{"name":"wp","href":"https:\/\/api.w.org\/{rel}","templated":true}]}}