{"id":53234,"date":"2015-07-31T16:57:19","date_gmt":"2015-07-31T16:57:19","guid":{"rendered":"http:\/\/desarrollo.mcvicious.com\/aero2020\/2015\/07\/31\/iberia-celebro-dia-nacional-del-peru-con-original-video-city-lights-lima\/"},"modified":"2015-07-31T16:57:19","modified_gmt":"2015-07-31T16:57:19","slug":"iberia-celebro-dia-nacional-del-peru-con-original-video-city-lights-lima","status":"publish","type":"post","link":"https:\/\/aeronoticias.com.pe\/noticiero\/turismo\/13\/iberia-celebro-dia-nacional-del-peru-con-original-video-city-lights-lima\/","title":{"rendered":"Iberia celebr\u00f3 d\u00eda nacional del Per\u00fa con original video \u201cCity Lights Lima\u201d"},"content":{"rendered":"<p style=\"text-align: justify;\"><strong>(Aeronoticias)<\/strong> L<span style=\"font-size: 12.1599998474121px; line-height: 1.3em;\">a aerol\u00ednea espa\u00f1ola Iberia se sum\u00f3 a las celebraciones por el D\u00eda Nacional del Per\u00fa y lanz\u00f3 \u201cCity Lights Lima\u201d, un original v\u00eddeo stop motion realizado con las fotos enviadas por los seguidores de la compa\u00f1\u00eda en redes sociales. Las im\u00e1genes muestran la ciudad de Lima (y algunas de Cusco) durante 24 horas, desde las 00:00 hasta las 23:59 horas.<\/span><\/p>\n<p style=\"text-align: justify;\"><span style=\"font-size: 12.1599998474121px; line-height: 1.3em;\">A trav\u00e9s sus perfiles en Facebook y Twitter, Iberia pidi\u00f3 a sus seguidores que compartieran fotos de Lima e indicaran la hora en que hab\u00eda sido tomada la instant\u00e1nea. As\u00ed se construy\u00f3 un v\u00eddeo que puedes ver en sus redes sociales.<\/span><\/p>\n<p style=\"text-align: justify;\"><span style=\"font-size: 12.1599998474121px; line-height: 1.3em;\">En el marco de esta campa\u00f1a, los seguidores de Iberia tambi\u00e9n han compartido sus fotos de 9 ciudades m\u00e1s: Madrid, Londres, Lisboa y Par\u00eds, que ya se han estrenado, y Roma, R\u00edo de Janeiro, Barcelona, Buenos <\/span>Aires y M\u00e9xico, que se ir\u00e1n estrenando a lo largo de este a\u00f1o. <a href=\"https:\/\/www.youtube.com\/watch?v=uUxFFHL9Me4\" target=\"_blank\" rel=\"noopener noreferrer\">VER VIDEO<\/a><\/p>\n<p style=\"text-align: justify;\"><em><strong>Fuente: Infoturper\u00fa<\/strong><\/em><\/p>\n<p style=\"text-align: justify;\"><em><strong><img decoding=\"async\" src=\"images\/stories\/15\/07\/310715\/videoiberia.jpg\" border=\"0\" \/><br \/><\/strong><\/em><\/p>\n","protected":false},"excerpt":{"rendered":"<p>(Aeronoticias) La aerol\u00ednea espa\u00f1ola Iberia se sum\u00f3 a las celebraciones por el D\u00eda Nacional del Per\u00fa y lanz\u00f3 \u201cCity Lights Lima\u201d, un original v\u00eddeo stop motion realizado con las fotos enviadas por los seguidores de la compa\u00f1\u00eda en redes sociales. Las im\u00e1genes muestran la ciudad de Lima (y algunas de Cusco) durante 24 horas, desde [&hellip;]<\/p>\n","protected":false},"author":1,"featured_media":0,"comment_status":"open","ping_status":"open","sticky":false,"template":"","format":"standard","meta":{"tdm_status":"","tdm_grid_status":"","footnotes":""},"categories":[31],"tags":[],"class_list":{"0":"post-53234","1":"post","2":"type-post","3":"status-publish","4":"format-standard","6":"category-31"},"yoast_head":"<!-- This site is optimized with the Yoast SEO plugin v25.1 - https:\/\/yoast.com\/wordpress\/plugins\/seo\/ -->\n<title>Iberia celebr\u00f3 d\u00eda nacional del Per\u00fa con original video \u201cCity Lights Lima\u201d<\/title>\n<meta name=\"description\" content=\"Portal de noticias del Per\u00fa sobre el transporte a\u00e9reo, aviaci\u00f3n, turismo, hoteleria, actualidad.\" \/>\n<meta name=\"robots\" content=\"index, follow, max-snippet:-1, max-image-preview:large, max-video-preview:-1\" \/>\n<link rel=\"canonical\" href=\"https:\/\/aeronoticias.com.pe\/noticiero\/turismo\/13\/iberia-celebro-dia-nacional-del-peru-con-original-video-city-lights-lima\/\" \/>\n<meta property=\"og:locale\" content=\"es_ES\" \/>\n<meta property=\"og:type\" content=\"article\" \/>\n<meta property=\"og:title\" content=\"Iberia celebr\u00f3 d\u00eda nacional del Per\u00fa con original video \u201cCity Lights Lima\u201d\" \/>\n<meta property=\"og:description\" content=\"Portal de noticias del Per\u00fa sobre el transporte a\u00e9reo, aviaci\u00f3n, turismo, hoteleria, actualidad.\" \/>\n<meta property=\"og:url\" content=\"https:\/\/aeronoticias.com.pe\/noticiero\/turismo\/13\/iberia-celebro-dia-nacional-del-peru-con-original-video-city-lights-lima\/\" \/>\n<meta property=\"og:site_name\" content=\"Aeronoticias.com.pe\" \/>\n<meta property=\"article:publisher\" content=\"https:\/\/www.facebook.com\/Aeronoticias.com.pe\/\" \/>\n<meta property=\"article:published_time\" content=\"2015-07-31T16:57:19+00:00\" \/>\n<meta name=\"author\" content=\"Redacci\u00f3n Aeronoticias\" \/>\n<meta name=\"twitter:card\" content=\"summary_large_image\" \/>\n<meta name=\"twitter:creator\" content=\"@aeronoticias\" \/>\n<meta name=\"twitter:site\" content=\"@aeronoticias\" \/>\n<meta name=\"twitter:label1\" content=\"Escrito por\" \/>\n\t<meta name=\"twitter:data1\" content=\"Redacci\u00f3n Aeronoticias\" \/>\n\t<meta name=\"twitter:label2\" content=\"Tiempo de lectura\" \/>\n\t<meta name=\"twitter:data2\" content=\"1 minuto\" \/>\n<script type=\"application\/ld+json\" class=\"yoast-schema-graph\">{\"@context\":\"https:\/\/schema.org\",\"@graph\":[{\"@type\":\"WebPage\",\"@id\":\"https:\/\/aeronoticias.com.pe\/noticiero\/turismo\/13\/iberia-celebro-dia-nacional-del-peru-con-original-video-city-lights-lima\/\",\"url\":\"https:\/\/aeronoticias.com.pe\/noticiero\/turismo\/13\/iberia-celebro-dia-nacional-del-peru-con-original-video-city-lights-lima\/\",\"name\":\"Iberia celebr\u00f3 d\u00eda nacional del Per\u00fa con original video \u201cCity Lights Lima\u201d\",\"isPartOf\":{\"@id\":\"https:\/\/aeronoticias.com.pe\/noticiero\/#website\"},\"datePublished\":\"2015-07-31T16:57:19+00:00\",\"author\":{\"@id\":\"https:\/\/aeronoticias.com.pe\/noticiero\/#\/schema\/person\/fc1e5d578f4b62ba1cf7ac2bba1170a0\"},\"description\":\"Portal de noticias del Per\u00fa sobre el transporte a\u00e9reo, aviaci\u00f3n, turismo, hoteleria, actualidad.\",\"breadcrumb\":{\"@id\":\"https:\/\/aeronoticias.com.pe\/noticiero\/turismo\/13\/iberia-celebro-dia-nacional-del-peru-con-original-video-city-lights-lima\/#breadcrumb\"},\"inLanguage\":\"es\",\"potentialAction\":[{\"@type\":\"ReadAction\",\"target\":[\"https:\/\/aeronoticias.com.pe\/noticiero\/turismo\/13\/iberia-celebro-dia-nacional-del-peru-con-original-video-city-lights-lima\/\"]}]},{\"@type\":\"BreadcrumbList\",\"@id\":\"https:\/\/aeronoticias.com.pe\/noticiero\/turismo\/13\/iberia-celebro-dia-nacional-del-peru-con-original-video-city-lights-lima\/#breadcrumb\",\"itemListElement\":[{\"@type\":\"ListItem\",\"position\":1,\"name\":\"Portada\",\"item\":\"https:\/\/aeronoticias.com.pe\/noticiero\/\"},{\"@type\":\"ListItem\",\"position\":2,\"name\":\"Iberia celebr\u00f3 d\u00eda nacional del Per\u00fa con original video \u201cCity Lights Lima\u201d\"}]},{\"@type\":\"WebSite\",\"@id\":\"https:\/\/aeronoticias.com.pe\/noticiero\/#website\",\"url\":\"https:\/\/aeronoticias.com.pe\/noticiero\/\",\"name\":\"Aeronoticias.com.pe\",\"description\":\"Noticias de tranporte aereo, turismo, hoteles, gastronomia, actualidad, internacional\",\"potentialAction\":[{\"@type\":\"SearchAction\",\"target\":{\"@type\":\"EntryPoint\",\"urlTemplate\":\"https:\/\/aeronoticias.com.pe\/noticiero\/?s={search_term_string}\"},\"query-input\":{\"@type\":\"PropertyValueSpecification\",\"valueRequired\":true,\"valueName\":\"search_term_string\"}}],\"inLanguage\":\"es\"},{\"@type\":\"Person\",\"@id\":\"https:\/\/aeronoticias.com.pe\/noticiero\/#\/schema\/person\/fc1e5d578f4b62ba1cf7ac2bba1170a0\",\"name\":\"Redacci\u00f3n Aeronoticias\",\"url\":\"https:\/\/aeronoticias.com.pe\/noticiero\/author\/piloto\/\"}]}<\/script>\n<!-- \/ Yoast SEO plugin. -->","yoast_head_json":{"title":"Iberia celebr\u00f3 d\u00eda nacional del Per\u00fa con original video \u201cCity Lights Lima\u201d","description":"Portal de noticias del Per\u00fa sobre el transporte a\u00e9reo, aviaci\u00f3n, turismo, hoteleria, actualidad.","robots":{"index":"index","follow":"follow","max-snippet":"max-snippet:-1","max-image-preview":"max-image-preview:large","max-video-preview":"max-video-preview:-1"},"canonical":"https:\/\/aeronoticias.com.pe\/noticiero\/turismo\/13\/iberia-celebro-dia-nacional-del-peru-con-original-video-city-lights-lima\/","og_locale":"es_ES","og_type":"article","og_title":"Iberia celebr\u00f3 d\u00eda nacional del Per\u00fa con original video \u201cCity Lights Lima\u201d","og_description":"Portal de noticias del Per\u00fa sobre el transporte a\u00e9reo, aviaci\u00f3n, turismo, hoteleria, actualidad.","og_url":"https:\/\/aeronoticias.com.pe\/noticiero\/turismo\/13\/iberia-celebro-dia-nacional-del-peru-con-original-video-city-lights-lima\/","og_site_name":"Aeronoticias.com.pe","article_publisher":"https:\/\/www.facebook.com\/Aeronoticias.com.pe\/","article_published_time":"2015-07-31T16:57:19+00:00","author":"Redacci\u00f3n Aeronoticias","twitter_card":"summary_large_image","twitter_creator":"@aeronoticias","twitter_site":"@aeronoticias","twitter_misc":{"Escrito por":"Redacci\u00f3n Aeronoticias","Tiempo de lectura":"1 minuto"},"schema":{"@context":"https:\/\/schema.org","@graph":[{"@type":"WebPage","@id":"https:\/\/aeronoticias.com.pe\/noticiero\/turismo\/13\/iberia-celebro-dia-nacional-del-peru-con-original-video-city-lights-lima\/","url":"https:\/\/aeronoticias.com.pe\/noticiero\/turismo\/13\/iberia-celebro-dia-nacional-del-peru-con-original-video-city-lights-lima\/","name":"Iberia celebr\u00f3 d\u00eda nacional del Per\u00fa con original video \u201cCity Lights Lima\u201d","isPartOf":{"@id":"https:\/\/aeronoticias.com.pe\/noticiero\/#website"},"datePublished":"2015-07-31T16:57:19+00:00","author":{"@id":"https:\/\/aeronoticias.com.pe\/noticiero\/#\/schema\/person\/fc1e5d578f4b62ba1cf7ac2bba1170a0"},"description":"Portal de noticias del Per\u00fa sobre el transporte a\u00e9reo, aviaci\u00f3n, turismo, hoteleria, actualidad.","breadcrumb":{"@id":"https:\/\/aeronoticias.com.pe\/noticiero\/turismo\/13\/iberia-celebro-dia-nacional-del-peru-con-original-video-city-lights-lima\/#breadcrumb"},"inLanguage":"es","potentialAction":[{"@type":"ReadAction","target":["https:\/\/aeronoticias.com.pe\/noticiero\/turismo\/13\/iberia-celebro-dia-nacional-del-peru-con-original-video-city-lights-lima\/"]}]},{"@type":"BreadcrumbList","@id":"https:\/\/aeronoticias.com.pe\/noticiero\/turismo\/13\/iberia-celebro-dia-nacional-del-peru-con-original-video-city-lights-lima\/#breadcrumb","itemListElement":[{"@type":"ListItem","position":1,"name":"Portada","item":"https:\/\/aeronoticias.com.pe\/noticiero\/"},{"@type":"ListItem","position":2,"name":"Iberia celebr\u00f3 d\u00eda nacional del Per\u00fa con original video \u201cCity Lights Lima\u201d"}]},{"@type":"WebSite","@id":"https:\/\/aeronoticias.com.pe\/noticiero\/#website","url":"https:\/\/aeronoticias.com.pe\/noticiero\/","name":"Aeronoticias.com.pe","description":"Noticias de tranporte aereo, turismo, hoteles, gastronomia, actualidad, internacional","potentialAction":[{"@type":"SearchAction","target":{"@type":"EntryPoint","urlTemplate":"https:\/\/aeronoticias.com.pe\/noticiero\/?s={search_term_string}"},"query-input":{"@type":"PropertyValueSpecification","valueRequired":true,"valueName":"search_term_string"}}],"inLanguage":"es"},{"@type":"Person","@id":"https:\/\/aeronoticias.com.pe\/noticiero\/#\/schema\/person\/fc1e5d578f4b62ba1cf7ac2bba1170a0","name":"Redacci\u00f3n Aeronoticias","url":"https:\/\/aeronoticias.com.pe\/noticiero\/author\/piloto\/"}]}},"_links":{"self":[{"href":"https:\/\/aeronoticias.com.pe\/noticiero\/wp-json\/wp\/v2\/posts\/53234","targetHints":{"allow":["GET"]}}],"collection":[{"href":"https:\/\/aeronoticias.com.pe\/noticiero\/wp-json\/wp\/v2\/posts"}],"about":[{"href":"https:\/\/aeronoticias.com.pe\/noticiero\/wp-json\/wp\/v2\/types\/post"}],"author":[{"embeddable":true,"href":"https:\/\/aeronoticias.com.pe\/noticiero\/wp-json\/wp\/v2\/users\/1"}],"replies":[{"embeddable":true,"href":"https:\/\/aeronoticias.com.pe\/noticiero\/wp-json\/wp\/v2\/comments?post=53234"}],"version-history":[{"count":0,"href":"https:\/\/aeronoticias.com.pe\/noticiero\/wp-json\/wp\/v2\/posts\/53234\/revisions"}],"wp:attachment":[{"href":"https:\/\/aeronoticias.com.pe\/noticiero\/wp-json\/wp\/v2\/media?parent=53234"}],"wp:term":[{"taxonomy":"category","embeddable":true,"href":"https:\/\/aeronoticias.com.pe\/noticiero\/wp-json\/wp\/v2\/categories?post=53234"},{"taxonomy":"post_tag","embeddable":true,"href":"https:\/\/aeronoticias.com.pe\/noticiero\/wp-json\/wp\/v2\/tags?post=53234"}],"curies":[{"name":"wp","href":"https:\/\/api.w.org\/{rel}","templated":true}]}}