{"id":53235,"date":"2015-07-31T17:05:01","date_gmt":"2015-07-31T17:05:01","guid":{"rendered":"http:\/\/desarrollo.mcvicious.com\/aero2020\/2015\/07\/31\/el-boom-del-turismo-en-el-peru-de-solo-machu-picchu-a-un-pais-multidestino\/"},"modified":"2015-07-31T17:05:01","modified_gmt":"2015-07-31T17:05:01","slug":"el-boom-del-turismo-en-el-peru-de-solo-machu-picchu-a-un-pais-multidestino","status":"publish","type":"post","link":"https:\/\/aeronoticias.com.pe\/noticiero\/turismo\/13\/el-boom-del-turismo-en-el-peru-de-solo-machu-picchu-a-un-pais-multidestino\/","title":{"rendered":"El boom del turismo en el Per\u00fa: de solo Machu Picchu a un pa\u00eds multidestino"},"content":{"rendered":"<p style=\"text-align: justify;\"><strong>(Aeronoticias) <\/strong><span style=\"font-size: 12.1599998474121px; line-height: 1.3em;\">Muchos turistas del exterior llegan al Per\u00fa cautivados por las cientos de atracciones que el pa\u00eds ofrece como Machu Picchu o las L\u00edneas de Nasca. Pero hay mucho m\u00e1s que ofrecer. Somos un pa\u00eds multidestino. Ahora llegan al Per\u00fa m\u00e1s de tres y millones de turistas y las meta es atraer m\u00e1s de 5 millones al 2021. \u00bfC\u00f3mo creci\u00f3 el turismo y c\u00f3mo podremos avanzar m\u00e1s?. Tres expertos en el tema nos los explican.<\/span><\/p>\n<p style=\"text-align: justify;\"><span style=\"font-size: 12.1599998474121px; line-height: 1.3em;\">\u201cNo mires la pel\u00edcula v\u00edvela, visita Per\u00fa\u201d sin duda esta frase del spot publicitario \u201cPer\u00fa, imperio de Tesoros escondidos\u201d que lanz\u00f3 Promper\u00fa ha contribuido a atraer a muchos turistas del exterior cautivados por las cientos de atracciones que Per\u00fa ofrece como Machu Picchu, una de las siete maravillas del mundo, las L\u00edneas de Nasca, las ruinas de Chav\u00edn, que hablan mucho de nuestra historia.<\/span><\/p>\n<p style=\"text-align: justify;\"><span style=\"font-size: 12.1599998474121px; line-height: 1.3em;\">Ahora llegan al Per\u00fa m\u00e1s de tres y millones de turistas. \u00bfCu\u00e1n diferente era la historia antes?. \u00bfQu\u00e9 es lo que ha cambiado? Expertos en el tema nos explican la importancia del turismo receptivo para la generaci\u00f3n sostenida de divisas y de empleo.<\/span><\/p>\n<p style=\"text-align: justify;\"><span style=\"font-size: 12.1599998474121px; line-height: 1.3em;\">\u201cDesde el a\u00f1o 1990 hasta el 2015 el turismo ha evolucionado much\u00edsimo. En los 90 reci\u00e9n comenzaba a llegar un n\u00famero apreciable de turistas que en los \u00faltimos 25 a\u00f1os ha crecido. En los 90 est\u00e1bamos entre los 450,000 o medio mill\u00f3n de turistas receptivos, a inicios del a\u00f1o 2,000 est\u00e1bamos en un mill\u00f3n y medio y ahora pasamos los tres millones\u201d, se\u00f1al\u00f3 el presidente de Canatur, Jorge Jochamowitz.<\/span><\/p>\n<p style=\"text-align: justify;\"><span style=\"font-size: 12.1599998474121px; line-height: 1.3em;\">Sin lugar a dudas, el terrorismo fue el primer enemigo del turismo en el Per\u00fa, se\u00f1ala el presidente del Bur\u00f3 de Convenciones y Visitantes de Lima, Carlos Canales.<\/span><\/p>\n<p style=\"text-align: justify;\"><span style=\"font-size: 12.1599998474121px; line-height: 1.3em;\">\u201cVivimos una d\u00e9cada muy dura luego del terrorismo y luego vivimos el renacimiento del turismo en 1985 m\u00e1s o menos, cuando llegamos a una estabilidad econ\u00f3mica\u201d, record\u00f3.<\/span><\/p>\n<p style=\"text-align: justify;\"><span style=\"font-size: 12.1599998474121px; line-height: 1.3em;\">Explic\u00f3 que a partir del 95 comienzan a darse una serie de normas y se crea Promper\u00fa sobre la base de Foptur, lo que implic\u00f3 un crecimiento importante hasta el a\u00f1o 2001 Adem\u00e1s se crea un fondo de promoci\u00f3n del turismo receptivo, que capta cerca de US$ 100 millones.<\/span><\/p>\n<p style=\"text-align: justify;\"><span style=\"font-size: 12.1599998474121px; line-height: 1.3em;\">\u201cEs en el 2002 que conjuntamente con el gobierno se crea una mesa de trabajo para generar el fondo de promoci\u00f3n para desarrollar el turismo receptivo. A partir de all\u00ed Per\u00fa comienza a tener recursos importantes para la promoci\u00f3n del turismo. Este fondo capta actualmente US$ 80 millones\u201d, afirm\u00f3.<\/span><\/p>\n<p style=\"text-align: justify;\"><span style=\"font-size: 12.1599998474121px; line-height: 1.3em;\">Llegadas<\/span><\/p>\n<p style=\"text-align: justify;\">En el 2014, m\u00e1s de tres millones y medio de turistas visitaron el Per\u00fa. Las cifras son favorables en los primeros meses del a\u00f1o. Entre enero y mayo del 2015 visitaron el Per\u00fa un mill\u00f3n 398,570 turistas extranjeros, registrando un crecimiento de 7% respecto a similar periodo del a\u00f1o anterior, seg\u00fan inform\u00f3 el Ministerio de Comercio Exterior y Turismo (Mincetur).<\/p>\n<p style=\"text-align: justify;\"><span style=\"font-size: 12.1599998474121px; line-height: 1.3em;\">En este periodo, destac\u00f3 la llegada de turistas procedentes de Chile con un incremento de 45,965 viajeros, lo que representa 12% m\u00e1s que el mismo per\u00edodo del a\u00f1o 2014. El mercado chileno es el principal emisor de turistas al pa\u00eds y concentra el 30.6% del total de llegadas al Per\u00fa.<\/span><\/p>\n<p style=\"text-align: justify;\"><span style=\"font-size: 12.1599998474121px; line-height: 1.3em;\">Seg\u00fan la ministra Magali Silva este crecimiento sostenido se debe en gran medida a las campa\u00f1as promocionales estrat\u00e9gicas que realiza el Mincetur, a trav\u00e9s de Promper\u00fa y las Ocex.<\/span><\/p>\n<p style=\"text-align: justify;\"><span style=\"font-size: 12.1599998474121px; line-height: 1.3em;\">Adem\u00e1s, el sector turismo se consolid\u00f3 como el segundo en la generaci\u00f3n de divisas en el rubro no tradicional, despu\u00e9s del sector agroexportador, luego de registrar ingresos por US$ 3,925 millones de d\u00f3lares en el 2013, seg\u00fan el Mincetur.<\/span><\/p>\n<p style=\"text-align: justify;\"><span style=\"font-size: 12.1599998474121px; line-height: 1.3em;\">Turismo interno<\/span><\/p>\n<p style=\"text-align: justify;\">Pero no s\u00f3lo experimentamos un crecimiento del turismo receptivo, tambi\u00e9n observamos un fen\u00f3meno antes pr\u00e1cticamente inexistente. El boom del turismo interno, que comenz\u00f3 a crecer, una vez que se control\u00f3 el terrorismo y a partir de los 90 con la estabilidad econ\u00f3mica y a partir del 2,000 con el crecimiento paulatino de los ingresos de los peruanos y al reducci\u00f3n de la pobreza<\/p>\n<p style=\"text-align: justify;\"><span style=\"font-size: 12.1599998474121px; line-height: 1.3em;\">\u201cLa estabilidad econ\u00f3mica que vive el pa\u00eds ha permitido este despegue, vemos el desarrollo del turismo interno cada vez m\u00e1s fortalecido y m\u00e1s creciente, con peruanos que viajan a diferentes lugares del pa\u00eds\u201d, se\u00f1al\u00f3 Marisol Acosta, directora de Promper\u00fa.<\/span><\/p>\n<p style=\"text-align: justify;\"><span style=\"font-size: 12.1599998474121px; line-height: 1.3em;\">Refiri\u00f3 que todav\u00eda el turismo interno est\u00e1 centrado en principales ciudades emisoras como Lima, Arequipa, Trujillo (La Libertad), Chiclayo (Lambayeque) y Huancayo.<\/span><\/p>\n<p style=\"text-align: justify;\"><span style=\"font-size: 12.1599998474121px; line-height: 1.3em;\">\u201cTenemos una oferta diversificada, el sur que es el circuito tradicional, con Cusco, Arequipa y Puno. Cusco concentra el mayor flujo de viajes, pero las otras regiones van cobrando mayor relevancia\u201d, indic\u00f3.<\/span><\/p>\n<p style=\"text-align: justify;\"><span style=\"font-size: 12.1599998474121px; line-height: 1.3em;\">Esta opini\u00f3n la comparte, Jochamowitz que se\u00f1ala que en turismo interno ya se ha logrado 3.5 millones de viajes al interior.<\/span><\/p>\n<p style=\"text-align: justify;\"><span style=\"font-size: 12.1599998474121px; line-height: 1.3em;\">\u201cEn cuanto al turismo interno tambi\u00e9n ha habido un despegue a partir del siglo actual. En los 90 era muy bajo. En el 2015 llegamos con un movimiento de 3.5 millones de viajeros al interior del pa\u00eds\u201d, refiri\u00f3. 1:42<\/span><\/p>\n<p style=\"text-align: justify;\"><span style=\"font-size: 12.1599998474121px; line-height: 1.3em;\">Adem\u00e1s, recalc\u00f3 el crecimiento del turismo fronterizo, para lo cual ha trabajado el sector p\u00fablico y privado, observ\u00e1ndose un aumento significativo en las fronteras con Chile y Ecuador, principalmente.<\/span><\/p>\n<p style=\"text-align: justify;\"><span style=\"font-size: 12.1599998474121px; line-height: 1.3em;\">\u201cEl turismo fronterizo en los a\u00f1os 90 era muy incipiente, pero fue creciendo hacia el a\u00f1o 2000, luego se aceler\u00f3 y estamos sobrepasando el mill\u00f3n de turistas que pasan la frontera por el sur y por el norte est\u00e1 llegando a los 350,000 o 400,000 turistas\u201d, manifest\u00f3.<\/span><\/p>\n<p style=\"text-align: justify;\"><span style=\"font-size: 12.1599998474121px; line-height: 1.3em;\">\u201cEl turismo interno ha crecido much\u00edsimo y es la columna vertebral del desarrollo del turismo en el pa\u00eds y queremos que se desarrolle m\u00e1s\u201d, sostuvo.<\/span><\/p>\n<p style=\"text-align: justify;\"><span style=\"font-size: 12.1599998474121px; line-height: 1.3em;\">Tarea pendiente<\/span><\/p>\n<p style=\"text-align: justify;\">Si bien el turismo en el Per\u00fa ha crecido a grandes pasos en estos \u00faltimos a\u00f1os, todav\u00eda falta mucho por hacer. \u201cEl turismo ha venido desarroll\u00e1ndose por el sector privado promovido por el sector privado, acompa\u00f1ado del sector p\u00fablico, pero el liderazgo debe ser del sector p\u00fablico\u201d, sostuvo Canales.<\/p>\n<p style=\"text-align: justify;\"><span style=\"font-size: 12.1599998474121px; line-height: 1.3em;\">Canales manifest\u00f3 que \u201cseguimos vendiendo lo mismo\u201d. Es cierto que Per\u00fa es un destino cultural por excelencia pero ahora se debe trabajar en ampliar la oferta y captar turistas de lujo para obtener mayores divisas.<\/span><\/p>\n<p style=\"text-align: justify;\"><span style=\"font-size: 12.1599998474121px; line-height: 1.3em;\">\u201cDe los 3 millones 300,000 turistas que han llegado el 2014 al pa\u00eds, un mill\u00f3n 200,000 proviene de Chile, 200,000 vienen directamente al aeropuerto Jorge Ch\u00e1vez y un mill\u00f3n es cruce de frontera. Tenemos que trabajar en turistas de alto consumo, estad\u00edas largas y saber presentar la oferta en los mercados emisores\u201d, destac\u00f3.<\/span><\/p>\n<p style=\"text-align: justify;\"><span style=\"font-size: 12.1599998474121px; line-height: 1.3em;\">Mirada al futuro<\/span><\/p>\n<p style=\"text-align: justify;\">El Mincetur estima que para el 2021 la llegada de turistas internacionales al Per\u00fa ascender\u00e1 a 5.1 millones de visitantes, los que generaci\u00f3n divisas por US$ 6,852 millones.<\/p>\n<p style=\"text-align: justify;\"><span style=\"font-size: 12.1599998474121px; line-height: 1.3em;\">Seg\u00fan el Plan Estrat\u00e9gico Nacional de Turismo (Pentur) 2012\u20132021, hacia ese a\u00f1o la generaci\u00f3n de empleo en el sector ser\u00e1 de un mill\u00f3n 274 mil trabajadores y la contribuci\u00f3n directa del turismo al PBI nacional ser\u00e1 de 4.24%.<\/span><\/p>\n<p style=\"text-align: justify;\"><span style=\"font-size: 12.1599998474121px; line-height: 1.3em;\">El potencial de crecimiento del sector turismo es alto, tanto en turismo receptivo como interno. En turismo receptivo, el Per\u00fa tiene una tasa de crecimiento de arribos de turistas y viajeros internacionales (8.1%) que est\u00e1 por encima de la tasa promedio de la regi\u00f3n (3.7% para Latinoam\u00e9rica) y por encima de la media mundial (2.2%).<\/span><\/p>\n<p style=\"text-align: justify;\"><span style=\"font-size: 12.1599998474121px; line-height: 1.3em;\">Lograr incrementar el turismo es una tarea de todos que requiere un esfuerzo conjunto pero es posible y as\u00ed se lograr\u00e1 posicionar el destino Per\u00fa a nivel nacional e internacional y a la actividad tur\u00edstica como una de las principales actividades econ\u00f3micas del pa\u00eds.<\/span><\/p>\n<p style=\"text-align: justify;\"><span style=\"font-size: 12.1599998474121px; line-height: 1.3em;\">Ello se lograr\u00e1 impulsando la competitividad y fortaleciendo la articulaci\u00f3n p\u00fablico-privada. Y as\u00ed la frase \u201cNo mires la pel\u00edcula, v\u00edvela, visita Per\u00fa\u201d, seguir\u00e1 siendo una invitaci\u00f3n abierta a los visitantes de todo el mundo.<\/span><\/p>\n<p style=\"text-align: justify;\"><strong><em>Fuente: Gesti\u00f3n<\/em><\/strong><\/p>\n<p style=\"text-align: justify;\"><strong><em><img decoding=\"async\" src=\"images\/stories\/15\/07\/310715\/picchu.jpg\" border=\"0\" \/><br \/><\/em><\/strong><\/p>\n","protected":false},"excerpt":{"rendered":"<p>(Aeronoticias) Muchos turistas del exterior llegan al Per\u00fa cautivados por las cientos de atracciones que el pa\u00eds ofrece como Machu Picchu o las L\u00edneas de Nasca. Pero hay mucho m\u00e1s que ofrecer. Somos un pa\u00eds multidestino. Ahora llegan al Per\u00fa m\u00e1s de tres y millones de turistas y las meta es atraer m\u00e1s de 5 [&hellip;]<\/p>\n","protected":false},"author":1,"featured_media":0,"comment_status":"open","ping_status":"open","sticky":false,"template":"","format":"standard","meta":{"tdm_status":"","tdm_grid_status":"","footnotes":""},"categories":[31],"tags":[],"class_list":{"0":"post-53235","1":"post","2":"type-post","3":"status-publish","4":"format-standard","6":"category-31"},"yoast_head":"<!-- This site is optimized with the Yoast SEO plugin v25.1 - https:\/\/yoast.com\/wordpress\/plugins\/seo\/ -->\n<title>El boom del turismo en el Per\u00fa: de solo Machu Picchu a un pa\u00eds multidestino<\/title>\n<meta name=\"description\" content=\"Portal de noticias del Per\u00fa sobre el transporte a\u00e9reo, aviaci\u00f3n, turismo, hoteleria, actualidad.\" \/>\n<meta name=\"robots\" content=\"index, follow, max-snippet:-1, max-image-preview:large, max-video-preview:-1\" \/>\n<link rel=\"canonical\" href=\"https:\/\/aeronoticias.com.pe\/noticiero\/turismo\/13\/el-boom-del-turismo-en-el-peru-de-solo-machu-picchu-a-un-pais-multidestino\/\" \/>\n<meta property=\"og:locale\" content=\"es_ES\" \/>\n<meta property=\"og:type\" content=\"article\" \/>\n<meta property=\"og:title\" content=\"El boom del turismo en el Per\u00fa: de solo Machu Picchu a un pa\u00eds multidestino\" \/>\n<meta property=\"og:description\" content=\"Portal de noticias del Per\u00fa sobre el transporte a\u00e9reo, aviaci\u00f3n, turismo, hoteleria, actualidad.\" \/>\n<meta property=\"og:url\" content=\"https:\/\/aeronoticias.com.pe\/noticiero\/turismo\/13\/el-boom-del-turismo-en-el-peru-de-solo-machu-picchu-a-un-pais-multidestino\/\" \/>\n<meta property=\"og:site_name\" content=\"Aeronoticias.com.pe\" \/>\n<meta property=\"article:publisher\" content=\"https:\/\/www.facebook.com\/Aeronoticias.com.pe\/\" \/>\n<meta property=\"article:published_time\" content=\"2015-07-31T17:05:01+00:00\" \/>\n<meta name=\"author\" content=\"Redacci\u00f3n Aeronoticias\" \/>\n<meta name=\"twitter:card\" content=\"summary_large_image\" \/>\n<meta name=\"twitter:creator\" content=\"@aeronoticias\" \/>\n<meta name=\"twitter:site\" content=\"@aeronoticias\" \/>\n<meta name=\"twitter:label1\" content=\"Escrito por\" \/>\n\t<meta name=\"twitter:data1\" content=\"Redacci\u00f3n Aeronoticias\" \/>\n\t<meta name=\"twitter:label2\" content=\"Tiempo de lectura\" \/>\n\t<meta name=\"twitter:data2\" content=\"7 minutos\" \/>\n<script type=\"application\/ld+json\" class=\"yoast-schema-graph\">{\"@context\":\"https:\/\/schema.org\",\"@graph\":[{\"@type\":\"WebPage\",\"@id\":\"https:\/\/aeronoticias.com.pe\/noticiero\/turismo\/13\/el-boom-del-turismo-en-el-peru-de-solo-machu-picchu-a-un-pais-multidestino\/\",\"url\":\"https:\/\/aeronoticias.com.pe\/noticiero\/turismo\/13\/el-boom-del-turismo-en-el-peru-de-solo-machu-picchu-a-un-pais-multidestino\/\",\"name\":\"El boom del turismo en el Per\u00fa: de solo Machu Picchu a un pa\u00eds multidestino\",\"isPartOf\":{\"@id\":\"https:\/\/aeronoticias.com.pe\/noticiero\/#website\"},\"datePublished\":\"2015-07-31T17:05:01+00:00\",\"author\":{\"@id\":\"https:\/\/aeronoticias.com.pe\/noticiero\/#\/schema\/person\/fc1e5d578f4b62ba1cf7ac2bba1170a0\"},\"description\":\"Portal de noticias del Per\u00fa sobre el transporte a\u00e9reo, aviaci\u00f3n, turismo, hoteleria, actualidad.\",\"breadcrumb\":{\"@id\":\"https:\/\/aeronoticias.com.pe\/noticiero\/turismo\/13\/el-boom-del-turismo-en-el-peru-de-solo-machu-picchu-a-un-pais-multidestino\/#breadcrumb\"},\"inLanguage\":\"es\",\"potentialAction\":[{\"@type\":\"ReadAction\",\"target\":[\"https:\/\/aeronoticias.com.pe\/noticiero\/turismo\/13\/el-boom-del-turismo-en-el-peru-de-solo-machu-picchu-a-un-pais-multidestino\/\"]}]},{\"@type\":\"BreadcrumbList\",\"@id\":\"https:\/\/aeronoticias.com.pe\/noticiero\/turismo\/13\/el-boom-del-turismo-en-el-peru-de-solo-machu-picchu-a-un-pais-multidestino\/#breadcrumb\",\"itemListElement\":[{\"@type\":\"ListItem\",\"position\":1,\"name\":\"Portada\",\"item\":\"https:\/\/aeronoticias.com.pe\/noticiero\/\"},{\"@type\":\"ListItem\",\"position\":2,\"name\":\"El boom del turismo en el Per\u00fa: de solo Machu Picchu a un pa\u00eds multidestino\"}]},{\"@type\":\"WebSite\",\"@id\":\"https:\/\/aeronoticias.com.pe\/noticiero\/#website\",\"url\":\"https:\/\/aeronoticias.com.pe\/noticiero\/\",\"name\":\"Aeronoticias.com.pe\",\"description\":\"Noticias de tranporte aereo, turismo, hoteles, gastronomia, actualidad, internacional\",\"potentialAction\":[{\"@type\":\"SearchAction\",\"target\":{\"@type\":\"EntryPoint\",\"urlTemplate\":\"https:\/\/aeronoticias.com.pe\/noticiero\/?s={search_term_string}\"},\"query-input\":{\"@type\":\"PropertyValueSpecification\",\"valueRequired\":true,\"valueName\":\"search_term_string\"}}],\"inLanguage\":\"es\"},{\"@type\":\"Person\",\"@id\":\"https:\/\/aeronoticias.com.pe\/noticiero\/#\/schema\/person\/fc1e5d578f4b62ba1cf7ac2bba1170a0\",\"name\":\"Redacci\u00f3n Aeronoticias\",\"url\":\"https:\/\/aeronoticias.com.pe\/noticiero\/author\/piloto\/\"}]}<\/script>\n<!-- \/ Yoast SEO plugin. -->","yoast_head_json":{"title":"El boom del turismo en el Per\u00fa: de solo Machu Picchu a un pa\u00eds multidestino","description":"Portal de noticias del Per\u00fa sobre el transporte a\u00e9reo, aviaci\u00f3n, turismo, hoteleria, actualidad.","robots":{"index":"index","follow":"follow","max-snippet":"max-snippet:-1","max-image-preview":"max-image-preview:large","max-video-preview":"max-video-preview:-1"},"canonical":"https:\/\/aeronoticias.com.pe\/noticiero\/turismo\/13\/el-boom-del-turismo-en-el-peru-de-solo-machu-picchu-a-un-pais-multidestino\/","og_locale":"es_ES","og_type":"article","og_title":"El boom del turismo en el Per\u00fa: de solo Machu Picchu a un pa\u00eds multidestino","og_description":"Portal de noticias del Per\u00fa sobre el transporte a\u00e9reo, aviaci\u00f3n, turismo, hoteleria, actualidad.","og_url":"https:\/\/aeronoticias.com.pe\/noticiero\/turismo\/13\/el-boom-del-turismo-en-el-peru-de-solo-machu-picchu-a-un-pais-multidestino\/","og_site_name":"Aeronoticias.com.pe","article_publisher":"https:\/\/www.facebook.com\/Aeronoticias.com.pe\/","article_published_time":"2015-07-31T17:05:01+00:00","author":"Redacci\u00f3n Aeronoticias","twitter_card":"summary_large_image","twitter_creator":"@aeronoticias","twitter_site":"@aeronoticias","twitter_misc":{"Escrito por":"Redacci\u00f3n Aeronoticias","Tiempo de lectura":"7 minutos"},"schema":{"@context":"https:\/\/schema.org","@graph":[{"@type":"WebPage","@id":"https:\/\/aeronoticias.com.pe\/noticiero\/turismo\/13\/el-boom-del-turismo-en-el-peru-de-solo-machu-picchu-a-un-pais-multidestino\/","url":"https:\/\/aeronoticias.com.pe\/noticiero\/turismo\/13\/el-boom-del-turismo-en-el-peru-de-solo-machu-picchu-a-un-pais-multidestino\/","name":"El boom del turismo en el Per\u00fa: de solo Machu Picchu a un pa\u00eds multidestino","isPartOf":{"@id":"https:\/\/aeronoticias.com.pe\/noticiero\/#website"},"datePublished":"2015-07-31T17:05:01+00:00","author":{"@id":"https:\/\/aeronoticias.com.pe\/noticiero\/#\/schema\/person\/fc1e5d578f4b62ba1cf7ac2bba1170a0"},"description":"Portal de noticias del Per\u00fa sobre el transporte a\u00e9reo, aviaci\u00f3n, turismo, hoteleria, actualidad.","breadcrumb":{"@id":"https:\/\/aeronoticias.com.pe\/noticiero\/turismo\/13\/el-boom-del-turismo-en-el-peru-de-solo-machu-picchu-a-un-pais-multidestino\/#breadcrumb"},"inLanguage":"es","potentialAction":[{"@type":"ReadAction","target":["https:\/\/aeronoticias.com.pe\/noticiero\/turismo\/13\/el-boom-del-turismo-en-el-peru-de-solo-machu-picchu-a-un-pais-multidestino\/"]}]},{"@type":"BreadcrumbList","@id":"https:\/\/aeronoticias.com.pe\/noticiero\/turismo\/13\/el-boom-del-turismo-en-el-peru-de-solo-machu-picchu-a-un-pais-multidestino\/#breadcrumb","itemListElement":[{"@type":"ListItem","position":1,"name":"Portada","item":"https:\/\/aeronoticias.com.pe\/noticiero\/"},{"@type":"ListItem","position":2,"name":"El boom del turismo en el Per\u00fa: de solo Machu Picchu a un pa\u00eds multidestino"}]},{"@type":"WebSite","@id":"https:\/\/aeronoticias.com.pe\/noticiero\/#website","url":"https:\/\/aeronoticias.com.pe\/noticiero\/","name":"Aeronoticias.com.pe","description":"Noticias de tranporte aereo, turismo, hoteles, gastronomia, actualidad, internacional","potentialAction":[{"@type":"SearchAction","target":{"@type":"EntryPoint","urlTemplate":"https:\/\/aeronoticias.com.pe\/noticiero\/?s={search_term_string}"},"query-input":{"@type":"PropertyValueSpecification","valueRequired":true,"valueName":"search_term_string"}}],"inLanguage":"es"},{"@type":"Person","@id":"https:\/\/aeronoticias.com.pe\/noticiero\/#\/schema\/person\/fc1e5d578f4b62ba1cf7ac2bba1170a0","name":"Redacci\u00f3n Aeronoticias","url":"https:\/\/aeronoticias.com.pe\/noticiero\/author\/piloto\/"}]}},"_links":{"self":[{"href":"https:\/\/aeronoticias.com.pe\/noticiero\/wp-json\/wp\/v2\/posts\/53235","targetHints":{"allow":["GET"]}}],"collection":[{"href":"https:\/\/aeronoticias.com.pe\/noticiero\/wp-json\/wp\/v2\/posts"}],"about":[{"href":"https:\/\/aeronoticias.com.pe\/noticiero\/wp-json\/wp\/v2\/types\/post"}],"author":[{"embeddable":true,"href":"https:\/\/aeronoticias.com.pe\/noticiero\/wp-json\/wp\/v2\/users\/1"}],"replies":[{"embeddable":true,"href":"https:\/\/aeronoticias.com.pe\/noticiero\/wp-json\/wp\/v2\/comments?post=53235"}],"version-history":[{"count":0,"href":"https:\/\/aeronoticias.com.pe\/noticiero\/wp-json\/wp\/v2\/posts\/53235\/revisions"}],"wp:attachment":[{"href":"https:\/\/aeronoticias.com.pe\/noticiero\/wp-json\/wp\/v2\/media?parent=53235"}],"wp:term":[{"taxonomy":"category","embeddable":true,"href":"https:\/\/aeronoticias.com.pe\/noticiero\/wp-json\/wp\/v2\/categories?post=53235"},{"taxonomy":"post_tag","embeddable":true,"href":"https:\/\/aeronoticias.com.pe\/noticiero\/wp-json\/wp\/v2\/tags?post=53235"}],"curies":[{"name":"wp","href":"https:\/\/api.w.org\/{rel}","templated":true}]}}