{"id":53238,"date":"2015-07-31T19:03:06","date_gmt":"2015-07-31T19:03:06","guid":{"rendered":"http:\/\/desarrollo.mcvicious.com\/aero2020\/2015\/07\/31\/entrevista-al-embajador-de-bolivia-en-argentina-general-fab-r-liborio-flores\/"},"modified":"2020-09-11T15:22:34","modified_gmt":"2020-09-11T15:22:34","slug":"entrevista-al-embajador-de-bolivia-en-argentina-general-fab-r-liborio-flores","status":"publish","type":"post","link":"https:\/\/aeronoticias.com.pe\/noticiero\/diplomatica\/entrevista-al-embajador-de-bolivia-en-argentina-general-fab-r-liborio-flores\/","title":{"rendered":"Entrevista al Embajador de Bolivia en Argentina General FAB (r) Liborio Flores"},"content":{"rendered":"<p style=\"text-align: justify;\"><strong>(Aeronoticias) <\/strong>Nuestro corresponsal en Argentina Juan Cruz Casti\u00f1eiras, entrevist\u00f3\u00a0al Embajador de Bolivia en Argentina General FAB (r) Liborio Flores.<\/p>\n<p style=\"text-align: justify;\">\u00bfQu\u00e9 nos puede de la visita del Papa Francisco a su pa\u00eds?<\/p>\n<p style=\"text-align: justify;\"><span style=\"font-size: 12.1599998474121px; line-height: 1.3em;\">La llegada del Papa a Latinoam\u00e9rica y, sobre todo, a Bolivia ha sido muy importante por diferentes motivos. Uno de ellos es por la mirada social incluyente y progresista que claramente lo ha expresado en Bolivia, por otro lado, por el reconocimiento a todos los pueblos originarios y por la posici\u00f3n de la Iglesia al pedir perd\u00f3n por haber estado acompa\u00f1ando a los conquistadores, quienes vinieron a devastar, a someter y a explotar a los originarios que ven\u00edan de situaciones de paz con civilizaciones muy antiguas. \u00a0Fue muy noble su actitud, incluso, eso marca un antes y un despu\u00e9s en el reconocimiento de nuestros pueblos originarios. Otro tema que no ha sido menos importante ha sido que una autoridad moral mundial como, obviamente, es el Papa ha reconocido, ha identificado y ha dado su apoyo al reclamo justo que tiene Bolivia sobre una salida soberana al Oc\u00e9ano Pac\u00edfico. Son hechos que han marcado y seguir\u00e1n marcando la historia, la historia de \u00a0Latinoam\u00e9rica, la historia de integraci\u00f3n, nuestros desaf\u00edos de saber vivir en paz complement\u00e1ndonos con solidaridad como es la nueva visi\u00f3n del Estado Plurinacional de Bolivia.<\/span><\/p>\n<p style=\"text-align: justify;\"><span style=\"font-size: 12.1599998474121px; line-height: 1.3em;\">\u00bfC\u00f3mo interpreta el obsequio que le hizo el Presidente Evo Morales al Papa, que muchos cat\u00f3licos lo consideraron una falta de respeto?<\/span><\/p>\n<p style=\"text-align: justify;\"><span style=\"font-size: 12.1599998474121px; line-height: 1.3em;\">Es por desconocimiento y por ignorancia, el Papa estuvo muy contento al recibir un obsequio que no conoc\u00eda. El Padre Luis Espinal ha sido un jesuita que muri\u00f3 en una dictadura militar, la de Garc\u00eda Meza del a\u00f1o 80, \u00e9l era un palad\u00edn de los derechos de los humildes, \u00e9l conviv\u00eda como lo ha hecho el Papa Francisco en las villas; entonces \u00e9l encarn\u00f3 en su mentalidad, en su teolog\u00eda de la liberaci\u00f3n esa posici\u00f3n de que Cristo en su momento pregonaba la igualdad, la protecci\u00f3n a los m\u00e1s d\u00e9biles, esa mirada solidaria y de identificaci\u00f3n con los m\u00e1s oprimidos. El Padre Luis Espinal adem\u00e1s de ser poeta era un artista escultor, y en su momento tall\u00f3 una figura de Cristo identific\u00e1ndolo a la ideolog\u00eda comunista en la que se identificaba tambi\u00e9n la ideolog\u00eda de la teolog\u00eda de la liberaci\u00f3n en su momento.<\/span><\/p>\n<p style=\"text-align: justify;\"><span style=\"font-size: 12.1599998474121px; line-height: 1.3em;\">Usted como prestigioso militar y hoy como Embajador, \u00bfc\u00f3mo analiza la justa demanda de su pueblo para obtener una salida al mar?<\/span><\/p>\n<p style=\"text-align: justify;\"><span style=\"font-size: 12.1599998474121px; line-height: 1.3em;\">Es muy importante que de una vez por todas todos los pueblos, los Estados de Sudam\u00e9rica y Latinoam\u00e9rica seamos coherentes con nuestra realidad y nuestros desaf\u00edos. Nuestra realidad es la necesidad de integrarnos cada vez m\u00e1s para tener un gran peso espec\u00edfico en todo el mundo, hablar con una misma voz para defender los derechos de nuestros pueblos, no vamos a poder llegar a ese alto nivel de integraci\u00f3n si es que no resolvemos los problemas internos entre nosotros. Tenemos muchos problemas, uno de ellos es no tener relaciones diplom\u00e1ticas con Chile, siendo por excelencia pa\u00edses complementarios. El Presidente Evo Morales con una pol\u00edtica angular en pol\u00edtica exterior ha hecho que el tema del derecho hist\u00f3rico que tiene Bolivia de una salida al mar pueda ponerse en la agenda mundial. Despu\u00e9s de una negaci\u00f3n de Chile, Bolivia se ha visto obligada de acudir a la CIJ para que Chile se siente a negociar para resolver ese tema. No estamos tocando \u00a0para nada el tratado de 1904, no vamos a reivindicar lo perdido en la invasi\u00f3n chilena en la mal llamada Guerra del Pac\u00edfico.<\/span><\/p>\n<p style=\"text-align: justify;\"><span style=\"font-size: 12.1599998474121px; line-height: 1.3em;\">Recientemente hubo un fallo favorable al Per\u00fa en la CIJ con respecto a la Guerra del Pac\u00edfico. \u00bfEste fallo sirve como antecedente o jurisprudencia para el caso entre Bolivia y Chile?<\/span><\/p>\n<p style=\"text-align: justify;\"><span style=\"font-size: 12.1599998474121px; line-height: 1.3em;\">Las cortes internacionales est\u00e1n para resolver las controversias entre estados, en el litigio entre Per\u00fa y Chile la Corte ha dado una respuesta positiva haciendo que esto deje de ser un problema y se resuelva a trav\u00e9s de una resoluci\u00f3n clara de acuerdo a la mirada ecu\u00e1nime de este gran tribunal de Justicia.<\/span><\/p>\n<p style=\"text-align: justify;\"><span style=\"font-size: 12.1599998474121px; line-height: 1.3em;\">En algunos medios en Per\u00fa se dice que su pa\u00eds est\u00e1 presionando al Per\u00fa para que se expida a favor de Bolivia en este contencioso, \u00bfqu\u00e9 nos puede decir de la posici\u00f3n de su pa\u00eds vecino, Per\u00fa, con respecto a esta demanda?<\/span><\/p>\n<p style=\"text-align: justify;\"><span style=\"font-size: 12.1599998474121px; line-height: 1.3em;\">Lo que primero necesita Bolivia es sentarse de manera amigable, seria y de buena fe con Chile. Posteriormente se ver\u00e1 cu\u00e1les son las implicancias y cu\u00e1les son las posibilidades. Per\u00fa est\u00e1 muy cerca del \u00e1rea donde Bolivia tendr\u00eda que tener su acceso soberano al mar, Per\u00fa va a tener que participar en el futuro.<\/span><\/p>\n<p style=\"text-align: justify;\"><span style=\"font-size: 12.1599998474121px; line-height: 1.3em;\">\u00bfLa salida al mar ser\u00eda por territorio chileno porque en su momento se dijo que puede ser por territorio peruano?<\/span><\/p>\n<p style=\"text-align: justify;\"><span style=\"font-size: 12.1599998474121px; line-height: 1.3em;\">En este caso Per\u00fa no tiene nada que ver, estamos pidiendo un acceso soberano a Chile porque es tema de primer\u00edsima importancia que primero se resuelva con Chile. No podemos adelantar las modalidades \u00a0que se van a ver hacia el futuro.<\/span><\/p>\n<p style=\"text-align: justify;\"><span style=\"font-size: 12.1599998474121px; line-height: 1.3em;\">\u00bfQu\u00e9 significa la Rep\u00fablica Argentina para el Estado Plurinacional de Bolivia ya que es un pa\u00eds fronterizo que tiene a millones de bolivianos residentes?<\/span><\/p>\n<p style=\"text-align: justify;\"><span style=\"font-size: 12.1599998474121px; line-height: 1.3em;\">Argentina siempre fue un pa\u00eds muy estrat\u00e9gico para Bolivia por muchos factores, somos pa\u00edses que hemos nacido del mismo vientre, los pr\u00f3ceres de la independencia han sido comunes, hay mucha gente que hist\u00f3ricamente ha venido desde Bolivia a buscar nuevas posibilidades a la Argentina y hoy m\u00e1s que nunca, somos pa\u00edses hermanos que tenemos la misma visi\u00f3n pol\u00edtica, ideol\u00f3gica, de inclusi\u00f3n, progresista, con el desaf\u00edo de caminar hacia la integraci\u00f3n sudamericana. En este momento podemos decir que Argentina y Bolivia est\u00e1n pasando por el mejor momento hist\u00f3rico de sus relaciones internacionales.<\/span><\/p>\n<p style=\"text-align: justify;\"><span style=\"font-size: 12.1599998474121px; line-height: 1.3em;\">Si bien el Presidente Evo Morales es catalogado como un Presidente de izquierda, en este caso usted como ex militar, \u00bfc\u00f3mo analiza las relaciones entre el gobierno y las FFAA?<\/span><\/p>\n<p style=\"text-align: justify;\"><span style=\"font-size: 12.1599998474121px; line-height: 1.3em;\">En Bolivia no hay problema institucional con nuestras FFAA. Normalmente la procedencia de nuestros cuadros en las FFAA es de estratos bajos, de clase media, media baja, con un alto grado de conocimiento de su realidad, de sus necesidades y de la expresi\u00f3n misma de su pueblo. Hoy m\u00e1s que nunca son parte del proceso de cambio, han sido un factor fundamental para estructurar y consolidar la pol\u00edtica del gobierno. Ahora las FFAA participan activamente en varios planes sociales distribuy\u00e9ndolos, est\u00e1n totalmente integrados al Estado.<\/span><\/p>\n<p style=\"text-align: justify;\"><span style=\"font-size: 12.1599998474121px; line-height: 1.3em;\">Hay un tema preocupante en la ciudad de Buenos Aires donde hay muchos ciudadanos bolivianos v\u00edctimas del trabajo esclavo. En este caso, \u00bfc\u00f3mo est\u00e1n trabajando la Embajada y el Consulado para defender a sus connacionales?<\/span><\/p>\n<p style=\"text-align: justify;\"><span style=\"font-size: 12.1599998474121px; line-height: 1.3em;\">Existen normas muy importantes en la Argentina y, tambi\u00e9n, a nivel internacional respecto a este tema. Debemos velar por su cumplimiento, nosotros coordinamos con las autoridades locales, hemos estado con diferentes intendentes para ver la manera que nuestra gente salga de esa situaci\u00f3n de ilegalidad en el tema del trabajo en negro. Cada vez estamos mejorando, aqu\u00ed la ley migratoria ha mejorado pero es un proceso largo para ir resolviendo estos temas.<\/span><\/p>\n<p style=\"text-align: justify;\"><span style=\"font-size: 12.1599998474121px; line-height: 1.3em;\">Hablando de la migraci\u00f3n boliviana, \u00bfA qu\u00e9 se debe la capacidad de trabajo y la decencia en sus compatriotas?<\/span><\/p>\n<p style=\"text-align: justify;\"><span style=\"font-size: 12.1599998474121px; line-height: 1.3em;\">Venimos de una cultura muy antigua donde valoramos much\u00edsimo el respeto a las personas. Las culturas aymara y quechua son culturas milenarias que saben vivir en armon\u00eda con sus semejantes y, sobre todo, con la naturaleza, tenemos la trilog\u00eda Ama Sua, Ama Llulla y Ama Quella, que quiere decir que no se debe mentir, no se debe ser perezoso y mucho menos se debe robar. Esos son valores muy importantes que nuestra gente en su propia gen\u00e9tica cultural los tiene bien conservados y cuando emigra mantiene esos par\u00e1metros de convivencia y, desde luego, son muy laboriosos con un alto grado de superaci\u00f3n. Tenemos a una segunda o tercera generaci\u00f3n de migrantes que ya son profesionales y est\u00e1n altamente reconocidos. Ahora la Embajada de Bolivia ha creado un premio anual a los bolivianos e hijos de bolivianos por el gran desempe\u00f1o acad\u00e9mico demostrado.<\/span><\/p>\n<p><span style=\"font-size: 12.1599998474121px; line-height: 1.3em;\"><img decoding=\"async\" src=\"images\/stories\/15\/07\/310715\/embolivia.jpg\" border=\"0\" \/><br \/><\/span><\/p>\n","protected":false},"excerpt":{"rendered":"<p>(Aeronoticias) Nuestro corresponsal en Argentina Juan Cruz Casti\u00f1eiras, entrevist\u00f3\u00a0al Embajador de Bolivia en Argentina General FAB (r) Liborio Flores. \u00bfQu\u00e9 nos puede de la visita del Papa Francisco a su pa\u00eds? La llegada del Papa a Latinoam\u00e9rica y, sobre todo, a Bolivia ha sido muy importante por diferentes motivos. Uno de ellos es por la [&hellip;]<\/p>\n","protected":false},"author":1,"featured_media":0,"comment_status":"open","ping_status":"open","sticky":false,"template":"","format":"standard","meta":{"tdm_status":"","tdm_grid_status":"","footnotes":""},"categories":[25],"tags":[],"class_list":{"0":"post-53238","1":"post","2":"type-post","3":"status-publish","4":"format-standard","6":"category-diplomatica"},"yoast_head":"<!-- This site is optimized with the Yoast SEO plugin v25.1 - https:\/\/yoast.com\/wordpress\/plugins\/seo\/ -->\n<title>Entrevista al Embajador de Bolivia en Argentina General FAB (r) Liborio Flores<\/title>\n<meta name=\"description\" content=\"Portal de noticias del Per\u00fa sobre el transporte a\u00e9reo, aviaci\u00f3n, turismo, hoteleria, actualidad.\" \/>\n<meta name=\"robots\" content=\"index, follow, max-snippet:-1, max-image-preview:large, max-video-preview:-1\" \/>\n<link rel=\"canonical\" href=\"https:\/\/aeronoticias.com.pe\/noticiero\/diplomatica\/entrevista-al-embajador-de-bolivia-en-argentina-general-fab-r-liborio-flores\/\" \/>\n<meta property=\"og:locale\" content=\"es_ES\" \/>\n<meta property=\"og:type\" content=\"article\" \/>\n<meta property=\"og:title\" content=\"Entrevista al Embajador de Bolivia en Argentina General FAB (r) Liborio Flores\" \/>\n<meta property=\"og:description\" content=\"Portal de noticias del Per\u00fa sobre el transporte a\u00e9reo, aviaci\u00f3n, turismo, hoteleria, actualidad.\" \/>\n<meta property=\"og:url\" content=\"https:\/\/aeronoticias.com.pe\/noticiero\/diplomatica\/entrevista-al-embajador-de-bolivia-en-argentina-general-fab-r-liborio-flores\/\" \/>\n<meta property=\"og:site_name\" content=\"Aeronoticias.com.pe\" \/>\n<meta property=\"article:publisher\" content=\"https:\/\/www.facebook.com\/Aeronoticias.com.pe\/\" \/>\n<meta property=\"article:published_time\" content=\"2015-07-31T19:03:06+00:00\" \/>\n<meta property=\"article:modified_time\" content=\"2020-09-11T15:22:34+00:00\" \/>\n<meta name=\"author\" content=\"Redacci\u00f3n Aeronoticias\" \/>\n<meta name=\"twitter:card\" content=\"summary_large_image\" \/>\n<meta name=\"twitter:creator\" content=\"@aeronoticias\" \/>\n<meta name=\"twitter:site\" content=\"@aeronoticias\" \/>\n<meta name=\"twitter:label1\" content=\"Escrito por\" \/>\n\t<meta name=\"twitter:data1\" content=\"Redacci\u00f3n Aeronoticias\" \/>\n\t<meta name=\"twitter:label2\" content=\"Tiempo de lectura\" \/>\n\t<meta name=\"twitter:data2\" content=\"7 minutos\" \/>\n<script type=\"application\/ld+json\" class=\"yoast-schema-graph\">{\"@context\":\"https:\/\/schema.org\",\"@graph\":[{\"@type\":\"WebPage\",\"@id\":\"https:\/\/aeronoticias.com.pe\/noticiero\/diplomatica\/entrevista-al-embajador-de-bolivia-en-argentina-general-fab-r-liborio-flores\/\",\"url\":\"https:\/\/aeronoticias.com.pe\/noticiero\/diplomatica\/entrevista-al-embajador-de-bolivia-en-argentina-general-fab-r-liborio-flores\/\",\"name\":\"Entrevista al Embajador de Bolivia en Argentina General FAB (r) Liborio Flores\",\"isPartOf\":{\"@id\":\"https:\/\/aeronoticias.com.pe\/noticiero\/#website\"},\"datePublished\":\"2015-07-31T19:03:06+00:00\",\"dateModified\":\"2020-09-11T15:22:34+00:00\",\"author\":{\"@id\":\"https:\/\/aeronoticias.com.pe\/noticiero\/#\/schema\/person\/fc1e5d578f4b62ba1cf7ac2bba1170a0\"},\"description\":\"Portal de noticias del Per\u00fa sobre el transporte a\u00e9reo, aviaci\u00f3n, turismo, hoteleria, actualidad.\",\"breadcrumb\":{\"@id\":\"https:\/\/aeronoticias.com.pe\/noticiero\/diplomatica\/entrevista-al-embajador-de-bolivia-en-argentina-general-fab-r-liborio-flores\/#breadcrumb\"},\"inLanguage\":\"es\",\"potentialAction\":[{\"@type\":\"ReadAction\",\"target\":[\"https:\/\/aeronoticias.com.pe\/noticiero\/diplomatica\/entrevista-al-embajador-de-bolivia-en-argentina-general-fab-r-liborio-flores\/\"]}]},{\"@type\":\"BreadcrumbList\",\"@id\":\"https:\/\/aeronoticias.com.pe\/noticiero\/diplomatica\/entrevista-al-embajador-de-bolivia-en-argentina-general-fab-r-liborio-flores\/#breadcrumb\",\"itemListElement\":[{\"@type\":\"ListItem\",\"position\":1,\"name\":\"Portada\",\"item\":\"https:\/\/aeronoticias.com.pe\/noticiero\/\"},{\"@type\":\"ListItem\",\"position\":2,\"name\":\"Entrevista al Embajador de Bolivia en Argentina General FAB (r) Liborio Flores\"}]},{\"@type\":\"WebSite\",\"@id\":\"https:\/\/aeronoticias.com.pe\/noticiero\/#website\",\"url\":\"https:\/\/aeronoticias.com.pe\/noticiero\/\",\"name\":\"Aeronoticias.com.pe\",\"description\":\"Noticias de tranporte aereo, turismo, hoteles, gastronomia, actualidad, internacional\",\"potentialAction\":[{\"@type\":\"SearchAction\",\"target\":{\"@type\":\"EntryPoint\",\"urlTemplate\":\"https:\/\/aeronoticias.com.pe\/noticiero\/?s={search_term_string}\"},\"query-input\":{\"@type\":\"PropertyValueSpecification\",\"valueRequired\":true,\"valueName\":\"search_term_string\"}}],\"inLanguage\":\"es\"},{\"@type\":\"Person\",\"@id\":\"https:\/\/aeronoticias.com.pe\/noticiero\/#\/schema\/person\/fc1e5d578f4b62ba1cf7ac2bba1170a0\",\"name\":\"Redacci\u00f3n Aeronoticias\",\"url\":\"https:\/\/aeronoticias.com.pe\/noticiero\/author\/piloto\/\"}]}<\/script>\n<!-- \/ Yoast SEO plugin. -->","yoast_head_json":{"title":"Entrevista al Embajador de Bolivia en Argentina General FAB (r) Liborio Flores","description":"Portal de noticias del Per\u00fa sobre el transporte a\u00e9reo, aviaci\u00f3n, turismo, hoteleria, actualidad.","robots":{"index":"index","follow":"follow","max-snippet":"max-snippet:-1","max-image-preview":"max-image-preview:large","max-video-preview":"max-video-preview:-1"},"canonical":"https:\/\/aeronoticias.com.pe\/noticiero\/diplomatica\/entrevista-al-embajador-de-bolivia-en-argentina-general-fab-r-liborio-flores\/","og_locale":"es_ES","og_type":"article","og_title":"Entrevista al Embajador de Bolivia en Argentina General FAB (r) Liborio Flores","og_description":"Portal de noticias del Per\u00fa sobre el transporte a\u00e9reo, aviaci\u00f3n, turismo, hoteleria, actualidad.","og_url":"https:\/\/aeronoticias.com.pe\/noticiero\/diplomatica\/entrevista-al-embajador-de-bolivia-en-argentina-general-fab-r-liborio-flores\/","og_site_name":"Aeronoticias.com.pe","article_publisher":"https:\/\/www.facebook.com\/Aeronoticias.com.pe\/","article_published_time":"2015-07-31T19:03:06+00:00","article_modified_time":"2020-09-11T15:22:34+00:00","author":"Redacci\u00f3n Aeronoticias","twitter_card":"summary_large_image","twitter_creator":"@aeronoticias","twitter_site":"@aeronoticias","twitter_misc":{"Escrito por":"Redacci\u00f3n Aeronoticias","Tiempo de lectura":"7 minutos"},"schema":{"@context":"https:\/\/schema.org","@graph":[{"@type":"WebPage","@id":"https:\/\/aeronoticias.com.pe\/noticiero\/diplomatica\/entrevista-al-embajador-de-bolivia-en-argentina-general-fab-r-liborio-flores\/","url":"https:\/\/aeronoticias.com.pe\/noticiero\/diplomatica\/entrevista-al-embajador-de-bolivia-en-argentina-general-fab-r-liborio-flores\/","name":"Entrevista al Embajador de Bolivia en Argentina General FAB (r) Liborio Flores","isPartOf":{"@id":"https:\/\/aeronoticias.com.pe\/noticiero\/#website"},"datePublished":"2015-07-31T19:03:06+00:00","dateModified":"2020-09-11T15:22:34+00:00","author":{"@id":"https:\/\/aeronoticias.com.pe\/noticiero\/#\/schema\/person\/fc1e5d578f4b62ba1cf7ac2bba1170a0"},"description":"Portal de noticias del Per\u00fa sobre el transporte a\u00e9reo, aviaci\u00f3n, turismo, hoteleria, actualidad.","breadcrumb":{"@id":"https:\/\/aeronoticias.com.pe\/noticiero\/diplomatica\/entrevista-al-embajador-de-bolivia-en-argentina-general-fab-r-liborio-flores\/#breadcrumb"},"inLanguage":"es","potentialAction":[{"@type":"ReadAction","target":["https:\/\/aeronoticias.com.pe\/noticiero\/diplomatica\/entrevista-al-embajador-de-bolivia-en-argentina-general-fab-r-liborio-flores\/"]}]},{"@type":"BreadcrumbList","@id":"https:\/\/aeronoticias.com.pe\/noticiero\/diplomatica\/entrevista-al-embajador-de-bolivia-en-argentina-general-fab-r-liborio-flores\/#breadcrumb","itemListElement":[{"@type":"ListItem","position":1,"name":"Portada","item":"https:\/\/aeronoticias.com.pe\/noticiero\/"},{"@type":"ListItem","position":2,"name":"Entrevista al Embajador de Bolivia en Argentina General FAB (r) Liborio Flores"}]},{"@type":"WebSite","@id":"https:\/\/aeronoticias.com.pe\/noticiero\/#website","url":"https:\/\/aeronoticias.com.pe\/noticiero\/","name":"Aeronoticias.com.pe","description":"Noticias de tranporte aereo, turismo, hoteles, gastronomia, actualidad, internacional","potentialAction":[{"@type":"SearchAction","target":{"@type":"EntryPoint","urlTemplate":"https:\/\/aeronoticias.com.pe\/noticiero\/?s={search_term_string}"},"query-input":{"@type":"PropertyValueSpecification","valueRequired":true,"valueName":"search_term_string"}}],"inLanguage":"es"},{"@type":"Person","@id":"https:\/\/aeronoticias.com.pe\/noticiero\/#\/schema\/person\/fc1e5d578f4b62ba1cf7ac2bba1170a0","name":"Redacci\u00f3n Aeronoticias","url":"https:\/\/aeronoticias.com.pe\/noticiero\/author\/piloto\/"}]}},"_links":{"self":[{"href":"https:\/\/aeronoticias.com.pe\/noticiero\/wp-json\/wp\/v2\/posts\/53238","targetHints":{"allow":["GET"]}}],"collection":[{"href":"https:\/\/aeronoticias.com.pe\/noticiero\/wp-json\/wp\/v2\/posts"}],"about":[{"href":"https:\/\/aeronoticias.com.pe\/noticiero\/wp-json\/wp\/v2\/types\/post"}],"author":[{"embeddable":true,"href":"https:\/\/aeronoticias.com.pe\/noticiero\/wp-json\/wp\/v2\/users\/1"}],"replies":[{"embeddable":true,"href":"https:\/\/aeronoticias.com.pe\/noticiero\/wp-json\/wp\/v2\/comments?post=53238"}],"version-history":[{"count":0,"href":"https:\/\/aeronoticias.com.pe\/noticiero\/wp-json\/wp\/v2\/posts\/53238\/revisions"}],"wp:attachment":[{"href":"https:\/\/aeronoticias.com.pe\/noticiero\/wp-json\/wp\/v2\/media?parent=53238"}],"wp:term":[{"taxonomy":"category","embeddable":true,"href":"https:\/\/aeronoticias.com.pe\/noticiero\/wp-json\/wp\/v2\/categories?post=53238"},{"taxonomy":"post_tag","embeddable":true,"href":"https:\/\/aeronoticias.com.pe\/noticiero\/wp-json\/wp\/v2\/tags?post=53238"}],"curies":[{"name":"wp","href":"https:\/\/api.w.org\/{rel}","templated":true}]}}