{"id":53240,"date":"2015-07-31T23:35:23","date_gmt":"2015-07-31T23:35:23","guid":{"rendered":"http:\/\/desarrollo.mcvicious.com\/aero2020\/2015\/07\/31\/planned-parenthood-lanza-campana-de-oracion-a-favor-del-aborto\/"},"modified":"2015-07-31T23:35:23","modified_gmt":"2015-07-31T23:35:23","slug":"planned-parenthood-lanza-campana-de-oracion-a-favor-del-aborto","status":"publish","type":"post","link":"https:\/\/aeronoticias.com.pe\/noticiero\/internacionales\/planned-parenthood-lanza-campana-de-oracion-a-favor-del-aborto\/","title":{"rendered":"Planned Parenthood lanza campa\u00f1a de oraci\u00f3n a favor del aborto"},"content":{"rendered":"<p style=\"text-align: justify;\"><strong>(Aeronoticias)<\/strong>.-\u00a0Un grupo de cl\u00e9rigos liberales con el sello de la International Planned Parenthood Federation (la trasnacional abortista m\u00e1s grande del mundo) conmocion\u00f3 a los cristianos de California al lanzar una \u00abcampa\u00f1a de oraci\u00f3n\u00bb a favor del aborto y su millonaria industria.<\/p>\n<p style=\"text-align: justify;\">El Humboldt County Clergy for Choice, un comit\u00e9 de Planned Parenthood en Eureka, California, lanz\u00f3 la iniciativa llamada \u00ab40 d\u00edas de oraci\u00f3n y contemplaci\u00f3n\u00bb que comenz\u00f3 el 18 de marzo y concluye el 27 de abril para promover el aborto, un remedo de la campa\u00f1a \u00ab40 d\u00edas por la vida\u00bb que cada a\u00f1o congrega en oraci\u00f3n a millones de estadounidenses por las madres y los no nacidos.<\/p>\n<p style=\"text-align: justify;\">Los organizadores difunden un folleto sugiriendo \u00abintenciones de oraci\u00f3n\u00bb para c<span style=\"font-size: 12.1599998474121px; line-height: 1.3em;\">ada uno de los 40 d\u00edas.<\/span><\/p>\n<p style=\"text-align: justify;\">El primer d\u00eda fue dedicado a \u00abrezar por las mujeres para quienes un embarazo no es una buena noticia, para que sepan que tienen opciones\u00bb. En el d\u00eda 36 rezan \u00abpor las familias que hemos escogido. Que conozcan la bendici\u00f3n de la elecci\u00f3n\u00bb. En otros d\u00edas piden oraciones para que las gestantes no escuchen a los pro-vida, por los m\u00e9dicos abortistas y para que los estudiantes de medicina aprendan a realizar abortos.<\/p>\n<p style=\"text-align: justify;\">En el \u00faltimo d\u00eda piden elevar una oraci\u00f3n de acci\u00f3n de gracias y celebraci\u00f3n porque \u00abel aborto es a\u00fan seguro y legal\u00bb.<\/p>\n<p style=\"text-align: justify;\">Al respecto, Shawn Carney, director y cofundador de la exitosa campa\u00f1a 40 D\u00edas por la Vida, en Estados Unidos, lament\u00f3 en declaraciones a ACI Prensa que estos religiosos usen a la gente \u00abpara rezar por m\u00e1s abortos y para que las mujeres aborten m\u00e1s\u00bb.<\/p>\n<p style=\"text-align: justify;\">\u00abCada aborto acaba con la vida de un ser humano inocentes, creado a imagen y semejanza de Dios\u00bb. \u00abTenemos que rezar por cosas buenas que van a dar vida, no que la van a quitar\u00bb, record\u00f3.<\/p>\n<p style=\"text-align: justify;\">\u00abHemos visto a Planned Parenthood en distintos anuncios a trav\u00e9s del pa\u00eds intentando burlarse de la campa\u00f1a de 40 D\u00edas por la Vida de muchas formas. Usualmente la llaman 40 D\u00edas de Acoso o 40 D\u00edas de Intolerancia\u00bb, indic\u00f3 y lament\u00f3 deplor\u00f3 que se manipule a las personas de esta manera.<\/p>\n<p style=\"text-align: justify;\">Shawn Carney dijo tambi\u00e9n a ACI Prensa que \u00abla industria del aborto est\u00e1 llena de personas que tienen mente, alma y coraz\u00f3n. Por eso hemos visto recientemente a 69 trabajadores de cl\u00ednicas de abortos que se han convertido y han dejado sus trabajos\u00bb.<\/p>\n<p style=\"text-align: justify;\">Tras recordar que el movimiento pro-vida incluye a una gran cantidad de exabortistas, Carney record\u00f3 que la campa\u00f1a que lidera, desde que comenz\u00f3, ha salvado a unos 6 mil beb\u00e9s: \u00abmuchas de las madres nos dijeron que se levantaron esa ma\u00f1ana pidi\u00e9ndole a Dios una se\u00f1al mientras iban a la cl\u00ednica abortiva\u00bb.<\/p>\n<p style=\"text-align: justify;\">Los pro-vida rezando afuera de los abortuarios, dijo, \u00abfueron esa se\u00f1al\u00bb.<\/p>\n<p style=\"text-align: justify;\">Shawn Carney tambi\u00e9n rechaz\u00f3 la insinuaci\u00f3n del tr\u00edptico abortista sobre el hecho de que los pro-vida avergonzar\u00edan a las mujeres: \u00ablas personas afuera de los abortuarios son la \u00faltima esperanza para el beb\u00e9, y tambi\u00e9n son la primera l\u00ednea de misericordia. No hay una persecuci\u00f3n cuando abortas. La misma industria del aborto averg\u00fcenza a las mujeres cuando les venden un aborto para luego despacharlas\u00bb.<\/p>\n<p style=\"text-align: justify;\">Fuente: <strong><span style=\"text-decoration: underline;\"><em>AciPrensa<\/em><\/span><\/strong>.<\/p>\n<p style=\"text-align: justify;\"><img decoding=\"async\" src=\"http:\/\/api.ning.com\/files\/BFCRzf90emMbKyGDzdJ*KkIdw2O76U0DP1xfH09wFEBbByy*ptk7gHmhnL4S3vzpoMJlWw2kxBNQSLTf9XvSibEJgE8wERdG\/logoPlannedParenthood.480.gif\" border=\"0\" \/><\/p>\n","protected":false},"excerpt":{"rendered":"<p>(Aeronoticias).-\u00a0Un grupo de cl\u00e9rigos liberales con el sello de la International Planned Parenthood Federation (la trasnacional abortista m\u00e1s grande del mundo) conmocion\u00f3 a los cristianos de California al lanzar una \u00abcampa\u00f1a de oraci\u00f3n\u00bb a favor del aborto y su millonaria industria. El Humboldt County Clergy for Choice, un comit\u00e9 de Planned Parenthood en Eureka, California, [&hellip;]<\/p>\n","protected":false},"author":1,"featured_media":0,"comment_status":"open","ping_status":"open","sticky":false,"template":"","format":"standard","meta":{"tdm_status":"","tdm_grid_status":"","footnotes":""},"categories":[34],"tags":[],"class_list":{"0":"post-53240","1":"post","2":"type-post","3":"status-publish","4":"format-standard","6":"category-internacionales"},"yoast_head":"<!-- This site is optimized with the Yoast SEO plugin v25.1 - https:\/\/yoast.com\/wordpress\/plugins\/seo\/ -->\n<title>Planned Parenthood lanza campa\u00f1a de oraci\u00f3n a favor del aborto<\/title>\n<meta name=\"description\" content=\"Portal de noticias del Per\u00fa sobre el transporte a\u00e9reo, aviaci\u00f3n, turismo, hoteleria, actualidad.\" \/>\n<meta name=\"robots\" content=\"index, follow, max-snippet:-1, max-image-preview:large, max-video-preview:-1\" \/>\n<link rel=\"canonical\" href=\"https:\/\/aeronoticias.com.pe\/noticiero\/internacionales\/planned-parenthood-lanza-campana-de-oracion-a-favor-del-aborto\/\" \/>\n<meta property=\"og:locale\" content=\"es_ES\" \/>\n<meta property=\"og:type\" content=\"article\" \/>\n<meta property=\"og:title\" content=\"Planned Parenthood lanza campa\u00f1a de oraci\u00f3n a favor del aborto\" \/>\n<meta property=\"og:description\" content=\"Portal de noticias del Per\u00fa sobre el transporte a\u00e9reo, aviaci\u00f3n, turismo, hoteleria, actualidad.\" \/>\n<meta property=\"og:url\" content=\"https:\/\/aeronoticias.com.pe\/noticiero\/internacionales\/planned-parenthood-lanza-campana-de-oracion-a-favor-del-aborto\/\" \/>\n<meta property=\"og:site_name\" content=\"Aeronoticias.com.pe\" \/>\n<meta property=\"article:publisher\" content=\"https:\/\/www.facebook.com\/Aeronoticias.com.pe\/\" \/>\n<meta property=\"article:published_time\" content=\"2015-07-31T23:35:23+00:00\" \/>\n<meta property=\"og:image\" content=\"http:\/\/api.ning.com\/files\/BFCRzf90emMbKyGDzdJ*KkIdw2O76U0DP1xfH09wFEBbByy*ptk7gHmhnL4S3vzpoMJlWw2kxBNQSLTf9XvSibEJgE8wERdG\/logoPlannedParenthood.480.gif\" \/>\n<meta name=\"author\" content=\"Redacci\u00f3n Aeronoticias\" \/>\n<meta name=\"twitter:card\" content=\"summary_large_image\" \/>\n<meta name=\"twitter:creator\" content=\"@aeronoticias\" \/>\n<meta name=\"twitter:site\" content=\"@aeronoticias\" \/>\n<meta name=\"twitter:label1\" content=\"Escrito por\" \/>\n\t<meta name=\"twitter:data1\" content=\"Redacci\u00f3n Aeronoticias\" \/>\n\t<meta name=\"twitter:label2\" content=\"Tiempo de lectura\" \/>\n\t<meta name=\"twitter:data2\" content=\"3 minutos\" \/>\n<script type=\"application\/ld+json\" class=\"yoast-schema-graph\">{\"@context\":\"https:\/\/schema.org\",\"@graph\":[{\"@type\":\"WebPage\",\"@id\":\"https:\/\/aeronoticias.com.pe\/noticiero\/internacionales\/planned-parenthood-lanza-campana-de-oracion-a-favor-del-aborto\/\",\"url\":\"https:\/\/aeronoticias.com.pe\/noticiero\/internacionales\/planned-parenthood-lanza-campana-de-oracion-a-favor-del-aborto\/\",\"name\":\"Planned Parenthood lanza campa\u00f1a de oraci\u00f3n a favor del aborto\",\"isPartOf\":{\"@id\":\"https:\/\/aeronoticias.com.pe\/noticiero\/#website\"},\"primaryImageOfPage\":{\"@id\":\"https:\/\/aeronoticias.com.pe\/noticiero\/internacionales\/planned-parenthood-lanza-campana-de-oracion-a-favor-del-aborto\/#primaryimage\"},\"image\":{\"@id\":\"https:\/\/aeronoticias.com.pe\/noticiero\/internacionales\/planned-parenthood-lanza-campana-de-oracion-a-favor-del-aborto\/#primaryimage\"},\"thumbnailUrl\":\"http:\/\/api.ning.com\/files\/BFCRzf90emMbKyGDzdJ*KkIdw2O76U0DP1xfH09wFEBbByy*ptk7gHmhnL4S3vzpoMJlWw2kxBNQSLTf9XvSibEJgE8wERdG\/logoPlannedParenthood.480.gif\",\"datePublished\":\"2015-07-31T23:35:23+00:00\",\"author\":{\"@id\":\"https:\/\/aeronoticias.com.pe\/noticiero\/#\/schema\/person\/fc1e5d578f4b62ba1cf7ac2bba1170a0\"},\"description\":\"Portal de noticias del Per\u00fa sobre el transporte a\u00e9reo, aviaci\u00f3n, turismo, hoteleria, actualidad.\",\"breadcrumb\":{\"@id\":\"https:\/\/aeronoticias.com.pe\/noticiero\/internacionales\/planned-parenthood-lanza-campana-de-oracion-a-favor-del-aborto\/#breadcrumb\"},\"inLanguage\":\"es\",\"potentialAction\":[{\"@type\":\"ReadAction\",\"target\":[\"https:\/\/aeronoticias.com.pe\/noticiero\/internacionales\/planned-parenthood-lanza-campana-de-oracion-a-favor-del-aborto\/\"]}]},{\"@type\":\"ImageObject\",\"inLanguage\":\"es\",\"@id\":\"https:\/\/aeronoticias.com.pe\/noticiero\/internacionales\/planned-parenthood-lanza-campana-de-oracion-a-favor-del-aborto\/#primaryimage\",\"url\":\"http:\/\/api.ning.com\/files\/BFCRzf90emMbKyGDzdJ*KkIdw2O76U0DP1xfH09wFEBbByy*ptk7gHmhnL4S3vzpoMJlWw2kxBNQSLTf9XvSibEJgE8wERdG\/logoPlannedParenthood.480.gif\",\"contentUrl\":\"http:\/\/api.ning.com\/files\/BFCRzf90emMbKyGDzdJ*KkIdw2O76U0DP1xfH09wFEBbByy*ptk7gHmhnL4S3vzpoMJlWw2kxBNQSLTf9XvSibEJgE8wERdG\/logoPlannedParenthood.480.gif\"},{\"@type\":\"BreadcrumbList\",\"@id\":\"https:\/\/aeronoticias.com.pe\/noticiero\/internacionales\/planned-parenthood-lanza-campana-de-oracion-a-favor-del-aborto\/#breadcrumb\",\"itemListElement\":[{\"@type\":\"ListItem\",\"position\":1,\"name\":\"Portada\",\"item\":\"https:\/\/aeronoticias.com.pe\/noticiero\/\"},{\"@type\":\"ListItem\",\"position\":2,\"name\":\"Planned Parenthood lanza campa\u00f1a de oraci\u00f3n a favor del aborto\"}]},{\"@type\":\"WebSite\",\"@id\":\"https:\/\/aeronoticias.com.pe\/noticiero\/#website\",\"url\":\"https:\/\/aeronoticias.com.pe\/noticiero\/\",\"name\":\"Aeronoticias.com.pe\",\"description\":\"Noticias de tranporte aereo, turismo, hoteles, gastronomia, actualidad, internacional\",\"potentialAction\":[{\"@type\":\"SearchAction\",\"target\":{\"@type\":\"EntryPoint\",\"urlTemplate\":\"https:\/\/aeronoticias.com.pe\/noticiero\/?s={search_term_string}\"},\"query-input\":{\"@type\":\"PropertyValueSpecification\",\"valueRequired\":true,\"valueName\":\"search_term_string\"}}],\"inLanguage\":\"es\"},{\"@type\":\"Person\",\"@id\":\"https:\/\/aeronoticias.com.pe\/noticiero\/#\/schema\/person\/fc1e5d578f4b62ba1cf7ac2bba1170a0\",\"name\":\"Redacci\u00f3n Aeronoticias\",\"url\":\"https:\/\/aeronoticias.com.pe\/noticiero\/author\/piloto\/\"}]}<\/script>\n<!-- \/ Yoast SEO plugin. -->","yoast_head_json":{"title":"Planned Parenthood lanza campa\u00f1a de oraci\u00f3n a favor del aborto","description":"Portal de noticias del Per\u00fa sobre el transporte a\u00e9reo, aviaci\u00f3n, turismo, hoteleria, actualidad.","robots":{"index":"index","follow":"follow","max-snippet":"max-snippet:-1","max-image-preview":"max-image-preview:large","max-video-preview":"max-video-preview:-1"},"canonical":"https:\/\/aeronoticias.com.pe\/noticiero\/internacionales\/planned-parenthood-lanza-campana-de-oracion-a-favor-del-aborto\/","og_locale":"es_ES","og_type":"article","og_title":"Planned Parenthood lanza campa\u00f1a de oraci\u00f3n a favor del aborto","og_description":"Portal de noticias del Per\u00fa sobre el transporte a\u00e9reo, aviaci\u00f3n, turismo, hoteleria, actualidad.","og_url":"https:\/\/aeronoticias.com.pe\/noticiero\/internacionales\/planned-parenthood-lanza-campana-de-oracion-a-favor-del-aborto\/","og_site_name":"Aeronoticias.com.pe","article_publisher":"https:\/\/www.facebook.com\/Aeronoticias.com.pe\/","article_published_time":"2015-07-31T23:35:23+00:00","og_image":[{"url":"http:\/\/api.ning.com\/files\/BFCRzf90emMbKyGDzdJ*KkIdw2O76U0DP1xfH09wFEBbByy*ptk7gHmhnL4S3vzpoMJlWw2kxBNQSLTf9XvSibEJgE8wERdG\/logoPlannedParenthood.480.gif","type":"","width":"","height":""}],"author":"Redacci\u00f3n Aeronoticias","twitter_card":"summary_large_image","twitter_creator":"@aeronoticias","twitter_site":"@aeronoticias","twitter_misc":{"Escrito por":"Redacci\u00f3n Aeronoticias","Tiempo de lectura":"3 minutos"},"schema":{"@context":"https:\/\/schema.org","@graph":[{"@type":"WebPage","@id":"https:\/\/aeronoticias.com.pe\/noticiero\/internacionales\/planned-parenthood-lanza-campana-de-oracion-a-favor-del-aborto\/","url":"https:\/\/aeronoticias.com.pe\/noticiero\/internacionales\/planned-parenthood-lanza-campana-de-oracion-a-favor-del-aborto\/","name":"Planned Parenthood lanza campa\u00f1a de oraci\u00f3n a favor del aborto","isPartOf":{"@id":"https:\/\/aeronoticias.com.pe\/noticiero\/#website"},"primaryImageOfPage":{"@id":"https:\/\/aeronoticias.com.pe\/noticiero\/internacionales\/planned-parenthood-lanza-campana-de-oracion-a-favor-del-aborto\/#primaryimage"},"image":{"@id":"https:\/\/aeronoticias.com.pe\/noticiero\/internacionales\/planned-parenthood-lanza-campana-de-oracion-a-favor-del-aborto\/#primaryimage"},"thumbnailUrl":"http:\/\/api.ning.com\/files\/BFCRzf90emMbKyGDzdJ*KkIdw2O76U0DP1xfH09wFEBbByy*ptk7gHmhnL4S3vzpoMJlWw2kxBNQSLTf9XvSibEJgE8wERdG\/logoPlannedParenthood.480.gif","datePublished":"2015-07-31T23:35:23+00:00","author":{"@id":"https:\/\/aeronoticias.com.pe\/noticiero\/#\/schema\/person\/fc1e5d578f4b62ba1cf7ac2bba1170a0"},"description":"Portal de noticias del Per\u00fa sobre el transporte a\u00e9reo, aviaci\u00f3n, turismo, hoteleria, actualidad.","breadcrumb":{"@id":"https:\/\/aeronoticias.com.pe\/noticiero\/internacionales\/planned-parenthood-lanza-campana-de-oracion-a-favor-del-aborto\/#breadcrumb"},"inLanguage":"es","potentialAction":[{"@type":"ReadAction","target":["https:\/\/aeronoticias.com.pe\/noticiero\/internacionales\/planned-parenthood-lanza-campana-de-oracion-a-favor-del-aborto\/"]}]},{"@type":"ImageObject","inLanguage":"es","@id":"https:\/\/aeronoticias.com.pe\/noticiero\/internacionales\/planned-parenthood-lanza-campana-de-oracion-a-favor-del-aborto\/#primaryimage","url":"http:\/\/api.ning.com\/files\/BFCRzf90emMbKyGDzdJ*KkIdw2O76U0DP1xfH09wFEBbByy*ptk7gHmhnL4S3vzpoMJlWw2kxBNQSLTf9XvSibEJgE8wERdG\/logoPlannedParenthood.480.gif","contentUrl":"http:\/\/api.ning.com\/files\/BFCRzf90emMbKyGDzdJ*KkIdw2O76U0DP1xfH09wFEBbByy*ptk7gHmhnL4S3vzpoMJlWw2kxBNQSLTf9XvSibEJgE8wERdG\/logoPlannedParenthood.480.gif"},{"@type":"BreadcrumbList","@id":"https:\/\/aeronoticias.com.pe\/noticiero\/internacionales\/planned-parenthood-lanza-campana-de-oracion-a-favor-del-aborto\/#breadcrumb","itemListElement":[{"@type":"ListItem","position":1,"name":"Portada","item":"https:\/\/aeronoticias.com.pe\/noticiero\/"},{"@type":"ListItem","position":2,"name":"Planned Parenthood lanza campa\u00f1a de oraci\u00f3n a favor del aborto"}]},{"@type":"WebSite","@id":"https:\/\/aeronoticias.com.pe\/noticiero\/#website","url":"https:\/\/aeronoticias.com.pe\/noticiero\/","name":"Aeronoticias.com.pe","description":"Noticias de tranporte aereo, turismo, hoteles, gastronomia, actualidad, internacional","potentialAction":[{"@type":"SearchAction","target":{"@type":"EntryPoint","urlTemplate":"https:\/\/aeronoticias.com.pe\/noticiero\/?s={search_term_string}"},"query-input":{"@type":"PropertyValueSpecification","valueRequired":true,"valueName":"search_term_string"}}],"inLanguage":"es"},{"@type":"Person","@id":"https:\/\/aeronoticias.com.pe\/noticiero\/#\/schema\/person\/fc1e5d578f4b62ba1cf7ac2bba1170a0","name":"Redacci\u00f3n Aeronoticias","url":"https:\/\/aeronoticias.com.pe\/noticiero\/author\/piloto\/"}]}},"_links":{"self":[{"href":"https:\/\/aeronoticias.com.pe\/noticiero\/wp-json\/wp\/v2\/posts\/53240","targetHints":{"allow":["GET"]}}],"collection":[{"href":"https:\/\/aeronoticias.com.pe\/noticiero\/wp-json\/wp\/v2\/posts"}],"about":[{"href":"https:\/\/aeronoticias.com.pe\/noticiero\/wp-json\/wp\/v2\/types\/post"}],"author":[{"embeddable":true,"href":"https:\/\/aeronoticias.com.pe\/noticiero\/wp-json\/wp\/v2\/users\/1"}],"replies":[{"embeddable":true,"href":"https:\/\/aeronoticias.com.pe\/noticiero\/wp-json\/wp\/v2\/comments?post=53240"}],"version-history":[{"count":0,"href":"https:\/\/aeronoticias.com.pe\/noticiero\/wp-json\/wp\/v2\/posts\/53240\/revisions"}],"wp:attachment":[{"href":"https:\/\/aeronoticias.com.pe\/noticiero\/wp-json\/wp\/v2\/media?parent=53240"}],"wp:term":[{"taxonomy":"category","embeddable":true,"href":"https:\/\/aeronoticias.com.pe\/noticiero\/wp-json\/wp\/v2\/categories?post=53240"},{"taxonomy":"post_tag","embeddable":true,"href":"https:\/\/aeronoticias.com.pe\/noticiero\/wp-json\/wp\/v2\/tags?post=53240"}],"curies":[{"name":"wp","href":"https:\/\/api.w.org\/{rel}","templated":true}]}}