{"id":53243,"date":"2015-08-02T16:09:33","date_gmt":"2015-08-02T16:09:33","guid":{"rendered":"http:\/\/desarrollo.mcvicious.com\/aero2020\/2015\/08\/02\/hallan-en-la-isla-de-la-reunion-otra-pieza-de-un-boeing\/"},"modified":"2015-08-02T16:09:33","modified_gmt":"2015-08-02T16:09:33","slug":"hallan-en-la-isla-de-la-reunion-otra-pieza-de-un-boeing","status":"publish","type":"post","link":"https:\/\/aeronoticias.com.pe\/noticiero\/transporte-aereo\/internacional\/hallan-en-la-isla-de-la-reunion-otra-pieza-de-un-boeing\/","title":{"rendered":"Hallan en la isla de La Reuni\u00f3n otra pieza de un Boeing"},"content":{"rendered":"<p style=\"text-align: justify;\"><strong>(Aeronoticias)<\/strong>.-\u00a0Un objeto met\u00e1lico fue encontrado en la costa de la isla de Reuni\u00f3n y ha sido entregado a la Gendarmer\u00eda para verificar si pertenece al vuelo MH370 de Malaysia Airlines que desapareci\u00f3 sin dejar rastro en marzo de 2014.<\/p>\n<p style=\"text-align: justify;\">Su hallazgo se produce cuatro d\u00edas despu\u00e9s de que en otra playa de esa isla francesa de ultramar, en el oc\u00e9ano \u00cdndico, se encontrara un fragmento de ala que ya ha sido trasladado a la Francia continental para examinarlo.<\/p>\n<p style=\"text-align: justify;\">Los medios locales &#8216;Linfo.re&#8217; y &#8216;clicanoo.re&#8217; advirtieron de que todav\u00eda no se sabe si este nuevo objeto, que ten\u00eda ideogramas, est\u00e1 vinculado con la pieza descubierta d\u00edas antes, cuyo peritaje comenzar\u00e1 el mi\u00e9rcoles en un laboratorio en Toulouse dependiente del Ministerio franc\u00e9s de Defensa.<\/p>\n<p style=\"text-align: justify;\">Adem\u00e1s, tambi\u00e9n en La Reuni\u00f3n se localiz\u00f3 el jueves pasado una maleta muy deteriorada, de cuyo an\u00e1lisis se encargar\u00e1 a las afueras de Par\u00eds el Instituto de Investigaci\u00f3n Criminal de la Gendarmer\u00eda Nacional francesa (IRCGN).<\/p>\n<p style=\"text-align: justify;\">Expertos malasios y franceses, junto a un equipo t\u00e9cnico del fabricante estadounidense Boeing, van a participar en el an\u00e1lisis, que ir\u00e1 precedido este lunes en Par\u00eds de una reuni\u00f3n de trabajo a puerta cerrada.<\/p>\n<p style=\"text-align: justify;\">El enigma en torno al vuelo MH370 de la aerol\u00ednea malasia recobr\u00f3 protagonismo esta semana con esa sucesi\u00f3n de hallazgos, tras 16 meses sin pistas de peso.<\/p>\n<p style=\"text-align: justify;\">El Boeing 777 de la aerol\u00ednea malasia desapareci\u00f3 el 8 de marzo de 2014 tras cambiar de rumbo en una \u00abacci\u00f3n deliberada\u00bb, seg\u00fan los expertos, y llevaba a bordo 239 personas, de las cuales 153 eran ciudadanos chinos.<\/p>\n<p style=\"text-align: justify;\">La investigaci\u00f3n de la Fiscal\u00eda de Par\u00eds contempla los cargos de homicidio involuntario y presunta destrucci\u00f3n intencionada de ese aparato, al que se le perdi\u00f3 el rastro 40 minutos despu\u00e9s de su despegue de Kuala Lumpur y de que alguien apagara los sistemas de comunicaci\u00f3n.<\/p>\n<p style=\"text-align: justify;\">Una misa celebrada ayer en La Reuni\u00f3n, a la que acudieron cerca de 400 personas y que se celebr\u00f3 cerca de la costa en la que apareci\u00f3 el fragmento de ala, record\u00f3 a las v\u00edctimas de ese vuelo.<\/p>\n<p style=\"text-align: justify;\">Fuente: <strong><em><span style=\"text-decoration: underline;\">Aviaci\u00f3n al d\u00eda<\/span><\/em><\/strong>.<\/p>\n<p style=\"text-align: justify;\"><img decoding=\"async\" src=\"http:\/\/2.bp.blogspot.com\/-zMadYDdU64A\/Vb4eTwYCI_I\/AAAAAAAAo6A\/HlSMt7cwLXc\/s1600\/Malaysia%2BAirlines.png\" border=\"0\" \/><\/p>\n","protected":false},"excerpt":{"rendered":"<p>(Aeronoticias).-\u00a0Un objeto met\u00e1lico fue encontrado en la costa de la isla de Reuni\u00f3n y ha sido entregado a la Gendarmer\u00eda para verificar si pertenece al vuelo MH370 de Malaysia Airlines que desapareci\u00f3 sin dejar rastro en marzo de 2014. Su hallazgo se produce cuatro d\u00edas despu\u00e9s de que en otra playa de esa isla francesa [&hellip;]<\/p>\n","protected":false},"author":1,"featured_media":0,"comment_status":"open","ping_status":"open","sticky":false,"template":"","format":"standard","meta":{"tdm_status":"","tdm_grid_status":"","footnotes":""},"categories":[32],"tags":[],"class_list":{"0":"post-53243","1":"post","2":"type-post","3":"status-publish","4":"format-standard","6":"category-internacional"},"yoast_head":"<!-- This site is optimized with the Yoast SEO plugin v25.1 - https:\/\/yoast.com\/wordpress\/plugins\/seo\/ -->\n<title>Hallan en la isla de La Reuni\u00f3n otra pieza de un Boeing<\/title>\n<meta name=\"description\" content=\"Portal de noticias del Per\u00fa sobre el transporte a\u00e9reo, aviaci\u00f3n, turismo, hoteleria, actualidad.\" \/>\n<meta name=\"robots\" content=\"index, follow, max-snippet:-1, max-image-preview:large, max-video-preview:-1\" \/>\n<link rel=\"canonical\" href=\"https:\/\/aeronoticias.com.pe\/noticiero\/transporte-aereo\/internacional\/hallan-en-la-isla-de-la-reunion-otra-pieza-de-un-boeing\/\" \/>\n<meta property=\"og:locale\" content=\"es_ES\" \/>\n<meta property=\"og:type\" content=\"article\" \/>\n<meta property=\"og:title\" content=\"Hallan en la isla de La Reuni\u00f3n otra pieza de un Boeing\" \/>\n<meta property=\"og:description\" content=\"Portal de noticias del Per\u00fa sobre el transporte a\u00e9reo, aviaci\u00f3n, turismo, hoteleria, actualidad.\" \/>\n<meta property=\"og:url\" content=\"https:\/\/aeronoticias.com.pe\/noticiero\/transporte-aereo\/internacional\/hallan-en-la-isla-de-la-reunion-otra-pieza-de-un-boeing\/\" \/>\n<meta property=\"og:site_name\" content=\"Aeronoticias.com.pe\" \/>\n<meta property=\"article:publisher\" content=\"https:\/\/www.facebook.com\/Aeronoticias.com.pe\/\" \/>\n<meta property=\"article:published_time\" content=\"2015-08-02T16:09:33+00:00\" \/>\n<meta property=\"og:image\" content=\"http:\/\/2.bp.blogspot.com\/-zMadYDdU64A\/Vb4eTwYCI_I\/AAAAAAAAo6A\/HlSMt7cwLXc\/s1600\/Malaysia%2BAirlines.png\" \/>\n<meta name=\"author\" content=\"Redacci\u00f3n Aeronoticias\" \/>\n<meta name=\"twitter:card\" content=\"summary_large_image\" \/>\n<meta name=\"twitter:creator\" content=\"@aeronoticias\" \/>\n<meta name=\"twitter:site\" content=\"@aeronoticias\" \/>\n<meta name=\"twitter:label1\" content=\"Escrito por\" \/>\n\t<meta name=\"twitter:data1\" content=\"Redacci\u00f3n Aeronoticias\" \/>\n\t<meta name=\"twitter:label2\" content=\"Tiempo de lectura\" \/>\n\t<meta name=\"twitter:data2\" content=\"2 minutos\" \/>\n<script type=\"application\/ld+json\" class=\"yoast-schema-graph\">{\"@context\":\"https:\/\/schema.org\",\"@graph\":[{\"@type\":\"WebPage\",\"@id\":\"https:\/\/aeronoticias.com.pe\/noticiero\/transporte-aereo\/internacional\/hallan-en-la-isla-de-la-reunion-otra-pieza-de-un-boeing\/\",\"url\":\"https:\/\/aeronoticias.com.pe\/noticiero\/transporte-aereo\/internacional\/hallan-en-la-isla-de-la-reunion-otra-pieza-de-un-boeing\/\",\"name\":\"Hallan en la isla de La Reuni\u00f3n otra pieza de un Boeing\",\"isPartOf\":{\"@id\":\"https:\/\/aeronoticias.com.pe\/noticiero\/#website\"},\"primaryImageOfPage\":{\"@id\":\"https:\/\/aeronoticias.com.pe\/noticiero\/transporte-aereo\/internacional\/hallan-en-la-isla-de-la-reunion-otra-pieza-de-un-boeing\/#primaryimage\"},\"image\":{\"@id\":\"https:\/\/aeronoticias.com.pe\/noticiero\/transporte-aereo\/internacional\/hallan-en-la-isla-de-la-reunion-otra-pieza-de-un-boeing\/#primaryimage\"},\"thumbnailUrl\":\"http:\/\/2.bp.blogspot.com\/-zMadYDdU64A\/Vb4eTwYCI_I\/AAAAAAAAo6A\/HlSMt7cwLXc\/s1600\/Malaysia%2BAirlines.png\",\"datePublished\":\"2015-08-02T16:09:33+00:00\",\"author\":{\"@id\":\"https:\/\/aeronoticias.com.pe\/noticiero\/#\/schema\/person\/fc1e5d578f4b62ba1cf7ac2bba1170a0\"},\"description\":\"Portal de noticias del Per\u00fa sobre el transporte a\u00e9reo, aviaci\u00f3n, turismo, hoteleria, actualidad.\",\"breadcrumb\":{\"@id\":\"https:\/\/aeronoticias.com.pe\/noticiero\/transporte-aereo\/internacional\/hallan-en-la-isla-de-la-reunion-otra-pieza-de-un-boeing\/#breadcrumb\"},\"inLanguage\":\"es\",\"potentialAction\":[{\"@type\":\"ReadAction\",\"target\":[\"https:\/\/aeronoticias.com.pe\/noticiero\/transporte-aereo\/internacional\/hallan-en-la-isla-de-la-reunion-otra-pieza-de-un-boeing\/\"]}]},{\"@type\":\"ImageObject\",\"inLanguage\":\"es\",\"@id\":\"https:\/\/aeronoticias.com.pe\/noticiero\/transporte-aereo\/internacional\/hallan-en-la-isla-de-la-reunion-otra-pieza-de-un-boeing\/#primaryimage\",\"url\":\"http:\/\/2.bp.blogspot.com\/-zMadYDdU64A\/Vb4eTwYCI_I\/AAAAAAAAo6A\/HlSMt7cwLXc\/s1600\/Malaysia%2BAirlines.png\",\"contentUrl\":\"http:\/\/2.bp.blogspot.com\/-zMadYDdU64A\/Vb4eTwYCI_I\/AAAAAAAAo6A\/HlSMt7cwLXc\/s1600\/Malaysia%2BAirlines.png\"},{\"@type\":\"BreadcrumbList\",\"@id\":\"https:\/\/aeronoticias.com.pe\/noticiero\/transporte-aereo\/internacional\/hallan-en-la-isla-de-la-reunion-otra-pieza-de-un-boeing\/#breadcrumb\",\"itemListElement\":[{\"@type\":\"ListItem\",\"position\":1,\"name\":\"Portada\",\"item\":\"https:\/\/aeronoticias.com.pe\/noticiero\/\"},{\"@type\":\"ListItem\",\"position\":2,\"name\":\"Hallan en la isla de La Reuni\u00f3n otra pieza de un Boeing\"}]},{\"@type\":\"WebSite\",\"@id\":\"https:\/\/aeronoticias.com.pe\/noticiero\/#website\",\"url\":\"https:\/\/aeronoticias.com.pe\/noticiero\/\",\"name\":\"Aeronoticias.com.pe\",\"description\":\"Noticias de tranporte aereo, turismo, hoteles, gastronomia, actualidad, internacional\",\"potentialAction\":[{\"@type\":\"SearchAction\",\"target\":{\"@type\":\"EntryPoint\",\"urlTemplate\":\"https:\/\/aeronoticias.com.pe\/noticiero\/?s={search_term_string}\"},\"query-input\":{\"@type\":\"PropertyValueSpecification\",\"valueRequired\":true,\"valueName\":\"search_term_string\"}}],\"inLanguage\":\"es\"},{\"@type\":\"Person\",\"@id\":\"https:\/\/aeronoticias.com.pe\/noticiero\/#\/schema\/person\/fc1e5d578f4b62ba1cf7ac2bba1170a0\",\"name\":\"Redacci\u00f3n Aeronoticias\",\"url\":\"https:\/\/aeronoticias.com.pe\/noticiero\/author\/piloto\/\"}]}<\/script>\n<!-- \/ Yoast SEO plugin. -->","yoast_head_json":{"title":"Hallan en la isla de La Reuni\u00f3n otra pieza de un Boeing","description":"Portal de noticias del Per\u00fa sobre el transporte a\u00e9reo, aviaci\u00f3n, turismo, hoteleria, actualidad.","robots":{"index":"index","follow":"follow","max-snippet":"max-snippet:-1","max-image-preview":"max-image-preview:large","max-video-preview":"max-video-preview:-1"},"canonical":"https:\/\/aeronoticias.com.pe\/noticiero\/transporte-aereo\/internacional\/hallan-en-la-isla-de-la-reunion-otra-pieza-de-un-boeing\/","og_locale":"es_ES","og_type":"article","og_title":"Hallan en la isla de La Reuni\u00f3n otra pieza de un Boeing","og_description":"Portal de noticias del Per\u00fa sobre el transporte a\u00e9reo, aviaci\u00f3n, turismo, hoteleria, actualidad.","og_url":"https:\/\/aeronoticias.com.pe\/noticiero\/transporte-aereo\/internacional\/hallan-en-la-isla-de-la-reunion-otra-pieza-de-un-boeing\/","og_site_name":"Aeronoticias.com.pe","article_publisher":"https:\/\/www.facebook.com\/Aeronoticias.com.pe\/","article_published_time":"2015-08-02T16:09:33+00:00","og_image":[{"url":"http:\/\/2.bp.blogspot.com\/-zMadYDdU64A\/Vb4eTwYCI_I\/AAAAAAAAo6A\/HlSMt7cwLXc\/s1600\/Malaysia%2BAirlines.png","type":"","width":"","height":""}],"author":"Redacci\u00f3n Aeronoticias","twitter_card":"summary_large_image","twitter_creator":"@aeronoticias","twitter_site":"@aeronoticias","twitter_misc":{"Escrito por":"Redacci\u00f3n Aeronoticias","Tiempo de lectura":"2 minutos"},"schema":{"@context":"https:\/\/schema.org","@graph":[{"@type":"WebPage","@id":"https:\/\/aeronoticias.com.pe\/noticiero\/transporte-aereo\/internacional\/hallan-en-la-isla-de-la-reunion-otra-pieza-de-un-boeing\/","url":"https:\/\/aeronoticias.com.pe\/noticiero\/transporte-aereo\/internacional\/hallan-en-la-isla-de-la-reunion-otra-pieza-de-un-boeing\/","name":"Hallan en la isla de La Reuni\u00f3n otra pieza de un Boeing","isPartOf":{"@id":"https:\/\/aeronoticias.com.pe\/noticiero\/#website"},"primaryImageOfPage":{"@id":"https:\/\/aeronoticias.com.pe\/noticiero\/transporte-aereo\/internacional\/hallan-en-la-isla-de-la-reunion-otra-pieza-de-un-boeing\/#primaryimage"},"image":{"@id":"https:\/\/aeronoticias.com.pe\/noticiero\/transporte-aereo\/internacional\/hallan-en-la-isla-de-la-reunion-otra-pieza-de-un-boeing\/#primaryimage"},"thumbnailUrl":"http:\/\/2.bp.blogspot.com\/-zMadYDdU64A\/Vb4eTwYCI_I\/AAAAAAAAo6A\/HlSMt7cwLXc\/s1600\/Malaysia%2BAirlines.png","datePublished":"2015-08-02T16:09:33+00:00","author":{"@id":"https:\/\/aeronoticias.com.pe\/noticiero\/#\/schema\/person\/fc1e5d578f4b62ba1cf7ac2bba1170a0"},"description":"Portal de noticias del Per\u00fa sobre el transporte a\u00e9reo, aviaci\u00f3n, turismo, hoteleria, actualidad.","breadcrumb":{"@id":"https:\/\/aeronoticias.com.pe\/noticiero\/transporte-aereo\/internacional\/hallan-en-la-isla-de-la-reunion-otra-pieza-de-un-boeing\/#breadcrumb"},"inLanguage":"es","potentialAction":[{"@type":"ReadAction","target":["https:\/\/aeronoticias.com.pe\/noticiero\/transporte-aereo\/internacional\/hallan-en-la-isla-de-la-reunion-otra-pieza-de-un-boeing\/"]}]},{"@type":"ImageObject","inLanguage":"es","@id":"https:\/\/aeronoticias.com.pe\/noticiero\/transporte-aereo\/internacional\/hallan-en-la-isla-de-la-reunion-otra-pieza-de-un-boeing\/#primaryimage","url":"http:\/\/2.bp.blogspot.com\/-zMadYDdU64A\/Vb4eTwYCI_I\/AAAAAAAAo6A\/HlSMt7cwLXc\/s1600\/Malaysia%2BAirlines.png","contentUrl":"http:\/\/2.bp.blogspot.com\/-zMadYDdU64A\/Vb4eTwYCI_I\/AAAAAAAAo6A\/HlSMt7cwLXc\/s1600\/Malaysia%2BAirlines.png"},{"@type":"BreadcrumbList","@id":"https:\/\/aeronoticias.com.pe\/noticiero\/transporte-aereo\/internacional\/hallan-en-la-isla-de-la-reunion-otra-pieza-de-un-boeing\/#breadcrumb","itemListElement":[{"@type":"ListItem","position":1,"name":"Portada","item":"https:\/\/aeronoticias.com.pe\/noticiero\/"},{"@type":"ListItem","position":2,"name":"Hallan en la isla de La Reuni\u00f3n otra pieza de un Boeing"}]},{"@type":"WebSite","@id":"https:\/\/aeronoticias.com.pe\/noticiero\/#website","url":"https:\/\/aeronoticias.com.pe\/noticiero\/","name":"Aeronoticias.com.pe","description":"Noticias de tranporte aereo, turismo, hoteles, gastronomia, actualidad, internacional","potentialAction":[{"@type":"SearchAction","target":{"@type":"EntryPoint","urlTemplate":"https:\/\/aeronoticias.com.pe\/noticiero\/?s={search_term_string}"},"query-input":{"@type":"PropertyValueSpecification","valueRequired":true,"valueName":"search_term_string"}}],"inLanguage":"es"},{"@type":"Person","@id":"https:\/\/aeronoticias.com.pe\/noticiero\/#\/schema\/person\/fc1e5d578f4b62ba1cf7ac2bba1170a0","name":"Redacci\u00f3n Aeronoticias","url":"https:\/\/aeronoticias.com.pe\/noticiero\/author\/piloto\/"}]}},"_links":{"self":[{"href":"https:\/\/aeronoticias.com.pe\/noticiero\/wp-json\/wp\/v2\/posts\/53243","targetHints":{"allow":["GET"]}}],"collection":[{"href":"https:\/\/aeronoticias.com.pe\/noticiero\/wp-json\/wp\/v2\/posts"}],"about":[{"href":"https:\/\/aeronoticias.com.pe\/noticiero\/wp-json\/wp\/v2\/types\/post"}],"author":[{"embeddable":true,"href":"https:\/\/aeronoticias.com.pe\/noticiero\/wp-json\/wp\/v2\/users\/1"}],"replies":[{"embeddable":true,"href":"https:\/\/aeronoticias.com.pe\/noticiero\/wp-json\/wp\/v2\/comments?post=53243"}],"version-history":[{"count":0,"href":"https:\/\/aeronoticias.com.pe\/noticiero\/wp-json\/wp\/v2\/posts\/53243\/revisions"}],"wp:attachment":[{"href":"https:\/\/aeronoticias.com.pe\/noticiero\/wp-json\/wp\/v2\/media?parent=53243"}],"wp:term":[{"taxonomy":"category","embeddable":true,"href":"https:\/\/aeronoticias.com.pe\/noticiero\/wp-json\/wp\/v2\/categories?post=53243"},{"taxonomy":"post_tag","embeddable":true,"href":"https:\/\/aeronoticias.com.pe\/noticiero\/wp-json\/wp\/v2\/tags?post=53243"}],"curies":[{"name":"wp","href":"https:\/\/api.w.org\/{rel}","templated":true}]}}