{"id":53246,"date":"2015-08-02T16:16:39","date_gmt":"2015-08-02T16:16:39","guid":{"rendered":"http:\/\/desarrollo.mcvicious.com\/aero2020\/2015\/08\/02\/vraem-evaluan-salud-de-rescatados-de-sendero-luminoso\/"},"modified":"2015-08-02T16:16:39","modified_gmt":"2015-08-02T16:16:39","slug":"vraem-evaluan-salud-de-rescatados-de-sendero-luminoso","status":"publish","type":"post","link":"https:\/\/aeronoticias.com.pe\/noticiero\/nacionales\/vraem-evaluan-salud-de-rescatados-de-sendero-luminoso\/","title":{"rendered":"Vraem: eval\u00faan salud de rescatados de Sendero Luminoso"},"content":{"rendered":"<p style=\"text-align: justify;\"><strong>(Aeronoticias)<\/strong>.-\u00a0El ministro de Defensa, Jakke Valakivi, anunci\u00f3 esta ma\u00f1ana que se est\u00e1 evaluando el estado de salud de las 15 personas, entre mujeres y ni\u00f1os, rescatadas ayer en el sector 5 del Vraem.<\/p>\n<p style=\"text-align: justify;\">Por su parte, el general Jos\u00e9 Baella, jefe de la Direcci\u00f3n contra el terrorismo (Dircote), se\u00f1al\u00f3 que las 54 personas que fueron rescatadas en los \u00faltimos diez d\u00edas, en el denominada operaci\u00f3n \u00abReencuentro 2015\u00bb, tienen un fr\u00e1gil estado de salud.<\/p>\n<p style=\"text-align: justify;\">La situaci\u00f3n de estas personas va desde la desnutrici\u00f3n cr\u00f3nica a la tuberculosis, indic\u00f3; sin embargo, la evaluaci\u00f3n oficial se realiza con la direcci\u00f3n del Ministerio P\u00fablico.<\/p>\n<p style=\"text-align: justify;\">Asimismo, el general indic\u00f3 que se ha detenido a dos mandos pol\u00edticos y militares de Sendero Luminoso: los terroristas alias Roberto y alias Ricardo.<\/p>\n<p style=\"text-align: justify;\">Ayer, el rescate fue comunicado por el viceministro de Defensa, Iv\u00e1n Vega, quien dijo que se realiz\u00f3 con \u00e9xito la segunda y final etapa del trabajo de recuperaci\u00f3n de las personas cautivas por Sendero Luminoso.<\/p>\n<p style=\"text-align: justify;\">Seg\u00fan dijo, con el rescate de los ocho ni\u00f1os, cuyas edades fluct\u00faan entre los 4 y 13 a\u00f1os, y de siete adultos, entre mujeres y ancianos, el denominado sector 5 queda libre de cautivos.<\/p>\n<p style=\"text-align: justify;\">Fuente: <span style=\"text-decoration: underline;\"><em><strong>El Comercio<\/strong><\/em><\/span>.<\/p>\n<p style=\"text-align: justify;\"><img decoding=\"async\" src=\"http:\/\/cde.3.elcomercio.pe\/ima\/0\/1\/1\/6\/7\/1167878\/base_image.jpg\" border=\"0\" alt=\"Vraem: eval\u00faan salud de rescatados de Sendero Luminoso\" \/><\/p>\n","protected":false},"excerpt":{"rendered":"<p>(Aeronoticias).-\u00a0El ministro de Defensa, Jakke Valakivi, anunci\u00f3 esta ma\u00f1ana que se est\u00e1 evaluando el estado de salud de las 15 personas, entre mujeres y ni\u00f1os, rescatadas ayer en el sector 5 del Vraem. Por su parte, el general Jos\u00e9 Baella, jefe de la Direcci\u00f3n contra el terrorismo (Dircote), se\u00f1al\u00f3 que las 54 personas que fueron [&hellip;]<\/p>\n","protected":false},"author":1,"featured_media":0,"comment_status":"open","ping_status":"open","sticky":false,"template":"","format":"standard","meta":{"tdm_status":"","tdm_grid_status":"","footnotes":""},"categories":[38],"tags":[],"class_list":{"0":"post-53246","1":"post","2":"type-post","3":"status-publish","4":"format-standard","6":"category-nacionales"},"yoast_head":"<!-- This site is optimized with the Yoast SEO plugin v25.1 - https:\/\/yoast.com\/wordpress\/plugins\/seo\/ -->\n<title>Vraem: eval\u00faan salud de rescatados de Sendero Luminoso<\/title>\n<meta name=\"description\" content=\"Portal de noticias del Per\u00fa sobre el transporte a\u00e9reo, aviaci\u00f3n, turismo, hoteleria, actualidad.\" \/>\n<meta name=\"robots\" content=\"index, follow, max-snippet:-1, max-image-preview:large, max-video-preview:-1\" \/>\n<link rel=\"canonical\" href=\"https:\/\/aeronoticias.com.pe\/noticiero\/nacionales\/vraem-evaluan-salud-de-rescatados-de-sendero-luminoso\/\" \/>\n<meta property=\"og:locale\" content=\"es_ES\" \/>\n<meta property=\"og:type\" content=\"article\" \/>\n<meta property=\"og:title\" content=\"Vraem: eval\u00faan salud de rescatados de Sendero Luminoso\" \/>\n<meta property=\"og:description\" content=\"Portal de noticias del Per\u00fa sobre el transporte a\u00e9reo, aviaci\u00f3n, turismo, hoteleria, actualidad.\" \/>\n<meta property=\"og:url\" content=\"https:\/\/aeronoticias.com.pe\/noticiero\/nacionales\/vraem-evaluan-salud-de-rescatados-de-sendero-luminoso\/\" \/>\n<meta property=\"og:site_name\" content=\"Aeronoticias.com.pe\" \/>\n<meta property=\"article:publisher\" content=\"https:\/\/www.facebook.com\/Aeronoticias.com.pe\/\" \/>\n<meta property=\"article:published_time\" content=\"2015-08-02T16:16:39+00:00\" \/>\n<meta property=\"og:image\" content=\"http:\/\/cde.3.elcomercio.pe\/ima\/0\/1\/1\/6\/7\/1167878\/base_image.jpg\" \/>\n<meta name=\"author\" content=\"Redacci\u00f3n Aeronoticias\" \/>\n<meta name=\"twitter:card\" content=\"summary_large_image\" \/>\n<meta name=\"twitter:creator\" content=\"@aeronoticias\" \/>\n<meta name=\"twitter:site\" content=\"@aeronoticias\" \/>\n<meta name=\"twitter:label1\" content=\"Escrito por\" \/>\n\t<meta name=\"twitter:data1\" content=\"Redacci\u00f3n Aeronoticias\" \/>\n\t<meta name=\"twitter:label2\" content=\"Tiempo de lectura\" \/>\n\t<meta name=\"twitter:data2\" content=\"1 minuto\" \/>\n<script type=\"application\/ld+json\" class=\"yoast-schema-graph\">{\"@context\":\"https:\/\/schema.org\",\"@graph\":[{\"@type\":\"WebPage\",\"@id\":\"https:\/\/aeronoticias.com.pe\/noticiero\/nacionales\/vraem-evaluan-salud-de-rescatados-de-sendero-luminoso\/\",\"url\":\"https:\/\/aeronoticias.com.pe\/noticiero\/nacionales\/vraem-evaluan-salud-de-rescatados-de-sendero-luminoso\/\",\"name\":\"Vraem: eval\u00faan salud de rescatados de Sendero Luminoso\",\"isPartOf\":{\"@id\":\"https:\/\/aeronoticias.com.pe\/noticiero\/#website\"},\"primaryImageOfPage\":{\"@id\":\"https:\/\/aeronoticias.com.pe\/noticiero\/nacionales\/vraem-evaluan-salud-de-rescatados-de-sendero-luminoso\/#primaryimage\"},\"image\":{\"@id\":\"https:\/\/aeronoticias.com.pe\/noticiero\/nacionales\/vraem-evaluan-salud-de-rescatados-de-sendero-luminoso\/#primaryimage\"},\"thumbnailUrl\":\"http:\/\/cde.3.elcomercio.pe\/ima\/0\/1\/1\/6\/7\/1167878\/base_image.jpg\",\"datePublished\":\"2015-08-02T16:16:39+00:00\",\"author\":{\"@id\":\"https:\/\/aeronoticias.com.pe\/noticiero\/#\/schema\/person\/fc1e5d578f4b62ba1cf7ac2bba1170a0\"},\"description\":\"Portal de noticias del Per\u00fa sobre el transporte a\u00e9reo, aviaci\u00f3n, turismo, hoteleria, actualidad.\",\"breadcrumb\":{\"@id\":\"https:\/\/aeronoticias.com.pe\/noticiero\/nacionales\/vraem-evaluan-salud-de-rescatados-de-sendero-luminoso\/#breadcrumb\"},\"inLanguage\":\"es\",\"potentialAction\":[{\"@type\":\"ReadAction\",\"target\":[\"https:\/\/aeronoticias.com.pe\/noticiero\/nacionales\/vraem-evaluan-salud-de-rescatados-de-sendero-luminoso\/\"]}]},{\"@type\":\"ImageObject\",\"inLanguage\":\"es\",\"@id\":\"https:\/\/aeronoticias.com.pe\/noticiero\/nacionales\/vraem-evaluan-salud-de-rescatados-de-sendero-luminoso\/#primaryimage\",\"url\":\"http:\/\/cde.3.elcomercio.pe\/ima\/0\/1\/1\/6\/7\/1167878\/base_image.jpg\",\"contentUrl\":\"http:\/\/cde.3.elcomercio.pe\/ima\/0\/1\/1\/6\/7\/1167878\/base_image.jpg\"},{\"@type\":\"BreadcrumbList\",\"@id\":\"https:\/\/aeronoticias.com.pe\/noticiero\/nacionales\/vraem-evaluan-salud-de-rescatados-de-sendero-luminoso\/#breadcrumb\",\"itemListElement\":[{\"@type\":\"ListItem\",\"position\":1,\"name\":\"Portada\",\"item\":\"https:\/\/aeronoticias.com.pe\/noticiero\/\"},{\"@type\":\"ListItem\",\"position\":2,\"name\":\"Vraem: eval\u00faan salud de rescatados de Sendero Luminoso\"}]},{\"@type\":\"WebSite\",\"@id\":\"https:\/\/aeronoticias.com.pe\/noticiero\/#website\",\"url\":\"https:\/\/aeronoticias.com.pe\/noticiero\/\",\"name\":\"Aeronoticias.com.pe\",\"description\":\"Noticias de tranporte aereo, turismo, hoteles, gastronomia, actualidad, internacional\",\"potentialAction\":[{\"@type\":\"SearchAction\",\"target\":{\"@type\":\"EntryPoint\",\"urlTemplate\":\"https:\/\/aeronoticias.com.pe\/noticiero\/?s={search_term_string}\"},\"query-input\":{\"@type\":\"PropertyValueSpecification\",\"valueRequired\":true,\"valueName\":\"search_term_string\"}}],\"inLanguage\":\"es\"},{\"@type\":\"Person\",\"@id\":\"https:\/\/aeronoticias.com.pe\/noticiero\/#\/schema\/person\/fc1e5d578f4b62ba1cf7ac2bba1170a0\",\"name\":\"Redacci\u00f3n Aeronoticias\",\"url\":\"https:\/\/aeronoticias.com.pe\/noticiero\/author\/piloto\/\"}]}<\/script>\n<!-- \/ Yoast SEO plugin. -->","yoast_head_json":{"title":"Vraem: eval\u00faan salud de rescatados de Sendero Luminoso","description":"Portal de noticias del Per\u00fa sobre el transporte a\u00e9reo, aviaci\u00f3n, turismo, hoteleria, actualidad.","robots":{"index":"index","follow":"follow","max-snippet":"max-snippet:-1","max-image-preview":"max-image-preview:large","max-video-preview":"max-video-preview:-1"},"canonical":"https:\/\/aeronoticias.com.pe\/noticiero\/nacionales\/vraem-evaluan-salud-de-rescatados-de-sendero-luminoso\/","og_locale":"es_ES","og_type":"article","og_title":"Vraem: eval\u00faan salud de rescatados de Sendero Luminoso","og_description":"Portal de noticias del Per\u00fa sobre el transporte a\u00e9reo, aviaci\u00f3n, turismo, hoteleria, actualidad.","og_url":"https:\/\/aeronoticias.com.pe\/noticiero\/nacionales\/vraem-evaluan-salud-de-rescatados-de-sendero-luminoso\/","og_site_name":"Aeronoticias.com.pe","article_publisher":"https:\/\/www.facebook.com\/Aeronoticias.com.pe\/","article_published_time":"2015-08-02T16:16:39+00:00","og_image":[{"url":"http:\/\/cde.3.elcomercio.pe\/ima\/0\/1\/1\/6\/7\/1167878\/base_image.jpg","type":"","width":"","height":""}],"author":"Redacci\u00f3n Aeronoticias","twitter_card":"summary_large_image","twitter_creator":"@aeronoticias","twitter_site":"@aeronoticias","twitter_misc":{"Escrito por":"Redacci\u00f3n Aeronoticias","Tiempo de lectura":"1 minuto"},"schema":{"@context":"https:\/\/schema.org","@graph":[{"@type":"WebPage","@id":"https:\/\/aeronoticias.com.pe\/noticiero\/nacionales\/vraem-evaluan-salud-de-rescatados-de-sendero-luminoso\/","url":"https:\/\/aeronoticias.com.pe\/noticiero\/nacionales\/vraem-evaluan-salud-de-rescatados-de-sendero-luminoso\/","name":"Vraem: eval\u00faan salud de rescatados de Sendero Luminoso","isPartOf":{"@id":"https:\/\/aeronoticias.com.pe\/noticiero\/#website"},"primaryImageOfPage":{"@id":"https:\/\/aeronoticias.com.pe\/noticiero\/nacionales\/vraem-evaluan-salud-de-rescatados-de-sendero-luminoso\/#primaryimage"},"image":{"@id":"https:\/\/aeronoticias.com.pe\/noticiero\/nacionales\/vraem-evaluan-salud-de-rescatados-de-sendero-luminoso\/#primaryimage"},"thumbnailUrl":"http:\/\/cde.3.elcomercio.pe\/ima\/0\/1\/1\/6\/7\/1167878\/base_image.jpg","datePublished":"2015-08-02T16:16:39+00:00","author":{"@id":"https:\/\/aeronoticias.com.pe\/noticiero\/#\/schema\/person\/fc1e5d578f4b62ba1cf7ac2bba1170a0"},"description":"Portal de noticias del Per\u00fa sobre el transporte a\u00e9reo, aviaci\u00f3n, turismo, hoteleria, actualidad.","breadcrumb":{"@id":"https:\/\/aeronoticias.com.pe\/noticiero\/nacionales\/vraem-evaluan-salud-de-rescatados-de-sendero-luminoso\/#breadcrumb"},"inLanguage":"es","potentialAction":[{"@type":"ReadAction","target":["https:\/\/aeronoticias.com.pe\/noticiero\/nacionales\/vraem-evaluan-salud-de-rescatados-de-sendero-luminoso\/"]}]},{"@type":"ImageObject","inLanguage":"es","@id":"https:\/\/aeronoticias.com.pe\/noticiero\/nacionales\/vraem-evaluan-salud-de-rescatados-de-sendero-luminoso\/#primaryimage","url":"http:\/\/cde.3.elcomercio.pe\/ima\/0\/1\/1\/6\/7\/1167878\/base_image.jpg","contentUrl":"http:\/\/cde.3.elcomercio.pe\/ima\/0\/1\/1\/6\/7\/1167878\/base_image.jpg"},{"@type":"BreadcrumbList","@id":"https:\/\/aeronoticias.com.pe\/noticiero\/nacionales\/vraem-evaluan-salud-de-rescatados-de-sendero-luminoso\/#breadcrumb","itemListElement":[{"@type":"ListItem","position":1,"name":"Portada","item":"https:\/\/aeronoticias.com.pe\/noticiero\/"},{"@type":"ListItem","position":2,"name":"Vraem: eval\u00faan salud de rescatados de Sendero Luminoso"}]},{"@type":"WebSite","@id":"https:\/\/aeronoticias.com.pe\/noticiero\/#website","url":"https:\/\/aeronoticias.com.pe\/noticiero\/","name":"Aeronoticias.com.pe","description":"Noticias de tranporte aereo, turismo, hoteles, gastronomia, actualidad, internacional","potentialAction":[{"@type":"SearchAction","target":{"@type":"EntryPoint","urlTemplate":"https:\/\/aeronoticias.com.pe\/noticiero\/?s={search_term_string}"},"query-input":{"@type":"PropertyValueSpecification","valueRequired":true,"valueName":"search_term_string"}}],"inLanguage":"es"},{"@type":"Person","@id":"https:\/\/aeronoticias.com.pe\/noticiero\/#\/schema\/person\/fc1e5d578f4b62ba1cf7ac2bba1170a0","name":"Redacci\u00f3n Aeronoticias","url":"https:\/\/aeronoticias.com.pe\/noticiero\/author\/piloto\/"}]}},"_links":{"self":[{"href":"https:\/\/aeronoticias.com.pe\/noticiero\/wp-json\/wp\/v2\/posts\/53246","targetHints":{"allow":["GET"]}}],"collection":[{"href":"https:\/\/aeronoticias.com.pe\/noticiero\/wp-json\/wp\/v2\/posts"}],"about":[{"href":"https:\/\/aeronoticias.com.pe\/noticiero\/wp-json\/wp\/v2\/types\/post"}],"author":[{"embeddable":true,"href":"https:\/\/aeronoticias.com.pe\/noticiero\/wp-json\/wp\/v2\/users\/1"}],"replies":[{"embeddable":true,"href":"https:\/\/aeronoticias.com.pe\/noticiero\/wp-json\/wp\/v2\/comments?post=53246"}],"version-history":[{"count":0,"href":"https:\/\/aeronoticias.com.pe\/noticiero\/wp-json\/wp\/v2\/posts\/53246\/revisions"}],"wp:attachment":[{"href":"https:\/\/aeronoticias.com.pe\/noticiero\/wp-json\/wp\/v2\/media?parent=53246"}],"wp:term":[{"taxonomy":"category","embeddable":true,"href":"https:\/\/aeronoticias.com.pe\/noticiero\/wp-json\/wp\/v2\/categories?post=53246"},{"taxonomy":"post_tag","embeddable":true,"href":"https:\/\/aeronoticias.com.pe\/noticiero\/wp-json\/wp\/v2\/tags?post=53246"}],"curies":[{"name":"wp","href":"https:\/\/api.w.org\/{rel}","templated":true}]}}