{"id":53247,"date":"2015-08-02T16:18:16","date_gmt":"2015-08-02T16:18:16","guid":{"rendered":"http:\/\/desarrollo.mcvicious.com\/aero2020\/2015\/08\/02\/familiares-de-osama-bin-laden-fallecieron-en-un-accidente-aereo\/"},"modified":"2015-08-02T16:18:16","modified_gmt":"2015-08-02T16:18:16","slug":"familiares-de-osama-bin-laden-fallecieron-en-un-accidente-aereo","status":"publish","type":"post","link":"https:\/\/aeronoticias.com.pe\/noticiero\/internacionales\/familiares-de-osama-bin-laden-fallecieron-en-un-accidente-aereo\/","title":{"rendered":"Familiares de Osama Bin Laden fallecieron en un accidente a\u00e9reo"},"content":{"rendered":"<p style=\"text-align: justify;\"><strong>(Aeronoticias)<\/strong>.-\u00a0El pr\u00edncipe Mohamed Bin Nawaf Bin Abdel-Aziz, embajador saud\u00ed en Gran Breta\u00f1a, ofreci\u00f3 sus condolencias a la adinerada familia Bin Laden, propietaria de una importante empresa de construcci\u00f3n en Arabia Saud\u00ed.<\/p>\n<p style=\"text-align: justify;\">\u00abLa embajada investigar\u00e1 el incidente y sus circunstancias con las autoridades brit\u00e1nicas competentes y trabajar\u00e1 para acelerar la repatriaci\u00f3n de los cuerpos de las v\u00edctimas al reino para las oraciones y su entierro\u00bb, dijo el diplom\u00e1tico en un comunicado tuiteado por la embajada el viernes por la noche.<\/p>\n<p style=\"text-align: justify;\">La polic\u00eda inform\u00f3 que cuatro personas \u2014 un piloto y tres pasajeros \u2014 fallecieron cuando un avi\u00f3n privado se estrell\u00f3 en un estacionamiento y se incendi\u00f3 al intentar aterrizar en un aeropuerto en el sur de Inglaterra el viernes por la tarde. La aeronave hab\u00eda partido del aeropuerto de Malpensa, en Mil\u00e1n.<\/p>\n<p style=\"text-align: justify;\">La hermana y la madrastra del fallecido l\u00edder de Al Qaeda Osama Bin Laden est\u00e1n entre los muertos.<\/p>\n<p style=\"text-align: justify;\">En tierra, nadie result\u00f3 herido. La polic\u00eda y la secci\u00f3n de investigaci\u00f3n de accidentes a\u00e9reos iniciaron una investigaci\u00f3n conjunta.<\/p>\n<p style=\"text-align: justify;\">Autoridades del aeropuerto Blackbushe detallaron que el jet Embraer Phenom 300 se estrell\u00f3 cerca del final de la pista mientras intentaba aterrizar en sus instalaciones, a unas 40 millas (65 kil\u00f3metros) al suroeste de Londres. El aer\u00f3dromo se utiliza para vuelos privados y clubes a\u00e9reos.<\/p>\n<p style=\"text-align: justify;\">Andrew Thomas, que estaba en un centro de subastas de autos ubicado en el aeropuerto, dijo a la BBC que \u00abel avi\u00f3n cay\u00f3 en picado sobre los coches y explot\u00f3 por el impacto\u00bb. El jet y varios coches ardieron, agreg\u00f3.<\/p>\n<p style=\"text-align: justify;\">La agencia oficial de noticias de Arabia Saud\u00ed hab\u00eda identificado antes el avi\u00f3n como saud\u00ed pero sin mencionar a la familia Bin Laden. Explic\u00f3 que el funcionario saud\u00ed trabajar\u00eda con las autoridades brit\u00e1nicas en la investigaci\u00f3n del incidente.<\/p>\n<p style=\"text-align: justify;\">La familia Bin Laden repudi\u00f3 a Osama en 1994 cuando Arabia Saud\u00ed le retir\u00f3 la nacionalidad por sus actividades insurgentes. El l\u00edder de Al Qaeda fue asesinado por fuerzas especiales estadounidenses en Pakist\u00e1n en el 2011.<\/p>\n<p style=\"text-align: justify;\">El n\u00facleo familiar es amplio y adinerado. El multimillonario padre de Osama Bin Laden, Mohamed, que falleci\u00f3 en 1967, tuvo m\u00e1s de 50 hijos y fund\u00f3 el grupo Bin Laden, un conglomerado de la construcci\u00f3n en expansi\u00f3n con muchos contratos importantes en el reino sun\u00ed.<\/p>\n<p style=\"text-align: justify;\">Fuente: <strong><em><span style=\"text-decoration: underline;\">El Comercio<\/span><\/em><\/strong>.<\/p>\n<p><img decoding=\"async\" src=\"http:\/\/cde.3.elcomercio.pe\/ima\/0\/1\/1\/6\/7\/1167798\/base_image.jpg\" border=\"0\" alt=\"Familiares de Osama Bin Laden fallecieron en un accidente a\u00e9reo\" \/><\/p>\n","protected":false},"excerpt":{"rendered":"<p>(Aeronoticias).-\u00a0El pr\u00edncipe Mohamed Bin Nawaf Bin Abdel-Aziz, embajador saud\u00ed en Gran Breta\u00f1a, ofreci\u00f3 sus condolencias a la adinerada familia Bin Laden, propietaria de una importante empresa de construcci\u00f3n en Arabia Saud\u00ed. \u00abLa embajada investigar\u00e1 el incidente y sus circunstancias con las autoridades brit\u00e1nicas competentes y trabajar\u00e1 para acelerar la repatriaci\u00f3n de los cuerpos de las [&hellip;]<\/p>\n","protected":false},"author":1,"featured_media":0,"comment_status":"open","ping_status":"open","sticky":false,"template":"","format":"standard","meta":{"tdm_status":"","tdm_grid_status":"","footnotes":""},"categories":[34],"tags":[],"class_list":{"0":"post-53247","1":"post","2":"type-post","3":"status-publish","4":"format-standard","6":"category-internacionales"},"yoast_head":"<!-- This site is optimized with the Yoast SEO plugin v25.1 - https:\/\/yoast.com\/wordpress\/plugins\/seo\/ -->\n<title>Familiares de Osama Bin Laden fallecieron en un accidente a\u00e9reo<\/title>\n<meta name=\"description\" content=\"Portal de noticias del Per\u00fa sobre el transporte a\u00e9reo, aviaci\u00f3n, turismo, hoteleria, actualidad.\" \/>\n<meta name=\"robots\" content=\"index, follow, max-snippet:-1, max-image-preview:large, max-video-preview:-1\" \/>\n<link rel=\"canonical\" href=\"https:\/\/aeronoticias.com.pe\/noticiero\/internacionales\/familiares-de-osama-bin-laden-fallecieron-en-un-accidente-aereo\/\" \/>\n<meta property=\"og:locale\" content=\"es_ES\" \/>\n<meta property=\"og:type\" content=\"article\" \/>\n<meta property=\"og:title\" content=\"Familiares de Osama Bin Laden fallecieron en un accidente a\u00e9reo\" \/>\n<meta property=\"og:description\" content=\"Portal de noticias del Per\u00fa sobre el transporte a\u00e9reo, aviaci\u00f3n, turismo, hoteleria, actualidad.\" \/>\n<meta property=\"og:url\" content=\"https:\/\/aeronoticias.com.pe\/noticiero\/internacionales\/familiares-de-osama-bin-laden-fallecieron-en-un-accidente-aereo\/\" \/>\n<meta property=\"og:site_name\" content=\"Aeronoticias.com.pe\" \/>\n<meta property=\"article:publisher\" content=\"https:\/\/www.facebook.com\/Aeronoticias.com.pe\/\" \/>\n<meta property=\"article:published_time\" content=\"2015-08-02T16:18:16+00:00\" \/>\n<meta property=\"og:image\" content=\"http:\/\/cde.3.elcomercio.pe\/ima\/0\/1\/1\/6\/7\/1167798\/base_image.jpg\" \/>\n<meta name=\"author\" content=\"Redacci\u00f3n Aeronoticias\" \/>\n<meta name=\"twitter:card\" content=\"summary_large_image\" \/>\n<meta name=\"twitter:creator\" content=\"@aeronoticias\" \/>\n<meta name=\"twitter:site\" content=\"@aeronoticias\" \/>\n<meta name=\"twitter:label1\" content=\"Escrito por\" \/>\n\t<meta name=\"twitter:data1\" content=\"Redacci\u00f3n Aeronoticias\" \/>\n\t<meta name=\"twitter:label2\" content=\"Tiempo de lectura\" \/>\n\t<meta name=\"twitter:data2\" content=\"2 minutos\" \/>\n<script type=\"application\/ld+json\" class=\"yoast-schema-graph\">{\"@context\":\"https:\/\/schema.org\",\"@graph\":[{\"@type\":\"WebPage\",\"@id\":\"https:\/\/aeronoticias.com.pe\/noticiero\/internacionales\/familiares-de-osama-bin-laden-fallecieron-en-un-accidente-aereo\/\",\"url\":\"https:\/\/aeronoticias.com.pe\/noticiero\/internacionales\/familiares-de-osama-bin-laden-fallecieron-en-un-accidente-aereo\/\",\"name\":\"Familiares de Osama Bin Laden fallecieron en un accidente a\u00e9reo\",\"isPartOf\":{\"@id\":\"https:\/\/aeronoticias.com.pe\/noticiero\/#website\"},\"primaryImageOfPage\":{\"@id\":\"https:\/\/aeronoticias.com.pe\/noticiero\/internacionales\/familiares-de-osama-bin-laden-fallecieron-en-un-accidente-aereo\/#primaryimage\"},\"image\":{\"@id\":\"https:\/\/aeronoticias.com.pe\/noticiero\/internacionales\/familiares-de-osama-bin-laden-fallecieron-en-un-accidente-aereo\/#primaryimage\"},\"thumbnailUrl\":\"http:\/\/cde.3.elcomercio.pe\/ima\/0\/1\/1\/6\/7\/1167798\/base_image.jpg\",\"datePublished\":\"2015-08-02T16:18:16+00:00\",\"author\":{\"@id\":\"https:\/\/aeronoticias.com.pe\/noticiero\/#\/schema\/person\/fc1e5d578f4b62ba1cf7ac2bba1170a0\"},\"description\":\"Portal de noticias del Per\u00fa sobre el transporte a\u00e9reo, aviaci\u00f3n, turismo, hoteleria, actualidad.\",\"breadcrumb\":{\"@id\":\"https:\/\/aeronoticias.com.pe\/noticiero\/internacionales\/familiares-de-osama-bin-laden-fallecieron-en-un-accidente-aereo\/#breadcrumb\"},\"inLanguage\":\"es\",\"potentialAction\":[{\"@type\":\"ReadAction\",\"target\":[\"https:\/\/aeronoticias.com.pe\/noticiero\/internacionales\/familiares-de-osama-bin-laden-fallecieron-en-un-accidente-aereo\/\"]}]},{\"@type\":\"ImageObject\",\"inLanguage\":\"es\",\"@id\":\"https:\/\/aeronoticias.com.pe\/noticiero\/internacionales\/familiares-de-osama-bin-laden-fallecieron-en-un-accidente-aereo\/#primaryimage\",\"url\":\"http:\/\/cde.3.elcomercio.pe\/ima\/0\/1\/1\/6\/7\/1167798\/base_image.jpg\",\"contentUrl\":\"http:\/\/cde.3.elcomercio.pe\/ima\/0\/1\/1\/6\/7\/1167798\/base_image.jpg\"},{\"@type\":\"BreadcrumbList\",\"@id\":\"https:\/\/aeronoticias.com.pe\/noticiero\/internacionales\/familiares-de-osama-bin-laden-fallecieron-en-un-accidente-aereo\/#breadcrumb\",\"itemListElement\":[{\"@type\":\"ListItem\",\"position\":1,\"name\":\"Portada\",\"item\":\"https:\/\/aeronoticias.com.pe\/noticiero\/\"},{\"@type\":\"ListItem\",\"position\":2,\"name\":\"Familiares de Osama Bin Laden fallecieron en un accidente a\u00e9reo\"}]},{\"@type\":\"WebSite\",\"@id\":\"https:\/\/aeronoticias.com.pe\/noticiero\/#website\",\"url\":\"https:\/\/aeronoticias.com.pe\/noticiero\/\",\"name\":\"Aeronoticias.com.pe\",\"description\":\"Noticias de tranporte aereo, turismo, hoteles, gastronomia, actualidad, internacional\",\"potentialAction\":[{\"@type\":\"SearchAction\",\"target\":{\"@type\":\"EntryPoint\",\"urlTemplate\":\"https:\/\/aeronoticias.com.pe\/noticiero\/?s={search_term_string}\"},\"query-input\":{\"@type\":\"PropertyValueSpecification\",\"valueRequired\":true,\"valueName\":\"search_term_string\"}}],\"inLanguage\":\"es\"},{\"@type\":\"Person\",\"@id\":\"https:\/\/aeronoticias.com.pe\/noticiero\/#\/schema\/person\/fc1e5d578f4b62ba1cf7ac2bba1170a0\",\"name\":\"Redacci\u00f3n Aeronoticias\",\"url\":\"https:\/\/aeronoticias.com.pe\/noticiero\/author\/piloto\/\"}]}<\/script>\n<!-- \/ Yoast SEO plugin. -->","yoast_head_json":{"title":"Familiares de Osama Bin Laden fallecieron en un accidente a\u00e9reo","description":"Portal de noticias del Per\u00fa sobre el transporte a\u00e9reo, aviaci\u00f3n, turismo, hoteleria, actualidad.","robots":{"index":"index","follow":"follow","max-snippet":"max-snippet:-1","max-image-preview":"max-image-preview:large","max-video-preview":"max-video-preview:-1"},"canonical":"https:\/\/aeronoticias.com.pe\/noticiero\/internacionales\/familiares-de-osama-bin-laden-fallecieron-en-un-accidente-aereo\/","og_locale":"es_ES","og_type":"article","og_title":"Familiares de Osama Bin Laden fallecieron en un accidente a\u00e9reo","og_description":"Portal de noticias del Per\u00fa sobre el transporte a\u00e9reo, aviaci\u00f3n, turismo, hoteleria, actualidad.","og_url":"https:\/\/aeronoticias.com.pe\/noticiero\/internacionales\/familiares-de-osama-bin-laden-fallecieron-en-un-accidente-aereo\/","og_site_name":"Aeronoticias.com.pe","article_publisher":"https:\/\/www.facebook.com\/Aeronoticias.com.pe\/","article_published_time":"2015-08-02T16:18:16+00:00","og_image":[{"url":"http:\/\/cde.3.elcomercio.pe\/ima\/0\/1\/1\/6\/7\/1167798\/base_image.jpg","type":"","width":"","height":""}],"author":"Redacci\u00f3n Aeronoticias","twitter_card":"summary_large_image","twitter_creator":"@aeronoticias","twitter_site":"@aeronoticias","twitter_misc":{"Escrito por":"Redacci\u00f3n Aeronoticias","Tiempo de lectura":"2 minutos"},"schema":{"@context":"https:\/\/schema.org","@graph":[{"@type":"WebPage","@id":"https:\/\/aeronoticias.com.pe\/noticiero\/internacionales\/familiares-de-osama-bin-laden-fallecieron-en-un-accidente-aereo\/","url":"https:\/\/aeronoticias.com.pe\/noticiero\/internacionales\/familiares-de-osama-bin-laden-fallecieron-en-un-accidente-aereo\/","name":"Familiares de Osama Bin Laden fallecieron en un accidente a\u00e9reo","isPartOf":{"@id":"https:\/\/aeronoticias.com.pe\/noticiero\/#website"},"primaryImageOfPage":{"@id":"https:\/\/aeronoticias.com.pe\/noticiero\/internacionales\/familiares-de-osama-bin-laden-fallecieron-en-un-accidente-aereo\/#primaryimage"},"image":{"@id":"https:\/\/aeronoticias.com.pe\/noticiero\/internacionales\/familiares-de-osama-bin-laden-fallecieron-en-un-accidente-aereo\/#primaryimage"},"thumbnailUrl":"http:\/\/cde.3.elcomercio.pe\/ima\/0\/1\/1\/6\/7\/1167798\/base_image.jpg","datePublished":"2015-08-02T16:18:16+00:00","author":{"@id":"https:\/\/aeronoticias.com.pe\/noticiero\/#\/schema\/person\/fc1e5d578f4b62ba1cf7ac2bba1170a0"},"description":"Portal de noticias del Per\u00fa sobre el transporte a\u00e9reo, aviaci\u00f3n, turismo, hoteleria, actualidad.","breadcrumb":{"@id":"https:\/\/aeronoticias.com.pe\/noticiero\/internacionales\/familiares-de-osama-bin-laden-fallecieron-en-un-accidente-aereo\/#breadcrumb"},"inLanguage":"es","potentialAction":[{"@type":"ReadAction","target":["https:\/\/aeronoticias.com.pe\/noticiero\/internacionales\/familiares-de-osama-bin-laden-fallecieron-en-un-accidente-aereo\/"]}]},{"@type":"ImageObject","inLanguage":"es","@id":"https:\/\/aeronoticias.com.pe\/noticiero\/internacionales\/familiares-de-osama-bin-laden-fallecieron-en-un-accidente-aereo\/#primaryimage","url":"http:\/\/cde.3.elcomercio.pe\/ima\/0\/1\/1\/6\/7\/1167798\/base_image.jpg","contentUrl":"http:\/\/cde.3.elcomercio.pe\/ima\/0\/1\/1\/6\/7\/1167798\/base_image.jpg"},{"@type":"BreadcrumbList","@id":"https:\/\/aeronoticias.com.pe\/noticiero\/internacionales\/familiares-de-osama-bin-laden-fallecieron-en-un-accidente-aereo\/#breadcrumb","itemListElement":[{"@type":"ListItem","position":1,"name":"Portada","item":"https:\/\/aeronoticias.com.pe\/noticiero\/"},{"@type":"ListItem","position":2,"name":"Familiares de Osama Bin Laden fallecieron en un accidente a\u00e9reo"}]},{"@type":"WebSite","@id":"https:\/\/aeronoticias.com.pe\/noticiero\/#website","url":"https:\/\/aeronoticias.com.pe\/noticiero\/","name":"Aeronoticias.com.pe","description":"Noticias de tranporte aereo, turismo, hoteles, gastronomia, actualidad, internacional","potentialAction":[{"@type":"SearchAction","target":{"@type":"EntryPoint","urlTemplate":"https:\/\/aeronoticias.com.pe\/noticiero\/?s={search_term_string}"},"query-input":{"@type":"PropertyValueSpecification","valueRequired":true,"valueName":"search_term_string"}}],"inLanguage":"es"},{"@type":"Person","@id":"https:\/\/aeronoticias.com.pe\/noticiero\/#\/schema\/person\/fc1e5d578f4b62ba1cf7ac2bba1170a0","name":"Redacci\u00f3n Aeronoticias","url":"https:\/\/aeronoticias.com.pe\/noticiero\/author\/piloto\/"}]}},"_links":{"self":[{"href":"https:\/\/aeronoticias.com.pe\/noticiero\/wp-json\/wp\/v2\/posts\/53247","targetHints":{"allow":["GET"]}}],"collection":[{"href":"https:\/\/aeronoticias.com.pe\/noticiero\/wp-json\/wp\/v2\/posts"}],"about":[{"href":"https:\/\/aeronoticias.com.pe\/noticiero\/wp-json\/wp\/v2\/types\/post"}],"author":[{"embeddable":true,"href":"https:\/\/aeronoticias.com.pe\/noticiero\/wp-json\/wp\/v2\/users\/1"}],"replies":[{"embeddable":true,"href":"https:\/\/aeronoticias.com.pe\/noticiero\/wp-json\/wp\/v2\/comments?post=53247"}],"version-history":[{"count":0,"href":"https:\/\/aeronoticias.com.pe\/noticiero\/wp-json\/wp\/v2\/posts\/53247\/revisions"}],"wp:attachment":[{"href":"https:\/\/aeronoticias.com.pe\/noticiero\/wp-json\/wp\/v2\/media?parent=53247"}],"wp:term":[{"taxonomy":"category","embeddable":true,"href":"https:\/\/aeronoticias.com.pe\/noticiero\/wp-json\/wp\/v2\/categories?post=53247"},{"taxonomy":"post_tag","embeddable":true,"href":"https:\/\/aeronoticias.com.pe\/noticiero\/wp-json\/wp\/v2\/tags?post=53247"}],"curies":[{"name":"wp","href":"https:\/\/api.w.org\/{rel}","templated":true}]}}