{"id":53295,"date":"2015-08-06T21:50:12","date_gmt":"2015-08-06T21:50:12","guid":{"rendered":"http:\/\/desarrollo.mcvicious.com\/aero2020\/2015\/08\/06\/qatar-airways-incorpora-el-boeing-787-dreamliner-para-todos-sus-vuelos-a-madrid\/"},"modified":"2015-08-06T21:50:12","modified_gmt":"2015-08-06T21:50:12","slug":"qatar-airways-incorpora-el-boeing-787-dreamliner-para-todos-sus-vuelos-a-madrid","status":"publish","type":"post","link":"https:\/\/aeronoticias.com.pe\/noticiero\/transporte-aereo\/internacional\/qatar-airways-incorpora-el-boeing-787-dreamliner-para-todos-sus-vuelos-a-madrid\/","title":{"rendered":"Qatar Airways incorpora el Boeing 787 Dreamliner para todos sus vuelos a Madrid"},"content":{"rendered":"<p style=\"text-align: justify;\"><strong>(Aeronoticias)<\/strong>.-\u00a0La aerol\u00ednea Qatar Airways ha incorporado Espa\u00f1a a la red de rutas del Boeing 787 Dreamliner, convirti\u00e9ndose en la primera aerol\u00ednea del Golfo en operar en el pa\u00eds con este avi\u00f3n.<\/p>\n<p style=\"text-align: justify;\">Desde hoy, la aerol\u00ednea ofrece este nuevo servicio en todos los servicios regulares con destino y salida Madrid, seg\u00fan ha anunciado la compa\u00f1\u00eda.<\/p>\n<p style=\"text-align: justify;\">La llegada a Madrid del Boeing 787 Dreamliner de Qatar Airways, que gasta un 20 % menos de combustible, se produce poco despu\u00e9s de que la compa\u00f1\u00eda lanzase su doble servicio diario en su ruta a Madrid.<\/p>\n<p style=\"text-align: justify;\">Ante el incremento de la demanda y su compromiso con el mercado espa\u00f1ol, la aerol\u00ednea ha incrementado las frecuencias y a decidido introducir el Dreamliner en los dos vuelos diarios entre Madrid y Doha.<\/p>\n<p style=\"text-align: justify;\">El Dreamliner de Qatar Airways ha sido recibido hoy en el Aeropuerto Adolfo Su\u00e1rez Madrid-Barajas con un saludo de agua, para celebrar su incorporaci\u00f3n a la ruta entre la capital y Doha.<\/p>\n<p style=\"text-align: justify;\">El acto ha contado con la asistencia de la directora general de Qatar Airways para la Pen\u00ednsula Ib\u00e9rica, Grecia y Chipre, Marimar Laveda, y de la directora del aeropuerto madrile\u00f1o, Elena Mayoral Adolfo Su\u00e1rez Madrid-Barajas; y los pasajeros presentes en el aeropuerto en el momento del aterrizaje de la aeronave.<\/p>\n<p style=\"text-align: justify;\">La llegada del Dreamliner a Madrid se produce casi diez a\u00f1os despu\u00e9s de que la aerol\u00ednea uniese por primera vez la capital espa\u00f1ola con Doha con vuelos directos, en diciembre de 2005&#8243;.<\/p>\n<p style=\"text-align: justify;\">El Boeing 787 Dreamliner de Qatar Airways ofrece 254 asientos as\u00ed como conexi\u00f3n wifi.<\/p>\n<p style=\"text-align: justify;\">Qatar Airways conecta Madrid v\u00eda Doha con dos vuelos diarios.<\/p>\n<p style=\"text-align: justify;\">Fuente: <span style=\"text-decoration: underline;\"><em><strong>Aviaci\u00f3n al d\u00eda<\/strong><\/em><\/span>.<\/p>\n<p style=\"text-align: justify;\"><img decoding=\"async\" src=\"http:\/\/2.bp.blogspot.com\/-mkyvaEqtA9Q\/VcOkIWgB6gI\/AAAAAAAApEM\/jNGnkUB4Jho\/s1600\/qatar%2Bairways.png\" border=\"0\" \/><\/p>\n","protected":false},"excerpt":{"rendered":"<p>(Aeronoticias).-\u00a0La aerol\u00ednea Qatar Airways ha incorporado Espa\u00f1a a la red de rutas del Boeing 787 Dreamliner, convirti\u00e9ndose en la primera aerol\u00ednea del Golfo en operar en el pa\u00eds con este avi\u00f3n. Desde hoy, la aerol\u00ednea ofrece este nuevo servicio en todos los servicios regulares con destino y salida Madrid, seg\u00fan ha anunciado la compa\u00f1\u00eda. La [&hellip;]<\/p>\n","protected":false},"author":1,"featured_media":0,"comment_status":"open","ping_status":"open","sticky":false,"template":"","format":"standard","meta":{"tdm_status":"","tdm_grid_status":"","footnotes":""},"categories":[32],"tags":[],"class_list":{"0":"post-53295","1":"post","2":"type-post","3":"status-publish","4":"format-standard","6":"category-internacional"},"yoast_head":"<!-- This site is optimized with the Yoast SEO plugin v25.1 - https:\/\/yoast.com\/wordpress\/plugins\/seo\/ -->\n<title>Qatar Airways incorpora el Boeing 787 Dreamliner para todos sus vuelos a Madrid<\/title>\n<meta name=\"description\" content=\"Portal de noticias del Per\u00fa sobre el transporte a\u00e9reo, aviaci\u00f3n, turismo, hoteleria, actualidad.\" \/>\n<meta name=\"robots\" content=\"index, follow, max-snippet:-1, max-image-preview:large, max-video-preview:-1\" \/>\n<link rel=\"canonical\" href=\"https:\/\/aeronoticias.com.pe\/noticiero\/transporte-aereo\/internacional\/qatar-airways-incorpora-el-boeing-787-dreamliner-para-todos-sus-vuelos-a-madrid\/\" \/>\n<meta property=\"og:locale\" content=\"es_ES\" \/>\n<meta property=\"og:type\" content=\"article\" \/>\n<meta property=\"og:title\" content=\"Qatar Airways incorpora el Boeing 787 Dreamliner para todos sus vuelos a Madrid\" \/>\n<meta property=\"og:description\" content=\"Portal de noticias del Per\u00fa sobre el transporte a\u00e9reo, aviaci\u00f3n, turismo, hoteleria, actualidad.\" \/>\n<meta property=\"og:url\" content=\"https:\/\/aeronoticias.com.pe\/noticiero\/transporte-aereo\/internacional\/qatar-airways-incorpora-el-boeing-787-dreamliner-para-todos-sus-vuelos-a-madrid\/\" \/>\n<meta property=\"og:site_name\" content=\"Aeronoticias.com.pe\" \/>\n<meta property=\"article:publisher\" content=\"https:\/\/www.facebook.com\/Aeronoticias.com.pe\/\" \/>\n<meta property=\"article:published_time\" content=\"2015-08-06T21:50:12+00:00\" \/>\n<meta property=\"og:image\" content=\"http:\/\/2.bp.blogspot.com\/-mkyvaEqtA9Q\/VcOkIWgB6gI\/AAAAAAAApEM\/jNGnkUB4Jho\/s1600\/qatar%2Bairways.png\" \/>\n<meta name=\"author\" content=\"Redacci\u00f3n Aeronoticias\" \/>\n<meta name=\"twitter:card\" content=\"summary_large_image\" \/>\n<meta name=\"twitter:creator\" content=\"@aeronoticias\" \/>\n<meta name=\"twitter:site\" content=\"@aeronoticias\" \/>\n<meta name=\"twitter:label1\" content=\"Escrito por\" \/>\n\t<meta name=\"twitter:data1\" content=\"Redacci\u00f3n Aeronoticias\" \/>\n\t<meta name=\"twitter:label2\" content=\"Tiempo de lectura\" \/>\n\t<meta name=\"twitter:data2\" content=\"1 minuto\" \/>\n<script type=\"application\/ld+json\" class=\"yoast-schema-graph\">{\"@context\":\"https:\/\/schema.org\",\"@graph\":[{\"@type\":\"WebPage\",\"@id\":\"https:\/\/aeronoticias.com.pe\/noticiero\/transporte-aereo\/internacional\/qatar-airways-incorpora-el-boeing-787-dreamliner-para-todos-sus-vuelos-a-madrid\/\",\"url\":\"https:\/\/aeronoticias.com.pe\/noticiero\/transporte-aereo\/internacional\/qatar-airways-incorpora-el-boeing-787-dreamliner-para-todos-sus-vuelos-a-madrid\/\",\"name\":\"Qatar Airways incorpora el Boeing 787 Dreamliner para todos sus vuelos a Madrid\",\"isPartOf\":{\"@id\":\"https:\/\/aeronoticias.com.pe\/noticiero\/#website\"},\"primaryImageOfPage\":{\"@id\":\"https:\/\/aeronoticias.com.pe\/noticiero\/transporte-aereo\/internacional\/qatar-airways-incorpora-el-boeing-787-dreamliner-para-todos-sus-vuelos-a-madrid\/#primaryimage\"},\"image\":{\"@id\":\"https:\/\/aeronoticias.com.pe\/noticiero\/transporte-aereo\/internacional\/qatar-airways-incorpora-el-boeing-787-dreamliner-para-todos-sus-vuelos-a-madrid\/#primaryimage\"},\"thumbnailUrl\":\"http:\/\/2.bp.blogspot.com\/-mkyvaEqtA9Q\/VcOkIWgB6gI\/AAAAAAAApEM\/jNGnkUB4Jho\/s1600\/qatar%2Bairways.png\",\"datePublished\":\"2015-08-06T21:50:12+00:00\",\"author\":{\"@id\":\"https:\/\/aeronoticias.com.pe\/noticiero\/#\/schema\/person\/fc1e5d578f4b62ba1cf7ac2bba1170a0\"},\"description\":\"Portal de noticias del Per\u00fa sobre el transporte a\u00e9reo, aviaci\u00f3n, turismo, hoteleria, actualidad.\",\"breadcrumb\":{\"@id\":\"https:\/\/aeronoticias.com.pe\/noticiero\/transporte-aereo\/internacional\/qatar-airways-incorpora-el-boeing-787-dreamliner-para-todos-sus-vuelos-a-madrid\/#breadcrumb\"},\"inLanguage\":\"es\",\"potentialAction\":[{\"@type\":\"ReadAction\",\"target\":[\"https:\/\/aeronoticias.com.pe\/noticiero\/transporte-aereo\/internacional\/qatar-airways-incorpora-el-boeing-787-dreamliner-para-todos-sus-vuelos-a-madrid\/\"]}]},{\"@type\":\"ImageObject\",\"inLanguage\":\"es\",\"@id\":\"https:\/\/aeronoticias.com.pe\/noticiero\/transporte-aereo\/internacional\/qatar-airways-incorpora-el-boeing-787-dreamliner-para-todos-sus-vuelos-a-madrid\/#primaryimage\",\"url\":\"http:\/\/2.bp.blogspot.com\/-mkyvaEqtA9Q\/VcOkIWgB6gI\/AAAAAAAApEM\/jNGnkUB4Jho\/s1600\/qatar%2Bairways.png\",\"contentUrl\":\"http:\/\/2.bp.blogspot.com\/-mkyvaEqtA9Q\/VcOkIWgB6gI\/AAAAAAAApEM\/jNGnkUB4Jho\/s1600\/qatar%2Bairways.png\"},{\"@type\":\"BreadcrumbList\",\"@id\":\"https:\/\/aeronoticias.com.pe\/noticiero\/transporte-aereo\/internacional\/qatar-airways-incorpora-el-boeing-787-dreamliner-para-todos-sus-vuelos-a-madrid\/#breadcrumb\",\"itemListElement\":[{\"@type\":\"ListItem\",\"position\":1,\"name\":\"Portada\",\"item\":\"https:\/\/aeronoticias.com.pe\/noticiero\/\"},{\"@type\":\"ListItem\",\"position\":2,\"name\":\"Qatar Airways incorpora el Boeing 787 Dreamliner para todos sus vuelos a Madrid\"}]},{\"@type\":\"WebSite\",\"@id\":\"https:\/\/aeronoticias.com.pe\/noticiero\/#website\",\"url\":\"https:\/\/aeronoticias.com.pe\/noticiero\/\",\"name\":\"Aeronoticias.com.pe\",\"description\":\"Noticias de tranporte aereo, turismo, hoteles, gastronomia, actualidad, internacional\",\"potentialAction\":[{\"@type\":\"SearchAction\",\"target\":{\"@type\":\"EntryPoint\",\"urlTemplate\":\"https:\/\/aeronoticias.com.pe\/noticiero\/?s={search_term_string}\"},\"query-input\":{\"@type\":\"PropertyValueSpecification\",\"valueRequired\":true,\"valueName\":\"search_term_string\"}}],\"inLanguage\":\"es\"},{\"@type\":\"Person\",\"@id\":\"https:\/\/aeronoticias.com.pe\/noticiero\/#\/schema\/person\/fc1e5d578f4b62ba1cf7ac2bba1170a0\",\"name\":\"Redacci\u00f3n Aeronoticias\",\"url\":\"https:\/\/aeronoticias.com.pe\/noticiero\/author\/piloto\/\"}]}<\/script>\n<!-- \/ Yoast SEO plugin. -->","yoast_head_json":{"title":"Qatar Airways incorpora el Boeing 787 Dreamliner para todos sus vuelos a Madrid","description":"Portal de noticias del Per\u00fa sobre el transporte a\u00e9reo, aviaci\u00f3n, turismo, hoteleria, actualidad.","robots":{"index":"index","follow":"follow","max-snippet":"max-snippet:-1","max-image-preview":"max-image-preview:large","max-video-preview":"max-video-preview:-1"},"canonical":"https:\/\/aeronoticias.com.pe\/noticiero\/transporte-aereo\/internacional\/qatar-airways-incorpora-el-boeing-787-dreamliner-para-todos-sus-vuelos-a-madrid\/","og_locale":"es_ES","og_type":"article","og_title":"Qatar Airways incorpora el Boeing 787 Dreamliner para todos sus vuelos a Madrid","og_description":"Portal de noticias del Per\u00fa sobre el transporte a\u00e9reo, aviaci\u00f3n, turismo, hoteleria, actualidad.","og_url":"https:\/\/aeronoticias.com.pe\/noticiero\/transporte-aereo\/internacional\/qatar-airways-incorpora-el-boeing-787-dreamliner-para-todos-sus-vuelos-a-madrid\/","og_site_name":"Aeronoticias.com.pe","article_publisher":"https:\/\/www.facebook.com\/Aeronoticias.com.pe\/","article_published_time":"2015-08-06T21:50:12+00:00","og_image":[{"url":"http:\/\/2.bp.blogspot.com\/-mkyvaEqtA9Q\/VcOkIWgB6gI\/AAAAAAAApEM\/jNGnkUB4Jho\/s1600\/qatar%2Bairways.png","type":"","width":"","height":""}],"author":"Redacci\u00f3n Aeronoticias","twitter_card":"summary_large_image","twitter_creator":"@aeronoticias","twitter_site":"@aeronoticias","twitter_misc":{"Escrito por":"Redacci\u00f3n Aeronoticias","Tiempo de lectura":"1 minuto"},"schema":{"@context":"https:\/\/schema.org","@graph":[{"@type":"WebPage","@id":"https:\/\/aeronoticias.com.pe\/noticiero\/transporte-aereo\/internacional\/qatar-airways-incorpora-el-boeing-787-dreamliner-para-todos-sus-vuelos-a-madrid\/","url":"https:\/\/aeronoticias.com.pe\/noticiero\/transporte-aereo\/internacional\/qatar-airways-incorpora-el-boeing-787-dreamliner-para-todos-sus-vuelos-a-madrid\/","name":"Qatar Airways incorpora el Boeing 787 Dreamliner para todos sus vuelos a Madrid","isPartOf":{"@id":"https:\/\/aeronoticias.com.pe\/noticiero\/#website"},"primaryImageOfPage":{"@id":"https:\/\/aeronoticias.com.pe\/noticiero\/transporte-aereo\/internacional\/qatar-airways-incorpora-el-boeing-787-dreamliner-para-todos-sus-vuelos-a-madrid\/#primaryimage"},"image":{"@id":"https:\/\/aeronoticias.com.pe\/noticiero\/transporte-aereo\/internacional\/qatar-airways-incorpora-el-boeing-787-dreamliner-para-todos-sus-vuelos-a-madrid\/#primaryimage"},"thumbnailUrl":"http:\/\/2.bp.blogspot.com\/-mkyvaEqtA9Q\/VcOkIWgB6gI\/AAAAAAAApEM\/jNGnkUB4Jho\/s1600\/qatar%2Bairways.png","datePublished":"2015-08-06T21:50:12+00:00","author":{"@id":"https:\/\/aeronoticias.com.pe\/noticiero\/#\/schema\/person\/fc1e5d578f4b62ba1cf7ac2bba1170a0"},"description":"Portal de noticias del Per\u00fa sobre el transporte a\u00e9reo, aviaci\u00f3n, turismo, hoteleria, actualidad.","breadcrumb":{"@id":"https:\/\/aeronoticias.com.pe\/noticiero\/transporte-aereo\/internacional\/qatar-airways-incorpora-el-boeing-787-dreamliner-para-todos-sus-vuelos-a-madrid\/#breadcrumb"},"inLanguage":"es","potentialAction":[{"@type":"ReadAction","target":["https:\/\/aeronoticias.com.pe\/noticiero\/transporte-aereo\/internacional\/qatar-airways-incorpora-el-boeing-787-dreamliner-para-todos-sus-vuelos-a-madrid\/"]}]},{"@type":"ImageObject","inLanguage":"es","@id":"https:\/\/aeronoticias.com.pe\/noticiero\/transporte-aereo\/internacional\/qatar-airways-incorpora-el-boeing-787-dreamliner-para-todos-sus-vuelos-a-madrid\/#primaryimage","url":"http:\/\/2.bp.blogspot.com\/-mkyvaEqtA9Q\/VcOkIWgB6gI\/AAAAAAAApEM\/jNGnkUB4Jho\/s1600\/qatar%2Bairways.png","contentUrl":"http:\/\/2.bp.blogspot.com\/-mkyvaEqtA9Q\/VcOkIWgB6gI\/AAAAAAAApEM\/jNGnkUB4Jho\/s1600\/qatar%2Bairways.png"},{"@type":"BreadcrumbList","@id":"https:\/\/aeronoticias.com.pe\/noticiero\/transporte-aereo\/internacional\/qatar-airways-incorpora-el-boeing-787-dreamliner-para-todos-sus-vuelos-a-madrid\/#breadcrumb","itemListElement":[{"@type":"ListItem","position":1,"name":"Portada","item":"https:\/\/aeronoticias.com.pe\/noticiero\/"},{"@type":"ListItem","position":2,"name":"Qatar Airways incorpora el Boeing 787 Dreamliner para todos sus vuelos a Madrid"}]},{"@type":"WebSite","@id":"https:\/\/aeronoticias.com.pe\/noticiero\/#website","url":"https:\/\/aeronoticias.com.pe\/noticiero\/","name":"Aeronoticias.com.pe","description":"Noticias de tranporte aereo, turismo, hoteles, gastronomia, actualidad, internacional","potentialAction":[{"@type":"SearchAction","target":{"@type":"EntryPoint","urlTemplate":"https:\/\/aeronoticias.com.pe\/noticiero\/?s={search_term_string}"},"query-input":{"@type":"PropertyValueSpecification","valueRequired":true,"valueName":"search_term_string"}}],"inLanguage":"es"},{"@type":"Person","@id":"https:\/\/aeronoticias.com.pe\/noticiero\/#\/schema\/person\/fc1e5d578f4b62ba1cf7ac2bba1170a0","name":"Redacci\u00f3n Aeronoticias","url":"https:\/\/aeronoticias.com.pe\/noticiero\/author\/piloto\/"}]}},"_links":{"self":[{"href":"https:\/\/aeronoticias.com.pe\/noticiero\/wp-json\/wp\/v2\/posts\/53295","targetHints":{"allow":["GET"]}}],"collection":[{"href":"https:\/\/aeronoticias.com.pe\/noticiero\/wp-json\/wp\/v2\/posts"}],"about":[{"href":"https:\/\/aeronoticias.com.pe\/noticiero\/wp-json\/wp\/v2\/types\/post"}],"author":[{"embeddable":true,"href":"https:\/\/aeronoticias.com.pe\/noticiero\/wp-json\/wp\/v2\/users\/1"}],"replies":[{"embeddable":true,"href":"https:\/\/aeronoticias.com.pe\/noticiero\/wp-json\/wp\/v2\/comments?post=53295"}],"version-history":[{"count":0,"href":"https:\/\/aeronoticias.com.pe\/noticiero\/wp-json\/wp\/v2\/posts\/53295\/revisions"}],"wp:attachment":[{"href":"https:\/\/aeronoticias.com.pe\/noticiero\/wp-json\/wp\/v2\/media?parent=53295"}],"wp:term":[{"taxonomy":"category","embeddable":true,"href":"https:\/\/aeronoticias.com.pe\/noticiero\/wp-json\/wp\/v2\/categories?post=53295"},{"taxonomy":"post_tag","embeddable":true,"href":"https:\/\/aeronoticias.com.pe\/noticiero\/wp-json\/wp\/v2\/tags?post=53295"}],"curies":[{"name":"wp","href":"https:\/\/api.w.org\/{rel}","templated":true}]}}