{"id":53296,"date":"2015-08-06T21:52:50","date_gmt":"2015-08-06T21:52:50","guid":{"rendered":"http:\/\/desarrollo.mcvicious.com\/aero2020\/2015\/08\/06\/isarel-huelga-paralizara-el-aeropuerto-de-tel-aviv\/"},"modified":"2015-08-06T21:52:50","modified_gmt":"2015-08-06T21:52:50","slug":"isarel-huelga-paralizara-el-aeropuerto-de-tel-aviv","status":"publish","type":"post","link":"https:\/\/aeronoticias.com.pe\/noticiero\/transporte-aereo\/internacional\/isarel-huelga-paralizara-el-aeropuerto-de-tel-aviv\/","title":{"rendered":"Isarel: Huelga paralizar\u00e1 el aeropuerto de Tel Aviv"},"content":{"rendered":"<p style=\"text-align: justify;\"><strong>(Aeronoticias)<\/strong>.-\u00a0El sindicato del aeropuerto de Tel Aviv, Israel, paralizar\u00e1 todas las actividades de sus trabajadores durante el pr\u00f3ximo fin de semana local (viernes y s\u00e1bado), lo que supondr\u00e1 la cancelaci\u00f3n de todos los vuelos en uno de los meses m\u00e1s activos del calendario tur\u00edstico.<\/p>\n<p style=\"text-align: justify;\"><em><span style=\"text-decoration: underline;\">El aeropuerto estar\u00e1 cerrado desde la entrada de la jornada de descanso del \u00abshabat\u00bb (ma\u00f1ana al caer el sol) hasta que esta termine el s\u00e1bado por la noche, inform\u00f3 el presidente del sindicato Pinjas Id\u00e1n a la autoridad aeroportuaria, seg\u00fan medios locales.<\/span><\/em><\/p>\n<p style=\"text-align: justify;\">La decisi\u00f3n, adoptada despu\u00e9s de semanas de infructuosas negociaciones sobre los contratos temporales a trav\u00e9s de agencias de recursos humanos, significar\u00e1 la paralizaci\u00f3n absoluta toda la actividad en el aeropuerto Ben Guri\u00f3n durante cerca de 26 horas.<\/p>\n<p style=\"text-align: justify;\">Los sindicatos exigen que la Autoridad Aeroportuaria israel\u00ed limite el n\u00famero de trabajadores temporales y, por ello, hace ya m\u00e1s de un mes declararon la situaci\u00f3n de conflicto laboral.<\/p>\n<p style=\"text-align: justify;\">\u00abNo puede ser que todos hablen de erradicar este fen\u00f3meno de contratar a trav\u00e9s de agencias y la Autoridad ampl\u00ede el n\u00famero de contratados en (estas condiciones de) explotaci\u00f3n\u00bb, explic\u00f3 Id\u00e1n en referencia a una reciente decisi\u00f3n en ese sentido del Gobierno israel\u00ed.<\/p>\n<p style=\"text-align: justify;\"><em>El de Tel Aviv concentra la pr\u00e1ctica totalidad de los vuelos internacionales que llegan a este pa\u00eds, que s\u00f3lo tiene otro aeropuerto internacional en el sur, para llegar directamente a la ciudad de Eilat, a orillas del Mar Rojo, o para desviar vuelos en casos de emergencia, tal y como ocurri\u00f3 durante la \u00faltima guerra en Gaza en 2014.<\/em><\/p>\n<p style=\"text-align: justify;\">La decisi\u00f3n de los sindicatos coincide con la temporada alta del sector tur\u00edstico y, seg\u00fan el servicio de noticias Ynet, afectar\u00e1 a unos 30.000 pasajeros.<\/p>\n<p style=\"text-align: justify;\">En el per\u00edodo de la huelga podr\u00edan verse afectados alrededor de una decena de vuelos regulares y ch\u00e1rter entre Espa\u00f1a e Israel.<\/p>\n<p style=\"text-align: justify;\">Fuente: <span style=\"text-decoration: underline;\"><strong><em>Aviaci\u00f3n al d\u00eda<\/em><\/strong><\/span>.<\/p>\n<p style=\"text-align: justify;\"><img decoding=\"async\" src=\"http:\/\/3.bp.blogspot.com\/-st4-_yrh0Jc\/VcOUa1nkBhI\/AAAAAAAApD8\/R469EUAGujA\/s1600\/aeropuerto%2BTel%2BAviv.png\" border=\"0\" \/><\/p>\n","protected":false},"excerpt":{"rendered":"<p>(Aeronoticias).-\u00a0El sindicato del aeropuerto de Tel Aviv, Israel, paralizar\u00e1 todas las actividades de sus trabajadores durante el pr\u00f3ximo fin de semana local (viernes y s\u00e1bado), lo que supondr\u00e1 la cancelaci\u00f3n de todos los vuelos en uno de los meses m\u00e1s activos del calendario tur\u00edstico. El aeropuerto estar\u00e1 cerrado desde la entrada de la jornada de [&hellip;]<\/p>\n","protected":false},"author":1,"featured_media":0,"comment_status":"open","ping_status":"open","sticky":false,"template":"","format":"standard","meta":{"tdm_status":"","tdm_grid_status":"","footnotes":""},"categories":[32],"tags":[],"class_list":{"0":"post-53296","1":"post","2":"type-post","3":"status-publish","4":"format-standard","6":"category-internacional"},"yoast_head":"<!-- This site is optimized with the Yoast SEO plugin v25.1 - https:\/\/yoast.com\/wordpress\/plugins\/seo\/ -->\n<title>Isarel: Huelga paralizar\u00e1 el aeropuerto de Tel Aviv<\/title>\n<meta name=\"description\" content=\"Portal de noticias del Per\u00fa sobre el transporte a\u00e9reo, aviaci\u00f3n, turismo, hoteleria, actualidad.\" \/>\n<meta name=\"robots\" content=\"index, follow, max-snippet:-1, max-image-preview:large, max-video-preview:-1\" \/>\n<link rel=\"canonical\" href=\"https:\/\/aeronoticias.com.pe\/noticiero\/transporte-aereo\/internacional\/isarel-huelga-paralizara-el-aeropuerto-de-tel-aviv\/\" \/>\n<meta property=\"og:locale\" content=\"es_ES\" \/>\n<meta property=\"og:type\" content=\"article\" \/>\n<meta property=\"og:title\" content=\"Isarel: Huelga paralizar\u00e1 el aeropuerto de Tel Aviv\" \/>\n<meta property=\"og:description\" content=\"Portal de noticias del Per\u00fa sobre el transporte a\u00e9reo, aviaci\u00f3n, turismo, hoteleria, actualidad.\" \/>\n<meta property=\"og:url\" content=\"https:\/\/aeronoticias.com.pe\/noticiero\/transporte-aereo\/internacional\/isarel-huelga-paralizara-el-aeropuerto-de-tel-aviv\/\" \/>\n<meta property=\"og:site_name\" content=\"Aeronoticias.com.pe\" \/>\n<meta property=\"article:publisher\" content=\"https:\/\/www.facebook.com\/Aeronoticias.com.pe\/\" \/>\n<meta property=\"article:published_time\" content=\"2015-08-06T21:52:50+00:00\" \/>\n<meta property=\"og:image\" content=\"http:\/\/3.bp.blogspot.com\/-st4-_yrh0Jc\/VcOUa1nkBhI\/AAAAAAAApD8\/R469EUAGujA\/s1600\/aeropuerto%2BTel%2BAviv.png\" \/>\n<meta name=\"author\" content=\"Redacci\u00f3n Aeronoticias\" \/>\n<meta name=\"twitter:card\" content=\"summary_large_image\" \/>\n<meta name=\"twitter:creator\" content=\"@aeronoticias\" \/>\n<meta name=\"twitter:site\" content=\"@aeronoticias\" \/>\n<meta name=\"twitter:label1\" content=\"Escrito por\" \/>\n\t<meta name=\"twitter:data1\" content=\"Redacci\u00f3n Aeronoticias\" \/>\n\t<meta name=\"twitter:label2\" content=\"Tiempo de lectura\" \/>\n\t<meta name=\"twitter:data2\" content=\"2 minutos\" \/>\n<script type=\"application\/ld+json\" class=\"yoast-schema-graph\">{\"@context\":\"https:\/\/schema.org\",\"@graph\":[{\"@type\":\"WebPage\",\"@id\":\"https:\/\/aeronoticias.com.pe\/noticiero\/transporte-aereo\/internacional\/isarel-huelga-paralizara-el-aeropuerto-de-tel-aviv\/\",\"url\":\"https:\/\/aeronoticias.com.pe\/noticiero\/transporte-aereo\/internacional\/isarel-huelga-paralizara-el-aeropuerto-de-tel-aviv\/\",\"name\":\"Isarel: Huelga paralizar\u00e1 el aeropuerto de Tel Aviv\",\"isPartOf\":{\"@id\":\"https:\/\/aeronoticias.com.pe\/noticiero\/#website\"},\"primaryImageOfPage\":{\"@id\":\"https:\/\/aeronoticias.com.pe\/noticiero\/transporte-aereo\/internacional\/isarel-huelga-paralizara-el-aeropuerto-de-tel-aviv\/#primaryimage\"},\"image\":{\"@id\":\"https:\/\/aeronoticias.com.pe\/noticiero\/transporte-aereo\/internacional\/isarel-huelga-paralizara-el-aeropuerto-de-tel-aviv\/#primaryimage\"},\"thumbnailUrl\":\"http:\/\/3.bp.blogspot.com\/-st4-_yrh0Jc\/VcOUa1nkBhI\/AAAAAAAApD8\/R469EUAGujA\/s1600\/aeropuerto%2BTel%2BAviv.png\",\"datePublished\":\"2015-08-06T21:52:50+00:00\",\"author\":{\"@id\":\"https:\/\/aeronoticias.com.pe\/noticiero\/#\/schema\/person\/fc1e5d578f4b62ba1cf7ac2bba1170a0\"},\"description\":\"Portal de noticias del Per\u00fa sobre el transporte a\u00e9reo, aviaci\u00f3n, turismo, hoteleria, actualidad.\",\"breadcrumb\":{\"@id\":\"https:\/\/aeronoticias.com.pe\/noticiero\/transporte-aereo\/internacional\/isarel-huelga-paralizara-el-aeropuerto-de-tel-aviv\/#breadcrumb\"},\"inLanguage\":\"es\",\"potentialAction\":[{\"@type\":\"ReadAction\",\"target\":[\"https:\/\/aeronoticias.com.pe\/noticiero\/transporte-aereo\/internacional\/isarel-huelga-paralizara-el-aeropuerto-de-tel-aviv\/\"]}]},{\"@type\":\"ImageObject\",\"inLanguage\":\"es\",\"@id\":\"https:\/\/aeronoticias.com.pe\/noticiero\/transporte-aereo\/internacional\/isarel-huelga-paralizara-el-aeropuerto-de-tel-aviv\/#primaryimage\",\"url\":\"http:\/\/3.bp.blogspot.com\/-st4-_yrh0Jc\/VcOUa1nkBhI\/AAAAAAAApD8\/R469EUAGujA\/s1600\/aeropuerto%2BTel%2BAviv.png\",\"contentUrl\":\"http:\/\/3.bp.blogspot.com\/-st4-_yrh0Jc\/VcOUa1nkBhI\/AAAAAAAApD8\/R469EUAGujA\/s1600\/aeropuerto%2BTel%2BAviv.png\"},{\"@type\":\"BreadcrumbList\",\"@id\":\"https:\/\/aeronoticias.com.pe\/noticiero\/transporte-aereo\/internacional\/isarel-huelga-paralizara-el-aeropuerto-de-tel-aviv\/#breadcrumb\",\"itemListElement\":[{\"@type\":\"ListItem\",\"position\":1,\"name\":\"Portada\",\"item\":\"https:\/\/aeronoticias.com.pe\/noticiero\/\"},{\"@type\":\"ListItem\",\"position\":2,\"name\":\"Isarel: Huelga paralizar\u00e1 el aeropuerto de Tel Aviv\"}]},{\"@type\":\"WebSite\",\"@id\":\"https:\/\/aeronoticias.com.pe\/noticiero\/#website\",\"url\":\"https:\/\/aeronoticias.com.pe\/noticiero\/\",\"name\":\"Aeronoticias.com.pe\",\"description\":\"Noticias de tranporte aereo, turismo, hoteles, gastronomia, actualidad, internacional\",\"potentialAction\":[{\"@type\":\"SearchAction\",\"target\":{\"@type\":\"EntryPoint\",\"urlTemplate\":\"https:\/\/aeronoticias.com.pe\/noticiero\/?s={search_term_string}\"},\"query-input\":{\"@type\":\"PropertyValueSpecification\",\"valueRequired\":true,\"valueName\":\"search_term_string\"}}],\"inLanguage\":\"es\"},{\"@type\":\"Person\",\"@id\":\"https:\/\/aeronoticias.com.pe\/noticiero\/#\/schema\/person\/fc1e5d578f4b62ba1cf7ac2bba1170a0\",\"name\":\"Redacci\u00f3n Aeronoticias\",\"url\":\"https:\/\/aeronoticias.com.pe\/noticiero\/author\/piloto\/\"}]}<\/script>\n<!-- \/ Yoast SEO plugin. -->","yoast_head_json":{"title":"Isarel: Huelga paralizar\u00e1 el aeropuerto de Tel Aviv","description":"Portal de noticias del Per\u00fa sobre el transporte a\u00e9reo, aviaci\u00f3n, turismo, hoteleria, actualidad.","robots":{"index":"index","follow":"follow","max-snippet":"max-snippet:-1","max-image-preview":"max-image-preview:large","max-video-preview":"max-video-preview:-1"},"canonical":"https:\/\/aeronoticias.com.pe\/noticiero\/transporte-aereo\/internacional\/isarel-huelga-paralizara-el-aeropuerto-de-tel-aviv\/","og_locale":"es_ES","og_type":"article","og_title":"Isarel: Huelga paralizar\u00e1 el aeropuerto de Tel Aviv","og_description":"Portal de noticias del Per\u00fa sobre el transporte a\u00e9reo, aviaci\u00f3n, turismo, hoteleria, actualidad.","og_url":"https:\/\/aeronoticias.com.pe\/noticiero\/transporte-aereo\/internacional\/isarel-huelga-paralizara-el-aeropuerto-de-tel-aviv\/","og_site_name":"Aeronoticias.com.pe","article_publisher":"https:\/\/www.facebook.com\/Aeronoticias.com.pe\/","article_published_time":"2015-08-06T21:52:50+00:00","og_image":[{"url":"http:\/\/3.bp.blogspot.com\/-st4-_yrh0Jc\/VcOUa1nkBhI\/AAAAAAAApD8\/R469EUAGujA\/s1600\/aeropuerto%2BTel%2BAviv.png","type":"","width":"","height":""}],"author":"Redacci\u00f3n Aeronoticias","twitter_card":"summary_large_image","twitter_creator":"@aeronoticias","twitter_site":"@aeronoticias","twitter_misc":{"Escrito por":"Redacci\u00f3n Aeronoticias","Tiempo de lectura":"2 minutos"},"schema":{"@context":"https:\/\/schema.org","@graph":[{"@type":"WebPage","@id":"https:\/\/aeronoticias.com.pe\/noticiero\/transporte-aereo\/internacional\/isarel-huelga-paralizara-el-aeropuerto-de-tel-aviv\/","url":"https:\/\/aeronoticias.com.pe\/noticiero\/transporte-aereo\/internacional\/isarel-huelga-paralizara-el-aeropuerto-de-tel-aviv\/","name":"Isarel: Huelga paralizar\u00e1 el aeropuerto de Tel Aviv","isPartOf":{"@id":"https:\/\/aeronoticias.com.pe\/noticiero\/#website"},"primaryImageOfPage":{"@id":"https:\/\/aeronoticias.com.pe\/noticiero\/transporte-aereo\/internacional\/isarel-huelga-paralizara-el-aeropuerto-de-tel-aviv\/#primaryimage"},"image":{"@id":"https:\/\/aeronoticias.com.pe\/noticiero\/transporte-aereo\/internacional\/isarel-huelga-paralizara-el-aeropuerto-de-tel-aviv\/#primaryimage"},"thumbnailUrl":"http:\/\/3.bp.blogspot.com\/-st4-_yrh0Jc\/VcOUa1nkBhI\/AAAAAAAApD8\/R469EUAGujA\/s1600\/aeropuerto%2BTel%2BAviv.png","datePublished":"2015-08-06T21:52:50+00:00","author":{"@id":"https:\/\/aeronoticias.com.pe\/noticiero\/#\/schema\/person\/fc1e5d578f4b62ba1cf7ac2bba1170a0"},"description":"Portal de noticias del Per\u00fa sobre el transporte a\u00e9reo, aviaci\u00f3n, turismo, hoteleria, actualidad.","breadcrumb":{"@id":"https:\/\/aeronoticias.com.pe\/noticiero\/transporte-aereo\/internacional\/isarel-huelga-paralizara-el-aeropuerto-de-tel-aviv\/#breadcrumb"},"inLanguage":"es","potentialAction":[{"@type":"ReadAction","target":["https:\/\/aeronoticias.com.pe\/noticiero\/transporte-aereo\/internacional\/isarel-huelga-paralizara-el-aeropuerto-de-tel-aviv\/"]}]},{"@type":"ImageObject","inLanguage":"es","@id":"https:\/\/aeronoticias.com.pe\/noticiero\/transporte-aereo\/internacional\/isarel-huelga-paralizara-el-aeropuerto-de-tel-aviv\/#primaryimage","url":"http:\/\/3.bp.blogspot.com\/-st4-_yrh0Jc\/VcOUa1nkBhI\/AAAAAAAApD8\/R469EUAGujA\/s1600\/aeropuerto%2BTel%2BAviv.png","contentUrl":"http:\/\/3.bp.blogspot.com\/-st4-_yrh0Jc\/VcOUa1nkBhI\/AAAAAAAApD8\/R469EUAGujA\/s1600\/aeropuerto%2BTel%2BAviv.png"},{"@type":"BreadcrumbList","@id":"https:\/\/aeronoticias.com.pe\/noticiero\/transporte-aereo\/internacional\/isarel-huelga-paralizara-el-aeropuerto-de-tel-aviv\/#breadcrumb","itemListElement":[{"@type":"ListItem","position":1,"name":"Portada","item":"https:\/\/aeronoticias.com.pe\/noticiero\/"},{"@type":"ListItem","position":2,"name":"Isarel: Huelga paralizar\u00e1 el aeropuerto de Tel Aviv"}]},{"@type":"WebSite","@id":"https:\/\/aeronoticias.com.pe\/noticiero\/#website","url":"https:\/\/aeronoticias.com.pe\/noticiero\/","name":"Aeronoticias.com.pe","description":"Noticias de tranporte aereo, turismo, hoteles, gastronomia, actualidad, internacional","potentialAction":[{"@type":"SearchAction","target":{"@type":"EntryPoint","urlTemplate":"https:\/\/aeronoticias.com.pe\/noticiero\/?s={search_term_string}"},"query-input":{"@type":"PropertyValueSpecification","valueRequired":true,"valueName":"search_term_string"}}],"inLanguage":"es"},{"@type":"Person","@id":"https:\/\/aeronoticias.com.pe\/noticiero\/#\/schema\/person\/fc1e5d578f4b62ba1cf7ac2bba1170a0","name":"Redacci\u00f3n Aeronoticias","url":"https:\/\/aeronoticias.com.pe\/noticiero\/author\/piloto\/"}]}},"_links":{"self":[{"href":"https:\/\/aeronoticias.com.pe\/noticiero\/wp-json\/wp\/v2\/posts\/53296","targetHints":{"allow":["GET"]}}],"collection":[{"href":"https:\/\/aeronoticias.com.pe\/noticiero\/wp-json\/wp\/v2\/posts"}],"about":[{"href":"https:\/\/aeronoticias.com.pe\/noticiero\/wp-json\/wp\/v2\/types\/post"}],"author":[{"embeddable":true,"href":"https:\/\/aeronoticias.com.pe\/noticiero\/wp-json\/wp\/v2\/users\/1"}],"replies":[{"embeddable":true,"href":"https:\/\/aeronoticias.com.pe\/noticiero\/wp-json\/wp\/v2\/comments?post=53296"}],"version-history":[{"count":0,"href":"https:\/\/aeronoticias.com.pe\/noticiero\/wp-json\/wp\/v2\/posts\/53296\/revisions"}],"wp:attachment":[{"href":"https:\/\/aeronoticias.com.pe\/noticiero\/wp-json\/wp\/v2\/media?parent=53296"}],"wp:term":[{"taxonomy":"category","embeddable":true,"href":"https:\/\/aeronoticias.com.pe\/noticiero\/wp-json\/wp\/v2\/categories?post=53296"},{"taxonomy":"post_tag","embeddable":true,"href":"https:\/\/aeronoticias.com.pe\/noticiero\/wp-json\/wp\/v2\/tags?post=53296"}],"curies":[{"name":"wp","href":"https:\/\/api.w.org\/{rel}","templated":true}]}}