{"id":53316,"date":"2015-08-08T23:52:44","date_gmt":"2015-08-08T23:52:44","guid":{"rendered":"http:\/\/desarrollo.mcvicious.com\/aero2020\/2015\/08\/08\/delta-air-lines-aumentara-a-dos-sus-vuelos-semanales-a-isla-hondurena-de-roatan\/"},"modified":"2015-08-08T23:52:44","modified_gmt":"2015-08-08T23:52:44","slug":"delta-air-lines-aumentara-a-dos-sus-vuelos-semanales-a-isla-hondurena-de-roatan","status":"publish","type":"post","link":"https:\/\/aeronoticias.com.pe\/noticiero\/transporte-aereo\/internacional\/delta-air-lines-aumentara-a-dos-sus-vuelos-semanales-a-isla-hondurena-de-roatan\/","title":{"rendered":"Delta Air Lines aumentar\u00e1 a dos sus vuelos semanales a isla hondure\u00f1a de Roat\u00e1n"},"content":{"rendered":"<p style=\"text-align: justify;\"><strong>(Aeronoticias)<\/strong>.-\u00a0La aerol\u00ednea Delta Air Lines aumentar\u00e1 a dos sus vuelos por semana a la isla de Roat\u00e1n, en el Caribe de Honduras, inform\u00f3 el director del Instituto Hondure\u00f1o de Turismo (IHT), Emilio Silvestri.<\/p>\n<p style=\"text-align: justify;\">Delta ha decidido aumentar a dos sus vuelos a Raot\u00e1n a partir del 20 de diciembre pr\u00f3ximo, cuando hay una masiva movilizaci\u00f3n de viajeros por las fiestas de Navidad y A\u00f1o Nuevo, indic\u00f3 Silvestri.<\/p>\n<p style=\"text-align: justify;\">Agreg\u00f3 que las medidas de seguridad aplicadas en el pa\u00eds por el Gobierno que preside Juan Orlando Hern\u00e1ndez, incluidos los principales destinos tur\u00edsticos, fueron determinantes para que la compa\u00f1\u00eda Delta decidiera incrementar sus llegadas a Roat\u00e1n desde Atlanta, Estados Unidos.<\/p>\n<p style=\"text-align: justify;\">\u00abLas cifras actualizadas del tr\u00e1fico del aeropuerto de Roat\u00e1n, la promoci\u00f3n del destino a nivel internacional, la seguridad que existe para los turistas y otros temas como la infraestructura, pesaron al final para la toma de decisiones de la empresa Delta\u00bb, enfatiz\u00f3 el funcionario hondure\u00f1o.<\/p>\n<p style=\"text-align: justify;\">Delta est\u00e1 volando a Roat\u00e1n los s\u00e1bados, pero a ra\u00edz de gestiones hechas en Atlanta por empresarios del turismo de Roat\u00e1n y una comisi\u00f3n del Gobierno, la empresa estadounidense acept\u00f3 volar dos veces a la isla hondure\u00f1a, que es uno de los destinos m\u00e1s importantes del pa\u00eds centroamericano en el Caribe.<\/p>\n<p style=\"text-align: justify;\">Las autoridades hondure\u00f1as esperan que este a\u00f1o el turismo, que en 2014 gener\u00f3 unos 700 millones de d\u00f3lares, tenga un incremento del diez por ciento.<\/p>\n<p style=\"text-align: justify;\">El turismo ha sido declarado una \u00abprioridad\u00bb del Gobierno de Honduras.<\/p>\n<p style=\"text-align: justify;\">Fuente: <strong><em><span style=\"text-decoration: underline;\">Aviaci\u00f3n al d\u00eda<\/span><\/em><\/strong>.<\/p>\n<p style=\"text-align: justify;\"><img decoding=\"async\" src=\"http:\/\/thinkofthat.net\/blog\/wp-content\/uploads\/2013\/01\/delta.jpg\" border=\"0\" \/><\/p>\n","protected":false},"excerpt":{"rendered":"<p>(Aeronoticias).-\u00a0La aerol\u00ednea Delta Air Lines aumentar\u00e1 a dos sus vuelos por semana a la isla de Roat\u00e1n, en el Caribe de Honduras, inform\u00f3 el director del Instituto Hondure\u00f1o de Turismo (IHT), Emilio Silvestri. Delta ha decidido aumentar a dos sus vuelos a Raot\u00e1n a partir del 20 de diciembre pr\u00f3ximo, cuando hay una masiva movilizaci\u00f3n [&hellip;]<\/p>\n","protected":false},"author":1,"featured_media":0,"comment_status":"open","ping_status":"open","sticky":false,"template":"","format":"standard","meta":{"tdm_status":"","tdm_grid_status":"","footnotes":""},"categories":[32],"tags":[],"class_list":{"0":"post-53316","1":"post","2":"type-post","3":"status-publish","4":"format-standard","6":"category-internacional"},"yoast_head":"<!-- This site is optimized with the Yoast SEO plugin v25.1 - https:\/\/yoast.com\/wordpress\/plugins\/seo\/ -->\n<title>Delta Air Lines aumentar\u00e1 a dos sus vuelos semanales a isla hondure\u00f1a de Roat\u00e1n<\/title>\n<meta name=\"description\" content=\"Portal de noticias del Per\u00fa sobre el transporte a\u00e9reo, aviaci\u00f3n, turismo, hoteleria, actualidad.\" \/>\n<meta name=\"robots\" content=\"index, follow, max-snippet:-1, max-image-preview:large, max-video-preview:-1\" \/>\n<link rel=\"canonical\" href=\"https:\/\/aeronoticias.com.pe\/noticiero\/transporte-aereo\/internacional\/delta-air-lines-aumentara-a-dos-sus-vuelos-semanales-a-isla-hondurena-de-roatan\/\" \/>\n<meta property=\"og:locale\" content=\"es_ES\" \/>\n<meta property=\"og:type\" content=\"article\" \/>\n<meta property=\"og:title\" content=\"Delta Air Lines aumentar\u00e1 a dos sus vuelos semanales a isla hondure\u00f1a de Roat\u00e1n\" \/>\n<meta property=\"og:description\" content=\"Portal de noticias del Per\u00fa sobre el transporte a\u00e9reo, aviaci\u00f3n, turismo, hoteleria, actualidad.\" \/>\n<meta property=\"og:url\" content=\"https:\/\/aeronoticias.com.pe\/noticiero\/transporte-aereo\/internacional\/delta-air-lines-aumentara-a-dos-sus-vuelos-semanales-a-isla-hondurena-de-roatan\/\" \/>\n<meta property=\"og:site_name\" content=\"Aeronoticias.com.pe\" \/>\n<meta property=\"article:publisher\" content=\"https:\/\/www.facebook.com\/Aeronoticias.com.pe\/\" \/>\n<meta property=\"article:published_time\" content=\"2015-08-08T23:52:44+00:00\" \/>\n<meta property=\"og:image\" content=\"http:\/\/thinkofthat.net\/blog\/wp-content\/uploads\/2013\/01\/delta.jpg\" \/>\n<meta name=\"author\" content=\"Redacci\u00f3n Aeronoticias\" \/>\n<meta name=\"twitter:card\" content=\"summary_large_image\" \/>\n<meta name=\"twitter:creator\" content=\"@aeronoticias\" \/>\n<meta name=\"twitter:site\" content=\"@aeronoticias\" \/>\n<meta name=\"twitter:label1\" content=\"Escrito por\" \/>\n\t<meta name=\"twitter:data1\" content=\"Redacci\u00f3n Aeronoticias\" \/>\n\t<meta name=\"twitter:label2\" content=\"Tiempo de lectura\" \/>\n\t<meta name=\"twitter:data2\" content=\"1 minuto\" \/>\n<script type=\"application\/ld+json\" class=\"yoast-schema-graph\">{\"@context\":\"https:\/\/schema.org\",\"@graph\":[{\"@type\":\"WebPage\",\"@id\":\"https:\/\/aeronoticias.com.pe\/noticiero\/transporte-aereo\/internacional\/delta-air-lines-aumentara-a-dos-sus-vuelos-semanales-a-isla-hondurena-de-roatan\/\",\"url\":\"https:\/\/aeronoticias.com.pe\/noticiero\/transporte-aereo\/internacional\/delta-air-lines-aumentara-a-dos-sus-vuelos-semanales-a-isla-hondurena-de-roatan\/\",\"name\":\"Delta Air Lines aumentar\u00e1 a dos sus vuelos semanales a isla hondure\u00f1a de Roat\u00e1n\",\"isPartOf\":{\"@id\":\"https:\/\/aeronoticias.com.pe\/noticiero\/#website\"},\"primaryImageOfPage\":{\"@id\":\"https:\/\/aeronoticias.com.pe\/noticiero\/transporte-aereo\/internacional\/delta-air-lines-aumentara-a-dos-sus-vuelos-semanales-a-isla-hondurena-de-roatan\/#primaryimage\"},\"image\":{\"@id\":\"https:\/\/aeronoticias.com.pe\/noticiero\/transporte-aereo\/internacional\/delta-air-lines-aumentara-a-dos-sus-vuelos-semanales-a-isla-hondurena-de-roatan\/#primaryimage\"},\"thumbnailUrl\":\"http:\/\/thinkofthat.net\/blog\/wp-content\/uploads\/2013\/01\/delta.jpg\",\"datePublished\":\"2015-08-08T23:52:44+00:00\",\"author\":{\"@id\":\"https:\/\/aeronoticias.com.pe\/noticiero\/#\/schema\/person\/fc1e5d578f4b62ba1cf7ac2bba1170a0\"},\"description\":\"Portal de noticias del Per\u00fa sobre el transporte a\u00e9reo, aviaci\u00f3n, turismo, hoteleria, actualidad.\",\"breadcrumb\":{\"@id\":\"https:\/\/aeronoticias.com.pe\/noticiero\/transporte-aereo\/internacional\/delta-air-lines-aumentara-a-dos-sus-vuelos-semanales-a-isla-hondurena-de-roatan\/#breadcrumb\"},\"inLanguage\":\"es\",\"potentialAction\":[{\"@type\":\"ReadAction\",\"target\":[\"https:\/\/aeronoticias.com.pe\/noticiero\/transporte-aereo\/internacional\/delta-air-lines-aumentara-a-dos-sus-vuelos-semanales-a-isla-hondurena-de-roatan\/\"]}]},{\"@type\":\"ImageObject\",\"inLanguage\":\"es\",\"@id\":\"https:\/\/aeronoticias.com.pe\/noticiero\/transporte-aereo\/internacional\/delta-air-lines-aumentara-a-dos-sus-vuelos-semanales-a-isla-hondurena-de-roatan\/#primaryimage\",\"url\":\"http:\/\/thinkofthat.net\/blog\/wp-content\/uploads\/2013\/01\/delta.jpg\",\"contentUrl\":\"http:\/\/thinkofthat.net\/blog\/wp-content\/uploads\/2013\/01\/delta.jpg\"},{\"@type\":\"BreadcrumbList\",\"@id\":\"https:\/\/aeronoticias.com.pe\/noticiero\/transporte-aereo\/internacional\/delta-air-lines-aumentara-a-dos-sus-vuelos-semanales-a-isla-hondurena-de-roatan\/#breadcrumb\",\"itemListElement\":[{\"@type\":\"ListItem\",\"position\":1,\"name\":\"Portada\",\"item\":\"https:\/\/aeronoticias.com.pe\/noticiero\/\"},{\"@type\":\"ListItem\",\"position\":2,\"name\":\"Delta Air Lines aumentar\u00e1 a dos sus vuelos semanales a isla hondure\u00f1a de Roat\u00e1n\"}]},{\"@type\":\"WebSite\",\"@id\":\"https:\/\/aeronoticias.com.pe\/noticiero\/#website\",\"url\":\"https:\/\/aeronoticias.com.pe\/noticiero\/\",\"name\":\"Aeronoticias.com.pe\",\"description\":\"Noticias de tranporte aereo, turismo, hoteles, gastronomia, actualidad, internacional\",\"potentialAction\":[{\"@type\":\"SearchAction\",\"target\":{\"@type\":\"EntryPoint\",\"urlTemplate\":\"https:\/\/aeronoticias.com.pe\/noticiero\/?s={search_term_string}\"},\"query-input\":{\"@type\":\"PropertyValueSpecification\",\"valueRequired\":true,\"valueName\":\"search_term_string\"}}],\"inLanguage\":\"es\"},{\"@type\":\"Person\",\"@id\":\"https:\/\/aeronoticias.com.pe\/noticiero\/#\/schema\/person\/fc1e5d578f4b62ba1cf7ac2bba1170a0\",\"name\":\"Redacci\u00f3n Aeronoticias\",\"url\":\"https:\/\/aeronoticias.com.pe\/noticiero\/author\/piloto\/\"}]}<\/script>\n<!-- \/ Yoast SEO plugin. -->","yoast_head_json":{"title":"Delta Air Lines aumentar\u00e1 a dos sus vuelos semanales a isla hondure\u00f1a de Roat\u00e1n","description":"Portal de noticias del Per\u00fa sobre el transporte a\u00e9reo, aviaci\u00f3n, turismo, hoteleria, actualidad.","robots":{"index":"index","follow":"follow","max-snippet":"max-snippet:-1","max-image-preview":"max-image-preview:large","max-video-preview":"max-video-preview:-1"},"canonical":"https:\/\/aeronoticias.com.pe\/noticiero\/transporte-aereo\/internacional\/delta-air-lines-aumentara-a-dos-sus-vuelos-semanales-a-isla-hondurena-de-roatan\/","og_locale":"es_ES","og_type":"article","og_title":"Delta Air Lines aumentar\u00e1 a dos sus vuelos semanales a isla hondure\u00f1a de Roat\u00e1n","og_description":"Portal de noticias del Per\u00fa sobre el transporte a\u00e9reo, aviaci\u00f3n, turismo, hoteleria, actualidad.","og_url":"https:\/\/aeronoticias.com.pe\/noticiero\/transporte-aereo\/internacional\/delta-air-lines-aumentara-a-dos-sus-vuelos-semanales-a-isla-hondurena-de-roatan\/","og_site_name":"Aeronoticias.com.pe","article_publisher":"https:\/\/www.facebook.com\/Aeronoticias.com.pe\/","article_published_time":"2015-08-08T23:52:44+00:00","og_image":[{"url":"http:\/\/thinkofthat.net\/blog\/wp-content\/uploads\/2013\/01\/delta.jpg","type":"","width":"","height":""}],"author":"Redacci\u00f3n Aeronoticias","twitter_card":"summary_large_image","twitter_creator":"@aeronoticias","twitter_site":"@aeronoticias","twitter_misc":{"Escrito por":"Redacci\u00f3n Aeronoticias","Tiempo de lectura":"1 minuto"},"schema":{"@context":"https:\/\/schema.org","@graph":[{"@type":"WebPage","@id":"https:\/\/aeronoticias.com.pe\/noticiero\/transporte-aereo\/internacional\/delta-air-lines-aumentara-a-dos-sus-vuelos-semanales-a-isla-hondurena-de-roatan\/","url":"https:\/\/aeronoticias.com.pe\/noticiero\/transporte-aereo\/internacional\/delta-air-lines-aumentara-a-dos-sus-vuelos-semanales-a-isla-hondurena-de-roatan\/","name":"Delta Air Lines aumentar\u00e1 a dos sus vuelos semanales a isla hondure\u00f1a de Roat\u00e1n","isPartOf":{"@id":"https:\/\/aeronoticias.com.pe\/noticiero\/#website"},"primaryImageOfPage":{"@id":"https:\/\/aeronoticias.com.pe\/noticiero\/transporte-aereo\/internacional\/delta-air-lines-aumentara-a-dos-sus-vuelos-semanales-a-isla-hondurena-de-roatan\/#primaryimage"},"image":{"@id":"https:\/\/aeronoticias.com.pe\/noticiero\/transporte-aereo\/internacional\/delta-air-lines-aumentara-a-dos-sus-vuelos-semanales-a-isla-hondurena-de-roatan\/#primaryimage"},"thumbnailUrl":"http:\/\/thinkofthat.net\/blog\/wp-content\/uploads\/2013\/01\/delta.jpg","datePublished":"2015-08-08T23:52:44+00:00","author":{"@id":"https:\/\/aeronoticias.com.pe\/noticiero\/#\/schema\/person\/fc1e5d578f4b62ba1cf7ac2bba1170a0"},"description":"Portal de noticias del Per\u00fa sobre el transporte a\u00e9reo, aviaci\u00f3n, turismo, hoteleria, actualidad.","breadcrumb":{"@id":"https:\/\/aeronoticias.com.pe\/noticiero\/transporte-aereo\/internacional\/delta-air-lines-aumentara-a-dos-sus-vuelos-semanales-a-isla-hondurena-de-roatan\/#breadcrumb"},"inLanguage":"es","potentialAction":[{"@type":"ReadAction","target":["https:\/\/aeronoticias.com.pe\/noticiero\/transporte-aereo\/internacional\/delta-air-lines-aumentara-a-dos-sus-vuelos-semanales-a-isla-hondurena-de-roatan\/"]}]},{"@type":"ImageObject","inLanguage":"es","@id":"https:\/\/aeronoticias.com.pe\/noticiero\/transporte-aereo\/internacional\/delta-air-lines-aumentara-a-dos-sus-vuelos-semanales-a-isla-hondurena-de-roatan\/#primaryimage","url":"http:\/\/thinkofthat.net\/blog\/wp-content\/uploads\/2013\/01\/delta.jpg","contentUrl":"http:\/\/thinkofthat.net\/blog\/wp-content\/uploads\/2013\/01\/delta.jpg"},{"@type":"BreadcrumbList","@id":"https:\/\/aeronoticias.com.pe\/noticiero\/transporte-aereo\/internacional\/delta-air-lines-aumentara-a-dos-sus-vuelos-semanales-a-isla-hondurena-de-roatan\/#breadcrumb","itemListElement":[{"@type":"ListItem","position":1,"name":"Portada","item":"https:\/\/aeronoticias.com.pe\/noticiero\/"},{"@type":"ListItem","position":2,"name":"Delta Air Lines aumentar\u00e1 a dos sus vuelos semanales a isla hondure\u00f1a de Roat\u00e1n"}]},{"@type":"WebSite","@id":"https:\/\/aeronoticias.com.pe\/noticiero\/#website","url":"https:\/\/aeronoticias.com.pe\/noticiero\/","name":"Aeronoticias.com.pe","description":"Noticias de tranporte aereo, turismo, hoteles, gastronomia, actualidad, internacional","potentialAction":[{"@type":"SearchAction","target":{"@type":"EntryPoint","urlTemplate":"https:\/\/aeronoticias.com.pe\/noticiero\/?s={search_term_string}"},"query-input":{"@type":"PropertyValueSpecification","valueRequired":true,"valueName":"search_term_string"}}],"inLanguage":"es"},{"@type":"Person","@id":"https:\/\/aeronoticias.com.pe\/noticiero\/#\/schema\/person\/fc1e5d578f4b62ba1cf7ac2bba1170a0","name":"Redacci\u00f3n Aeronoticias","url":"https:\/\/aeronoticias.com.pe\/noticiero\/author\/piloto\/"}]}},"_links":{"self":[{"href":"https:\/\/aeronoticias.com.pe\/noticiero\/wp-json\/wp\/v2\/posts\/53316","targetHints":{"allow":["GET"]}}],"collection":[{"href":"https:\/\/aeronoticias.com.pe\/noticiero\/wp-json\/wp\/v2\/posts"}],"about":[{"href":"https:\/\/aeronoticias.com.pe\/noticiero\/wp-json\/wp\/v2\/types\/post"}],"author":[{"embeddable":true,"href":"https:\/\/aeronoticias.com.pe\/noticiero\/wp-json\/wp\/v2\/users\/1"}],"replies":[{"embeddable":true,"href":"https:\/\/aeronoticias.com.pe\/noticiero\/wp-json\/wp\/v2\/comments?post=53316"}],"version-history":[{"count":0,"href":"https:\/\/aeronoticias.com.pe\/noticiero\/wp-json\/wp\/v2\/posts\/53316\/revisions"}],"wp:attachment":[{"href":"https:\/\/aeronoticias.com.pe\/noticiero\/wp-json\/wp\/v2\/media?parent=53316"}],"wp:term":[{"taxonomy":"category","embeddable":true,"href":"https:\/\/aeronoticias.com.pe\/noticiero\/wp-json\/wp\/v2\/categories?post=53316"},{"taxonomy":"post_tag","embeddable":true,"href":"https:\/\/aeronoticias.com.pe\/noticiero\/wp-json\/wp\/v2\/tags?post=53316"}],"curies":[{"name":"wp","href":"https:\/\/api.w.org\/{rel}","templated":true}]}}