{"id":53317,"date":"2015-08-09T15:41:09","date_gmt":"2015-08-09T15:41:09","guid":{"rendered":"http:\/\/desarrollo.mcvicious.com\/aero2020\/2015\/08\/09\/estado-islamico-planea-matar-a-la-reina-isabel-ii-con-una-bomba\/"},"modified":"2015-08-09T15:41:09","modified_gmt":"2015-08-09T15:41:09","slug":"estado-islamico-planea-matar-a-la-reina-isabel-ii-con-una-bomba","status":"publish","type":"post","link":"https:\/\/aeronoticias.com.pe\/noticiero\/internacionales\/estado-islamico-planea-matar-a-la-reina-isabel-ii-con-una-bomba\/","title":{"rendered":"Estado Isl\u00e1mico planea matar a la reina Isabel II con una bomba"},"content":{"rendered":"<p style=\"text-align: justify;\"><strong>(Aeronoticias)<\/strong>.-\u00a0Seg\u00fan este medio, la Polic\u00eda y el MI5 -el servicio de contraespionaje que act\u00faa en el territorio del Reino Unido- creen que los yihadistas tienen previsto detonar una bomba durante los actos conmemorativos del 70 aniversario de la victoria aliada sobre Jap\u00f3n en la II Guerra Mundial, que se celebrar\u00e1n en Londres el pr\u00f3ximo s\u00e1bado.<\/p>\n<p style=\"text-align: justify;\">Adem\u00e1s de la monarca y otros miembros de la familia real, tambi\u00e9n est\u00e1 previsto que asistan a estas celebraciones el primer ministro brit\u00e1nico, el conservador David Cameron, destacados pol\u00edticos y veteranos de esa contienda b\u00e9lica.<\/p>\n<p style=\"text-align: justify;\">\u00abUn ataque como este, si tuviera \u00e9xito, causar\u00eda muchas v\u00edctimas y convertir\u00eda en realidad el viejo temor a que los extremistas isl\u00e1micos radicados en este pa\u00eds cometan un espectacular acto terrorista\u00bb, indica el Mail on Sunday.<\/p>\n<p style=\"text-align: justify;\">Este tabloide asegura que varias fuentes en las fuerzas del orden han revelado que se ha detectado una \u00abamenaza espec\u00edfica\u00bb contra Isabel II, lo que ha provocado una \u00abrevisi\u00f3n urgente\u00bb de las medidas de seguridad previstas para los actos del pr\u00f3ximo fin de semana.<\/p>\n<p style=\"text-align: justify;\">Al parecer, los yihadistas podr\u00edan usar un artefacto explosivo similar a la olla de presi\u00f3n detonada en el atentado cometido en el 2013 contra la marat\u00f3n de Boston (EE.UU.), en el que murieron tres personas y m\u00e1s de 260 resultaron heridas.<\/p>\n<p style=\"text-align: justify;\">El atentado m\u00e1s sangriento cometido en el Reino Unido en los \u00faltimos a\u00f1os se cobr\u00f3 la vida de 52 personas e hiri\u00f3 a m\u00e1s de setecientas cuando cuatro islamistas suicidas detonaron bombas en el metro y en un autob\u00fas en pleno centro de Londres el 7 de julio del 2005.<\/p>\n<p style=\"text-align: justify;\">El Mail on Sunday recuerda hoy que cientos de brit\u00e1nicos han abandonado el Reino Unido en los \u00faltimos dos a\u00f1os para unirse al Estado Isl\u00e1mico en Siria e Iraq, si bien otros han permanecido en el pa\u00eds para organizar ataques en \u00abterritorio dom\u00e9stico\u00bb.<\/p>\n<p style=\"text-align: justify;\">Este medio informa de que, de momento, no se han efectuado detenciones en relaci\u00f3n al supuesto atentado planeado para el pr\u00f3ximo fin de semana, pero recalca que las fuerza antiterroristas est\u00e1n siguiendo \u00abel desarrollo de la trama\u00bb y trabajan \u00abcontrarreloj\u00bb para desactivarla.<\/p>\n<p style=\"text-align: justify;\">Fuente: <strong><em><span style=\"text-decoration: underline;\">El Comercio<\/span><\/em><\/strong>.<\/p>\n<p style=\"text-align: justify;\"><img decoding=\"async\" src=\"http:\/\/cde.3.elcomercio.pe\/ima\/0\/1\/1\/7\/2\/1172268\/base_image.jpg\" border=\"0\" alt=\"Estado Isl\u00e1mico planea matar a la reina Isabel II con una bomba\" \/><\/p>\n","protected":false},"excerpt":{"rendered":"<p>(Aeronoticias).-\u00a0Seg\u00fan este medio, la Polic\u00eda y el MI5 -el servicio de contraespionaje que act\u00faa en el territorio del Reino Unido- creen que los yihadistas tienen previsto detonar una bomba durante los actos conmemorativos del 70 aniversario de la victoria aliada sobre Jap\u00f3n en la II Guerra Mundial, que se celebrar\u00e1n en Londres el pr\u00f3ximo s\u00e1bado. [&hellip;]<\/p>\n","protected":false},"author":1,"featured_media":0,"comment_status":"open","ping_status":"open","sticky":false,"template":"","format":"standard","meta":{"tdm_status":"","tdm_grid_status":"","footnotes":""},"categories":[34],"tags":[],"class_list":{"0":"post-53317","1":"post","2":"type-post","3":"status-publish","4":"format-standard","6":"category-internacionales"},"yoast_head":"<!-- This site is optimized with the Yoast SEO plugin v25.1 - https:\/\/yoast.com\/wordpress\/plugins\/seo\/ -->\n<title>Estado Isl\u00e1mico planea matar a la reina Isabel II con una bomba<\/title>\n<meta name=\"description\" content=\"Portal de noticias del Per\u00fa sobre el transporte a\u00e9reo, aviaci\u00f3n, turismo, hoteleria, actualidad.\" \/>\n<meta name=\"robots\" content=\"index, follow, max-snippet:-1, max-image-preview:large, max-video-preview:-1\" \/>\n<link rel=\"canonical\" href=\"https:\/\/aeronoticias.com.pe\/noticiero\/internacionales\/estado-islamico-planea-matar-a-la-reina-isabel-ii-con-una-bomba\/\" \/>\n<meta property=\"og:locale\" content=\"es_ES\" \/>\n<meta property=\"og:type\" content=\"article\" \/>\n<meta property=\"og:title\" content=\"Estado Isl\u00e1mico planea matar a la reina Isabel II con una bomba\" \/>\n<meta property=\"og:description\" content=\"Portal de noticias del Per\u00fa sobre el transporte a\u00e9reo, aviaci\u00f3n, turismo, hoteleria, actualidad.\" \/>\n<meta property=\"og:url\" content=\"https:\/\/aeronoticias.com.pe\/noticiero\/internacionales\/estado-islamico-planea-matar-a-la-reina-isabel-ii-con-una-bomba\/\" \/>\n<meta property=\"og:site_name\" content=\"Aeronoticias.com.pe\" \/>\n<meta property=\"article:publisher\" content=\"https:\/\/www.facebook.com\/Aeronoticias.com.pe\/\" \/>\n<meta property=\"article:published_time\" content=\"2015-08-09T15:41:09+00:00\" \/>\n<meta property=\"og:image\" content=\"http:\/\/cde.3.elcomercio.pe\/ima\/0\/1\/1\/7\/2\/1172268\/base_image.jpg\" \/>\n<meta name=\"author\" content=\"Redacci\u00f3n Aeronoticias\" \/>\n<meta name=\"twitter:card\" content=\"summary_large_image\" \/>\n<meta name=\"twitter:creator\" content=\"@aeronoticias\" \/>\n<meta name=\"twitter:site\" content=\"@aeronoticias\" \/>\n<meta name=\"twitter:label1\" content=\"Escrito por\" \/>\n\t<meta name=\"twitter:data1\" content=\"Redacci\u00f3n Aeronoticias\" \/>\n\t<meta name=\"twitter:label2\" content=\"Tiempo de lectura\" \/>\n\t<meta name=\"twitter:data2\" content=\"2 minutos\" \/>\n<script type=\"application\/ld+json\" class=\"yoast-schema-graph\">{\"@context\":\"https:\/\/schema.org\",\"@graph\":[{\"@type\":\"WebPage\",\"@id\":\"https:\/\/aeronoticias.com.pe\/noticiero\/internacionales\/estado-islamico-planea-matar-a-la-reina-isabel-ii-con-una-bomba\/\",\"url\":\"https:\/\/aeronoticias.com.pe\/noticiero\/internacionales\/estado-islamico-planea-matar-a-la-reina-isabel-ii-con-una-bomba\/\",\"name\":\"Estado Isl\u00e1mico planea matar a la reina Isabel II con una bomba\",\"isPartOf\":{\"@id\":\"https:\/\/aeronoticias.com.pe\/noticiero\/#website\"},\"primaryImageOfPage\":{\"@id\":\"https:\/\/aeronoticias.com.pe\/noticiero\/internacionales\/estado-islamico-planea-matar-a-la-reina-isabel-ii-con-una-bomba\/#primaryimage\"},\"image\":{\"@id\":\"https:\/\/aeronoticias.com.pe\/noticiero\/internacionales\/estado-islamico-planea-matar-a-la-reina-isabel-ii-con-una-bomba\/#primaryimage\"},\"thumbnailUrl\":\"http:\/\/cde.3.elcomercio.pe\/ima\/0\/1\/1\/7\/2\/1172268\/base_image.jpg\",\"datePublished\":\"2015-08-09T15:41:09+00:00\",\"author\":{\"@id\":\"https:\/\/aeronoticias.com.pe\/noticiero\/#\/schema\/person\/fc1e5d578f4b62ba1cf7ac2bba1170a0\"},\"description\":\"Portal de noticias del Per\u00fa sobre el transporte a\u00e9reo, aviaci\u00f3n, turismo, hoteleria, actualidad.\",\"breadcrumb\":{\"@id\":\"https:\/\/aeronoticias.com.pe\/noticiero\/internacionales\/estado-islamico-planea-matar-a-la-reina-isabel-ii-con-una-bomba\/#breadcrumb\"},\"inLanguage\":\"es\",\"potentialAction\":[{\"@type\":\"ReadAction\",\"target\":[\"https:\/\/aeronoticias.com.pe\/noticiero\/internacionales\/estado-islamico-planea-matar-a-la-reina-isabel-ii-con-una-bomba\/\"]}]},{\"@type\":\"ImageObject\",\"inLanguage\":\"es\",\"@id\":\"https:\/\/aeronoticias.com.pe\/noticiero\/internacionales\/estado-islamico-planea-matar-a-la-reina-isabel-ii-con-una-bomba\/#primaryimage\",\"url\":\"http:\/\/cde.3.elcomercio.pe\/ima\/0\/1\/1\/7\/2\/1172268\/base_image.jpg\",\"contentUrl\":\"http:\/\/cde.3.elcomercio.pe\/ima\/0\/1\/1\/7\/2\/1172268\/base_image.jpg\"},{\"@type\":\"BreadcrumbList\",\"@id\":\"https:\/\/aeronoticias.com.pe\/noticiero\/internacionales\/estado-islamico-planea-matar-a-la-reina-isabel-ii-con-una-bomba\/#breadcrumb\",\"itemListElement\":[{\"@type\":\"ListItem\",\"position\":1,\"name\":\"Portada\",\"item\":\"https:\/\/aeronoticias.com.pe\/noticiero\/\"},{\"@type\":\"ListItem\",\"position\":2,\"name\":\"Estado Isl\u00e1mico planea matar a la reina Isabel II con una bomba\"}]},{\"@type\":\"WebSite\",\"@id\":\"https:\/\/aeronoticias.com.pe\/noticiero\/#website\",\"url\":\"https:\/\/aeronoticias.com.pe\/noticiero\/\",\"name\":\"Aeronoticias.com.pe\",\"description\":\"Noticias de tranporte aereo, turismo, hoteles, gastronomia, actualidad, internacional\",\"potentialAction\":[{\"@type\":\"SearchAction\",\"target\":{\"@type\":\"EntryPoint\",\"urlTemplate\":\"https:\/\/aeronoticias.com.pe\/noticiero\/?s={search_term_string}\"},\"query-input\":{\"@type\":\"PropertyValueSpecification\",\"valueRequired\":true,\"valueName\":\"search_term_string\"}}],\"inLanguage\":\"es\"},{\"@type\":\"Person\",\"@id\":\"https:\/\/aeronoticias.com.pe\/noticiero\/#\/schema\/person\/fc1e5d578f4b62ba1cf7ac2bba1170a0\",\"name\":\"Redacci\u00f3n Aeronoticias\",\"url\":\"https:\/\/aeronoticias.com.pe\/noticiero\/author\/piloto\/\"}]}<\/script>\n<!-- \/ Yoast SEO plugin. -->","yoast_head_json":{"title":"Estado Isl\u00e1mico planea matar a la reina Isabel II con una bomba","description":"Portal de noticias del Per\u00fa sobre el transporte a\u00e9reo, aviaci\u00f3n, turismo, hoteleria, actualidad.","robots":{"index":"index","follow":"follow","max-snippet":"max-snippet:-1","max-image-preview":"max-image-preview:large","max-video-preview":"max-video-preview:-1"},"canonical":"https:\/\/aeronoticias.com.pe\/noticiero\/internacionales\/estado-islamico-planea-matar-a-la-reina-isabel-ii-con-una-bomba\/","og_locale":"es_ES","og_type":"article","og_title":"Estado Isl\u00e1mico planea matar a la reina Isabel II con una bomba","og_description":"Portal de noticias del Per\u00fa sobre el transporte a\u00e9reo, aviaci\u00f3n, turismo, hoteleria, actualidad.","og_url":"https:\/\/aeronoticias.com.pe\/noticiero\/internacionales\/estado-islamico-planea-matar-a-la-reina-isabel-ii-con-una-bomba\/","og_site_name":"Aeronoticias.com.pe","article_publisher":"https:\/\/www.facebook.com\/Aeronoticias.com.pe\/","article_published_time":"2015-08-09T15:41:09+00:00","og_image":[{"url":"http:\/\/cde.3.elcomercio.pe\/ima\/0\/1\/1\/7\/2\/1172268\/base_image.jpg","type":"","width":"","height":""}],"author":"Redacci\u00f3n Aeronoticias","twitter_card":"summary_large_image","twitter_creator":"@aeronoticias","twitter_site":"@aeronoticias","twitter_misc":{"Escrito por":"Redacci\u00f3n Aeronoticias","Tiempo de lectura":"2 minutos"},"schema":{"@context":"https:\/\/schema.org","@graph":[{"@type":"WebPage","@id":"https:\/\/aeronoticias.com.pe\/noticiero\/internacionales\/estado-islamico-planea-matar-a-la-reina-isabel-ii-con-una-bomba\/","url":"https:\/\/aeronoticias.com.pe\/noticiero\/internacionales\/estado-islamico-planea-matar-a-la-reina-isabel-ii-con-una-bomba\/","name":"Estado Isl\u00e1mico planea matar a la reina Isabel II con una bomba","isPartOf":{"@id":"https:\/\/aeronoticias.com.pe\/noticiero\/#website"},"primaryImageOfPage":{"@id":"https:\/\/aeronoticias.com.pe\/noticiero\/internacionales\/estado-islamico-planea-matar-a-la-reina-isabel-ii-con-una-bomba\/#primaryimage"},"image":{"@id":"https:\/\/aeronoticias.com.pe\/noticiero\/internacionales\/estado-islamico-planea-matar-a-la-reina-isabel-ii-con-una-bomba\/#primaryimage"},"thumbnailUrl":"http:\/\/cde.3.elcomercio.pe\/ima\/0\/1\/1\/7\/2\/1172268\/base_image.jpg","datePublished":"2015-08-09T15:41:09+00:00","author":{"@id":"https:\/\/aeronoticias.com.pe\/noticiero\/#\/schema\/person\/fc1e5d578f4b62ba1cf7ac2bba1170a0"},"description":"Portal de noticias del Per\u00fa sobre el transporte a\u00e9reo, aviaci\u00f3n, turismo, hoteleria, actualidad.","breadcrumb":{"@id":"https:\/\/aeronoticias.com.pe\/noticiero\/internacionales\/estado-islamico-planea-matar-a-la-reina-isabel-ii-con-una-bomba\/#breadcrumb"},"inLanguage":"es","potentialAction":[{"@type":"ReadAction","target":["https:\/\/aeronoticias.com.pe\/noticiero\/internacionales\/estado-islamico-planea-matar-a-la-reina-isabel-ii-con-una-bomba\/"]}]},{"@type":"ImageObject","inLanguage":"es","@id":"https:\/\/aeronoticias.com.pe\/noticiero\/internacionales\/estado-islamico-planea-matar-a-la-reina-isabel-ii-con-una-bomba\/#primaryimage","url":"http:\/\/cde.3.elcomercio.pe\/ima\/0\/1\/1\/7\/2\/1172268\/base_image.jpg","contentUrl":"http:\/\/cde.3.elcomercio.pe\/ima\/0\/1\/1\/7\/2\/1172268\/base_image.jpg"},{"@type":"BreadcrumbList","@id":"https:\/\/aeronoticias.com.pe\/noticiero\/internacionales\/estado-islamico-planea-matar-a-la-reina-isabel-ii-con-una-bomba\/#breadcrumb","itemListElement":[{"@type":"ListItem","position":1,"name":"Portada","item":"https:\/\/aeronoticias.com.pe\/noticiero\/"},{"@type":"ListItem","position":2,"name":"Estado Isl\u00e1mico planea matar a la reina Isabel II con una bomba"}]},{"@type":"WebSite","@id":"https:\/\/aeronoticias.com.pe\/noticiero\/#website","url":"https:\/\/aeronoticias.com.pe\/noticiero\/","name":"Aeronoticias.com.pe","description":"Noticias de tranporte aereo, turismo, hoteles, gastronomia, actualidad, internacional","potentialAction":[{"@type":"SearchAction","target":{"@type":"EntryPoint","urlTemplate":"https:\/\/aeronoticias.com.pe\/noticiero\/?s={search_term_string}"},"query-input":{"@type":"PropertyValueSpecification","valueRequired":true,"valueName":"search_term_string"}}],"inLanguage":"es"},{"@type":"Person","@id":"https:\/\/aeronoticias.com.pe\/noticiero\/#\/schema\/person\/fc1e5d578f4b62ba1cf7ac2bba1170a0","name":"Redacci\u00f3n Aeronoticias","url":"https:\/\/aeronoticias.com.pe\/noticiero\/author\/piloto\/"}]}},"_links":{"self":[{"href":"https:\/\/aeronoticias.com.pe\/noticiero\/wp-json\/wp\/v2\/posts\/53317","targetHints":{"allow":["GET"]}}],"collection":[{"href":"https:\/\/aeronoticias.com.pe\/noticiero\/wp-json\/wp\/v2\/posts"}],"about":[{"href":"https:\/\/aeronoticias.com.pe\/noticiero\/wp-json\/wp\/v2\/types\/post"}],"author":[{"embeddable":true,"href":"https:\/\/aeronoticias.com.pe\/noticiero\/wp-json\/wp\/v2\/users\/1"}],"replies":[{"embeddable":true,"href":"https:\/\/aeronoticias.com.pe\/noticiero\/wp-json\/wp\/v2\/comments?post=53317"}],"version-history":[{"count":0,"href":"https:\/\/aeronoticias.com.pe\/noticiero\/wp-json\/wp\/v2\/posts\/53317\/revisions"}],"wp:attachment":[{"href":"https:\/\/aeronoticias.com.pe\/noticiero\/wp-json\/wp\/v2\/media?parent=53317"}],"wp:term":[{"taxonomy":"category","embeddable":true,"href":"https:\/\/aeronoticias.com.pe\/noticiero\/wp-json\/wp\/v2\/categories?post=53317"},{"taxonomy":"post_tag","embeddable":true,"href":"https:\/\/aeronoticias.com.pe\/noticiero\/wp-json\/wp\/v2\/tags?post=53317"}],"curies":[{"name":"wp","href":"https:\/\/api.w.org\/{rel}","templated":true}]}}