{"id":53318,"date":"2015-08-09T18:45:43","date_gmt":"2015-08-09T18:45:43","guid":{"rendered":"http:\/\/desarrollo.mcvicious.com\/aero2020\/2015\/08\/09\/promsex-intenta-ocultar-vinculo-con-planned-parenthood\/"},"modified":"2015-08-09T18:45:43","modified_gmt":"2015-08-09T18:45:43","slug":"promsex-intenta-ocultar-vinculo-con-planned-parenthood","status":"publish","type":"post","link":"https:\/\/aeronoticias.com.pe\/noticiero\/nacionales\/promsex-intenta-ocultar-vinculo-con-planned-parenthood\/","title":{"rendered":"Promsex intenta ocultar v\u00ednculo con Planned Parenthood"},"content":{"rendered":"<p style=\"text-align: justify;\"><strong>(Aeronoticias)<\/strong>.-\u00a0El Centro de Promoci\u00f3n y Defensa de los Derechos Sexuales y Reproductivos (PROMSEX) de Per\u00fa amenaz\u00f3 con denunciar a ACI Prensa y al l\u00edder pro-vida Carlos Polo en un intento por silenciar la cobertura period\u00edstica sobre su relaci\u00f3n con Planned Parenthood Federation of America (PPFA) \u2013entidad acusada de traficar \u00f3rganos de beb\u00e9s abortados\u2013 y con su matriz, la International Planned Parenthood Federation (IPPF).<\/p>\n<p style=\"text-align: justify;\">PROMSEX, promotora del aborto en Per\u00fa que ha participado en la campa\u00f1a D\u00e9jala Decidir \u2013que pretend\u00eda despenalizar el aborto por violaci\u00f3n en Per\u00fa\u2013, dirigi\u00f3 recientemente una carta a ACI Prensa exigiendo que se rectifique del art\u00edculo titulado \u201cPlanned Parenthood invirti\u00f3 3 millones de d\u00f3lares para promover aborto en Per\u00fa\u201d y que se retracte de \u201cla informaci\u00f3n vertida en el mismo (sitio web) por no ser en absoluto ciertas\u201d.<\/p>\n<p style=\"text-align: justify;\">Sin embargo, en la Agencia Peruana de Cooperaci\u00f3n Internacional (APCI) constan los documentos que consignan que PROMSEX ha recibido m\u00e1s de 700 mil d\u00f3lares en los \u00faltimos dos a\u00f1os de Planned Parenthood Federation of America y de la International Planned Parenthood Federation. INPPARES y Cat\u00f3licas por el Derecho a Decidir se repartieron el resto de los 3 millones de d\u00f3lares, provenientes de estas dos organizaciones internacionales promotoras del aborto.<\/p>\n<p style=\"text-align: justify;\">Uno de los proyectos, por los cuales IPPF otorg\u00f3 m\u00e1s de 160 mil d\u00f3lares a PROMSEX, tiene como objetivo general \u201cfortalecer el debate p\u00fablico para reducir el estigma sobre el aborto\u201d, y consigna como indicador \u201cincrementar la opini\u00f3n favorable entre los congresistas\u201d peruanos.<\/p>\n<p style=\"text-align: justify;\">En la carta de PROMSEX, su directora, Susana Ch\u00e1vez, acus\u00f3 a ACI Prensa de difamaci\u00f3n por citar declaraciones de Carlos Polo, director de la Oficina para Am\u00e9rica Latina Population Research Institute, sobre el actuar del lobby del aborto en Per\u00fa.<\/p>\n<p style=\"text-align: justify;\">Polo se\u00f1al\u00f3 en esa ocasi\u00f3n que \u201clos voceros del aborto como INPPARES, PROMSEX y las llamadas Cat\u00f3licas por el Derecho a Decidir son empleados a sueldo que corrompen autoridades locales para disfrutar de estos cuantiosos fondos\u201d.<\/p>\n<p style=\"text-align: justify;\">\u201cConociendo la existencia de este dinero es m\u00e1s f\u00e1cil entender por qu\u00e9 algunos congresistas o pol\u00edticos defienden una causa tan impopular como el aborto\u201d, dijo.<\/p>\n<p style=\"text-align: justify;\">En respuesta a la misiva de PROMSEX, Carlos Polo remiti\u00f3 una carta a ACI Prensa aclarando que \u201cen modo alguno ha sido mi intenci\u00f3n imputar il\u00edcito alguno\u201d a PROMSEX.<\/p>\n<p style=\"text-align: justify;\">Polo explic\u00f3 que cuando en sus declaraciones se refiere a corrupci\u00f3n \u201cesta se encuentra orientada a enfatizar un criterio de tipo moral, considerando que el Portal en el cual van a ser reproducidas las mismas es un portal que promueve los valores de la Iglesia Cat\u00f3lica y el p\u00fablico al cual est\u00e1 dirigido son en su mayor\u00eda personas que comparten dichos criterios y valores, los mismos que profeso desde mi perspectiva personal y como miembro de la Iglesia Cat\u00f3lica\u201d.<\/p>\n<p style=\"text-align: justify;\">\u201cDesde el punto de vista de la moral cat\u00f3lica, el aborto es un acto que consiste matar a un ni\u00f1o concebido, por lo tanto es un moralmente malo y fruto de una corrupci\u00f3n espiritual, tal como lo ense\u00f1a el Magisterio de la Iglesia Cat\u00f3lica y lo han reiterado p\u00fablicamente los \u00faltimos Papas. En ese contexto, las organizaciones que se dedican a promover estas pr\u00e1cticas abortivas est\u00e1n contribuyendo a corromper la moral de todos aquellos a quienes se dirigen\u201d, indic\u00f3.<\/p>\n<p style=\"text-align: justify;\">El l\u00edder pro-vida agreg\u00f3 que sus declaraciones \u201chabr\u00edan sido err\u00f3neamente consideradas como una referencia de mi parte al delito de corrupci\u00f3n de funcionarios\u201d.<\/p>\n<p style=\"text-align: justify;\">\u201cEsto \u00faltimo escapa completamente a mi intenci\u00f3n, dado que no me corresponde afirmar si en este caso hubo un delito o no. Yo no he querido ni estoy acusando a nadie de cometer un delito. Tampoco me consta lo contrario. En todo caso se trata de una cuesti\u00f3n que corresponder\u00eda evaluar a las autoridades competentes\u201d, se\u00f1al\u00f3.<\/p>\n<p style=\"text-align: justify;\">El director de la Oficina para Am\u00e9rica Latina Population Research Institute precis\u00f3 que \u201cmis declaraciones han sido efectuadas en el marco del ordenamiento jur\u00eddico peruano que reconoce el derecho a la libertad de expresi\u00f3n, a la libertad religiosa y en defensa del derecho a la vida del concebido\u201d.<\/p>\n<p style=\"text-align: justify;\">Polo se\u00f1al\u00f3 adem\u00e1s que \u201cefectuar\u00e9 la respectiva comunicaci\u00f3n aclaratoria a los representantes del Centro de Promoci\u00f3n y Defensa de los Derechos Sexuales y Reproductivos \u2013 PROMSEX\u201d.<\/p>\n<p style=\"text-align: justify;\">Para leer la carta completa remitida por Carlos Polo a ACI Prensa puede ingresar a: <span style=\"text-decoration: underline;\"><a href=\"https:\/\/www.aciprensa.com\/Docum\/CarlosPoloAciPrensa.pdf\" target=\"_blank\" rel=\"noopener noreferrer\"><strong>https:\/\/www.aciprensa.com\/Docum\/CarlosPoloAciPrensa.pdf<\/strong><\/a><\/span><\/p>\n<p style=\"text-align: justify;\"><strong>Piden Investigar a ONGs vinculadas a Planned Parenthood en Per\u00fa<\/strong><\/p>\n<p style=\"text-align: justify;\">La congresista peruana Lourdes Alcorta, expresidenta de la Comisi\u00f3n de Relaciones Exteriores, se\u00f1al\u00f3 el 6 de agosto que el Congreso debe investigar a las ONGs que han recibido dinero de Planned Parenthood para promover el aborto en Per\u00fa.<\/p>\n<p style=\"text-align: justify;\">En declaraciones al diario Expreso, Alcorta lament\u00f3 \u201cque el Estado peruano permita este tipo de situaciones, de empresas u ONG que trafican y lucran con la promoci\u00f3n del aborto, y eso obedece a que el Gobierno actual se ha mostrado incapaz de controlar este tipo de iniciativas\u201d.<\/p>\n<p style=\"text-align: justify;\">Para la parlamentaria es importante investigar, a trav\u00e9s de una comisi\u00f3n en el Congreso, qui\u00e9nes han resultado beneficiados con el dinero que Planned Parenthood invirti\u00f3 en ONGs peruanas que promueven la legalizaci\u00f3n del aborto, considerado un delito por la legislaci\u00f3n vigente.<\/p>\n<p style=\"text-align: justify;\">Durante su gesti\u00f3n como presidenta de la Comisi\u00f3n de Relaciones Exteriores, record\u00f3 Alcorta, obtuvo informaci\u00f3n de ONGs que contaban con importantes sumas de dinero para la promoci\u00f3n del aborto. Sin embargo, destac\u00f3, a\u00fan no se conoc\u00eda del accionar de Planned Parenthood en Per\u00fa.<\/p>\n<p style=\"text-align: justify;\">\u201cNo se puede permanecer indiferente ante una iniciativa que promueve el asesinato, el crimen de personas inocentes. El Congreso puede investigar pero el Poder Judicial debe advertir si hay comisi\u00f3n de delito\u201d, dijo.<\/p>\n<p style=\"text-align: justify;\">Fuente: <strong><em><span style=\"text-decoration: underline;\">AciPrensa<\/span><\/em><\/strong>.<\/p>\n<p style=\"text-align: justify;\"><img decoding=\"async\" src=\"https:\/\/www.aciprensa.com\/imagespp\/size680\/Promsex_ArchivoACIPrensa_070815.jpg\" border=\"0\" alt=\"Contraportada de folleto \" \/><\/p>\n","protected":false},"excerpt":{"rendered":"<p>(Aeronoticias).-\u00a0El Centro de Promoci\u00f3n y Defensa de los Derechos Sexuales y Reproductivos (PROMSEX) de Per\u00fa amenaz\u00f3 con denunciar a ACI Prensa y al l\u00edder pro-vida Carlos Polo en un intento por silenciar la cobertura period\u00edstica sobre su relaci\u00f3n con Planned Parenthood Federation of America (PPFA) \u2013entidad acusada de traficar \u00f3rganos de beb\u00e9s abortados\u2013 y con [&hellip;]<\/p>\n","protected":false},"author":1,"featured_media":0,"comment_status":"open","ping_status":"open","sticky":false,"template":"","format":"standard","meta":{"tdm_status":"","tdm_grid_status":"","footnotes":""},"categories":[38],"tags":[],"class_list":{"0":"post-53318","1":"post","2":"type-post","3":"status-publish","4":"format-standard","6":"category-nacionales"},"yoast_head":"<!-- This site is optimized with the Yoast SEO plugin v25.1 - https:\/\/yoast.com\/wordpress\/plugins\/seo\/ -->\n<title>Promsex intenta ocultar v\u00ednculo con Planned Parenthood<\/title>\n<meta name=\"description\" content=\"Portal de noticias del Per\u00fa sobre el transporte a\u00e9reo, aviaci\u00f3n, turismo, hoteleria, actualidad.\" \/>\n<meta name=\"robots\" content=\"index, follow, max-snippet:-1, max-image-preview:large, max-video-preview:-1\" \/>\n<link rel=\"canonical\" href=\"https:\/\/aeronoticias.com.pe\/noticiero\/nacionales\/promsex-intenta-ocultar-vinculo-con-planned-parenthood\/\" \/>\n<meta property=\"og:locale\" content=\"es_ES\" \/>\n<meta property=\"og:type\" content=\"article\" \/>\n<meta property=\"og:title\" content=\"Promsex intenta ocultar v\u00ednculo con Planned Parenthood\" \/>\n<meta property=\"og:description\" content=\"Portal de noticias del Per\u00fa sobre el transporte a\u00e9reo, aviaci\u00f3n, turismo, hoteleria, actualidad.\" \/>\n<meta property=\"og:url\" content=\"https:\/\/aeronoticias.com.pe\/noticiero\/nacionales\/promsex-intenta-ocultar-vinculo-con-planned-parenthood\/\" \/>\n<meta property=\"og:site_name\" content=\"Aeronoticias.com.pe\" \/>\n<meta property=\"article:publisher\" content=\"https:\/\/www.facebook.com\/Aeronoticias.com.pe\/\" \/>\n<meta property=\"article:published_time\" content=\"2015-08-09T18:45:43+00:00\" \/>\n<meta property=\"og:image\" content=\"https:\/\/www.aciprensa.com\/imagespp\/size680\/Promsex_ArchivoACIPrensa_070815.jpg\" \/>\n<meta name=\"author\" content=\"Redacci\u00f3n Aeronoticias\" \/>\n<meta name=\"twitter:card\" content=\"summary_large_image\" \/>\n<meta name=\"twitter:creator\" content=\"@aeronoticias\" \/>\n<meta name=\"twitter:site\" content=\"@aeronoticias\" \/>\n<meta name=\"twitter:label1\" content=\"Escrito por\" \/>\n\t<meta name=\"twitter:data1\" content=\"Redacci\u00f3n Aeronoticias\" \/>\n\t<meta name=\"twitter:label2\" content=\"Tiempo de lectura\" \/>\n\t<meta name=\"twitter:data2\" content=\"5 minutos\" \/>\n<script type=\"application\/ld+json\" class=\"yoast-schema-graph\">{\"@context\":\"https:\/\/schema.org\",\"@graph\":[{\"@type\":\"WebPage\",\"@id\":\"https:\/\/aeronoticias.com.pe\/noticiero\/nacionales\/promsex-intenta-ocultar-vinculo-con-planned-parenthood\/\",\"url\":\"https:\/\/aeronoticias.com.pe\/noticiero\/nacionales\/promsex-intenta-ocultar-vinculo-con-planned-parenthood\/\",\"name\":\"Promsex intenta ocultar v\u00ednculo con Planned Parenthood\",\"isPartOf\":{\"@id\":\"https:\/\/aeronoticias.com.pe\/noticiero\/#website\"},\"primaryImageOfPage\":{\"@id\":\"https:\/\/aeronoticias.com.pe\/noticiero\/nacionales\/promsex-intenta-ocultar-vinculo-con-planned-parenthood\/#primaryimage\"},\"image\":{\"@id\":\"https:\/\/aeronoticias.com.pe\/noticiero\/nacionales\/promsex-intenta-ocultar-vinculo-con-planned-parenthood\/#primaryimage\"},\"thumbnailUrl\":\"https:\/\/www.aciprensa.com\/imagespp\/size680\/Promsex_ArchivoACIPrensa_070815.jpg\",\"datePublished\":\"2015-08-09T18:45:43+00:00\",\"author\":{\"@id\":\"https:\/\/aeronoticias.com.pe\/noticiero\/#\/schema\/person\/fc1e5d578f4b62ba1cf7ac2bba1170a0\"},\"description\":\"Portal de noticias del Per\u00fa sobre el transporte a\u00e9reo, aviaci\u00f3n, turismo, hoteleria, actualidad.\",\"breadcrumb\":{\"@id\":\"https:\/\/aeronoticias.com.pe\/noticiero\/nacionales\/promsex-intenta-ocultar-vinculo-con-planned-parenthood\/#breadcrumb\"},\"inLanguage\":\"es\",\"potentialAction\":[{\"@type\":\"ReadAction\",\"target\":[\"https:\/\/aeronoticias.com.pe\/noticiero\/nacionales\/promsex-intenta-ocultar-vinculo-con-planned-parenthood\/\"]}]},{\"@type\":\"ImageObject\",\"inLanguage\":\"es\",\"@id\":\"https:\/\/aeronoticias.com.pe\/noticiero\/nacionales\/promsex-intenta-ocultar-vinculo-con-planned-parenthood\/#primaryimage\",\"url\":\"https:\/\/www.aciprensa.com\/imagespp\/size680\/Promsex_ArchivoACIPrensa_070815.jpg\",\"contentUrl\":\"https:\/\/www.aciprensa.com\/imagespp\/size680\/Promsex_ArchivoACIPrensa_070815.jpg\"},{\"@type\":\"BreadcrumbList\",\"@id\":\"https:\/\/aeronoticias.com.pe\/noticiero\/nacionales\/promsex-intenta-ocultar-vinculo-con-planned-parenthood\/#breadcrumb\",\"itemListElement\":[{\"@type\":\"ListItem\",\"position\":1,\"name\":\"Portada\",\"item\":\"https:\/\/aeronoticias.com.pe\/noticiero\/\"},{\"@type\":\"ListItem\",\"position\":2,\"name\":\"Promsex intenta ocultar v\u00ednculo con Planned Parenthood\"}]},{\"@type\":\"WebSite\",\"@id\":\"https:\/\/aeronoticias.com.pe\/noticiero\/#website\",\"url\":\"https:\/\/aeronoticias.com.pe\/noticiero\/\",\"name\":\"Aeronoticias.com.pe\",\"description\":\"Noticias de tranporte aereo, turismo, hoteles, gastronomia, actualidad, internacional\",\"potentialAction\":[{\"@type\":\"SearchAction\",\"target\":{\"@type\":\"EntryPoint\",\"urlTemplate\":\"https:\/\/aeronoticias.com.pe\/noticiero\/?s={search_term_string}\"},\"query-input\":{\"@type\":\"PropertyValueSpecification\",\"valueRequired\":true,\"valueName\":\"search_term_string\"}}],\"inLanguage\":\"es\"},{\"@type\":\"Person\",\"@id\":\"https:\/\/aeronoticias.com.pe\/noticiero\/#\/schema\/person\/fc1e5d578f4b62ba1cf7ac2bba1170a0\",\"name\":\"Redacci\u00f3n Aeronoticias\",\"url\":\"https:\/\/aeronoticias.com.pe\/noticiero\/author\/piloto\/\"}]}<\/script>\n<!-- \/ Yoast SEO plugin. -->","yoast_head_json":{"title":"Promsex intenta ocultar v\u00ednculo con Planned Parenthood","description":"Portal de noticias del Per\u00fa sobre el transporte a\u00e9reo, aviaci\u00f3n, turismo, hoteleria, actualidad.","robots":{"index":"index","follow":"follow","max-snippet":"max-snippet:-1","max-image-preview":"max-image-preview:large","max-video-preview":"max-video-preview:-1"},"canonical":"https:\/\/aeronoticias.com.pe\/noticiero\/nacionales\/promsex-intenta-ocultar-vinculo-con-planned-parenthood\/","og_locale":"es_ES","og_type":"article","og_title":"Promsex intenta ocultar v\u00ednculo con Planned Parenthood","og_description":"Portal de noticias del Per\u00fa sobre el transporte a\u00e9reo, aviaci\u00f3n, turismo, hoteleria, actualidad.","og_url":"https:\/\/aeronoticias.com.pe\/noticiero\/nacionales\/promsex-intenta-ocultar-vinculo-con-planned-parenthood\/","og_site_name":"Aeronoticias.com.pe","article_publisher":"https:\/\/www.facebook.com\/Aeronoticias.com.pe\/","article_published_time":"2015-08-09T18:45:43+00:00","og_image":[{"url":"https:\/\/www.aciprensa.com\/imagespp\/size680\/Promsex_ArchivoACIPrensa_070815.jpg","type":"","width":"","height":""}],"author":"Redacci\u00f3n Aeronoticias","twitter_card":"summary_large_image","twitter_creator":"@aeronoticias","twitter_site":"@aeronoticias","twitter_misc":{"Escrito por":"Redacci\u00f3n Aeronoticias","Tiempo de lectura":"5 minutos"},"schema":{"@context":"https:\/\/schema.org","@graph":[{"@type":"WebPage","@id":"https:\/\/aeronoticias.com.pe\/noticiero\/nacionales\/promsex-intenta-ocultar-vinculo-con-planned-parenthood\/","url":"https:\/\/aeronoticias.com.pe\/noticiero\/nacionales\/promsex-intenta-ocultar-vinculo-con-planned-parenthood\/","name":"Promsex intenta ocultar v\u00ednculo con Planned Parenthood","isPartOf":{"@id":"https:\/\/aeronoticias.com.pe\/noticiero\/#website"},"primaryImageOfPage":{"@id":"https:\/\/aeronoticias.com.pe\/noticiero\/nacionales\/promsex-intenta-ocultar-vinculo-con-planned-parenthood\/#primaryimage"},"image":{"@id":"https:\/\/aeronoticias.com.pe\/noticiero\/nacionales\/promsex-intenta-ocultar-vinculo-con-planned-parenthood\/#primaryimage"},"thumbnailUrl":"https:\/\/www.aciprensa.com\/imagespp\/size680\/Promsex_ArchivoACIPrensa_070815.jpg","datePublished":"2015-08-09T18:45:43+00:00","author":{"@id":"https:\/\/aeronoticias.com.pe\/noticiero\/#\/schema\/person\/fc1e5d578f4b62ba1cf7ac2bba1170a0"},"description":"Portal de noticias del Per\u00fa sobre el transporte a\u00e9reo, aviaci\u00f3n, turismo, hoteleria, actualidad.","breadcrumb":{"@id":"https:\/\/aeronoticias.com.pe\/noticiero\/nacionales\/promsex-intenta-ocultar-vinculo-con-planned-parenthood\/#breadcrumb"},"inLanguage":"es","potentialAction":[{"@type":"ReadAction","target":["https:\/\/aeronoticias.com.pe\/noticiero\/nacionales\/promsex-intenta-ocultar-vinculo-con-planned-parenthood\/"]}]},{"@type":"ImageObject","inLanguage":"es","@id":"https:\/\/aeronoticias.com.pe\/noticiero\/nacionales\/promsex-intenta-ocultar-vinculo-con-planned-parenthood\/#primaryimage","url":"https:\/\/www.aciprensa.com\/imagespp\/size680\/Promsex_ArchivoACIPrensa_070815.jpg","contentUrl":"https:\/\/www.aciprensa.com\/imagespp\/size680\/Promsex_ArchivoACIPrensa_070815.jpg"},{"@type":"BreadcrumbList","@id":"https:\/\/aeronoticias.com.pe\/noticiero\/nacionales\/promsex-intenta-ocultar-vinculo-con-planned-parenthood\/#breadcrumb","itemListElement":[{"@type":"ListItem","position":1,"name":"Portada","item":"https:\/\/aeronoticias.com.pe\/noticiero\/"},{"@type":"ListItem","position":2,"name":"Promsex intenta ocultar v\u00ednculo con Planned Parenthood"}]},{"@type":"WebSite","@id":"https:\/\/aeronoticias.com.pe\/noticiero\/#website","url":"https:\/\/aeronoticias.com.pe\/noticiero\/","name":"Aeronoticias.com.pe","description":"Noticias de tranporte aereo, turismo, hoteles, gastronomia, actualidad, internacional","potentialAction":[{"@type":"SearchAction","target":{"@type":"EntryPoint","urlTemplate":"https:\/\/aeronoticias.com.pe\/noticiero\/?s={search_term_string}"},"query-input":{"@type":"PropertyValueSpecification","valueRequired":true,"valueName":"search_term_string"}}],"inLanguage":"es"},{"@type":"Person","@id":"https:\/\/aeronoticias.com.pe\/noticiero\/#\/schema\/person\/fc1e5d578f4b62ba1cf7ac2bba1170a0","name":"Redacci\u00f3n Aeronoticias","url":"https:\/\/aeronoticias.com.pe\/noticiero\/author\/piloto\/"}]}},"_links":{"self":[{"href":"https:\/\/aeronoticias.com.pe\/noticiero\/wp-json\/wp\/v2\/posts\/53318","targetHints":{"allow":["GET"]}}],"collection":[{"href":"https:\/\/aeronoticias.com.pe\/noticiero\/wp-json\/wp\/v2\/posts"}],"about":[{"href":"https:\/\/aeronoticias.com.pe\/noticiero\/wp-json\/wp\/v2\/types\/post"}],"author":[{"embeddable":true,"href":"https:\/\/aeronoticias.com.pe\/noticiero\/wp-json\/wp\/v2\/users\/1"}],"replies":[{"embeddable":true,"href":"https:\/\/aeronoticias.com.pe\/noticiero\/wp-json\/wp\/v2\/comments?post=53318"}],"version-history":[{"count":0,"href":"https:\/\/aeronoticias.com.pe\/noticiero\/wp-json\/wp\/v2\/posts\/53318\/revisions"}],"wp:attachment":[{"href":"https:\/\/aeronoticias.com.pe\/noticiero\/wp-json\/wp\/v2\/media?parent=53318"}],"wp:term":[{"taxonomy":"category","embeddable":true,"href":"https:\/\/aeronoticias.com.pe\/noticiero\/wp-json\/wp\/v2\/categories?post=53318"},{"taxonomy":"post_tag","embeddable":true,"href":"https:\/\/aeronoticias.com.pe\/noticiero\/wp-json\/wp\/v2\/tags?post=53318"}],"curies":[{"name":"wp","href":"https:\/\/api.w.org\/{rel}","templated":true}]}}