{"id":53321,"date":"2015-08-10T14:45:09","date_gmt":"2015-08-10T14:45:09","guid":{"rendered":"http:\/\/desarrollo.mcvicious.com\/aero2020\/2015\/08\/10\/entrevista-al-consul-general-del-peru-en-bs-as-embajador-marco-nunez-melgar\/"},"modified":"2020-09-11T15:22:34","modified_gmt":"2020-09-11T15:22:34","slug":"entrevista-al-consul-general-del-peru-en-bs-as-embajador-marco-nunez-melgar","status":"publish","type":"post","link":"https:\/\/aeronoticias.com.pe\/noticiero\/diplomatica\/entrevista-al-consul-general-del-peru-en-bs-as-embajador-marco-nunez-melgar\/","title":{"rendered":"Entrevista al C\u00f3nsul General del Per\u00fa en Bs As Embajador Marco Nu\u00f1ez Melgar"},"content":{"rendered":"<p style=\"text-align: justify;\"><strong>(Aeronoticias) <\/strong><span style=\"font-size: 12.1599998474121px; line-height: 15.8080005645752px;\">Juan Cruz Casti\u00f1eiras, nuestro corresponsal en Argentina, entrevist\u00f3 al <\/span><span style=\"font-size: 12.1599998474121px; line-height: 1.3em;\">C\u00f3nsul General del Per\u00fa en Bs As Embajador Marco Nu\u00f1ez Melgar.<\/span><\/p>\n<p style=\"text-align: justify;\">Hace poco se inaugur\u00f3 el local del Consulado General del Per\u00fa que est\u00e1 muy bien ubicado y es propio (no alquilado) . \u00bfqu\u00e9 nos puede decir de este nuevo local?<\/p>\n<p style=\"text-align: justify;\"><span style=\"font-size: 12.1599998474121px; line-height: 1.3em;\">Tengo el orgullo de manifestar que el Estado peruano ha adquirido \u00e9ste local que nos cost\u00f3 un tiempo de b\u00fasquedas y gestiones, lo compramos a un muy buen precio por lo que vale en realidad, est\u00e1 ubicado en una de las mejores zonas que existe en Buenos Aires en el sentido funcional, no en el sentido de la zona es residencial. Est\u00e1 situado a dos cuadras de la Plaza de Mayo, la plaza principal, a dos cuadras de la Catedral, rodeado de casi todos los bancos, una zona muy c\u00e9ntrica y de f\u00e1cil acceso con transporte p\u00fablico. Es un local de 2.100 metros cuadrados, tiene diversas \u00e1reas que hemos implementado de manera \u201csui generis\u201d, tiene un s\u00f3tano donde hay un sistema de atenci\u00f3n con sala de espera, sala de entrega de documentos y una parte que es una especie de albergue para ni\u00f1os que vienen acompa\u00f1ando a los peruanos que hacen tr\u00e1mites, un primer piso con todas las \u00e1reas de atenci\u00f3n al p\u00fablico, es un ambiente tipo banco, muy bien puesto, muy bien instalado, en el segundo piso tenemos un auditorio para casi 200 personas, una sala de recepciones, lo que ser\u00e1 una biblioteca con libros peruanos, las oficinas internas. En realidad es un local que mucha gente dice de lujo.<\/span><\/p>\n<p style=\"text-align: justify;\"><span style=\"font-size: 12.1599998474121px; line-height: 1.3em;\">Una de las cosas que m\u00e1s llama la atenci\u00f3n y lo m\u00e1s importante para la colonia peruana es la agilizaci\u00f3n en los tr\u00e1mites. \u00bfc\u00f3mo est\u00e1n trabajando para el pr\u00f3ximo a\u00f1o, sobre todo, que es un a\u00f1o electoral con el tema de los cambios de domicilios?<\/span><\/p>\n<p style=\"text-align: justify;\"><span style=\"font-size: 12.1599998474121px; line-height: 1.3em;\">Hemos sacado comunicados informando de las pr\u00f3ximas elecciones, se va a hacer el cierre del padr\u00f3n electoral meses antes de las elecciones si no est\u00e1n domiciliados en Argentina tendr\u00e1n que hacer cambio de domicilio para poder votar en las elecciones. Buenos Aires tiene la colectividad peruana m\u00e1s grande del mundo en t\u00e9rminos de ciudad, 350.000 peruanos, en t\u00e9rminos de pa\u00eds EEUU es el pa\u00eds que concentra la mayor comunidad peruana en el exterior, eso hace que nosotros redoblemos esfuerzos para el evento de las elecciones generales en nuestro pa\u00eds en abril de 2016.<\/span><\/p>\n<p style=\"text-align: justify;\"><span style=\"font-size: 12.1599998474121px; line-height: 1.3em;\">Un tema interesante es su reelecci\u00f3n como Miembro del Comit\u00e9 de Expertos de la Convenci\u00f3n Internacional de Naciones Unidas para los trabajadores migratorios y sus familiares. En este caso, \u00bfqu\u00e9 nos puede decir de este comit\u00e9 que integra?<\/span><\/p>\n<p style=\"text-align: justify;\"><span style=\"font-size: 12.1599998474121px; line-height: 1.3em;\">Es un comit\u00e9 que est\u00e1 compuesto por 14 expertos de todo el mundo, es un honor que haya salido reelegido, es importante porque los pa\u00edses firmantes de la convenci\u00f3n tienen que adecuar sus pol\u00edticas a lo que est\u00e1 establecido en la Convenci\u00f3n que es, b\u00e1sicamente, tener una legislaci\u00f3n acorde a todo lo que son los est\u00e1ndares laborales de \u00faltima generaci\u00f3n y, tambi\u00e9n, todo lo relacionado a los derechos humanos de los migrantes, este comit\u00e9 es una suerte de expertos que se re\u00fanen para observar y analizar si se est\u00e1n cumpliendo en todos los pa\u00edses la legislaci\u00f3n migratoria.<\/span><\/p>\n<p style=\"text-align: justify;\"><span style=\"font-size: 12.1599998474121px; line-height: 1.3em;\">Usted es el \u00fanico peruano y uno de los pocos latinoamericanos en este comit\u00e9 tenemos entendido\u2026<\/span><\/p>\n<p style=\"text-align: justify;\"><span style=\"font-size: 12.1599998474121px; line-height: 1.3em;\">Somos 4 latinoamericanos de los 14, es un honor que Per\u00fa pueda estar representado, este es un tema muy sensible e importante para la agenda de pol\u00edtica exterior de nuestro pa\u00eds porque tenemos 3 millones de migrantes en el exterior, casi un 10% de nuestra poblaci\u00f3n. Ah\u00ed est\u00e1 la preocupaci\u00f3n permanente de todo lo que es el tema consular para mejorar la situaci\u00f3n de nuestros connacionales y, aparte de esto, estar en Naciones Unidas en un \u00f3rgano de esta envergadura para supervisar el trabajo migratorio en general de todos los pa\u00edses nos hace a nosotros ser actores importantes en el dise\u00f1o de la pol\u00edtica internacional sobre el tema migratorio.<\/span><\/p>\n<p style=\"text-align: justify;\"><span style=\"font-size: 12.1599998474121px; line-height: 1.3em;\">\u00bfC\u00f3mo es la situaci\u00f3n en l\u00edneas generales del migrante peruano y m\u00e1s precisamente del migrante radicado en Buenos Aires?<\/span><\/p>\n<p style=\"text-align: justify;\"><span style=\"font-size: 12.1599998474121px; line-height: 1.3em;\">Siempre lo he manifestado, Argentina tiene una legislaci\u00f3n muy inclusiva, muy buenas normas legales que apoyan la inserci\u00f3n del migrante en sus diversas etapas. Nosotros en el Consulado hemos tomado iniciativas para acercar m\u00e1s a la comunidad y establecer redes de apoyo a instituciones de la colectividad.<\/span><\/p>\n<p style=\"text-align: justify;\"><span style=\"font-size: 12.1599998474121px; line-height: 1.3em;\"><img decoding=\"async\" src=\"images\/stories\/15\/08\/100815\/consulperubsai.jpg\" border=\"0\" \/><br \/><\/span><\/p>\n<p style=\"text-align: justify;\"><span style=\"font-size: 12.1599998474121px; line-height: 1.3em;\"><br \/><\/span><\/p>\n","protected":false},"excerpt":{"rendered":"<p>(Aeronoticias) Juan Cruz Casti\u00f1eiras, nuestro corresponsal en Argentina, entrevist\u00f3 al C\u00f3nsul General del Per\u00fa en Bs As Embajador Marco Nu\u00f1ez Melgar. Hace poco se inaugur\u00f3 el local del Consulado General del Per\u00fa que est\u00e1 muy bien ubicado y es propio (no alquilado) . \u00bfqu\u00e9 nos puede decir de este nuevo local? Tengo el orgullo de [&hellip;]<\/p>\n","protected":false},"author":1,"featured_media":0,"comment_status":"open","ping_status":"open","sticky":false,"template":"","format":"standard","meta":{"tdm_status":"","tdm_grid_status":"","footnotes":""},"categories":[25],"tags":[],"class_list":{"0":"post-53321","1":"post","2":"type-post","3":"status-publish","4":"format-standard","6":"category-diplomatica"},"yoast_head":"<!-- This site is optimized with the Yoast SEO plugin v25.1 - https:\/\/yoast.com\/wordpress\/plugins\/seo\/ -->\n<title>Entrevista al C\u00f3nsul General del Per\u00fa en Bs As Embajador Marco Nu\u00f1ez Melgar<\/title>\n<meta name=\"description\" content=\"Portal de noticias del Per\u00fa sobre el transporte a\u00e9reo, aviaci\u00f3n, turismo, hoteleria, actualidad.\" \/>\n<meta name=\"robots\" content=\"index, follow, max-snippet:-1, max-image-preview:large, max-video-preview:-1\" \/>\n<link rel=\"canonical\" href=\"https:\/\/aeronoticias.com.pe\/noticiero\/diplomatica\/entrevista-al-consul-general-del-peru-en-bs-as-embajador-marco-nunez-melgar\/\" \/>\n<meta property=\"og:locale\" content=\"es_ES\" \/>\n<meta property=\"og:type\" content=\"article\" \/>\n<meta property=\"og:title\" content=\"Entrevista al C\u00f3nsul General del Per\u00fa en Bs As Embajador Marco Nu\u00f1ez Melgar\" \/>\n<meta property=\"og:description\" content=\"Portal de noticias del Per\u00fa sobre el transporte a\u00e9reo, aviaci\u00f3n, turismo, hoteleria, actualidad.\" \/>\n<meta property=\"og:url\" content=\"https:\/\/aeronoticias.com.pe\/noticiero\/diplomatica\/entrevista-al-consul-general-del-peru-en-bs-as-embajador-marco-nunez-melgar\/\" \/>\n<meta property=\"og:site_name\" content=\"Aeronoticias.com.pe\" \/>\n<meta property=\"article:publisher\" content=\"https:\/\/www.facebook.com\/Aeronoticias.com.pe\/\" \/>\n<meta property=\"article:published_time\" content=\"2015-08-10T14:45:09+00:00\" \/>\n<meta property=\"article:modified_time\" content=\"2020-09-11T15:22:34+00:00\" \/>\n<meta name=\"author\" content=\"Redacci\u00f3n Aeronoticias\" \/>\n<meta name=\"twitter:card\" content=\"summary_large_image\" \/>\n<meta name=\"twitter:creator\" content=\"@aeronoticias\" \/>\n<meta name=\"twitter:site\" content=\"@aeronoticias\" \/>\n<meta name=\"twitter:label1\" content=\"Escrito por\" \/>\n\t<meta name=\"twitter:data1\" content=\"Redacci\u00f3n Aeronoticias\" \/>\n\t<meta name=\"twitter:label2\" content=\"Tiempo de lectura\" \/>\n\t<meta name=\"twitter:data2\" content=\"4 minutos\" \/>\n<script type=\"application\/ld+json\" class=\"yoast-schema-graph\">{\"@context\":\"https:\/\/schema.org\",\"@graph\":[{\"@type\":\"WebPage\",\"@id\":\"https:\/\/aeronoticias.com.pe\/noticiero\/diplomatica\/entrevista-al-consul-general-del-peru-en-bs-as-embajador-marco-nunez-melgar\/\",\"url\":\"https:\/\/aeronoticias.com.pe\/noticiero\/diplomatica\/entrevista-al-consul-general-del-peru-en-bs-as-embajador-marco-nunez-melgar\/\",\"name\":\"Entrevista al C\u00f3nsul General del Per\u00fa en Bs As Embajador Marco Nu\u00f1ez Melgar\",\"isPartOf\":{\"@id\":\"https:\/\/aeronoticias.com.pe\/noticiero\/#website\"},\"datePublished\":\"2015-08-10T14:45:09+00:00\",\"dateModified\":\"2020-09-11T15:22:34+00:00\",\"author\":{\"@id\":\"https:\/\/aeronoticias.com.pe\/noticiero\/#\/schema\/person\/fc1e5d578f4b62ba1cf7ac2bba1170a0\"},\"description\":\"Portal de noticias del Per\u00fa sobre el transporte a\u00e9reo, aviaci\u00f3n, turismo, hoteleria, actualidad.\",\"breadcrumb\":{\"@id\":\"https:\/\/aeronoticias.com.pe\/noticiero\/diplomatica\/entrevista-al-consul-general-del-peru-en-bs-as-embajador-marco-nunez-melgar\/#breadcrumb\"},\"inLanguage\":\"es\",\"potentialAction\":[{\"@type\":\"ReadAction\",\"target\":[\"https:\/\/aeronoticias.com.pe\/noticiero\/diplomatica\/entrevista-al-consul-general-del-peru-en-bs-as-embajador-marco-nunez-melgar\/\"]}]},{\"@type\":\"BreadcrumbList\",\"@id\":\"https:\/\/aeronoticias.com.pe\/noticiero\/diplomatica\/entrevista-al-consul-general-del-peru-en-bs-as-embajador-marco-nunez-melgar\/#breadcrumb\",\"itemListElement\":[{\"@type\":\"ListItem\",\"position\":1,\"name\":\"Portada\",\"item\":\"https:\/\/aeronoticias.com.pe\/noticiero\/\"},{\"@type\":\"ListItem\",\"position\":2,\"name\":\"Entrevista al C\u00f3nsul General del Per\u00fa en Bs As Embajador Marco Nu\u00f1ez Melgar\"}]},{\"@type\":\"WebSite\",\"@id\":\"https:\/\/aeronoticias.com.pe\/noticiero\/#website\",\"url\":\"https:\/\/aeronoticias.com.pe\/noticiero\/\",\"name\":\"Aeronoticias.com.pe\",\"description\":\"Noticias de tranporte aereo, turismo, hoteles, gastronomia, actualidad, internacional\",\"potentialAction\":[{\"@type\":\"SearchAction\",\"target\":{\"@type\":\"EntryPoint\",\"urlTemplate\":\"https:\/\/aeronoticias.com.pe\/noticiero\/?s={search_term_string}\"},\"query-input\":{\"@type\":\"PropertyValueSpecification\",\"valueRequired\":true,\"valueName\":\"search_term_string\"}}],\"inLanguage\":\"es\"},{\"@type\":\"Person\",\"@id\":\"https:\/\/aeronoticias.com.pe\/noticiero\/#\/schema\/person\/fc1e5d578f4b62ba1cf7ac2bba1170a0\",\"name\":\"Redacci\u00f3n Aeronoticias\",\"url\":\"https:\/\/aeronoticias.com.pe\/noticiero\/author\/piloto\/\"}]}<\/script>\n<!-- \/ Yoast SEO plugin. -->","yoast_head_json":{"title":"Entrevista al C\u00f3nsul General del Per\u00fa en Bs As Embajador Marco Nu\u00f1ez Melgar","description":"Portal de noticias del Per\u00fa sobre el transporte a\u00e9reo, aviaci\u00f3n, turismo, hoteleria, actualidad.","robots":{"index":"index","follow":"follow","max-snippet":"max-snippet:-1","max-image-preview":"max-image-preview:large","max-video-preview":"max-video-preview:-1"},"canonical":"https:\/\/aeronoticias.com.pe\/noticiero\/diplomatica\/entrevista-al-consul-general-del-peru-en-bs-as-embajador-marco-nunez-melgar\/","og_locale":"es_ES","og_type":"article","og_title":"Entrevista al C\u00f3nsul General del Per\u00fa en Bs As Embajador Marco Nu\u00f1ez Melgar","og_description":"Portal de noticias del Per\u00fa sobre el transporte a\u00e9reo, aviaci\u00f3n, turismo, hoteleria, actualidad.","og_url":"https:\/\/aeronoticias.com.pe\/noticiero\/diplomatica\/entrevista-al-consul-general-del-peru-en-bs-as-embajador-marco-nunez-melgar\/","og_site_name":"Aeronoticias.com.pe","article_publisher":"https:\/\/www.facebook.com\/Aeronoticias.com.pe\/","article_published_time":"2015-08-10T14:45:09+00:00","article_modified_time":"2020-09-11T15:22:34+00:00","author":"Redacci\u00f3n Aeronoticias","twitter_card":"summary_large_image","twitter_creator":"@aeronoticias","twitter_site":"@aeronoticias","twitter_misc":{"Escrito por":"Redacci\u00f3n Aeronoticias","Tiempo de lectura":"4 minutos"},"schema":{"@context":"https:\/\/schema.org","@graph":[{"@type":"WebPage","@id":"https:\/\/aeronoticias.com.pe\/noticiero\/diplomatica\/entrevista-al-consul-general-del-peru-en-bs-as-embajador-marco-nunez-melgar\/","url":"https:\/\/aeronoticias.com.pe\/noticiero\/diplomatica\/entrevista-al-consul-general-del-peru-en-bs-as-embajador-marco-nunez-melgar\/","name":"Entrevista al C\u00f3nsul General del Per\u00fa en Bs As Embajador Marco Nu\u00f1ez Melgar","isPartOf":{"@id":"https:\/\/aeronoticias.com.pe\/noticiero\/#website"},"datePublished":"2015-08-10T14:45:09+00:00","dateModified":"2020-09-11T15:22:34+00:00","author":{"@id":"https:\/\/aeronoticias.com.pe\/noticiero\/#\/schema\/person\/fc1e5d578f4b62ba1cf7ac2bba1170a0"},"description":"Portal de noticias del Per\u00fa sobre el transporte a\u00e9reo, aviaci\u00f3n, turismo, hoteleria, actualidad.","breadcrumb":{"@id":"https:\/\/aeronoticias.com.pe\/noticiero\/diplomatica\/entrevista-al-consul-general-del-peru-en-bs-as-embajador-marco-nunez-melgar\/#breadcrumb"},"inLanguage":"es","potentialAction":[{"@type":"ReadAction","target":["https:\/\/aeronoticias.com.pe\/noticiero\/diplomatica\/entrevista-al-consul-general-del-peru-en-bs-as-embajador-marco-nunez-melgar\/"]}]},{"@type":"BreadcrumbList","@id":"https:\/\/aeronoticias.com.pe\/noticiero\/diplomatica\/entrevista-al-consul-general-del-peru-en-bs-as-embajador-marco-nunez-melgar\/#breadcrumb","itemListElement":[{"@type":"ListItem","position":1,"name":"Portada","item":"https:\/\/aeronoticias.com.pe\/noticiero\/"},{"@type":"ListItem","position":2,"name":"Entrevista al C\u00f3nsul General del Per\u00fa en Bs As Embajador Marco Nu\u00f1ez Melgar"}]},{"@type":"WebSite","@id":"https:\/\/aeronoticias.com.pe\/noticiero\/#website","url":"https:\/\/aeronoticias.com.pe\/noticiero\/","name":"Aeronoticias.com.pe","description":"Noticias de tranporte aereo, turismo, hoteles, gastronomia, actualidad, internacional","potentialAction":[{"@type":"SearchAction","target":{"@type":"EntryPoint","urlTemplate":"https:\/\/aeronoticias.com.pe\/noticiero\/?s={search_term_string}"},"query-input":{"@type":"PropertyValueSpecification","valueRequired":true,"valueName":"search_term_string"}}],"inLanguage":"es"},{"@type":"Person","@id":"https:\/\/aeronoticias.com.pe\/noticiero\/#\/schema\/person\/fc1e5d578f4b62ba1cf7ac2bba1170a0","name":"Redacci\u00f3n Aeronoticias","url":"https:\/\/aeronoticias.com.pe\/noticiero\/author\/piloto\/"}]}},"_links":{"self":[{"href":"https:\/\/aeronoticias.com.pe\/noticiero\/wp-json\/wp\/v2\/posts\/53321","targetHints":{"allow":["GET"]}}],"collection":[{"href":"https:\/\/aeronoticias.com.pe\/noticiero\/wp-json\/wp\/v2\/posts"}],"about":[{"href":"https:\/\/aeronoticias.com.pe\/noticiero\/wp-json\/wp\/v2\/types\/post"}],"author":[{"embeddable":true,"href":"https:\/\/aeronoticias.com.pe\/noticiero\/wp-json\/wp\/v2\/users\/1"}],"replies":[{"embeddable":true,"href":"https:\/\/aeronoticias.com.pe\/noticiero\/wp-json\/wp\/v2\/comments?post=53321"}],"version-history":[{"count":0,"href":"https:\/\/aeronoticias.com.pe\/noticiero\/wp-json\/wp\/v2\/posts\/53321\/revisions"}],"wp:attachment":[{"href":"https:\/\/aeronoticias.com.pe\/noticiero\/wp-json\/wp\/v2\/media?parent=53321"}],"wp:term":[{"taxonomy":"category","embeddable":true,"href":"https:\/\/aeronoticias.com.pe\/noticiero\/wp-json\/wp\/v2\/categories?post=53321"},{"taxonomy":"post_tag","embeddable":true,"href":"https:\/\/aeronoticias.com.pe\/noticiero\/wp-json\/wp\/v2\/tags?post=53321"}],"curies":[{"name":"wp","href":"https:\/\/api.w.org\/{rel}","templated":true}]}}