{"id":53323,"date":"2015-08-10T18:01:20","date_gmt":"2015-08-10T18:01:20","guid":{"rendered":"http:\/\/desarrollo.mcvicious.com\/aero2020\/2015\/08\/10\/reinicia-busqueda-de-restos-de-vuelo-de-malaysia-airlines-desaparecido\/"},"modified":"2015-08-10T18:01:20","modified_gmt":"2015-08-10T18:01:20","slug":"reinicia-busqueda-de-restos-de-vuelo-de-malaysia-airlines-desaparecido","status":"publish","type":"post","link":"https:\/\/aeronoticias.com.pe\/noticiero\/transporte-aereo\/internacional\/reinicia-busqueda-de-restos-de-vuelo-de-malaysia-airlines-desaparecido\/","title":{"rendered":"Reinicia b\u00fasqueda de restos de vuelo de Malaysia Airlines desaparecido"},"content":{"rendered":"<p style=\"text-align: justify;\"><strong>(Aeronoticias) <\/strong><span style=\"font-size: 12.1599998474121px; line-height: 1.3em;\">Dos equipos de personas y un avi\u00f3n reiniciaron hoy en la isla francesa de La Reunion la b\u00fasqueda de restos del Boeing de Malaysia Airlines desaparecido, hace un a\u00f1o del que el mes pasado apareci\u00f3 un aler\u00f3n en una playa de la isla. Medios locales reportaron que las tareas de b\u00fasqueda comenzaron esta ma\u00f1ana en la costa de la comuna de Saint-Andr\u00e9, al este de la isla, en donde a finales de julio pasado apareci\u00f3 una parte del ala del aparato y restos de maletas.<\/span><\/p>\n<p style=\"text-align: justify;\"><span style=\"font-size: 12.1599998474121px; line-height: 1.3em;\"> Dos equipos de quince personas miembros de asociaciones encargadas de la protecci\u00f3n del medio ambiente y de la limpieza del litoral costero partieron de puntos distintos de la isla en b\u00fasqueda de nuevos fragmentos del avi\u00f3n desaparecido en marzo de 2014. \u201cSi encuentran un objeto raro, sospechoso o interesante los empleados alertar\u00e1n inmediatamente a la polic\u00eda\u201d comentaron fuentes de la presidencia municipal de Saint-Andr\u00e9 a medios locales.<\/span><\/p>\n<p style=\"text-align: justify;\"><span style=\"font-size: 12.1599998474121px; line-height: 1.3em;\"> Las tareas de b\u00fasqueda del equipo de tierra se completan con el sobrevuelo de la costa de la isla por un avi\u00f3n de transporte militar Casa. El aparato, que tiene una gran autonom\u00eda de vuelo, sobrevol\u00f3 el viernes, ayer domingo y este lunes la costa de la isla de La Reunion en busca de nuevos restos del aparato desaparecido. <\/span><\/p>\n<p style=\"text-align: justify;\"><span style=\"font-size: 12.1599998474121px; line-height: 1.3em;\">El jueves pasado un equipo internacional de expertos aeron\u00e1uticos anunci\u00f3 que el aler\u00f3n descubierto hace dos semanas en la isla francesa de La Reunion pertenec\u00eda al vuelo MH370 de la aerol\u00ednea Malaysia Airlines desaparecido en marzo de 2014. El Boeing 777 del vuelo de la compa\u00f1\u00eda de Malasia MH370 desapareci\u00f3 cuando volaba de Kuala Lumpur, Malasia, a Pek\u00edn, China, con 239 personas a bordo. Pese a las b\u00fasquedas durante meses por miles de kil\u00f3metros cuadrados en el Oc\u00e9ano Indico ning\u00fan resto del aparato fue encontrado.<\/span><\/p>\n<p style=\"text-align: justify;\"><strong><em>Fuente: http:\/\/noticias.terra.com\/mundo\/reinicia-busqueda-de-restos-de-vuelo-de-malaysia-airlines-desaparecido,085a574a52cd0b84a45dd7035564dc824j6jRCRD.html<\/em><\/strong><\/p>\n<p style=\"text-align: justify;\"><strong><em><img decoding=\"async\" src=\"images\/stories\/15\/08\/100815\/malaysia2.jpg\" border=\"0\" \/><br \/><\/em><\/strong><\/p>\n","protected":false},"excerpt":{"rendered":"<p>(Aeronoticias) Dos equipos de personas y un avi\u00f3n reiniciaron hoy en la isla francesa de La Reunion la b\u00fasqueda de restos del Boeing de Malaysia Airlines desaparecido, hace un a\u00f1o del que el mes pasado apareci\u00f3 un aler\u00f3n en una playa de la isla. Medios locales reportaron que las tareas de b\u00fasqueda comenzaron esta ma\u00f1ana [&hellip;]<\/p>\n","protected":false},"author":1,"featured_media":0,"comment_status":"open","ping_status":"open","sticky":false,"template":"","format":"standard","meta":{"tdm_status":"","tdm_grid_status":"","footnotes":""},"categories":[32],"tags":[],"class_list":{"0":"post-53323","1":"post","2":"type-post","3":"status-publish","4":"format-standard","6":"category-internacional"},"yoast_head":"<!-- This site is optimized with the Yoast SEO plugin v25.1 - https:\/\/yoast.com\/wordpress\/plugins\/seo\/ -->\n<title>Reinicia b\u00fasqueda de restos de vuelo de Malaysia Airlines desaparecido<\/title>\n<meta name=\"description\" content=\"Portal de noticias del Per\u00fa sobre el transporte a\u00e9reo, aviaci\u00f3n, turismo, hoteleria, actualidad.\" \/>\n<meta name=\"robots\" content=\"index, follow, max-snippet:-1, max-image-preview:large, max-video-preview:-1\" \/>\n<link rel=\"canonical\" href=\"https:\/\/aeronoticias.com.pe\/noticiero\/transporte-aereo\/internacional\/reinicia-busqueda-de-restos-de-vuelo-de-malaysia-airlines-desaparecido\/\" \/>\n<meta property=\"og:locale\" content=\"es_ES\" \/>\n<meta property=\"og:type\" content=\"article\" \/>\n<meta property=\"og:title\" content=\"Reinicia b\u00fasqueda de restos de vuelo de Malaysia Airlines desaparecido\" \/>\n<meta property=\"og:description\" content=\"Portal de noticias del Per\u00fa sobre el transporte a\u00e9reo, aviaci\u00f3n, turismo, hoteleria, actualidad.\" \/>\n<meta property=\"og:url\" content=\"https:\/\/aeronoticias.com.pe\/noticiero\/transporte-aereo\/internacional\/reinicia-busqueda-de-restos-de-vuelo-de-malaysia-airlines-desaparecido\/\" \/>\n<meta property=\"og:site_name\" content=\"Aeronoticias.com.pe\" \/>\n<meta property=\"article:publisher\" content=\"https:\/\/www.facebook.com\/Aeronoticias.com.pe\/\" \/>\n<meta property=\"article:published_time\" content=\"2015-08-10T18:01:20+00:00\" \/>\n<meta name=\"author\" content=\"Redacci\u00f3n Aeronoticias\" \/>\n<meta name=\"twitter:card\" content=\"summary_large_image\" \/>\n<meta name=\"twitter:creator\" content=\"@aeronoticias\" \/>\n<meta name=\"twitter:site\" content=\"@aeronoticias\" \/>\n<meta name=\"twitter:label1\" content=\"Escrito por\" \/>\n\t<meta name=\"twitter:data1\" content=\"Redacci\u00f3n Aeronoticias\" \/>\n\t<meta name=\"twitter:label2\" content=\"Tiempo de lectura\" \/>\n\t<meta name=\"twitter:data2\" content=\"2 minutos\" \/>\n<script type=\"application\/ld+json\" class=\"yoast-schema-graph\">{\"@context\":\"https:\/\/schema.org\",\"@graph\":[{\"@type\":\"WebPage\",\"@id\":\"https:\/\/aeronoticias.com.pe\/noticiero\/transporte-aereo\/internacional\/reinicia-busqueda-de-restos-de-vuelo-de-malaysia-airlines-desaparecido\/\",\"url\":\"https:\/\/aeronoticias.com.pe\/noticiero\/transporte-aereo\/internacional\/reinicia-busqueda-de-restos-de-vuelo-de-malaysia-airlines-desaparecido\/\",\"name\":\"Reinicia b\u00fasqueda de restos de vuelo de Malaysia Airlines desaparecido\",\"isPartOf\":{\"@id\":\"https:\/\/aeronoticias.com.pe\/noticiero\/#website\"},\"datePublished\":\"2015-08-10T18:01:20+00:00\",\"author\":{\"@id\":\"https:\/\/aeronoticias.com.pe\/noticiero\/#\/schema\/person\/fc1e5d578f4b62ba1cf7ac2bba1170a0\"},\"description\":\"Portal de noticias del Per\u00fa sobre el transporte a\u00e9reo, aviaci\u00f3n, turismo, hoteleria, actualidad.\",\"breadcrumb\":{\"@id\":\"https:\/\/aeronoticias.com.pe\/noticiero\/transporte-aereo\/internacional\/reinicia-busqueda-de-restos-de-vuelo-de-malaysia-airlines-desaparecido\/#breadcrumb\"},\"inLanguage\":\"es\",\"potentialAction\":[{\"@type\":\"ReadAction\",\"target\":[\"https:\/\/aeronoticias.com.pe\/noticiero\/transporte-aereo\/internacional\/reinicia-busqueda-de-restos-de-vuelo-de-malaysia-airlines-desaparecido\/\"]}]},{\"@type\":\"BreadcrumbList\",\"@id\":\"https:\/\/aeronoticias.com.pe\/noticiero\/transporte-aereo\/internacional\/reinicia-busqueda-de-restos-de-vuelo-de-malaysia-airlines-desaparecido\/#breadcrumb\",\"itemListElement\":[{\"@type\":\"ListItem\",\"position\":1,\"name\":\"Portada\",\"item\":\"https:\/\/aeronoticias.com.pe\/noticiero\/\"},{\"@type\":\"ListItem\",\"position\":2,\"name\":\"Reinicia b\u00fasqueda de restos de vuelo de Malaysia Airlines desaparecido\"}]},{\"@type\":\"WebSite\",\"@id\":\"https:\/\/aeronoticias.com.pe\/noticiero\/#website\",\"url\":\"https:\/\/aeronoticias.com.pe\/noticiero\/\",\"name\":\"Aeronoticias.com.pe\",\"description\":\"Noticias de tranporte aereo, turismo, hoteles, gastronomia, actualidad, internacional\",\"potentialAction\":[{\"@type\":\"SearchAction\",\"target\":{\"@type\":\"EntryPoint\",\"urlTemplate\":\"https:\/\/aeronoticias.com.pe\/noticiero\/?s={search_term_string}\"},\"query-input\":{\"@type\":\"PropertyValueSpecification\",\"valueRequired\":true,\"valueName\":\"search_term_string\"}}],\"inLanguage\":\"es\"},{\"@type\":\"Person\",\"@id\":\"https:\/\/aeronoticias.com.pe\/noticiero\/#\/schema\/person\/fc1e5d578f4b62ba1cf7ac2bba1170a0\",\"name\":\"Redacci\u00f3n Aeronoticias\",\"url\":\"https:\/\/aeronoticias.com.pe\/noticiero\/author\/piloto\/\"}]}<\/script>\n<!-- \/ Yoast SEO plugin. -->","yoast_head_json":{"title":"Reinicia b\u00fasqueda de restos de vuelo de Malaysia Airlines desaparecido","description":"Portal de noticias del Per\u00fa sobre el transporte a\u00e9reo, aviaci\u00f3n, turismo, hoteleria, actualidad.","robots":{"index":"index","follow":"follow","max-snippet":"max-snippet:-1","max-image-preview":"max-image-preview:large","max-video-preview":"max-video-preview:-1"},"canonical":"https:\/\/aeronoticias.com.pe\/noticiero\/transporte-aereo\/internacional\/reinicia-busqueda-de-restos-de-vuelo-de-malaysia-airlines-desaparecido\/","og_locale":"es_ES","og_type":"article","og_title":"Reinicia b\u00fasqueda de restos de vuelo de Malaysia Airlines desaparecido","og_description":"Portal de noticias del Per\u00fa sobre el transporte a\u00e9reo, aviaci\u00f3n, turismo, hoteleria, actualidad.","og_url":"https:\/\/aeronoticias.com.pe\/noticiero\/transporte-aereo\/internacional\/reinicia-busqueda-de-restos-de-vuelo-de-malaysia-airlines-desaparecido\/","og_site_name":"Aeronoticias.com.pe","article_publisher":"https:\/\/www.facebook.com\/Aeronoticias.com.pe\/","article_published_time":"2015-08-10T18:01:20+00:00","author":"Redacci\u00f3n Aeronoticias","twitter_card":"summary_large_image","twitter_creator":"@aeronoticias","twitter_site":"@aeronoticias","twitter_misc":{"Escrito por":"Redacci\u00f3n Aeronoticias","Tiempo de lectura":"2 minutos"},"schema":{"@context":"https:\/\/schema.org","@graph":[{"@type":"WebPage","@id":"https:\/\/aeronoticias.com.pe\/noticiero\/transporte-aereo\/internacional\/reinicia-busqueda-de-restos-de-vuelo-de-malaysia-airlines-desaparecido\/","url":"https:\/\/aeronoticias.com.pe\/noticiero\/transporte-aereo\/internacional\/reinicia-busqueda-de-restos-de-vuelo-de-malaysia-airlines-desaparecido\/","name":"Reinicia b\u00fasqueda de restos de vuelo de Malaysia Airlines desaparecido","isPartOf":{"@id":"https:\/\/aeronoticias.com.pe\/noticiero\/#website"},"datePublished":"2015-08-10T18:01:20+00:00","author":{"@id":"https:\/\/aeronoticias.com.pe\/noticiero\/#\/schema\/person\/fc1e5d578f4b62ba1cf7ac2bba1170a0"},"description":"Portal de noticias del Per\u00fa sobre el transporte a\u00e9reo, aviaci\u00f3n, turismo, hoteleria, actualidad.","breadcrumb":{"@id":"https:\/\/aeronoticias.com.pe\/noticiero\/transporte-aereo\/internacional\/reinicia-busqueda-de-restos-de-vuelo-de-malaysia-airlines-desaparecido\/#breadcrumb"},"inLanguage":"es","potentialAction":[{"@type":"ReadAction","target":["https:\/\/aeronoticias.com.pe\/noticiero\/transporte-aereo\/internacional\/reinicia-busqueda-de-restos-de-vuelo-de-malaysia-airlines-desaparecido\/"]}]},{"@type":"BreadcrumbList","@id":"https:\/\/aeronoticias.com.pe\/noticiero\/transporte-aereo\/internacional\/reinicia-busqueda-de-restos-de-vuelo-de-malaysia-airlines-desaparecido\/#breadcrumb","itemListElement":[{"@type":"ListItem","position":1,"name":"Portada","item":"https:\/\/aeronoticias.com.pe\/noticiero\/"},{"@type":"ListItem","position":2,"name":"Reinicia b\u00fasqueda de restos de vuelo de Malaysia Airlines desaparecido"}]},{"@type":"WebSite","@id":"https:\/\/aeronoticias.com.pe\/noticiero\/#website","url":"https:\/\/aeronoticias.com.pe\/noticiero\/","name":"Aeronoticias.com.pe","description":"Noticias de tranporte aereo, turismo, hoteles, gastronomia, actualidad, internacional","potentialAction":[{"@type":"SearchAction","target":{"@type":"EntryPoint","urlTemplate":"https:\/\/aeronoticias.com.pe\/noticiero\/?s={search_term_string}"},"query-input":{"@type":"PropertyValueSpecification","valueRequired":true,"valueName":"search_term_string"}}],"inLanguage":"es"},{"@type":"Person","@id":"https:\/\/aeronoticias.com.pe\/noticiero\/#\/schema\/person\/fc1e5d578f4b62ba1cf7ac2bba1170a0","name":"Redacci\u00f3n Aeronoticias","url":"https:\/\/aeronoticias.com.pe\/noticiero\/author\/piloto\/"}]}},"_links":{"self":[{"href":"https:\/\/aeronoticias.com.pe\/noticiero\/wp-json\/wp\/v2\/posts\/53323","targetHints":{"allow":["GET"]}}],"collection":[{"href":"https:\/\/aeronoticias.com.pe\/noticiero\/wp-json\/wp\/v2\/posts"}],"about":[{"href":"https:\/\/aeronoticias.com.pe\/noticiero\/wp-json\/wp\/v2\/types\/post"}],"author":[{"embeddable":true,"href":"https:\/\/aeronoticias.com.pe\/noticiero\/wp-json\/wp\/v2\/users\/1"}],"replies":[{"embeddable":true,"href":"https:\/\/aeronoticias.com.pe\/noticiero\/wp-json\/wp\/v2\/comments?post=53323"}],"version-history":[{"count":0,"href":"https:\/\/aeronoticias.com.pe\/noticiero\/wp-json\/wp\/v2\/posts\/53323\/revisions"}],"wp:attachment":[{"href":"https:\/\/aeronoticias.com.pe\/noticiero\/wp-json\/wp\/v2\/media?parent=53323"}],"wp:term":[{"taxonomy":"category","embeddable":true,"href":"https:\/\/aeronoticias.com.pe\/noticiero\/wp-json\/wp\/v2\/categories?post=53323"},{"taxonomy":"post_tag","embeddable":true,"href":"https:\/\/aeronoticias.com.pe\/noticiero\/wp-json\/wp\/v2\/tags?post=53323"}],"curies":[{"name":"wp","href":"https:\/\/api.w.org\/{rel}","templated":true}]}}