{"id":53324,"date":"2015-08-10T18:17:19","date_gmt":"2015-08-10T18:17:19","guid":{"rendered":"http:\/\/desarrollo.mcvicious.com\/aero2020\/2015\/08\/10\/familiares-de-victimas-de-accidente-de-germanwings-preparan-demanda-en-eeuu\/"},"modified":"2015-08-10T18:17:19","modified_gmt":"2015-08-10T18:17:19","slug":"familiares-de-victimas-de-accidente-de-germanwings-preparan-demanda-en-eeuu","status":"publish","type":"post","link":"https:\/\/aeronoticias.com.pe\/noticiero\/mundo\/mundo-mundo-2\/familiares-de-victimas-de-accidente-de-germanwings-preparan-demanda-en-eeuu\/","title":{"rendered":"Familiares de v\u00edctimas de accidente de Germanwings preparan demanda en EEUU"},"content":{"rendered":"<p style=\"text-align: justify;\"><strong>(Aeronoticias) <\/strong><span style=\"font-size: 12.1599998474121px; line-height: 1.3em;\">Las familias de los pasajeros que murieron por la ca\u00edda de un vuelo de Germanwings emprender\u00e1n acciones legales contra Lufthansa en Estados Unidos, tras rechazar la indemnizaci\u00f3n ofrecida por la aerol\u00ednea al considerarla insuficiente, dijo el Bild am Sonntag, citando al abogado de los deudos.<\/span><\/p>\n<p style=\"text-align: justify;\"><span style=\"font-size: 12.1599998474121px; line-height: 1.3em;\">Germanwings, unidad de Lufthansa, ofreci\u00f3 en junio 25.000 euros por v\u00edctima para aliviar el dolor y sufrimiento causado por el accidente del 24 de marzo en el que murieron las 150 personas que iban a bordo, cit\u00f3 Reuters.<\/span><\/p>\n<p style=\"text-align: justify;\"><span style=\"font-size: 12.1599998474121px; line-height: 1.3em;\">La ley de Estados Unidos contempla grandes indemnizaciones por da\u00f1os emocionales, algo que no se da en la legislaci\u00f3n alemana. Una cantidad de seis d\u00edgitos ser\u00eda una compensaci\u00f3n adecuada, dijo el mes pasado Elmar Giemulla, un abogado que representa a algunas de las v\u00edctimas.<\/span><\/p>\n<p style=\"text-align: justify;\"><span style=\"font-size: 12.1599998474121px; line-height: 1.3em;\">\u00abEstamos preparando una demanda en Estados Unidos y vemos buenas opciones para encontrar jurisdicci\u00f3n all\u00ed\u00bb, dijo Giemulla, seg\u00fan lo cit\u00f3 el peri\u00f3dico Bild am Sonntag.<\/span><\/p>\n<p style=\"text-align: justify;\"><span style=\"font-size: 12.1599998474121px; line-height: 1.3em;\">Las demandas por da\u00f1os a\u00fan no han sido presentadas pero los demandantes seguir\u00e1n la legislaci\u00f3n estadounidense, dijo Giemulla.<\/span><\/p>\n<p style=\"text-align: justify;\"><span style=\"font-size: 12.1599998474121px; line-height: 1.3em;\">Germanwings declin\u00f3 el domingo realizar comentarios sobre la noticia, pero dijo que la compensaci\u00f3n \u00abdeber\u00eda ser de al menos 100.000 euros por pasajero, y, dependiendo de las circunstancias de la familia, aumentar la cifra llegando hasta el mill\u00f3n de euros.<\/span><\/p>\n<p style=\"text-align: justify;\"><span style=\"font-size: 12.1599998474121px; line-height: 1.3em;\">\u00abEs nuestra preocupaci\u00f3n que los familiares reciban lo antes posible las compensaciones a las que tienen derecho\u00bb, dijo la aerol\u00ednea.<\/span><\/p>\n<p style=\"text-align: justify;\"><span style=\"font-size: 12.1599998474121px; line-height: 1.3em;\">La acci\u00f3n legal prevista tratar\u00e1 de averiguar por qu\u00e9 al copiloto Andreas Lubitz, que hab\u00eda sufrido previamente depresi\u00f3n, se le permiti\u00f3 volar, dijo Giemulla.<\/span><\/p>\n<p><span style=\"font-size: 12.1599998474121px; line-height: 1.3em;\">El abogado no devolvi\u00f3 las llamadas en busca de comentarios.<\/span><\/p>\n<p><span style=\"font-size: 12.1599998474121px; line-height: 1.3em;\">Las pruebas muestran que Lubitz bloque\u00f3 la cabina de pilotos dejando al capit\u00e1n fuera durante el vuelo Germanwings 4U9525 de Barcelona a D\u00fcsseldorf y que deliberadamente dirigi\u00f3 el avi\u00f3n contra la ladera de una monta\u00f1a. <\/span><\/p>\n<p><strong><em>Fuente: http:\/\/www.eluniversal.com\/internacional\/150809\/familiares-de-victimas-de-accidente-de-germanwings-preparan-demanda-en<\/em><\/strong><\/p>\n<p><strong><em><img decoding=\"async\" src=\"images\/stories\/15\/08\/100815\/germanwingss.jpg\" border=\"0\" \/><br \/><\/em><\/strong><\/p>\n","protected":false},"excerpt":{"rendered":"<p>(Aeronoticias) Las familias de los pasajeros que murieron por la ca\u00edda de un vuelo de Germanwings emprender\u00e1n acciones legales contra Lufthansa en Estados Unidos, tras rechazar la indemnizaci\u00f3n ofrecida por la aerol\u00ednea al considerarla insuficiente, dijo el Bild am Sonntag, citando al abogado de los deudos. Germanwings, unidad de Lufthansa, ofreci\u00f3 en junio 25.000 euros [&hellip;]<\/p>\n","protected":false},"author":1,"featured_media":0,"comment_status":"open","ping_status":"open","sticky":false,"template":"","format":"standard","meta":{"tdm_status":"","tdm_grid_status":"","footnotes":""},"categories":[65],"tags":[],"class_list":{"0":"post-53324","1":"post","2":"type-post","3":"status-publish","4":"format-standard","6":"category-mundo-mundo-2"},"yoast_head":"<!-- This site is optimized with the Yoast SEO plugin v25.1 - https:\/\/yoast.com\/wordpress\/plugins\/seo\/ -->\n<title>Familiares de v\u00edctimas de accidente de Germanwings preparan demanda en EEUU<\/title>\n<meta name=\"description\" content=\"Portal de noticias del Per\u00fa sobre el transporte a\u00e9reo, aviaci\u00f3n, turismo, hoteleria, actualidad.\" \/>\n<meta name=\"robots\" content=\"index, follow, max-snippet:-1, max-image-preview:large, max-video-preview:-1\" \/>\n<link rel=\"canonical\" href=\"https:\/\/aeronoticias.com.pe\/noticiero\/mundo\/mundo-mundo-2\/familiares-de-victimas-de-accidente-de-germanwings-preparan-demanda-en-eeuu\/\" \/>\n<meta property=\"og:locale\" content=\"es_ES\" \/>\n<meta property=\"og:type\" content=\"article\" \/>\n<meta property=\"og:title\" content=\"Familiares de v\u00edctimas de accidente de Germanwings preparan demanda en EEUU\" \/>\n<meta property=\"og:description\" content=\"Portal de noticias del Per\u00fa sobre el transporte a\u00e9reo, aviaci\u00f3n, turismo, hoteleria, actualidad.\" \/>\n<meta property=\"og:url\" content=\"https:\/\/aeronoticias.com.pe\/noticiero\/mundo\/mundo-mundo-2\/familiares-de-victimas-de-accidente-de-germanwings-preparan-demanda-en-eeuu\/\" \/>\n<meta property=\"og:site_name\" content=\"Aeronoticias.com.pe\" \/>\n<meta property=\"article:publisher\" content=\"https:\/\/www.facebook.com\/Aeronoticias.com.pe\/\" \/>\n<meta property=\"article:published_time\" content=\"2015-08-10T18:17:19+00:00\" \/>\n<meta name=\"author\" content=\"Redacci\u00f3n Aeronoticias\" \/>\n<meta name=\"twitter:card\" content=\"summary_large_image\" \/>\n<meta name=\"twitter:creator\" content=\"@aeronoticias\" \/>\n<meta name=\"twitter:site\" content=\"@aeronoticias\" \/>\n<meta name=\"twitter:label1\" content=\"Escrito por\" \/>\n\t<meta name=\"twitter:data1\" content=\"Redacci\u00f3n Aeronoticias\" \/>\n\t<meta name=\"twitter:label2\" content=\"Tiempo de lectura\" \/>\n\t<meta name=\"twitter:data2\" content=\"2 minutos\" \/>\n<script type=\"application\/ld+json\" class=\"yoast-schema-graph\">{\"@context\":\"https:\/\/schema.org\",\"@graph\":[{\"@type\":\"WebPage\",\"@id\":\"https:\/\/aeronoticias.com.pe\/noticiero\/mundo\/mundo-mundo-2\/familiares-de-victimas-de-accidente-de-germanwings-preparan-demanda-en-eeuu\/\",\"url\":\"https:\/\/aeronoticias.com.pe\/noticiero\/mundo\/mundo-mundo-2\/familiares-de-victimas-de-accidente-de-germanwings-preparan-demanda-en-eeuu\/\",\"name\":\"Familiares de v\u00edctimas de accidente de Germanwings preparan demanda en EEUU\",\"isPartOf\":{\"@id\":\"https:\/\/aeronoticias.com.pe\/noticiero\/#website\"},\"datePublished\":\"2015-08-10T18:17:19+00:00\",\"author\":{\"@id\":\"https:\/\/aeronoticias.com.pe\/noticiero\/#\/schema\/person\/fc1e5d578f4b62ba1cf7ac2bba1170a0\"},\"description\":\"Portal de noticias del Per\u00fa sobre el transporte a\u00e9reo, aviaci\u00f3n, turismo, hoteleria, actualidad.\",\"breadcrumb\":{\"@id\":\"https:\/\/aeronoticias.com.pe\/noticiero\/mundo\/mundo-mundo-2\/familiares-de-victimas-de-accidente-de-germanwings-preparan-demanda-en-eeuu\/#breadcrumb\"},\"inLanguage\":\"es\",\"potentialAction\":[{\"@type\":\"ReadAction\",\"target\":[\"https:\/\/aeronoticias.com.pe\/noticiero\/mundo\/mundo-mundo-2\/familiares-de-victimas-de-accidente-de-germanwings-preparan-demanda-en-eeuu\/\"]}]},{\"@type\":\"BreadcrumbList\",\"@id\":\"https:\/\/aeronoticias.com.pe\/noticiero\/mundo\/mundo-mundo-2\/familiares-de-victimas-de-accidente-de-germanwings-preparan-demanda-en-eeuu\/#breadcrumb\",\"itemListElement\":[{\"@type\":\"ListItem\",\"position\":1,\"name\":\"Portada\",\"item\":\"https:\/\/aeronoticias.com.pe\/noticiero\/\"},{\"@type\":\"ListItem\",\"position\":2,\"name\":\"Familiares de v\u00edctimas de accidente de Germanwings preparan demanda en EEUU\"}]},{\"@type\":\"WebSite\",\"@id\":\"https:\/\/aeronoticias.com.pe\/noticiero\/#website\",\"url\":\"https:\/\/aeronoticias.com.pe\/noticiero\/\",\"name\":\"Aeronoticias.com.pe\",\"description\":\"Noticias de tranporte aereo, turismo, hoteles, gastronomia, actualidad, internacional\",\"potentialAction\":[{\"@type\":\"SearchAction\",\"target\":{\"@type\":\"EntryPoint\",\"urlTemplate\":\"https:\/\/aeronoticias.com.pe\/noticiero\/?s={search_term_string}\"},\"query-input\":{\"@type\":\"PropertyValueSpecification\",\"valueRequired\":true,\"valueName\":\"search_term_string\"}}],\"inLanguage\":\"es\"},{\"@type\":\"Person\",\"@id\":\"https:\/\/aeronoticias.com.pe\/noticiero\/#\/schema\/person\/fc1e5d578f4b62ba1cf7ac2bba1170a0\",\"name\":\"Redacci\u00f3n Aeronoticias\",\"url\":\"https:\/\/aeronoticias.com.pe\/noticiero\/author\/piloto\/\"}]}<\/script>\n<!-- \/ Yoast SEO plugin. -->","yoast_head_json":{"title":"Familiares de v\u00edctimas de accidente de Germanwings preparan demanda en EEUU","description":"Portal de noticias del Per\u00fa sobre el transporte a\u00e9reo, aviaci\u00f3n, turismo, hoteleria, actualidad.","robots":{"index":"index","follow":"follow","max-snippet":"max-snippet:-1","max-image-preview":"max-image-preview:large","max-video-preview":"max-video-preview:-1"},"canonical":"https:\/\/aeronoticias.com.pe\/noticiero\/mundo\/mundo-mundo-2\/familiares-de-victimas-de-accidente-de-germanwings-preparan-demanda-en-eeuu\/","og_locale":"es_ES","og_type":"article","og_title":"Familiares de v\u00edctimas de accidente de Germanwings preparan demanda en EEUU","og_description":"Portal de noticias del Per\u00fa sobre el transporte a\u00e9reo, aviaci\u00f3n, turismo, hoteleria, actualidad.","og_url":"https:\/\/aeronoticias.com.pe\/noticiero\/mundo\/mundo-mundo-2\/familiares-de-victimas-de-accidente-de-germanwings-preparan-demanda-en-eeuu\/","og_site_name":"Aeronoticias.com.pe","article_publisher":"https:\/\/www.facebook.com\/Aeronoticias.com.pe\/","article_published_time":"2015-08-10T18:17:19+00:00","author":"Redacci\u00f3n Aeronoticias","twitter_card":"summary_large_image","twitter_creator":"@aeronoticias","twitter_site":"@aeronoticias","twitter_misc":{"Escrito por":"Redacci\u00f3n Aeronoticias","Tiempo de lectura":"2 minutos"},"schema":{"@context":"https:\/\/schema.org","@graph":[{"@type":"WebPage","@id":"https:\/\/aeronoticias.com.pe\/noticiero\/mundo\/mundo-mundo-2\/familiares-de-victimas-de-accidente-de-germanwings-preparan-demanda-en-eeuu\/","url":"https:\/\/aeronoticias.com.pe\/noticiero\/mundo\/mundo-mundo-2\/familiares-de-victimas-de-accidente-de-germanwings-preparan-demanda-en-eeuu\/","name":"Familiares de v\u00edctimas de accidente de Germanwings preparan demanda en EEUU","isPartOf":{"@id":"https:\/\/aeronoticias.com.pe\/noticiero\/#website"},"datePublished":"2015-08-10T18:17:19+00:00","author":{"@id":"https:\/\/aeronoticias.com.pe\/noticiero\/#\/schema\/person\/fc1e5d578f4b62ba1cf7ac2bba1170a0"},"description":"Portal de noticias del Per\u00fa sobre el transporte a\u00e9reo, aviaci\u00f3n, turismo, hoteleria, actualidad.","breadcrumb":{"@id":"https:\/\/aeronoticias.com.pe\/noticiero\/mundo\/mundo-mundo-2\/familiares-de-victimas-de-accidente-de-germanwings-preparan-demanda-en-eeuu\/#breadcrumb"},"inLanguage":"es","potentialAction":[{"@type":"ReadAction","target":["https:\/\/aeronoticias.com.pe\/noticiero\/mundo\/mundo-mundo-2\/familiares-de-victimas-de-accidente-de-germanwings-preparan-demanda-en-eeuu\/"]}]},{"@type":"BreadcrumbList","@id":"https:\/\/aeronoticias.com.pe\/noticiero\/mundo\/mundo-mundo-2\/familiares-de-victimas-de-accidente-de-germanwings-preparan-demanda-en-eeuu\/#breadcrumb","itemListElement":[{"@type":"ListItem","position":1,"name":"Portada","item":"https:\/\/aeronoticias.com.pe\/noticiero\/"},{"@type":"ListItem","position":2,"name":"Familiares de v\u00edctimas de accidente de Germanwings preparan demanda en EEUU"}]},{"@type":"WebSite","@id":"https:\/\/aeronoticias.com.pe\/noticiero\/#website","url":"https:\/\/aeronoticias.com.pe\/noticiero\/","name":"Aeronoticias.com.pe","description":"Noticias de tranporte aereo, turismo, hoteles, gastronomia, actualidad, internacional","potentialAction":[{"@type":"SearchAction","target":{"@type":"EntryPoint","urlTemplate":"https:\/\/aeronoticias.com.pe\/noticiero\/?s={search_term_string}"},"query-input":{"@type":"PropertyValueSpecification","valueRequired":true,"valueName":"search_term_string"}}],"inLanguage":"es"},{"@type":"Person","@id":"https:\/\/aeronoticias.com.pe\/noticiero\/#\/schema\/person\/fc1e5d578f4b62ba1cf7ac2bba1170a0","name":"Redacci\u00f3n Aeronoticias","url":"https:\/\/aeronoticias.com.pe\/noticiero\/author\/piloto\/"}]}},"_links":{"self":[{"href":"https:\/\/aeronoticias.com.pe\/noticiero\/wp-json\/wp\/v2\/posts\/53324","targetHints":{"allow":["GET"]}}],"collection":[{"href":"https:\/\/aeronoticias.com.pe\/noticiero\/wp-json\/wp\/v2\/posts"}],"about":[{"href":"https:\/\/aeronoticias.com.pe\/noticiero\/wp-json\/wp\/v2\/types\/post"}],"author":[{"embeddable":true,"href":"https:\/\/aeronoticias.com.pe\/noticiero\/wp-json\/wp\/v2\/users\/1"}],"replies":[{"embeddable":true,"href":"https:\/\/aeronoticias.com.pe\/noticiero\/wp-json\/wp\/v2\/comments?post=53324"}],"version-history":[{"count":0,"href":"https:\/\/aeronoticias.com.pe\/noticiero\/wp-json\/wp\/v2\/posts\/53324\/revisions"}],"wp:attachment":[{"href":"https:\/\/aeronoticias.com.pe\/noticiero\/wp-json\/wp\/v2\/media?parent=53324"}],"wp:term":[{"taxonomy":"category","embeddable":true,"href":"https:\/\/aeronoticias.com.pe\/noticiero\/wp-json\/wp\/v2\/categories?post=53324"},{"taxonomy":"post_tag","embeddable":true,"href":"https:\/\/aeronoticias.com.pe\/noticiero\/wp-json\/wp\/v2\/tags?post=53324"}],"curies":[{"name":"wp","href":"https:\/\/api.w.org\/{rel}","templated":true}]}}