{"id":53325,"date":"2015-08-10T19:02:04","date_gmt":"2015-08-10T19:02:04","guid":{"rendered":"http:\/\/desarrollo.mcvicious.com\/aero2020\/2015\/08\/10\/canatur-impulsara-creacion-de-aeropuerto-regional-de-nasca\/"},"modified":"2015-08-10T19:02:04","modified_gmt":"2015-08-10T19:02:04","slug":"canatur-impulsara-creacion-de-aeropuerto-regional-de-nasca","status":"publish","type":"post","link":"https:\/\/aeronoticias.com.pe\/noticiero\/turismo\/13\/canatur-impulsara-creacion-de-aeropuerto-regional-de-nasca\/","title":{"rendered":"Canatur impulsar\u00e1 creaci\u00f3n de aeropuerto regional de Nasca"},"content":{"rendered":"<p style=\"text-align: justify;\"><strong>(Aeronoticias) <\/strong><span style=\"font-size: 12.1599998474121px; line-height: 1.3em;\">La C\u00e1mara Nacional de Turismo (Canatur) impulsar\u00e1 la creaci\u00f3n del Aeropuerto Regional de Nasca, en el departamento de regi\u00f3n Ica, que es una de las mayores demandas de la poblaci\u00f3n, y para cuya ejecuci\u00f3n ya se cuenta con un terreno de propiedad de la municipalidad provincial, se inform\u00f3.<\/span><\/p>\n<p style=\"text-align: justify;\"><span style=\"font-size: 12.1599998474121px; line-height: 1.3em;\">El gerente general de Canatur, Luis Villa Prado, sostuvo que se trata de una de las grandes obras que la puede desarrollar este gobierno o cualquier otro que lo suceda, a fin de \u00a0atraer m\u00e1s visitantes nacionales y extranjeros, y dinamizar la econom\u00eda de la jurisdicci\u00f3n.<\/span><\/p>\n<p style=\"text-align: justify;\"><span style=\"font-size: 12.1599998474121px; line-height: 1.3em;\">\u201cImag\u00ednense la fortaleza que tendr\u00eda la ruta Lima- Nasca-Cusco y Cusco-Nasca-Lima. Creo que hay una agenda pendiente con el citado aeropuerto regional\u201d, puntualiz\u00f3 en declaraciones a la Agencia Andina.<\/span><\/p>\n<p style=\"text-align: justify;\"><span style=\"font-size: 12.1599998474121px; line-height: 1.3em;\">Villa mencion\u00f3 que el a\u00f1o pasado Canatur recibi\u00f3 a un grupo muy grande de empresarios brasile\u00f1os y otro espa\u00f1ol que estaban interesados en desarrollar un aer\u00f3dromo en la ciudad de Nasca para vuelos peque\u00f1os.<\/span><\/p>\n<p style=\"text-align: justify;\"><span style=\"font-size: 12.1599998474121px; line-height: 1.3em;\">Sin embargo, dijo, si hacer realidad este planteamiento ayudar\u00eda mucho a aumentar el flujo tur\u00edstico en la zona y en la regi\u00f3n, m\u00e1s contribuir\u00eda los vuelos regulares regionales, pues actualmente la ruta desde Lima a Nasca demora entre 7 a 8 horas.<\/span><\/p>\n<p style=\"text-align: justify;\"><span style=\"font-size: 12.1599998474121px; line-height: 1.3em;\">\u201cEntonces subir a un avi\u00f3n para cumplir con dicha ruta en el menor tiempo posible y si lo amarramos para la conectividad con el Cusco, ser\u00eda de much\u00edsima utilidad\u201d, refiri\u00f3 el empresario.<\/span><\/p>\n<p style=\"text-align: justify;\"><span style=\"font-size: 12.1599998474121px; line-height: 1.3em;\">A\u00f1adi\u00f3 que hoy en el mundo hay inversiones muy grandes que est\u00e1n buscando asociaciones p\u00fablicas privadas tanto nacionales como extranjeras, y \u201cdefinitivamente el Aeropuerto Regional de Nasca es un proyecto que deber\u00edamos impulsar y de \u00a0hecho Canatur lo har\u00e1; esperamos encontrar la respuesta en nuestra contraparte, el sector p\u00fablico\u201d, expres\u00f3.<\/span><\/p>\n<p style=\"text-align: justify;\"><span style=\"font-size: 12.1599998474121px; line-height: 1.3em;\">Pampa Los Caracoles<\/span><\/p>\n<p style=\"text-align: justify;\"><span style=\"font-size: 12.1599998474121px; line-height: 1.3em;\">Por su parte, el gerente general de la C\u00e1mara de Turismo de Nasca, Manuel Huaman\u00ed, precis\u00f3 que el terreno para construir el terminal regional a\u00e9reo, se ubica en la Pampa Los Caracoles, sector de Poroma, distrito de Vista Alegre, provincia de Nasca, m\u00e1s o menos a 25 kil\u00f3metros de Arequipa.<\/span><\/p>\n<p style=\"text-align: justify;\"><span style=\"font-size: 12.1599998474121px; line-height: 1.3em;\">\u201cEs un \u00e1rea que tiene el espacio y las condiciones necesarias para llevar a cabo el proyecto, tras la consulta efectuada por la actual gesti\u00f3n municipal ante el Ministerio de Transportes y Comunicaciones, espec\u00edficamente la Direcci\u00f3n General de Aeron\u00e1utica Civil, que se har\u00e1 cargo de los estudios correspondientes\u201d, se\u00f1al\u00f3.<\/span><\/p>\n<p style=\"text-align: justify;\"><span style=\"font-size: 12.1599998474121px; line-height: 1.3em;\">El funcionario tambi\u00e9n dio a conocer, que la Corporaci\u00f3n Peruana de Aeropuertos y Aviaci\u00f3n Comercial (C\u00f3rpac) indic\u00f3 que este tipo de estudios demoran entre 4 a 5 a\u00f1os. \u201cEntonces tenemos que esperar el avance del mismo, y entendemos que el proyecto tendr\u00e1 una financiaci\u00f3n compartida tanto de la municipalidad como del sector privado\u201d, concluy\u00f3.<\/span><\/p>\n<p style=\"text-align: justify;\"><span style=\"font-size: 12.1599998474121px; line-height: 1.3em;\"><strong><em>Fuente: Andina<\/em><\/strong><\/span><\/p>\n<p style=\"text-align: justify;\"><span style=\"font-size: 12.1599998474121px; line-height: 1.3em;\"><strong><em><img decoding=\"async\" src=\"images\/stories\/15\/08\/100815\/aenasca.jpg\" border=\"0\" \/><br \/><\/em><\/strong><\/span><\/p>\n","protected":false},"excerpt":{"rendered":"<p>(Aeronoticias) La C\u00e1mara Nacional de Turismo (Canatur) impulsar\u00e1 la creaci\u00f3n del Aeropuerto Regional de Nasca, en el departamento de regi\u00f3n Ica, que es una de las mayores demandas de la poblaci\u00f3n, y para cuya ejecuci\u00f3n ya se cuenta con un terreno de propiedad de la municipalidad provincial, se inform\u00f3. El gerente general de Canatur, Luis [&hellip;]<\/p>\n","protected":false},"author":1,"featured_media":0,"comment_status":"open","ping_status":"open","sticky":false,"template":"","format":"standard","meta":{"tdm_status":"","tdm_grid_status":"","footnotes":""},"categories":[31],"tags":[],"class_list":{"0":"post-53325","1":"post","2":"type-post","3":"status-publish","4":"format-standard","6":"category-31"},"yoast_head":"<!-- This site is optimized with the Yoast SEO plugin v25.1 - https:\/\/yoast.com\/wordpress\/plugins\/seo\/ -->\n<title>Canatur impulsar\u00e1 creaci\u00f3n de aeropuerto regional de Nasca<\/title>\n<meta name=\"description\" content=\"Portal de noticias del Per\u00fa sobre el transporte a\u00e9reo, aviaci\u00f3n, turismo, hoteleria, actualidad.\" \/>\n<meta name=\"robots\" content=\"index, follow, max-snippet:-1, max-image-preview:large, max-video-preview:-1\" \/>\n<link rel=\"canonical\" href=\"https:\/\/aeronoticias.com.pe\/noticiero\/turismo\/13\/canatur-impulsara-creacion-de-aeropuerto-regional-de-nasca\/\" \/>\n<meta property=\"og:locale\" content=\"es_ES\" \/>\n<meta property=\"og:type\" content=\"article\" \/>\n<meta property=\"og:title\" content=\"Canatur impulsar\u00e1 creaci\u00f3n de aeropuerto regional de Nasca\" \/>\n<meta property=\"og:description\" content=\"Portal de noticias del Per\u00fa sobre el transporte a\u00e9reo, aviaci\u00f3n, turismo, hoteleria, actualidad.\" \/>\n<meta property=\"og:url\" content=\"https:\/\/aeronoticias.com.pe\/noticiero\/turismo\/13\/canatur-impulsara-creacion-de-aeropuerto-regional-de-nasca\/\" \/>\n<meta property=\"og:site_name\" content=\"Aeronoticias.com.pe\" \/>\n<meta property=\"article:publisher\" content=\"https:\/\/www.facebook.com\/Aeronoticias.com.pe\/\" \/>\n<meta property=\"article:published_time\" content=\"2015-08-10T19:02:04+00:00\" \/>\n<meta name=\"author\" content=\"Redacci\u00f3n Aeronoticias\" \/>\n<meta name=\"twitter:card\" content=\"summary_large_image\" \/>\n<meta name=\"twitter:creator\" content=\"@aeronoticias\" \/>\n<meta name=\"twitter:site\" content=\"@aeronoticias\" \/>\n<meta name=\"twitter:label1\" content=\"Escrito por\" \/>\n\t<meta name=\"twitter:data1\" content=\"Redacci\u00f3n Aeronoticias\" \/>\n\t<meta name=\"twitter:label2\" content=\"Tiempo de lectura\" \/>\n\t<meta name=\"twitter:data2\" content=\"2 minutos\" \/>\n<script type=\"application\/ld+json\" class=\"yoast-schema-graph\">{\"@context\":\"https:\/\/schema.org\",\"@graph\":[{\"@type\":\"WebPage\",\"@id\":\"https:\/\/aeronoticias.com.pe\/noticiero\/turismo\/13\/canatur-impulsara-creacion-de-aeropuerto-regional-de-nasca\/\",\"url\":\"https:\/\/aeronoticias.com.pe\/noticiero\/turismo\/13\/canatur-impulsara-creacion-de-aeropuerto-regional-de-nasca\/\",\"name\":\"Canatur impulsar\u00e1 creaci\u00f3n de aeropuerto regional de Nasca\",\"isPartOf\":{\"@id\":\"https:\/\/aeronoticias.com.pe\/noticiero\/#website\"},\"datePublished\":\"2015-08-10T19:02:04+00:00\",\"author\":{\"@id\":\"https:\/\/aeronoticias.com.pe\/noticiero\/#\/schema\/person\/fc1e5d578f4b62ba1cf7ac2bba1170a0\"},\"description\":\"Portal de noticias del Per\u00fa sobre el transporte a\u00e9reo, aviaci\u00f3n, turismo, hoteleria, actualidad.\",\"breadcrumb\":{\"@id\":\"https:\/\/aeronoticias.com.pe\/noticiero\/turismo\/13\/canatur-impulsara-creacion-de-aeropuerto-regional-de-nasca\/#breadcrumb\"},\"inLanguage\":\"es\",\"potentialAction\":[{\"@type\":\"ReadAction\",\"target\":[\"https:\/\/aeronoticias.com.pe\/noticiero\/turismo\/13\/canatur-impulsara-creacion-de-aeropuerto-regional-de-nasca\/\"]}]},{\"@type\":\"BreadcrumbList\",\"@id\":\"https:\/\/aeronoticias.com.pe\/noticiero\/turismo\/13\/canatur-impulsara-creacion-de-aeropuerto-regional-de-nasca\/#breadcrumb\",\"itemListElement\":[{\"@type\":\"ListItem\",\"position\":1,\"name\":\"Portada\",\"item\":\"https:\/\/aeronoticias.com.pe\/noticiero\/\"},{\"@type\":\"ListItem\",\"position\":2,\"name\":\"Canatur impulsar\u00e1 creaci\u00f3n de aeropuerto regional de Nasca\"}]},{\"@type\":\"WebSite\",\"@id\":\"https:\/\/aeronoticias.com.pe\/noticiero\/#website\",\"url\":\"https:\/\/aeronoticias.com.pe\/noticiero\/\",\"name\":\"Aeronoticias.com.pe\",\"description\":\"Noticias de tranporte aereo, turismo, hoteles, gastronomia, actualidad, internacional\",\"potentialAction\":[{\"@type\":\"SearchAction\",\"target\":{\"@type\":\"EntryPoint\",\"urlTemplate\":\"https:\/\/aeronoticias.com.pe\/noticiero\/?s={search_term_string}\"},\"query-input\":{\"@type\":\"PropertyValueSpecification\",\"valueRequired\":true,\"valueName\":\"search_term_string\"}}],\"inLanguage\":\"es\"},{\"@type\":\"Person\",\"@id\":\"https:\/\/aeronoticias.com.pe\/noticiero\/#\/schema\/person\/fc1e5d578f4b62ba1cf7ac2bba1170a0\",\"name\":\"Redacci\u00f3n Aeronoticias\",\"url\":\"https:\/\/aeronoticias.com.pe\/noticiero\/author\/piloto\/\"}]}<\/script>\n<!-- \/ Yoast SEO plugin. -->","yoast_head_json":{"title":"Canatur impulsar\u00e1 creaci\u00f3n de aeropuerto regional de Nasca","description":"Portal de noticias del Per\u00fa sobre el transporte a\u00e9reo, aviaci\u00f3n, turismo, hoteleria, actualidad.","robots":{"index":"index","follow":"follow","max-snippet":"max-snippet:-1","max-image-preview":"max-image-preview:large","max-video-preview":"max-video-preview:-1"},"canonical":"https:\/\/aeronoticias.com.pe\/noticiero\/turismo\/13\/canatur-impulsara-creacion-de-aeropuerto-regional-de-nasca\/","og_locale":"es_ES","og_type":"article","og_title":"Canatur impulsar\u00e1 creaci\u00f3n de aeropuerto regional de Nasca","og_description":"Portal de noticias del Per\u00fa sobre el transporte a\u00e9reo, aviaci\u00f3n, turismo, hoteleria, actualidad.","og_url":"https:\/\/aeronoticias.com.pe\/noticiero\/turismo\/13\/canatur-impulsara-creacion-de-aeropuerto-regional-de-nasca\/","og_site_name":"Aeronoticias.com.pe","article_publisher":"https:\/\/www.facebook.com\/Aeronoticias.com.pe\/","article_published_time":"2015-08-10T19:02:04+00:00","author":"Redacci\u00f3n Aeronoticias","twitter_card":"summary_large_image","twitter_creator":"@aeronoticias","twitter_site":"@aeronoticias","twitter_misc":{"Escrito por":"Redacci\u00f3n Aeronoticias","Tiempo de lectura":"2 minutos"},"schema":{"@context":"https:\/\/schema.org","@graph":[{"@type":"WebPage","@id":"https:\/\/aeronoticias.com.pe\/noticiero\/turismo\/13\/canatur-impulsara-creacion-de-aeropuerto-regional-de-nasca\/","url":"https:\/\/aeronoticias.com.pe\/noticiero\/turismo\/13\/canatur-impulsara-creacion-de-aeropuerto-regional-de-nasca\/","name":"Canatur impulsar\u00e1 creaci\u00f3n de aeropuerto regional de Nasca","isPartOf":{"@id":"https:\/\/aeronoticias.com.pe\/noticiero\/#website"},"datePublished":"2015-08-10T19:02:04+00:00","author":{"@id":"https:\/\/aeronoticias.com.pe\/noticiero\/#\/schema\/person\/fc1e5d578f4b62ba1cf7ac2bba1170a0"},"description":"Portal de noticias del Per\u00fa sobre el transporte a\u00e9reo, aviaci\u00f3n, turismo, hoteleria, actualidad.","breadcrumb":{"@id":"https:\/\/aeronoticias.com.pe\/noticiero\/turismo\/13\/canatur-impulsara-creacion-de-aeropuerto-regional-de-nasca\/#breadcrumb"},"inLanguage":"es","potentialAction":[{"@type":"ReadAction","target":["https:\/\/aeronoticias.com.pe\/noticiero\/turismo\/13\/canatur-impulsara-creacion-de-aeropuerto-regional-de-nasca\/"]}]},{"@type":"BreadcrumbList","@id":"https:\/\/aeronoticias.com.pe\/noticiero\/turismo\/13\/canatur-impulsara-creacion-de-aeropuerto-regional-de-nasca\/#breadcrumb","itemListElement":[{"@type":"ListItem","position":1,"name":"Portada","item":"https:\/\/aeronoticias.com.pe\/noticiero\/"},{"@type":"ListItem","position":2,"name":"Canatur impulsar\u00e1 creaci\u00f3n de aeropuerto regional de Nasca"}]},{"@type":"WebSite","@id":"https:\/\/aeronoticias.com.pe\/noticiero\/#website","url":"https:\/\/aeronoticias.com.pe\/noticiero\/","name":"Aeronoticias.com.pe","description":"Noticias de tranporte aereo, turismo, hoteles, gastronomia, actualidad, internacional","potentialAction":[{"@type":"SearchAction","target":{"@type":"EntryPoint","urlTemplate":"https:\/\/aeronoticias.com.pe\/noticiero\/?s={search_term_string}"},"query-input":{"@type":"PropertyValueSpecification","valueRequired":true,"valueName":"search_term_string"}}],"inLanguage":"es"},{"@type":"Person","@id":"https:\/\/aeronoticias.com.pe\/noticiero\/#\/schema\/person\/fc1e5d578f4b62ba1cf7ac2bba1170a0","name":"Redacci\u00f3n Aeronoticias","url":"https:\/\/aeronoticias.com.pe\/noticiero\/author\/piloto\/"}]}},"_links":{"self":[{"href":"https:\/\/aeronoticias.com.pe\/noticiero\/wp-json\/wp\/v2\/posts\/53325","targetHints":{"allow":["GET"]}}],"collection":[{"href":"https:\/\/aeronoticias.com.pe\/noticiero\/wp-json\/wp\/v2\/posts"}],"about":[{"href":"https:\/\/aeronoticias.com.pe\/noticiero\/wp-json\/wp\/v2\/types\/post"}],"author":[{"embeddable":true,"href":"https:\/\/aeronoticias.com.pe\/noticiero\/wp-json\/wp\/v2\/users\/1"}],"replies":[{"embeddable":true,"href":"https:\/\/aeronoticias.com.pe\/noticiero\/wp-json\/wp\/v2\/comments?post=53325"}],"version-history":[{"count":0,"href":"https:\/\/aeronoticias.com.pe\/noticiero\/wp-json\/wp\/v2\/posts\/53325\/revisions"}],"wp:attachment":[{"href":"https:\/\/aeronoticias.com.pe\/noticiero\/wp-json\/wp\/v2\/media?parent=53325"}],"wp:term":[{"taxonomy":"category","embeddable":true,"href":"https:\/\/aeronoticias.com.pe\/noticiero\/wp-json\/wp\/v2\/categories?post=53325"},{"taxonomy":"post_tag","embeddable":true,"href":"https:\/\/aeronoticias.com.pe\/noticiero\/wp-json\/wp\/v2\/tags?post=53325"}],"curies":[{"name":"wp","href":"https:\/\/api.w.org\/{rel}","templated":true}]}}