{"id":53326,"date":"2015-08-10T19:35:57","date_gmt":"2015-08-10T19:35:57","guid":{"rendered":"http:\/\/desarrollo.mcvicious.com\/aero2020\/2015\/08\/10\/candidato-al-decanato-del-cal-julian-palacin-estuvo-en-el-cumpleanos-de-la-congresista-esther-saavedra-vela\/"},"modified":"2020-09-11T13:03:46","modified_gmt":"2020-09-11T13:03:46","slug":"candidato-al-decanato-del-cal-julian-palacin-estuvo-en-el-cumpleanos-de-la-congresista-esther-saavedra-vela","status":"publish","type":"post","link":"https:\/\/aeronoticias.com.pe\/noticiero\/politica\/candidato-al-decanato-del-cal-julian-palacin-estuvo-en-el-cumpleanos-de-la-congresista-esther-saavedra-vela\/","title":{"rendered":"Candidato al Decanato del CAL, Juli\u00e1n Palacin estuvo en el cumplea\u00f1os de la Congresista Esther Saavedra Vela"},"content":{"rendered":"<p style=\"text-align: justify;\"><strong>(Aeronoticias)<\/strong> Con la participaci\u00f3n de 200 personalidades de la pol\u00edtica, empresarios, miembros del Poder Ejecutivo, Legislativo y Judicial y agremiados del Ilustre Colegio de Abogados de Lima, el s\u00e1bado 08 de agosto de 2015 en el restaurante \u201cLa Isla del Paraiso\u201d se celebr\u00f3 el cumplea\u00f1os de la Congresista Esther Saavedra Vela, l\u00edder de la bancada Dignidad y Democracia del Congreso de la Rep\u00fablica del Per\u00fa.<\/p>\n<p style=\"text-align: justify;\"><span style=\"font-size: 12.1599998474121px; line-height: 1.3em;\">Entre los asistentes pudimos ver al Congresista Daniel Mora Zevallos, al Jefe de Protocolo del Congreso de la Rep\u00fablica, Fabian Salazar Olivares, al Embajador de Taiw\u00e1n Jaime Chin-Mu Wu y se\u00f1ora, al candidato al Decanato del CAL, Juli\u00e1n Palacin Fern\u00e1ndez, a la Directora de Comisiones y Consultas del CAL, Marlene Holguin y a los abogados Mart\u00edn Piaggio (novio de la Congresista) y Diana Raquel Amoretti Navarro, Dante Diaz Wong, entre otras personalidades.<\/span><\/p>\n<p style=\"text-align: justify;\"><span style=\"font-size: 12.1599998474121px; line-height: 1.3em;\">Los charros engalanaron con su m\u00fasica el cumplea\u00f1os y la sorpresa fue el coordinador de campa\u00f1a de Juli\u00e1n Palacin al Decanato del Ilustre Colegio de Abogados de Lima, Luis G\u00f3mez Mego, quien cant\u00f3 \u201cVolver volver\u201d, \u201cTe sigo amando\u201d y se la dedic\u00f3 por su onom\u00e1stico a la Congresista Saavedra, quien dijo \u201cel Decano Palacin vino con su cantante\u201d, muy emocionada.<\/span><\/p>\n<p style=\"text-align: justify;\"><span style=\"font-size: 12.1599998474121px; line-height: 1.3em;\">La homenajeada dijo unas palabras y en nombre de todos los invitados habl\u00f3 Juli\u00e1n Palacin Fern\u00e1ndez, quien expres\u00f3 que Esther Saavedra es la esencia y la existencia del valor de la mujer peruana que llega a la pol\u00edtica, necesitamos muchas Esther Saavedra para ser la grandeza del Per\u00fa, dijo Palacin.<\/span><\/p>\n<p style=\"text-align: justify;\"><span style=\"font-size: 12.1599998474121px; line-height: 1.3em;\">La nota emotiva la dio el Dr. Mart\u00edn Piaggio, quien dijo unas palabras muy profundas en honor a Esther Saavedra, luego de apagar las velitas en una noche inolvidable en donde los participantes de esta celebraci\u00f3n bailaron hasta las 4 de la ma\u00f1ana.<\/span><\/p>\n<p style=\"text-align: justify;\"><a href=\"https:\/\/www.youtube.com\/watch?v=Bqh5biORqYw\" target=\"_blank\" rel=\"noopener noreferrer\">VER VIDEO<\/a><\/p>\n<p style=\"text-align: justify;\"><span style=\"font-size: 12.1599998474121px; line-height: 1.3em;\"><img decoding=\"async\" src=\"images\/stories\/15\/08\/100815\/cumpleaossaavedra.jpg\" border=\"0\" \/><br \/><\/span><\/p>\n","protected":false},"excerpt":{"rendered":"<p>(Aeronoticias) Con la participaci\u00f3n de 200 personalidades de la pol\u00edtica, empresarios, miembros del Poder Ejecutivo, Legislativo y Judicial y agremiados del Ilustre Colegio de Abogados de Lima, el s\u00e1bado 08 de agosto de 2015 en el restaurante \u201cLa Isla del Paraiso\u201d se celebr\u00f3 el cumplea\u00f1os de la Congresista Esther Saavedra Vela, l\u00edder de la bancada [&hellip;]<\/p>\n","protected":false},"author":1,"featured_media":0,"comment_status":"open","ping_status":"open","sticky":false,"template":"","format":"standard","meta":{"tdm_status":"","tdm_grid_status":"","footnotes":""},"categories":[36],"tags":[],"class_list":{"0":"post-53326","1":"post","2":"type-post","3":"status-publish","4":"format-standard","6":"category-politica"},"yoast_head":"<!-- This site is optimized with the Yoast SEO plugin v25.1 - https:\/\/yoast.com\/wordpress\/plugins\/seo\/ -->\n<title>Candidato al Decanato del CAL, Juli\u00e1n Palacin estuvo en el cumplea\u00f1os de la Congresista Esther Saavedra Vela<\/title>\n<meta name=\"description\" content=\"Portal de noticias del Per\u00fa sobre el transporte a\u00e9reo, aviaci\u00f3n, turismo, hoteleria, actualidad.\" \/>\n<meta name=\"robots\" content=\"index, follow, max-snippet:-1, max-image-preview:large, max-video-preview:-1\" \/>\n<link rel=\"canonical\" href=\"https:\/\/aeronoticias.com.pe\/noticiero\/politica\/candidato-al-decanato-del-cal-julian-palacin-estuvo-en-el-cumpleanos-de-la-congresista-esther-saavedra-vela\/\" \/>\n<meta property=\"og:locale\" content=\"es_ES\" \/>\n<meta property=\"og:type\" content=\"article\" \/>\n<meta property=\"og:title\" content=\"Candidato al Decanato del CAL, Juli\u00e1n Palacin estuvo en el cumplea\u00f1os de la Congresista Esther Saavedra Vela\" \/>\n<meta property=\"og:description\" content=\"Portal de noticias del Per\u00fa sobre el transporte a\u00e9reo, aviaci\u00f3n, turismo, hoteleria, actualidad.\" \/>\n<meta property=\"og:url\" content=\"https:\/\/aeronoticias.com.pe\/noticiero\/politica\/candidato-al-decanato-del-cal-julian-palacin-estuvo-en-el-cumpleanos-de-la-congresista-esther-saavedra-vela\/\" \/>\n<meta property=\"og:site_name\" content=\"Aeronoticias.com.pe\" \/>\n<meta property=\"article:publisher\" content=\"https:\/\/www.facebook.com\/Aeronoticias.com.pe\/\" \/>\n<meta property=\"article:published_time\" content=\"2015-08-10T19:35:57+00:00\" \/>\n<meta property=\"article:modified_time\" content=\"2020-09-11T13:03:46+00:00\" \/>\n<meta name=\"author\" content=\"Redacci\u00f3n Aeronoticias\" \/>\n<meta name=\"twitter:card\" content=\"summary_large_image\" \/>\n<meta name=\"twitter:creator\" content=\"@aeronoticias\" \/>\n<meta name=\"twitter:site\" content=\"@aeronoticias\" \/>\n<meta name=\"twitter:label1\" content=\"Escrito por\" \/>\n\t<meta name=\"twitter:data1\" content=\"Redacci\u00f3n Aeronoticias\" \/>\n\t<meta name=\"twitter:label2\" content=\"Tiempo de lectura\" \/>\n\t<meta name=\"twitter:data2\" content=\"2 minutos\" \/>\n<script type=\"application\/ld+json\" class=\"yoast-schema-graph\">{\"@context\":\"https:\/\/schema.org\",\"@graph\":[{\"@type\":\"WebPage\",\"@id\":\"https:\/\/aeronoticias.com.pe\/noticiero\/politica\/candidato-al-decanato-del-cal-julian-palacin-estuvo-en-el-cumpleanos-de-la-congresista-esther-saavedra-vela\/\",\"url\":\"https:\/\/aeronoticias.com.pe\/noticiero\/politica\/candidato-al-decanato-del-cal-julian-palacin-estuvo-en-el-cumpleanos-de-la-congresista-esther-saavedra-vela\/\",\"name\":\"Candidato al Decanato del CAL, Juli\u00e1n Palacin estuvo en el cumplea\u00f1os de la Congresista Esther Saavedra Vela\",\"isPartOf\":{\"@id\":\"https:\/\/aeronoticias.com.pe\/noticiero\/#website\"},\"datePublished\":\"2015-08-10T19:35:57+00:00\",\"dateModified\":\"2020-09-11T13:03:46+00:00\",\"author\":{\"@id\":\"https:\/\/aeronoticias.com.pe\/noticiero\/#\/schema\/person\/fc1e5d578f4b62ba1cf7ac2bba1170a0\"},\"description\":\"Portal de noticias del Per\u00fa sobre el transporte a\u00e9reo, aviaci\u00f3n, turismo, hoteleria, actualidad.\",\"breadcrumb\":{\"@id\":\"https:\/\/aeronoticias.com.pe\/noticiero\/politica\/candidato-al-decanato-del-cal-julian-palacin-estuvo-en-el-cumpleanos-de-la-congresista-esther-saavedra-vela\/#breadcrumb\"},\"inLanguage\":\"es\",\"potentialAction\":[{\"@type\":\"ReadAction\",\"target\":[\"https:\/\/aeronoticias.com.pe\/noticiero\/politica\/candidato-al-decanato-del-cal-julian-palacin-estuvo-en-el-cumpleanos-de-la-congresista-esther-saavedra-vela\/\"]}]},{\"@type\":\"BreadcrumbList\",\"@id\":\"https:\/\/aeronoticias.com.pe\/noticiero\/politica\/candidato-al-decanato-del-cal-julian-palacin-estuvo-en-el-cumpleanos-de-la-congresista-esther-saavedra-vela\/#breadcrumb\",\"itemListElement\":[{\"@type\":\"ListItem\",\"position\":1,\"name\":\"Portada\",\"item\":\"https:\/\/aeronoticias.com.pe\/noticiero\/\"},{\"@type\":\"ListItem\",\"position\":2,\"name\":\"Candidato al Decanato del CAL, Juli\u00e1n Palacin estuvo en el cumplea\u00f1os de la Congresista Esther Saavedra Vela\"}]},{\"@type\":\"WebSite\",\"@id\":\"https:\/\/aeronoticias.com.pe\/noticiero\/#website\",\"url\":\"https:\/\/aeronoticias.com.pe\/noticiero\/\",\"name\":\"Aeronoticias.com.pe\",\"description\":\"Noticias de tranporte aereo, turismo, hoteles, gastronomia, actualidad, internacional\",\"potentialAction\":[{\"@type\":\"SearchAction\",\"target\":{\"@type\":\"EntryPoint\",\"urlTemplate\":\"https:\/\/aeronoticias.com.pe\/noticiero\/?s={search_term_string}\"},\"query-input\":{\"@type\":\"PropertyValueSpecification\",\"valueRequired\":true,\"valueName\":\"search_term_string\"}}],\"inLanguage\":\"es\"},{\"@type\":\"Person\",\"@id\":\"https:\/\/aeronoticias.com.pe\/noticiero\/#\/schema\/person\/fc1e5d578f4b62ba1cf7ac2bba1170a0\",\"name\":\"Redacci\u00f3n Aeronoticias\",\"url\":\"https:\/\/aeronoticias.com.pe\/noticiero\/author\/piloto\/\"}]}<\/script>\n<!-- \/ Yoast SEO plugin. -->","yoast_head_json":{"title":"Candidato al Decanato del CAL, Juli\u00e1n Palacin estuvo en el cumplea\u00f1os de la Congresista Esther Saavedra Vela","description":"Portal de noticias del Per\u00fa sobre el transporte a\u00e9reo, aviaci\u00f3n, turismo, hoteleria, actualidad.","robots":{"index":"index","follow":"follow","max-snippet":"max-snippet:-1","max-image-preview":"max-image-preview:large","max-video-preview":"max-video-preview:-1"},"canonical":"https:\/\/aeronoticias.com.pe\/noticiero\/politica\/candidato-al-decanato-del-cal-julian-palacin-estuvo-en-el-cumpleanos-de-la-congresista-esther-saavedra-vela\/","og_locale":"es_ES","og_type":"article","og_title":"Candidato al Decanato del CAL, Juli\u00e1n Palacin estuvo en el cumplea\u00f1os de la Congresista Esther Saavedra Vela","og_description":"Portal de noticias del Per\u00fa sobre el transporte a\u00e9reo, aviaci\u00f3n, turismo, hoteleria, actualidad.","og_url":"https:\/\/aeronoticias.com.pe\/noticiero\/politica\/candidato-al-decanato-del-cal-julian-palacin-estuvo-en-el-cumpleanos-de-la-congresista-esther-saavedra-vela\/","og_site_name":"Aeronoticias.com.pe","article_publisher":"https:\/\/www.facebook.com\/Aeronoticias.com.pe\/","article_published_time":"2015-08-10T19:35:57+00:00","article_modified_time":"2020-09-11T13:03:46+00:00","author":"Redacci\u00f3n Aeronoticias","twitter_card":"summary_large_image","twitter_creator":"@aeronoticias","twitter_site":"@aeronoticias","twitter_misc":{"Escrito por":"Redacci\u00f3n Aeronoticias","Tiempo de lectura":"2 minutos"},"schema":{"@context":"https:\/\/schema.org","@graph":[{"@type":"WebPage","@id":"https:\/\/aeronoticias.com.pe\/noticiero\/politica\/candidato-al-decanato-del-cal-julian-palacin-estuvo-en-el-cumpleanos-de-la-congresista-esther-saavedra-vela\/","url":"https:\/\/aeronoticias.com.pe\/noticiero\/politica\/candidato-al-decanato-del-cal-julian-palacin-estuvo-en-el-cumpleanos-de-la-congresista-esther-saavedra-vela\/","name":"Candidato al Decanato del CAL, Juli\u00e1n Palacin estuvo en el cumplea\u00f1os de la Congresista Esther Saavedra Vela","isPartOf":{"@id":"https:\/\/aeronoticias.com.pe\/noticiero\/#website"},"datePublished":"2015-08-10T19:35:57+00:00","dateModified":"2020-09-11T13:03:46+00:00","author":{"@id":"https:\/\/aeronoticias.com.pe\/noticiero\/#\/schema\/person\/fc1e5d578f4b62ba1cf7ac2bba1170a0"},"description":"Portal de noticias del Per\u00fa sobre el transporte a\u00e9reo, aviaci\u00f3n, turismo, hoteleria, actualidad.","breadcrumb":{"@id":"https:\/\/aeronoticias.com.pe\/noticiero\/politica\/candidato-al-decanato-del-cal-julian-palacin-estuvo-en-el-cumpleanos-de-la-congresista-esther-saavedra-vela\/#breadcrumb"},"inLanguage":"es","potentialAction":[{"@type":"ReadAction","target":["https:\/\/aeronoticias.com.pe\/noticiero\/politica\/candidato-al-decanato-del-cal-julian-palacin-estuvo-en-el-cumpleanos-de-la-congresista-esther-saavedra-vela\/"]}]},{"@type":"BreadcrumbList","@id":"https:\/\/aeronoticias.com.pe\/noticiero\/politica\/candidato-al-decanato-del-cal-julian-palacin-estuvo-en-el-cumpleanos-de-la-congresista-esther-saavedra-vela\/#breadcrumb","itemListElement":[{"@type":"ListItem","position":1,"name":"Portada","item":"https:\/\/aeronoticias.com.pe\/noticiero\/"},{"@type":"ListItem","position":2,"name":"Candidato al Decanato del CAL, Juli\u00e1n Palacin estuvo en el cumplea\u00f1os de la Congresista Esther Saavedra Vela"}]},{"@type":"WebSite","@id":"https:\/\/aeronoticias.com.pe\/noticiero\/#website","url":"https:\/\/aeronoticias.com.pe\/noticiero\/","name":"Aeronoticias.com.pe","description":"Noticias de tranporte aereo, turismo, hoteles, gastronomia, actualidad, internacional","potentialAction":[{"@type":"SearchAction","target":{"@type":"EntryPoint","urlTemplate":"https:\/\/aeronoticias.com.pe\/noticiero\/?s={search_term_string}"},"query-input":{"@type":"PropertyValueSpecification","valueRequired":true,"valueName":"search_term_string"}}],"inLanguage":"es"},{"@type":"Person","@id":"https:\/\/aeronoticias.com.pe\/noticiero\/#\/schema\/person\/fc1e5d578f4b62ba1cf7ac2bba1170a0","name":"Redacci\u00f3n Aeronoticias","url":"https:\/\/aeronoticias.com.pe\/noticiero\/author\/piloto\/"}]}},"_links":{"self":[{"href":"https:\/\/aeronoticias.com.pe\/noticiero\/wp-json\/wp\/v2\/posts\/53326","targetHints":{"allow":["GET"]}}],"collection":[{"href":"https:\/\/aeronoticias.com.pe\/noticiero\/wp-json\/wp\/v2\/posts"}],"about":[{"href":"https:\/\/aeronoticias.com.pe\/noticiero\/wp-json\/wp\/v2\/types\/post"}],"author":[{"embeddable":true,"href":"https:\/\/aeronoticias.com.pe\/noticiero\/wp-json\/wp\/v2\/users\/1"}],"replies":[{"embeddable":true,"href":"https:\/\/aeronoticias.com.pe\/noticiero\/wp-json\/wp\/v2\/comments?post=53326"}],"version-history":[{"count":0,"href":"https:\/\/aeronoticias.com.pe\/noticiero\/wp-json\/wp\/v2\/posts\/53326\/revisions"}],"wp:attachment":[{"href":"https:\/\/aeronoticias.com.pe\/noticiero\/wp-json\/wp\/v2\/media?parent=53326"}],"wp:term":[{"taxonomy":"category","embeddable":true,"href":"https:\/\/aeronoticias.com.pe\/noticiero\/wp-json\/wp\/v2\/categories?post=53326"},{"taxonomy":"post_tag","embeddable":true,"href":"https:\/\/aeronoticias.com.pe\/noticiero\/wp-json\/wp\/v2\/tags?post=53326"}],"curies":[{"name":"wp","href":"https:\/\/api.w.org\/{rel}","templated":true}]}}