{"id":53331,"date":"2015-08-11T06:42:24","date_gmt":"2015-08-11T06:42:24","guid":{"rendered":"http:\/\/desarrollo.mcvicious.com\/aero2020\/2015\/08\/11\/caritas-chile-brinda-apoyo-a-damnificados-tras-fuerte-temporal\/"},"modified":"2015-08-11T06:42:24","modified_gmt":"2015-08-11T06:42:24","slug":"caritas-chile-brinda-apoyo-a-damnificados-tras-fuerte-temporal","status":"publish","type":"post","link":"https:\/\/aeronoticias.com.pe\/noticiero\/mundo\/mundo-mundo-2\/caritas-chile-brinda-apoyo-a-damnificados-tras-fuerte-temporal\/","title":{"rendered":"C\u00e1ritas Chile brinda apoyo a damnificados tras fuerte temporal"},"content":{"rendered":"<p style=\"text-align: justify;\"><strong>(Aeronoticias)<\/strong>.-\u00a0Los equipos diocesanos centro y norte de la Red C\u00e1ritas Chile trabajan activamente tras el fuerte temporal que ha afectado a ocho regiones del pa\u00eds dejando a miles de damnificados.<\/p>\n<p style=\"text-align: justify;\">El temporal ha dejado hasta hoy unos 6500 damnificados, 7 fallecidos y 98 mil personas sin energ\u00eda el\u00e9ctrica en Chile; como consecuencia de fuertes marejadas, anegamientos, desbordes de r\u00edos aluviones y cortes de ruta.<\/p>\n<p style=\"text-align: justify;\">La gravedad de la situaci\u00f3n ha llevado que la Red C\u00e1ritas de Valpara\u00edso, Copiap\u00f3, Calama e Iquique iniciaran el apoyo humanitario que contempla la recolecci\u00f3n de alimentos, material para cubrir y reparar techos; y frazadas para las familias damnificadas.<\/p>\n<p style=\"text-align: justify;\">La decisi\u00f3n se tom\u00f3 tras la coordinaci\u00f3n del equipo de Emergencias de C\u00e1ritas Chile con las autoridades del pa\u00eds, Oficina Nacional de Emergencias del Ministerio del Interior (ONEMI), la Red de Ayuda Humanitaria de Chile (RAHCH) y organizaciones de la sociedad civil.<\/p>\n<p style=\"text-align: justify;\">La Pastoral Social C\u00e1ritas La Serena, en el norte del pa\u00eds, anunci\u00f3 una campa\u00f1a para reunir alimentos y art\u00edculos de aseo en todas las parroquias de las provincias de Elqui y Limar\u00ed para ser entregadas el pr\u00f3ximo domingo 16.<\/p>\n<p style=\"text-align: justify;\">El Arzobispo de La Serena, Mons. Ren\u00e9 Rebolledo y diversos sacerdotes de las provincias mencionadas est\u00e1n colaborando y rezando con los afectados.<\/p>\n<p style=\"text-align: justify;\">\u201cNo se desanimen, el Se\u00f1or est\u00e1 siempre con nosotros; no les faltar\u00e1 igualmente el apoyo de tantos hermanos, tambi\u00e9n el de sus pastores, los hermanos sacerdotes que presiden las comunidades\u201d, dijo el Arzobispo en una carta a los pescadores afectados por el temporal.<\/p>\n<p style=\"text-align: justify;\">Adem\u00e1s, la parroquia Nuestra Se\u00f1ora de la Paz, ubicada en Iquique, se habilit\u00f3 como albergue para acoger a personas afectadas y recibir art\u00edculos de primera necesidad.<\/p>\n<p style=\"text-align: justify;\">C\u00e1ritas Chile inform\u00f3 a ACI Prensa que se est\u00e1 evaluando la posibilidad de hacer una campa\u00f1a nacional para colaborar con los afectados.<\/p>\n<p style=\"text-align: justify;\">En marzo de este a\u00f1o las regiones de Antofagasta, Atacama y Coquimbo resultaron afectadas por un temporal que dej\u00f3 a miles de damnificados. Tambi\u00e9n, en abril de 2014, familias de la Regi\u00f3n de Valpara\u00edso perdieron sus casas a ra\u00edz de un voraz incendio en los cerros Mesana y Nuevo Amanecer.<\/p>\n<p style=\"text-align: justify;\">Fuente: <span style=\"text-decoration: underline;\"><em><strong>AciPrensa<\/strong><\/em><\/span>.<\/p>\n<p style=\"text-align: justify;\"><img decoding=\"async\" src=\"https:\/\/www.aciprensa.com\/imagespp\/size680\/TemporalChile_TwitterEarthNews_100815.jpg\" border=\"0\" alt=\"Cr\u00e9dito de foto: Twitter - Earth News\" \/><\/p>\n","protected":false},"excerpt":{"rendered":"<p>(Aeronoticias).-\u00a0Los equipos diocesanos centro y norte de la Red C\u00e1ritas Chile trabajan activamente tras el fuerte temporal que ha afectado a ocho regiones del pa\u00eds dejando a miles de damnificados. El temporal ha dejado hasta hoy unos 6500 damnificados, 7 fallecidos y 98 mil personas sin energ\u00eda el\u00e9ctrica en Chile; como consecuencia de fuertes marejadas, [&hellip;]<\/p>\n","protected":false},"author":1,"featured_media":0,"comment_status":"open","ping_status":"open","sticky":false,"template":"","format":"standard","meta":{"tdm_status":"","tdm_grid_status":"","footnotes":""},"categories":[65],"tags":[],"class_list":{"0":"post-53331","1":"post","2":"type-post","3":"status-publish","4":"format-standard","6":"category-mundo-mundo-2"},"yoast_head":"<!-- This site is optimized with the Yoast SEO plugin v25.1 - https:\/\/yoast.com\/wordpress\/plugins\/seo\/ -->\n<title>C\u00e1ritas Chile brinda apoyo a damnificados tras fuerte temporal<\/title>\n<meta name=\"description\" content=\"Portal de noticias del Per\u00fa sobre el transporte a\u00e9reo, aviaci\u00f3n, turismo, hoteleria, actualidad.\" \/>\n<meta name=\"robots\" content=\"index, follow, max-snippet:-1, max-image-preview:large, max-video-preview:-1\" \/>\n<link rel=\"canonical\" href=\"https:\/\/aeronoticias.com.pe\/noticiero\/mundo\/mundo-mundo-2\/caritas-chile-brinda-apoyo-a-damnificados-tras-fuerte-temporal\/\" \/>\n<meta property=\"og:locale\" content=\"es_ES\" \/>\n<meta property=\"og:type\" content=\"article\" \/>\n<meta property=\"og:title\" content=\"C\u00e1ritas Chile brinda apoyo a damnificados tras fuerte temporal\" \/>\n<meta property=\"og:description\" content=\"Portal de noticias del Per\u00fa sobre el transporte a\u00e9reo, aviaci\u00f3n, turismo, hoteleria, actualidad.\" \/>\n<meta property=\"og:url\" content=\"https:\/\/aeronoticias.com.pe\/noticiero\/mundo\/mundo-mundo-2\/caritas-chile-brinda-apoyo-a-damnificados-tras-fuerte-temporal\/\" \/>\n<meta property=\"og:site_name\" content=\"Aeronoticias.com.pe\" \/>\n<meta property=\"article:publisher\" content=\"https:\/\/www.facebook.com\/Aeronoticias.com.pe\/\" \/>\n<meta property=\"article:published_time\" content=\"2015-08-11T06:42:24+00:00\" \/>\n<meta property=\"og:image\" content=\"https:\/\/www.aciprensa.com\/imagespp\/size680\/TemporalChile_TwitterEarthNews_100815.jpg\" \/>\n<meta name=\"author\" content=\"Redacci\u00f3n Aeronoticias\" \/>\n<meta name=\"twitter:card\" content=\"summary_large_image\" \/>\n<meta name=\"twitter:creator\" content=\"@aeronoticias\" \/>\n<meta name=\"twitter:site\" content=\"@aeronoticias\" \/>\n<meta name=\"twitter:label1\" content=\"Escrito por\" \/>\n\t<meta name=\"twitter:data1\" content=\"Redacci\u00f3n Aeronoticias\" \/>\n\t<meta name=\"twitter:label2\" content=\"Tiempo de lectura\" \/>\n\t<meta name=\"twitter:data2\" content=\"2 minutos\" \/>\n<script type=\"application\/ld+json\" class=\"yoast-schema-graph\">{\"@context\":\"https:\/\/schema.org\",\"@graph\":[{\"@type\":\"WebPage\",\"@id\":\"https:\/\/aeronoticias.com.pe\/noticiero\/mundo\/mundo-mundo-2\/caritas-chile-brinda-apoyo-a-damnificados-tras-fuerte-temporal\/\",\"url\":\"https:\/\/aeronoticias.com.pe\/noticiero\/mundo\/mundo-mundo-2\/caritas-chile-brinda-apoyo-a-damnificados-tras-fuerte-temporal\/\",\"name\":\"C\u00e1ritas Chile brinda apoyo a damnificados tras fuerte temporal\",\"isPartOf\":{\"@id\":\"https:\/\/aeronoticias.com.pe\/noticiero\/#website\"},\"primaryImageOfPage\":{\"@id\":\"https:\/\/aeronoticias.com.pe\/noticiero\/mundo\/mundo-mundo-2\/caritas-chile-brinda-apoyo-a-damnificados-tras-fuerte-temporal\/#primaryimage\"},\"image\":{\"@id\":\"https:\/\/aeronoticias.com.pe\/noticiero\/mundo\/mundo-mundo-2\/caritas-chile-brinda-apoyo-a-damnificados-tras-fuerte-temporal\/#primaryimage\"},\"thumbnailUrl\":\"https:\/\/www.aciprensa.com\/imagespp\/size680\/TemporalChile_TwitterEarthNews_100815.jpg\",\"datePublished\":\"2015-08-11T06:42:24+00:00\",\"author\":{\"@id\":\"https:\/\/aeronoticias.com.pe\/noticiero\/#\/schema\/person\/fc1e5d578f4b62ba1cf7ac2bba1170a0\"},\"description\":\"Portal de noticias del Per\u00fa sobre el transporte a\u00e9reo, aviaci\u00f3n, turismo, hoteleria, actualidad.\",\"breadcrumb\":{\"@id\":\"https:\/\/aeronoticias.com.pe\/noticiero\/mundo\/mundo-mundo-2\/caritas-chile-brinda-apoyo-a-damnificados-tras-fuerte-temporal\/#breadcrumb\"},\"inLanguage\":\"es\",\"potentialAction\":[{\"@type\":\"ReadAction\",\"target\":[\"https:\/\/aeronoticias.com.pe\/noticiero\/mundo\/mundo-mundo-2\/caritas-chile-brinda-apoyo-a-damnificados-tras-fuerte-temporal\/\"]}]},{\"@type\":\"ImageObject\",\"inLanguage\":\"es\",\"@id\":\"https:\/\/aeronoticias.com.pe\/noticiero\/mundo\/mundo-mundo-2\/caritas-chile-brinda-apoyo-a-damnificados-tras-fuerte-temporal\/#primaryimage\",\"url\":\"https:\/\/www.aciprensa.com\/imagespp\/size680\/TemporalChile_TwitterEarthNews_100815.jpg\",\"contentUrl\":\"https:\/\/www.aciprensa.com\/imagespp\/size680\/TemporalChile_TwitterEarthNews_100815.jpg\"},{\"@type\":\"BreadcrumbList\",\"@id\":\"https:\/\/aeronoticias.com.pe\/noticiero\/mundo\/mundo-mundo-2\/caritas-chile-brinda-apoyo-a-damnificados-tras-fuerte-temporal\/#breadcrumb\",\"itemListElement\":[{\"@type\":\"ListItem\",\"position\":1,\"name\":\"Portada\",\"item\":\"https:\/\/aeronoticias.com.pe\/noticiero\/\"},{\"@type\":\"ListItem\",\"position\":2,\"name\":\"C\u00e1ritas Chile brinda apoyo a damnificados tras fuerte temporal\"}]},{\"@type\":\"WebSite\",\"@id\":\"https:\/\/aeronoticias.com.pe\/noticiero\/#website\",\"url\":\"https:\/\/aeronoticias.com.pe\/noticiero\/\",\"name\":\"Aeronoticias.com.pe\",\"description\":\"Noticias de tranporte aereo, turismo, hoteles, gastronomia, actualidad, internacional\",\"potentialAction\":[{\"@type\":\"SearchAction\",\"target\":{\"@type\":\"EntryPoint\",\"urlTemplate\":\"https:\/\/aeronoticias.com.pe\/noticiero\/?s={search_term_string}\"},\"query-input\":{\"@type\":\"PropertyValueSpecification\",\"valueRequired\":true,\"valueName\":\"search_term_string\"}}],\"inLanguage\":\"es\"},{\"@type\":\"Person\",\"@id\":\"https:\/\/aeronoticias.com.pe\/noticiero\/#\/schema\/person\/fc1e5d578f4b62ba1cf7ac2bba1170a0\",\"name\":\"Redacci\u00f3n Aeronoticias\",\"url\":\"https:\/\/aeronoticias.com.pe\/noticiero\/author\/piloto\/\"}]}<\/script>\n<!-- \/ Yoast SEO plugin. -->","yoast_head_json":{"title":"C\u00e1ritas Chile brinda apoyo a damnificados tras fuerte temporal","description":"Portal de noticias del Per\u00fa sobre el transporte a\u00e9reo, aviaci\u00f3n, turismo, hoteleria, actualidad.","robots":{"index":"index","follow":"follow","max-snippet":"max-snippet:-1","max-image-preview":"max-image-preview:large","max-video-preview":"max-video-preview:-1"},"canonical":"https:\/\/aeronoticias.com.pe\/noticiero\/mundo\/mundo-mundo-2\/caritas-chile-brinda-apoyo-a-damnificados-tras-fuerte-temporal\/","og_locale":"es_ES","og_type":"article","og_title":"C\u00e1ritas Chile brinda apoyo a damnificados tras fuerte temporal","og_description":"Portal de noticias del Per\u00fa sobre el transporte a\u00e9reo, aviaci\u00f3n, turismo, hoteleria, actualidad.","og_url":"https:\/\/aeronoticias.com.pe\/noticiero\/mundo\/mundo-mundo-2\/caritas-chile-brinda-apoyo-a-damnificados-tras-fuerte-temporal\/","og_site_name":"Aeronoticias.com.pe","article_publisher":"https:\/\/www.facebook.com\/Aeronoticias.com.pe\/","article_published_time":"2015-08-11T06:42:24+00:00","og_image":[{"url":"https:\/\/www.aciprensa.com\/imagespp\/size680\/TemporalChile_TwitterEarthNews_100815.jpg","type":"","width":"","height":""}],"author":"Redacci\u00f3n Aeronoticias","twitter_card":"summary_large_image","twitter_creator":"@aeronoticias","twitter_site":"@aeronoticias","twitter_misc":{"Escrito por":"Redacci\u00f3n Aeronoticias","Tiempo de lectura":"2 minutos"},"schema":{"@context":"https:\/\/schema.org","@graph":[{"@type":"WebPage","@id":"https:\/\/aeronoticias.com.pe\/noticiero\/mundo\/mundo-mundo-2\/caritas-chile-brinda-apoyo-a-damnificados-tras-fuerte-temporal\/","url":"https:\/\/aeronoticias.com.pe\/noticiero\/mundo\/mundo-mundo-2\/caritas-chile-brinda-apoyo-a-damnificados-tras-fuerte-temporal\/","name":"C\u00e1ritas Chile brinda apoyo a damnificados tras fuerte temporal","isPartOf":{"@id":"https:\/\/aeronoticias.com.pe\/noticiero\/#website"},"primaryImageOfPage":{"@id":"https:\/\/aeronoticias.com.pe\/noticiero\/mundo\/mundo-mundo-2\/caritas-chile-brinda-apoyo-a-damnificados-tras-fuerte-temporal\/#primaryimage"},"image":{"@id":"https:\/\/aeronoticias.com.pe\/noticiero\/mundo\/mundo-mundo-2\/caritas-chile-brinda-apoyo-a-damnificados-tras-fuerte-temporal\/#primaryimage"},"thumbnailUrl":"https:\/\/www.aciprensa.com\/imagespp\/size680\/TemporalChile_TwitterEarthNews_100815.jpg","datePublished":"2015-08-11T06:42:24+00:00","author":{"@id":"https:\/\/aeronoticias.com.pe\/noticiero\/#\/schema\/person\/fc1e5d578f4b62ba1cf7ac2bba1170a0"},"description":"Portal de noticias del Per\u00fa sobre el transporte a\u00e9reo, aviaci\u00f3n, turismo, hoteleria, actualidad.","breadcrumb":{"@id":"https:\/\/aeronoticias.com.pe\/noticiero\/mundo\/mundo-mundo-2\/caritas-chile-brinda-apoyo-a-damnificados-tras-fuerte-temporal\/#breadcrumb"},"inLanguage":"es","potentialAction":[{"@type":"ReadAction","target":["https:\/\/aeronoticias.com.pe\/noticiero\/mundo\/mundo-mundo-2\/caritas-chile-brinda-apoyo-a-damnificados-tras-fuerte-temporal\/"]}]},{"@type":"ImageObject","inLanguage":"es","@id":"https:\/\/aeronoticias.com.pe\/noticiero\/mundo\/mundo-mundo-2\/caritas-chile-brinda-apoyo-a-damnificados-tras-fuerte-temporal\/#primaryimage","url":"https:\/\/www.aciprensa.com\/imagespp\/size680\/TemporalChile_TwitterEarthNews_100815.jpg","contentUrl":"https:\/\/www.aciprensa.com\/imagespp\/size680\/TemporalChile_TwitterEarthNews_100815.jpg"},{"@type":"BreadcrumbList","@id":"https:\/\/aeronoticias.com.pe\/noticiero\/mundo\/mundo-mundo-2\/caritas-chile-brinda-apoyo-a-damnificados-tras-fuerte-temporal\/#breadcrumb","itemListElement":[{"@type":"ListItem","position":1,"name":"Portada","item":"https:\/\/aeronoticias.com.pe\/noticiero\/"},{"@type":"ListItem","position":2,"name":"C\u00e1ritas Chile brinda apoyo a damnificados tras fuerte temporal"}]},{"@type":"WebSite","@id":"https:\/\/aeronoticias.com.pe\/noticiero\/#website","url":"https:\/\/aeronoticias.com.pe\/noticiero\/","name":"Aeronoticias.com.pe","description":"Noticias de tranporte aereo, turismo, hoteles, gastronomia, actualidad, internacional","potentialAction":[{"@type":"SearchAction","target":{"@type":"EntryPoint","urlTemplate":"https:\/\/aeronoticias.com.pe\/noticiero\/?s={search_term_string}"},"query-input":{"@type":"PropertyValueSpecification","valueRequired":true,"valueName":"search_term_string"}}],"inLanguage":"es"},{"@type":"Person","@id":"https:\/\/aeronoticias.com.pe\/noticiero\/#\/schema\/person\/fc1e5d578f4b62ba1cf7ac2bba1170a0","name":"Redacci\u00f3n Aeronoticias","url":"https:\/\/aeronoticias.com.pe\/noticiero\/author\/piloto\/"}]}},"_links":{"self":[{"href":"https:\/\/aeronoticias.com.pe\/noticiero\/wp-json\/wp\/v2\/posts\/53331","targetHints":{"allow":["GET"]}}],"collection":[{"href":"https:\/\/aeronoticias.com.pe\/noticiero\/wp-json\/wp\/v2\/posts"}],"about":[{"href":"https:\/\/aeronoticias.com.pe\/noticiero\/wp-json\/wp\/v2\/types\/post"}],"author":[{"embeddable":true,"href":"https:\/\/aeronoticias.com.pe\/noticiero\/wp-json\/wp\/v2\/users\/1"}],"replies":[{"embeddable":true,"href":"https:\/\/aeronoticias.com.pe\/noticiero\/wp-json\/wp\/v2\/comments?post=53331"}],"version-history":[{"count":0,"href":"https:\/\/aeronoticias.com.pe\/noticiero\/wp-json\/wp\/v2\/posts\/53331\/revisions"}],"wp:attachment":[{"href":"https:\/\/aeronoticias.com.pe\/noticiero\/wp-json\/wp\/v2\/media?parent=53331"}],"wp:term":[{"taxonomy":"category","embeddable":true,"href":"https:\/\/aeronoticias.com.pe\/noticiero\/wp-json\/wp\/v2\/categories?post=53331"},{"taxonomy":"post_tag","embeddable":true,"href":"https:\/\/aeronoticias.com.pe\/noticiero\/wp-json\/wp\/v2\/tags?post=53331"}],"curies":[{"name":"wp","href":"https:\/\/api.w.org\/{rel}","templated":true}]}}