{"id":53343,"date":"2015-08-12T04:59:24","date_gmt":"2015-08-12T04:59:24","guid":{"rendered":"http:\/\/desarrollo.mcvicious.com\/aero2020\/2015\/08\/12\/royal-air-maroc-volara-entre-rabat-y-madrid-a-partir-de-octubre\/"},"modified":"2015-08-12T04:59:24","modified_gmt":"2015-08-12T04:59:24","slug":"royal-air-maroc-volara-entre-rabat-y-madrid-a-partir-de-octubre","status":"publish","type":"post","link":"https:\/\/aeronoticias.com.pe\/noticiero\/transporte-aereo\/internacional\/royal-air-maroc-volara-entre-rabat-y-madrid-a-partir-de-octubre\/","title":{"rendered":"Royal Air Maroc volar\u00e1 entre Rabat y Madrid a partir de octubre"},"content":{"rendered":"<p style=\"text-align: justify;\"><strong>(Aeronoticias)<\/strong>.-\u00a0<span style=\"font-size: 12.1599998474121px; line-height: 1.3em;\">La aerol\u00ednea marroqu\u00ed Royal Air Maroc volar\u00e1 entre Rabat y Madrid, con una frecuencia de tres veces por semana (lunes, mi\u00e9rcoles y viernes), a partir del 26 de octubre, seg\u00fan anunci\u00f3 en un comunicado emitido hoy.<\/span><\/p>\n<p style=\"text-align: justify;\">Junto a esta l\u00ednea, abrir\u00e1 adem\u00e1s otras tres entre la capital marroqu\u00ed y Londres, Bruselas y Marsella, tambi\u00e9n en estos casos con frecuencia de tres veces por semana.<\/p>\n<p style=\"text-align: justify;\">La l\u00ednea Rabat-Madrid ya fue abierta por Iberia en 2011, pero no result\u00f3 rentable y termin\u00f3 cerrando; el relevo fue tomado en el verano de 2013 por Ryanair, que vuela tres veces por semana con aviones casi siempre llenos.<\/p>\n<p style=\"text-align: justify;\">Royal Air Maroc, que no ha desvelado cu\u00e1l ser\u00e1 su pol\u00edtica de precios, considera que con estas nuevas l\u00edneas \u00abofrece un producto de calidad en relaci\u00f3n con la oferta de la competencia\u00bb<\/p>\n<p style=\"text-align: justify;\">El Aeropuerto de Rabat, recientemente remodelado, se encuentra a solo 15 minutos del centro de la capital y supone un gran atractivo para la numerosa comunidad extranjera residente, que en muchos casos debe desplazarse al Aeropuerto de Casablanca (distante 1 hora y media) para sus conexiones con Euoropa, Asia y Am\u00e9rica.<\/p>\n<p style=\"text-align: justify;\">Fuente: <span style=\"text-decoration: underline;\"><em><strong>Aviaci\u00f3n al d\u00eda<\/strong><\/em><\/span>.<\/p>\n<p style=\"text-align: justify;\"><img decoding=\"async\" src=\"http:\/\/4.bp.blogspot.com\/-4TUCG4NsMt0\/VcpcKeSFPWI\/AAAAAAAApQw\/6f_T47NUD78\/s1600\/Royal%2BAir%2BMaroc.png\" border=\"0\" \/><\/p>\n","protected":false},"excerpt":{"rendered":"<p>(Aeronoticias).-\u00a0La aerol\u00ednea marroqu\u00ed Royal Air Maroc volar\u00e1 entre Rabat y Madrid, con una frecuencia de tres veces por semana (lunes, mi\u00e9rcoles y viernes), a partir del 26 de octubre, seg\u00fan anunci\u00f3 en un comunicado emitido hoy. Junto a esta l\u00ednea, abrir\u00e1 adem\u00e1s otras tres entre la capital marroqu\u00ed y Londres, Bruselas y Marsella, tambi\u00e9n en [&hellip;]<\/p>\n","protected":false},"author":1,"featured_media":0,"comment_status":"open","ping_status":"open","sticky":false,"template":"","format":"standard","meta":{"tdm_status":"","tdm_grid_status":"","footnotes":""},"categories":[32],"tags":[],"class_list":{"0":"post-53343","1":"post","2":"type-post","3":"status-publish","4":"format-standard","6":"category-internacional"},"yoast_head":"<!-- This site is optimized with the Yoast SEO plugin v25.1 - https:\/\/yoast.com\/wordpress\/plugins\/seo\/ -->\n<title>Royal Air Maroc volar\u00e1 entre Rabat y Madrid a partir de octubre<\/title>\n<meta name=\"description\" content=\"Portal de noticias del Per\u00fa sobre el transporte a\u00e9reo, aviaci\u00f3n, turismo, hoteleria, actualidad.\" \/>\n<meta name=\"robots\" content=\"index, follow, max-snippet:-1, max-image-preview:large, max-video-preview:-1\" \/>\n<link rel=\"canonical\" href=\"https:\/\/aeronoticias.com.pe\/noticiero\/transporte-aereo\/internacional\/royal-air-maroc-volara-entre-rabat-y-madrid-a-partir-de-octubre\/\" \/>\n<meta property=\"og:locale\" content=\"es_ES\" \/>\n<meta property=\"og:type\" content=\"article\" \/>\n<meta property=\"og:title\" content=\"Royal Air Maroc volar\u00e1 entre Rabat y Madrid a partir de octubre\" \/>\n<meta property=\"og:description\" content=\"Portal de noticias del Per\u00fa sobre el transporte a\u00e9reo, aviaci\u00f3n, turismo, hoteleria, actualidad.\" \/>\n<meta property=\"og:url\" content=\"https:\/\/aeronoticias.com.pe\/noticiero\/transporte-aereo\/internacional\/royal-air-maroc-volara-entre-rabat-y-madrid-a-partir-de-octubre\/\" \/>\n<meta property=\"og:site_name\" content=\"Aeronoticias.com.pe\" \/>\n<meta property=\"article:publisher\" content=\"https:\/\/www.facebook.com\/Aeronoticias.com.pe\/\" \/>\n<meta property=\"article:published_time\" content=\"2015-08-12T04:59:24+00:00\" \/>\n<meta property=\"og:image\" content=\"http:\/\/4.bp.blogspot.com\/-4TUCG4NsMt0\/VcpcKeSFPWI\/AAAAAAAApQw\/6f_T47NUD78\/s1600\/Royal%2BAir%2BMaroc.png\" \/>\n<meta name=\"author\" content=\"Redacci\u00f3n Aeronoticias\" \/>\n<meta name=\"twitter:card\" content=\"summary_large_image\" \/>\n<meta name=\"twitter:creator\" content=\"@aeronoticias\" \/>\n<meta name=\"twitter:site\" content=\"@aeronoticias\" \/>\n<meta name=\"twitter:label1\" content=\"Escrito por\" \/>\n\t<meta name=\"twitter:data1\" content=\"Redacci\u00f3n Aeronoticias\" \/>\n\t<meta name=\"twitter:label2\" content=\"Tiempo de lectura\" \/>\n\t<meta name=\"twitter:data2\" content=\"1 minuto\" \/>\n<script type=\"application\/ld+json\" class=\"yoast-schema-graph\">{\"@context\":\"https:\/\/schema.org\",\"@graph\":[{\"@type\":\"WebPage\",\"@id\":\"https:\/\/aeronoticias.com.pe\/noticiero\/transporte-aereo\/internacional\/royal-air-maroc-volara-entre-rabat-y-madrid-a-partir-de-octubre\/\",\"url\":\"https:\/\/aeronoticias.com.pe\/noticiero\/transporte-aereo\/internacional\/royal-air-maroc-volara-entre-rabat-y-madrid-a-partir-de-octubre\/\",\"name\":\"Royal Air Maroc volar\u00e1 entre Rabat y Madrid a partir de octubre\",\"isPartOf\":{\"@id\":\"https:\/\/aeronoticias.com.pe\/noticiero\/#website\"},\"primaryImageOfPage\":{\"@id\":\"https:\/\/aeronoticias.com.pe\/noticiero\/transporte-aereo\/internacional\/royal-air-maroc-volara-entre-rabat-y-madrid-a-partir-de-octubre\/#primaryimage\"},\"image\":{\"@id\":\"https:\/\/aeronoticias.com.pe\/noticiero\/transporte-aereo\/internacional\/royal-air-maroc-volara-entre-rabat-y-madrid-a-partir-de-octubre\/#primaryimage\"},\"thumbnailUrl\":\"http:\/\/4.bp.blogspot.com\/-4TUCG4NsMt0\/VcpcKeSFPWI\/AAAAAAAApQw\/6f_T47NUD78\/s1600\/Royal%2BAir%2BMaroc.png\",\"datePublished\":\"2015-08-12T04:59:24+00:00\",\"author\":{\"@id\":\"https:\/\/aeronoticias.com.pe\/noticiero\/#\/schema\/person\/fc1e5d578f4b62ba1cf7ac2bba1170a0\"},\"description\":\"Portal de noticias del Per\u00fa sobre el transporte a\u00e9reo, aviaci\u00f3n, turismo, hoteleria, actualidad.\",\"breadcrumb\":{\"@id\":\"https:\/\/aeronoticias.com.pe\/noticiero\/transporte-aereo\/internacional\/royal-air-maroc-volara-entre-rabat-y-madrid-a-partir-de-octubre\/#breadcrumb\"},\"inLanguage\":\"es\",\"potentialAction\":[{\"@type\":\"ReadAction\",\"target\":[\"https:\/\/aeronoticias.com.pe\/noticiero\/transporte-aereo\/internacional\/royal-air-maroc-volara-entre-rabat-y-madrid-a-partir-de-octubre\/\"]}]},{\"@type\":\"ImageObject\",\"inLanguage\":\"es\",\"@id\":\"https:\/\/aeronoticias.com.pe\/noticiero\/transporte-aereo\/internacional\/royal-air-maroc-volara-entre-rabat-y-madrid-a-partir-de-octubre\/#primaryimage\",\"url\":\"http:\/\/4.bp.blogspot.com\/-4TUCG4NsMt0\/VcpcKeSFPWI\/AAAAAAAApQw\/6f_T47NUD78\/s1600\/Royal%2BAir%2BMaroc.png\",\"contentUrl\":\"http:\/\/4.bp.blogspot.com\/-4TUCG4NsMt0\/VcpcKeSFPWI\/AAAAAAAApQw\/6f_T47NUD78\/s1600\/Royal%2BAir%2BMaroc.png\"},{\"@type\":\"BreadcrumbList\",\"@id\":\"https:\/\/aeronoticias.com.pe\/noticiero\/transporte-aereo\/internacional\/royal-air-maroc-volara-entre-rabat-y-madrid-a-partir-de-octubre\/#breadcrumb\",\"itemListElement\":[{\"@type\":\"ListItem\",\"position\":1,\"name\":\"Portada\",\"item\":\"https:\/\/aeronoticias.com.pe\/noticiero\/\"},{\"@type\":\"ListItem\",\"position\":2,\"name\":\"Royal Air Maroc volar\u00e1 entre Rabat y Madrid a partir de octubre\"}]},{\"@type\":\"WebSite\",\"@id\":\"https:\/\/aeronoticias.com.pe\/noticiero\/#website\",\"url\":\"https:\/\/aeronoticias.com.pe\/noticiero\/\",\"name\":\"Aeronoticias.com.pe\",\"description\":\"Noticias de tranporte aereo, turismo, hoteles, gastronomia, actualidad, internacional\",\"potentialAction\":[{\"@type\":\"SearchAction\",\"target\":{\"@type\":\"EntryPoint\",\"urlTemplate\":\"https:\/\/aeronoticias.com.pe\/noticiero\/?s={search_term_string}\"},\"query-input\":{\"@type\":\"PropertyValueSpecification\",\"valueRequired\":true,\"valueName\":\"search_term_string\"}}],\"inLanguage\":\"es\"},{\"@type\":\"Person\",\"@id\":\"https:\/\/aeronoticias.com.pe\/noticiero\/#\/schema\/person\/fc1e5d578f4b62ba1cf7ac2bba1170a0\",\"name\":\"Redacci\u00f3n Aeronoticias\",\"url\":\"https:\/\/aeronoticias.com.pe\/noticiero\/author\/piloto\/\"}]}<\/script>\n<!-- \/ Yoast SEO plugin. -->","yoast_head_json":{"title":"Royal Air Maroc volar\u00e1 entre Rabat y Madrid a partir de octubre","description":"Portal de noticias del Per\u00fa sobre el transporte a\u00e9reo, aviaci\u00f3n, turismo, hoteleria, actualidad.","robots":{"index":"index","follow":"follow","max-snippet":"max-snippet:-1","max-image-preview":"max-image-preview:large","max-video-preview":"max-video-preview:-1"},"canonical":"https:\/\/aeronoticias.com.pe\/noticiero\/transporte-aereo\/internacional\/royal-air-maroc-volara-entre-rabat-y-madrid-a-partir-de-octubre\/","og_locale":"es_ES","og_type":"article","og_title":"Royal Air Maroc volar\u00e1 entre Rabat y Madrid a partir de octubre","og_description":"Portal de noticias del Per\u00fa sobre el transporte a\u00e9reo, aviaci\u00f3n, turismo, hoteleria, actualidad.","og_url":"https:\/\/aeronoticias.com.pe\/noticiero\/transporte-aereo\/internacional\/royal-air-maroc-volara-entre-rabat-y-madrid-a-partir-de-octubre\/","og_site_name":"Aeronoticias.com.pe","article_publisher":"https:\/\/www.facebook.com\/Aeronoticias.com.pe\/","article_published_time":"2015-08-12T04:59:24+00:00","og_image":[{"url":"http:\/\/4.bp.blogspot.com\/-4TUCG4NsMt0\/VcpcKeSFPWI\/AAAAAAAApQw\/6f_T47NUD78\/s1600\/Royal%2BAir%2BMaroc.png","type":"","width":"","height":""}],"author":"Redacci\u00f3n Aeronoticias","twitter_card":"summary_large_image","twitter_creator":"@aeronoticias","twitter_site":"@aeronoticias","twitter_misc":{"Escrito por":"Redacci\u00f3n Aeronoticias","Tiempo de lectura":"1 minuto"},"schema":{"@context":"https:\/\/schema.org","@graph":[{"@type":"WebPage","@id":"https:\/\/aeronoticias.com.pe\/noticiero\/transporte-aereo\/internacional\/royal-air-maroc-volara-entre-rabat-y-madrid-a-partir-de-octubre\/","url":"https:\/\/aeronoticias.com.pe\/noticiero\/transporte-aereo\/internacional\/royal-air-maroc-volara-entre-rabat-y-madrid-a-partir-de-octubre\/","name":"Royal Air Maroc volar\u00e1 entre Rabat y Madrid a partir de octubre","isPartOf":{"@id":"https:\/\/aeronoticias.com.pe\/noticiero\/#website"},"primaryImageOfPage":{"@id":"https:\/\/aeronoticias.com.pe\/noticiero\/transporte-aereo\/internacional\/royal-air-maroc-volara-entre-rabat-y-madrid-a-partir-de-octubre\/#primaryimage"},"image":{"@id":"https:\/\/aeronoticias.com.pe\/noticiero\/transporte-aereo\/internacional\/royal-air-maroc-volara-entre-rabat-y-madrid-a-partir-de-octubre\/#primaryimage"},"thumbnailUrl":"http:\/\/4.bp.blogspot.com\/-4TUCG4NsMt0\/VcpcKeSFPWI\/AAAAAAAApQw\/6f_T47NUD78\/s1600\/Royal%2BAir%2BMaroc.png","datePublished":"2015-08-12T04:59:24+00:00","author":{"@id":"https:\/\/aeronoticias.com.pe\/noticiero\/#\/schema\/person\/fc1e5d578f4b62ba1cf7ac2bba1170a0"},"description":"Portal de noticias del Per\u00fa sobre el transporte a\u00e9reo, aviaci\u00f3n, turismo, hoteleria, actualidad.","breadcrumb":{"@id":"https:\/\/aeronoticias.com.pe\/noticiero\/transporte-aereo\/internacional\/royal-air-maroc-volara-entre-rabat-y-madrid-a-partir-de-octubre\/#breadcrumb"},"inLanguage":"es","potentialAction":[{"@type":"ReadAction","target":["https:\/\/aeronoticias.com.pe\/noticiero\/transporte-aereo\/internacional\/royal-air-maroc-volara-entre-rabat-y-madrid-a-partir-de-octubre\/"]}]},{"@type":"ImageObject","inLanguage":"es","@id":"https:\/\/aeronoticias.com.pe\/noticiero\/transporte-aereo\/internacional\/royal-air-maroc-volara-entre-rabat-y-madrid-a-partir-de-octubre\/#primaryimage","url":"http:\/\/4.bp.blogspot.com\/-4TUCG4NsMt0\/VcpcKeSFPWI\/AAAAAAAApQw\/6f_T47NUD78\/s1600\/Royal%2BAir%2BMaroc.png","contentUrl":"http:\/\/4.bp.blogspot.com\/-4TUCG4NsMt0\/VcpcKeSFPWI\/AAAAAAAApQw\/6f_T47NUD78\/s1600\/Royal%2BAir%2BMaroc.png"},{"@type":"BreadcrumbList","@id":"https:\/\/aeronoticias.com.pe\/noticiero\/transporte-aereo\/internacional\/royal-air-maroc-volara-entre-rabat-y-madrid-a-partir-de-octubre\/#breadcrumb","itemListElement":[{"@type":"ListItem","position":1,"name":"Portada","item":"https:\/\/aeronoticias.com.pe\/noticiero\/"},{"@type":"ListItem","position":2,"name":"Royal Air Maroc volar\u00e1 entre Rabat y Madrid a partir de octubre"}]},{"@type":"WebSite","@id":"https:\/\/aeronoticias.com.pe\/noticiero\/#website","url":"https:\/\/aeronoticias.com.pe\/noticiero\/","name":"Aeronoticias.com.pe","description":"Noticias de tranporte aereo, turismo, hoteles, gastronomia, actualidad, internacional","potentialAction":[{"@type":"SearchAction","target":{"@type":"EntryPoint","urlTemplate":"https:\/\/aeronoticias.com.pe\/noticiero\/?s={search_term_string}"},"query-input":{"@type":"PropertyValueSpecification","valueRequired":true,"valueName":"search_term_string"}}],"inLanguage":"es"},{"@type":"Person","@id":"https:\/\/aeronoticias.com.pe\/noticiero\/#\/schema\/person\/fc1e5d578f4b62ba1cf7ac2bba1170a0","name":"Redacci\u00f3n Aeronoticias","url":"https:\/\/aeronoticias.com.pe\/noticiero\/author\/piloto\/"}]}},"_links":{"self":[{"href":"https:\/\/aeronoticias.com.pe\/noticiero\/wp-json\/wp\/v2\/posts\/53343","targetHints":{"allow":["GET"]}}],"collection":[{"href":"https:\/\/aeronoticias.com.pe\/noticiero\/wp-json\/wp\/v2\/posts"}],"about":[{"href":"https:\/\/aeronoticias.com.pe\/noticiero\/wp-json\/wp\/v2\/types\/post"}],"author":[{"embeddable":true,"href":"https:\/\/aeronoticias.com.pe\/noticiero\/wp-json\/wp\/v2\/users\/1"}],"replies":[{"embeddable":true,"href":"https:\/\/aeronoticias.com.pe\/noticiero\/wp-json\/wp\/v2\/comments?post=53343"}],"version-history":[{"count":0,"href":"https:\/\/aeronoticias.com.pe\/noticiero\/wp-json\/wp\/v2\/posts\/53343\/revisions"}],"wp:attachment":[{"href":"https:\/\/aeronoticias.com.pe\/noticiero\/wp-json\/wp\/v2\/media?parent=53343"}],"wp:term":[{"taxonomy":"category","embeddable":true,"href":"https:\/\/aeronoticias.com.pe\/noticiero\/wp-json\/wp\/v2\/categories?post=53343"},{"taxonomy":"post_tag","embeddable":true,"href":"https:\/\/aeronoticias.com.pe\/noticiero\/wp-json\/wp\/v2\/tags?post=53343"}],"curies":[{"name":"wp","href":"https:\/\/api.w.org\/{rel}","templated":true}]}}