{"id":53345,"date":"2015-08-12T12:00:28","date_gmt":"2015-08-12T12:00:28","guid":{"rendered":"http:\/\/desarrollo.mcvicious.com\/aero2020\/2015\/08\/12\/vueling-estrena-sus-cuatro-primeros-a321\/"},"modified":"2015-08-12T12:00:28","modified_gmt":"2015-08-12T12:00:28","slug":"vueling-estrena-sus-cuatro-primeros-a321","status":"publish","type":"post","link":"https:\/\/aeronoticias.com.pe\/noticiero\/transporte-aereo\/internacional\/vueling-estrena-sus-cuatro-primeros-a321\/","title":{"rendered":"Vueling estrena sus cuatro primeros A321"},"content":{"rendered":"<p style=\"text-align: justify;\"><strong>(Aeronoticias)<\/strong>.-\u00a0Vueling ha empezado a operar con sus cuatro primeros aviones A321, el modelo m\u00e1s grande de su flota con una capacidad para 220 pasajeros, 40 m\u00e1s que el A320, el m\u00e1s habitual de la compa\u00f1\u00eda.<\/p>\n<p style=\"text-align: justify;\">Los nuevos aparatos provienen de la f\u00e1brica de Airbus en Hamburgo (Alemania) y son el modelo m\u00e1s grande &#8211;con 44,5 metros de longitud&#8211; de la familia A320, que engloba los A318, A319, A320 y A321, ha informado la compa\u00f1\u00eda este martes en un comunicado.<\/p>\n<p style=\"text-align: justify;\">Con el nuevo modelo, se incorporar\u00e1 un miembro m\u00e1s a la tripulaci\u00f3n auxiliar &#8211;sumando un total de cinco tripulantes de cabina&#8211;, pero no se utilizar\u00e1 para operar ninguna ruta en concreto.<\/p>\n<p style=\"text-align: justify;\">Los cuatro primeros A321 forman parte de la orden de compra que IAG anunci\u00f3 en 2013, y que incluye 62 pedidos que se est\u00e1n incorporando progresivamente entre 2014 y 2020, y 58 opciones adicionales.<\/p>\n<p style=\"text-align: justify;\">Los nuevos aviones tienen una envergadura de 35,8 metros, 11,76 metros de altura, una autonom\u00eda de 5.950 kil\u00f3metros y una capacidad de fuel de 23.700 litros.<\/p>\n<p style=\"text-align: justify;\">Nacida en 2004, Vueling opera 366 rutas en m\u00e1s de 160 destinos de Europa, Oriente Pr\u00f3ximo y \u00c1frica, y cuenta con una flota de m\u00e1s de 100 aviones basados en 22 aeropuertos.<\/p>\n<p style=\"text-align: justify;\">Fuente: <strong><em><span style=\"text-decoration: underline;\">Aviaci\u00f3n al d\u00eda.<\/span><\/em><\/strong><\/p>\n<p style=\"text-align: justify;\"><img decoding=\"async\" src=\"http:\/\/3.bp.blogspot.com\/-RiIOXQQDsLs\/VcpeHrFjd8I\/AAAAAAAApQ8\/VQQ2ODCbWQs\/s1600\/Vueling.png\" border=\"0\" \/><\/p>\n","protected":false},"excerpt":{"rendered":"<p>(Aeronoticias).-\u00a0Vueling ha empezado a operar con sus cuatro primeros aviones A321, el modelo m\u00e1s grande de su flota con una capacidad para 220 pasajeros, 40 m\u00e1s que el A320, el m\u00e1s habitual de la compa\u00f1\u00eda. Los nuevos aparatos provienen de la f\u00e1brica de Airbus en Hamburgo (Alemania) y son el modelo m\u00e1s grande &#8211;con 44,5 [&hellip;]<\/p>\n","protected":false},"author":1,"featured_media":0,"comment_status":"open","ping_status":"open","sticky":false,"template":"","format":"standard","meta":{"tdm_status":"","tdm_grid_status":"","footnotes":""},"categories":[32],"tags":[],"class_list":{"0":"post-53345","1":"post","2":"type-post","3":"status-publish","4":"format-standard","6":"category-internacional"},"yoast_head":"<!-- This site is optimized with the Yoast SEO plugin v25.1 - https:\/\/yoast.com\/wordpress\/plugins\/seo\/ -->\n<title>Vueling estrena sus cuatro primeros A321<\/title>\n<meta name=\"description\" content=\"Portal de noticias del Per\u00fa sobre el transporte a\u00e9reo, aviaci\u00f3n, turismo, hoteleria, actualidad.\" \/>\n<meta name=\"robots\" content=\"index, follow, max-snippet:-1, max-image-preview:large, max-video-preview:-1\" \/>\n<link rel=\"canonical\" href=\"https:\/\/aeronoticias.com.pe\/noticiero\/transporte-aereo\/internacional\/vueling-estrena-sus-cuatro-primeros-a321\/\" \/>\n<meta property=\"og:locale\" content=\"es_ES\" \/>\n<meta property=\"og:type\" content=\"article\" \/>\n<meta property=\"og:title\" content=\"Vueling estrena sus cuatro primeros A321\" \/>\n<meta property=\"og:description\" content=\"Portal de noticias del Per\u00fa sobre el transporte a\u00e9reo, aviaci\u00f3n, turismo, hoteleria, actualidad.\" \/>\n<meta property=\"og:url\" content=\"https:\/\/aeronoticias.com.pe\/noticiero\/transporte-aereo\/internacional\/vueling-estrena-sus-cuatro-primeros-a321\/\" \/>\n<meta property=\"og:site_name\" content=\"Aeronoticias.com.pe\" \/>\n<meta property=\"article:publisher\" content=\"https:\/\/www.facebook.com\/Aeronoticias.com.pe\/\" \/>\n<meta property=\"article:published_time\" content=\"2015-08-12T12:00:28+00:00\" \/>\n<meta property=\"og:image\" content=\"http:\/\/3.bp.blogspot.com\/-RiIOXQQDsLs\/VcpeHrFjd8I\/AAAAAAAApQ8\/VQQ2ODCbWQs\/s1600\/Vueling.png\" \/>\n<meta name=\"author\" content=\"Redacci\u00f3n Aeronoticias\" \/>\n<meta name=\"twitter:card\" content=\"summary_large_image\" \/>\n<meta name=\"twitter:creator\" content=\"@aeronoticias\" \/>\n<meta name=\"twitter:site\" content=\"@aeronoticias\" \/>\n<meta name=\"twitter:label1\" content=\"Escrito por\" \/>\n\t<meta name=\"twitter:data1\" content=\"Redacci\u00f3n Aeronoticias\" \/>\n\t<meta name=\"twitter:label2\" content=\"Tiempo de lectura\" \/>\n\t<meta name=\"twitter:data2\" content=\"1 minuto\" \/>\n<script type=\"application\/ld+json\" class=\"yoast-schema-graph\">{\"@context\":\"https:\/\/schema.org\",\"@graph\":[{\"@type\":\"WebPage\",\"@id\":\"https:\/\/aeronoticias.com.pe\/noticiero\/transporte-aereo\/internacional\/vueling-estrena-sus-cuatro-primeros-a321\/\",\"url\":\"https:\/\/aeronoticias.com.pe\/noticiero\/transporte-aereo\/internacional\/vueling-estrena-sus-cuatro-primeros-a321\/\",\"name\":\"Vueling estrena sus cuatro primeros A321\",\"isPartOf\":{\"@id\":\"https:\/\/aeronoticias.com.pe\/noticiero\/#website\"},\"primaryImageOfPage\":{\"@id\":\"https:\/\/aeronoticias.com.pe\/noticiero\/transporte-aereo\/internacional\/vueling-estrena-sus-cuatro-primeros-a321\/#primaryimage\"},\"image\":{\"@id\":\"https:\/\/aeronoticias.com.pe\/noticiero\/transporte-aereo\/internacional\/vueling-estrena-sus-cuatro-primeros-a321\/#primaryimage\"},\"thumbnailUrl\":\"http:\/\/3.bp.blogspot.com\/-RiIOXQQDsLs\/VcpeHrFjd8I\/AAAAAAAApQ8\/VQQ2ODCbWQs\/s1600\/Vueling.png\",\"datePublished\":\"2015-08-12T12:00:28+00:00\",\"author\":{\"@id\":\"https:\/\/aeronoticias.com.pe\/noticiero\/#\/schema\/person\/fc1e5d578f4b62ba1cf7ac2bba1170a0\"},\"description\":\"Portal de noticias del Per\u00fa sobre el transporte a\u00e9reo, aviaci\u00f3n, turismo, hoteleria, actualidad.\",\"breadcrumb\":{\"@id\":\"https:\/\/aeronoticias.com.pe\/noticiero\/transporte-aereo\/internacional\/vueling-estrena-sus-cuatro-primeros-a321\/#breadcrumb\"},\"inLanguage\":\"es\",\"potentialAction\":[{\"@type\":\"ReadAction\",\"target\":[\"https:\/\/aeronoticias.com.pe\/noticiero\/transporte-aereo\/internacional\/vueling-estrena-sus-cuatro-primeros-a321\/\"]}]},{\"@type\":\"ImageObject\",\"inLanguage\":\"es\",\"@id\":\"https:\/\/aeronoticias.com.pe\/noticiero\/transporte-aereo\/internacional\/vueling-estrena-sus-cuatro-primeros-a321\/#primaryimage\",\"url\":\"http:\/\/3.bp.blogspot.com\/-RiIOXQQDsLs\/VcpeHrFjd8I\/AAAAAAAApQ8\/VQQ2ODCbWQs\/s1600\/Vueling.png\",\"contentUrl\":\"http:\/\/3.bp.blogspot.com\/-RiIOXQQDsLs\/VcpeHrFjd8I\/AAAAAAAApQ8\/VQQ2ODCbWQs\/s1600\/Vueling.png\"},{\"@type\":\"BreadcrumbList\",\"@id\":\"https:\/\/aeronoticias.com.pe\/noticiero\/transporte-aereo\/internacional\/vueling-estrena-sus-cuatro-primeros-a321\/#breadcrumb\",\"itemListElement\":[{\"@type\":\"ListItem\",\"position\":1,\"name\":\"Portada\",\"item\":\"https:\/\/aeronoticias.com.pe\/noticiero\/\"},{\"@type\":\"ListItem\",\"position\":2,\"name\":\"Vueling estrena sus cuatro primeros A321\"}]},{\"@type\":\"WebSite\",\"@id\":\"https:\/\/aeronoticias.com.pe\/noticiero\/#website\",\"url\":\"https:\/\/aeronoticias.com.pe\/noticiero\/\",\"name\":\"Aeronoticias.com.pe\",\"description\":\"Noticias de tranporte aereo, turismo, hoteles, gastronomia, actualidad, internacional\",\"potentialAction\":[{\"@type\":\"SearchAction\",\"target\":{\"@type\":\"EntryPoint\",\"urlTemplate\":\"https:\/\/aeronoticias.com.pe\/noticiero\/?s={search_term_string}\"},\"query-input\":{\"@type\":\"PropertyValueSpecification\",\"valueRequired\":true,\"valueName\":\"search_term_string\"}}],\"inLanguage\":\"es\"},{\"@type\":\"Person\",\"@id\":\"https:\/\/aeronoticias.com.pe\/noticiero\/#\/schema\/person\/fc1e5d578f4b62ba1cf7ac2bba1170a0\",\"name\":\"Redacci\u00f3n Aeronoticias\",\"url\":\"https:\/\/aeronoticias.com.pe\/noticiero\/author\/piloto\/\"}]}<\/script>\n<!-- \/ Yoast SEO plugin. -->","yoast_head_json":{"title":"Vueling estrena sus cuatro primeros A321","description":"Portal de noticias del Per\u00fa sobre el transporte a\u00e9reo, aviaci\u00f3n, turismo, hoteleria, actualidad.","robots":{"index":"index","follow":"follow","max-snippet":"max-snippet:-1","max-image-preview":"max-image-preview:large","max-video-preview":"max-video-preview:-1"},"canonical":"https:\/\/aeronoticias.com.pe\/noticiero\/transporte-aereo\/internacional\/vueling-estrena-sus-cuatro-primeros-a321\/","og_locale":"es_ES","og_type":"article","og_title":"Vueling estrena sus cuatro primeros A321","og_description":"Portal de noticias del Per\u00fa sobre el transporte a\u00e9reo, aviaci\u00f3n, turismo, hoteleria, actualidad.","og_url":"https:\/\/aeronoticias.com.pe\/noticiero\/transporte-aereo\/internacional\/vueling-estrena-sus-cuatro-primeros-a321\/","og_site_name":"Aeronoticias.com.pe","article_publisher":"https:\/\/www.facebook.com\/Aeronoticias.com.pe\/","article_published_time":"2015-08-12T12:00:28+00:00","og_image":[{"url":"http:\/\/3.bp.blogspot.com\/-RiIOXQQDsLs\/VcpeHrFjd8I\/AAAAAAAApQ8\/VQQ2ODCbWQs\/s1600\/Vueling.png","type":"","width":"","height":""}],"author":"Redacci\u00f3n Aeronoticias","twitter_card":"summary_large_image","twitter_creator":"@aeronoticias","twitter_site":"@aeronoticias","twitter_misc":{"Escrito por":"Redacci\u00f3n Aeronoticias","Tiempo de lectura":"1 minuto"},"schema":{"@context":"https:\/\/schema.org","@graph":[{"@type":"WebPage","@id":"https:\/\/aeronoticias.com.pe\/noticiero\/transporte-aereo\/internacional\/vueling-estrena-sus-cuatro-primeros-a321\/","url":"https:\/\/aeronoticias.com.pe\/noticiero\/transporte-aereo\/internacional\/vueling-estrena-sus-cuatro-primeros-a321\/","name":"Vueling estrena sus cuatro primeros A321","isPartOf":{"@id":"https:\/\/aeronoticias.com.pe\/noticiero\/#website"},"primaryImageOfPage":{"@id":"https:\/\/aeronoticias.com.pe\/noticiero\/transporte-aereo\/internacional\/vueling-estrena-sus-cuatro-primeros-a321\/#primaryimage"},"image":{"@id":"https:\/\/aeronoticias.com.pe\/noticiero\/transporte-aereo\/internacional\/vueling-estrena-sus-cuatro-primeros-a321\/#primaryimage"},"thumbnailUrl":"http:\/\/3.bp.blogspot.com\/-RiIOXQQDsLs\/VcpeHrFjd8I\/AAAAAAAApQ8\/VQQ2ODCbWQs\/s1600\/Vueling.png","datePublished":"2015-08-12T12:00:28+00:00","author":{"@id":"https:\/\/aeronoticias.com.pe\/noticiero\/#\/schema\/person\/fc1e5d578f4b62ba1cf7ac2bba1170a0"},"description":"Portal de noticias del Per\u00fa sobre el transporte a\u00e9reo, aviaci\u00f3n, turismo, hoteleria, actualidad.","breadcrumb":{"@id":"https:\/\/aeronoticias.com.pe\/noticiero\/transporte-aereo\/internacional\/vueling-estrena-sus-cuatro-primeros-a321\/#breadcrumb"},"inLanguage":"es","potentialAction":[{"@type":"ReadAction","target":["https:\/\/aeronoticias.com.pe\/noticiero\/transporte-aereo\/internacional\/vueling-estrena-sus-cuatro-primeros-a321\/"]}]},{"@type":"ImageObject","inLanguage":"es","@id":"https:\/\/aeronoticias.com.pe\/noticiero\/transporte-aereo\/internacional\/vueling-estrena-sus-cuatro-primeros-a321\/#primaryimage","url":"http:\/\/3.bp.blogspot.com\/-RiIOXQQDsLs\/VcpeHrFjd8I\/AAAAAAAApQ8\/VQQ2ODCbWQs\/s1600\/Vueling.png","contentUrl":"http:\/\/3.bp.blogspot.com\/-RiIOXQQDsLs\/VcpeHrFjd8I\/AAAAAAAApQ8\/VQQ2ODCbWQs\/s1600\/Vueling.png"},{"@type":"BreadcrumbList","@id":"https:\/\/aeronoticias.com.pe\/noticiero\/transporte-aereo\/internacional\/vueling-estrena-sus-cuatro-primeros-a321\/#breadcrumb","itemListElement":[{"@type":"ListItem","position":1,"name":"Portada","item":"https:\/\/aeronoticias.com.pe\/noticiero\/"},{"@type":"ListItem","position":2,"name":"Vueling estrena sus cuatro primeros A321"}]},{"@type":"WebSite","@id":"https:\/\/aeronoticias.com.pe\/noticiero\/#website","url":"https:\/\/aeronoticias.com.pe\/noticiero\/","name":"Aeronoticias.com.pe","description":"Noticias de tranporte aereo, turismo, hoteles, gastronomia, actualidad, internacional","potentialAction":[{"@type":"SearchAction","target":{"@type":"EntryPoint","urlTemplate":"https:\/\/aeronoticias.com.pe\/noticiero\/?s={search_term_string}"},"query-input":{"@type":"PropertyValueSpecification","valueRequired":true,"valueName":"search_term_string"}}],"inLanguage":"es"},{"@type":"Person","@id":"https:\/\/aeronoticias.com.pe\/noticiero\/#\/schema\/person\/fc1e5d578f4b62ba1cf7ac2bba1170a0","name":"Redacci\u00f3n Aeronoticias","url":"https:\/\/aeronoticias.com.pe\/noticiero\/author\/piloto\/"}]}},"_links":{"self":[{"href":"https:\/\/aeronoticias.com.pe\/noticiero\/wp-json\/wp\/v2\/posts\/53345","targetHints":{"allow":["GET"]}}],"collection":[{"href":"https:\/\/aeronoticias.com.pe\/noticiero\/wp-json\/wp\/v2\/posts"}],"about":[{"href":"https:\/\/aeronoticias.com.pe\/noticiero\/wp-json\/wp\/v2\/types\/post"}],"author":[{"embeddable":true,"href":"https:\/\/aeronoticias.com.pe\/noticiero\/wp-json\/wp\/v2\/users\/1"}],"replies":[{"embeddable":true,"href":"https:\/\/aeronoticias.com.pe\/noticiero\/wp-json\/wp\/v2\/comments?post=53345"}],"version-history":[{"count":0,"href":"https:\/\/aeronoticias.com.pe\/noticiero\/wp-json\/wp\/v2\/posts\/53345\/revisions"}],"wp:attachment":[{"href":"https:\/\/aeronoticias.com.pe\/noticiero\/wp-json\/wp\/v2\/media?parent=53345"}],"wp:term":[{"taxonomy":"category","embeddable":true,"href":"https:\/\/aeronoticias.com.pe\/noticiero\/wp-json\/wp\/v2\/categories?post=53345"},{"taxonomy":"post_tag","embeddable":true,"href":"https:\/\/aeronoticias.com.pe\/noticiero\/wp-json\/wp\/v2\/tags?post=53345"}],"curies":[{"name":"wp","href":"https:\/\/api.w.org\/{rel}","templated":true}]}}