{"id":53346,"date":"2015-08-12T12:03:45","date_gmt":"2015-08-12T12:03:45","guid":{"rendered":"http:\/\/desarrollo.mcvicious.com\/aero2020\/2015\/08\/12\/peru-vs-china-taipei-bicolor-gano-3-1-en-mundial-sub-18\/"},"modified":"2015-08-12T12:03:45","modified_gmt":"2015-08-12T12:03:45","slug":"peru-vs-china-taipei-bicolor-gano-3-1-en-mundial-sub-18","status":"publish","type":"post","link":"https:\/\/aeronoticias.com.pe\/noticiero\/deportes\/peru-vs-china-taipei-bicolor-gano-3-1-en-mundial-sub-18\/","title":{"rendered":"Per\u00fa vs. China Taip\u00e9i: &#8216;Bicolor&#8217; gan\u00f3 3-1 en Mundial Sub-18"},"content":{"rendered":"<p><strong>(Aeronoticias)<\/strong>.-\u00a0En electrizante partido, la selecci\u00f3n nacional de v\u00f3ley venci\u00f3 por 3 sets a 1 al seleccionado de China Taip\u00e9i. El resultado le permite alcanzar el primer lugar del grupo A del Mundial Sub 18.<\/p>\n<p>Las matadorcitas recuperaron ventaja luego de perder el primer set por 22 a 25. Fue entonces que el t\u00e9cnico Walter Lung realiz\u00f3 cambios de rigor y mejor\u00f3 el juego de la selecci\u00f3n.<\/p>\n<p>La victoria le permite a Per\u00fa colocarse primera en el grupo A y esperar en octavos de final a la selecci\u00f3n de Polonia, que viene de quedar en cuarto lugar en el grupo B.<\/p>\n<p><em><strong>Punto a punto<\/strong><\/em><\/p>\n<p><strong>SELECCIONES<span style=\"white-space: pre;\"> <\/span>1\u00b0<span style=\"white-space: pre;\"> <\/span>2\u00b0<span style=\"white-space: pre;\"> <\/span>3\u00b0<span style=\"white-space: pre;\"> <\/span>4\u00b0<span style=\"white-space: pre;\"> <\/span> 5\u00b0<\/strong><\/p>\n<p><strong>Per\u00fa <\/strong> 22<span style=\"white-space: pre;\"> <\/span>25<span style=\"white-space: pre;\"> <\/span>25<span style=\"white-space: pre;\"> <\/span>25<span style=\"white-space: pre;\"> <\/span> &#8211;<\/p>\n<p><strong>China Taip\u00e9i<\/strong><span style=\"white-space: pre;\"> <\/span>25<span style=\"white-space: pre;\"> <\/span>21<span style=\"white-space: pre;\"> <\/span>15<span style=\"white-space: pre;\"> <\/span><span style=\"font-size: 12.1599998474121px; line-height: 1.3em;\">23 \u00a0 \u00a0 &#8211;<\/span><\/p>\n<div>Fuente: <em><span style=\"text-decoration: underline;\"><strong>La Rep\u00fablica<\/strong><\/span><\/em>.<\/div>\n<div><\/div>\n<div><img decoding=\"async\" src=\"http:\/\/cde.3.depor.pe\/ima\/0\/0\/0\/7\/8\/78926.jpg\" border=\"0\" \/><\/div>\n","protected":false},"excerpt":{"rendered":"<p>(Aeronoticias).-\u00a0En electrizante partido, la selecci\u00f3n nacional de v\u00f3ley venci\u00f3 por 3 sets a 1 al seleccionado de China Taip\u00e9i. El resultado le permite alcanzar el primer lugar del grupo A del Mundial Sub 18. Las matadorcitas recuperaron ventaja luego de perder el primer set por 22 a 25. Fue entonces que el t\u00e9cnico Walter Lung [&hellip;]<\/p>\n","protected":false},"author":1,"featured_media":0,"comment_status":"open","ping_status":"open","sticky":false,"template":"","format":"standard","meta":{"tdm_status":"","tdm_grid_status":"","footnotes":""},"categories":[40],"tags":[],"class_list":{"0":"post-53346","1":"post","2":"type-post","3":"status-publish","4":"format-standard","6":"category-deportes"},"yoast_head":"<!-- This site is optimized with the Yoast SEO plugin v25.1 - https:\/\/yoast.com\/wordpress\/plugins\/seo\/ -->\n<title>Per\u00fa vs. China Taip\u00e9i: &#039;Bicolor&#039; gan\u00f3 3-1 en Mundial Sub-18<\/title>\n<meta name=\"description\" content=\"Portal de noticias del Per\u00fa sobre el transporte a\u00e9reo, aviaci\u00f3n, turismo, hoteleria, actualidad.\" \/>\n<meta name=\"robots\" content=\"index, follow, max-snippet:-1, max-image-preview:large, max-video-preview:-1\" \/>\n<link rel=\"canonical\" href=\"https:\/\/aeronoticias.com.pe\/noticiero\/deportes\/peru-vs-china-taipei-bicolor-gano-3-1-en-mundial-sub-18\/\" \/>\n<meta property=\"og:locale\" content=\"es_ES\" \/>\n<meta property=\"og:type\" content=\"article\" \/>\n<meta property=\"og:title\" content=\"Per\u00fa vs. China Taip\u00e9i: &#039;Bicolor&#039; gan\u00f3 3-1 en Mundial Sub-18\" \/>\n<meta property=\"og:description\" content=\"Portal de noticias del Per\u00fa sobre el transporte a\u00e9reo, aviaci\u00f3n, turismo, hoteleria, actualidad.\" \/>\n<meta property=\"og:url\" content=\"https:\/\/aeronoticias.com.pe\/noticiero\/deportes\/peru-vs-china-taipei-bicolor-gano-3-1-en-mundial-sub-18\/\" \/>\n<meta property=\"og:site_name\" content=\"Aeronoticias.com.pe\" \/>\n<meta property=\"article:publisher\" content=\"https:\/\/www.facebook.com\/Aeronoticias.com.pe\/\" \/>\n<meta property=\"article:published_time\" content=\"2015-08-12T12:03:45+00:00\" \/>\n<meta property=\"og:image\" content=\"http:\/\/cde.3.depor.pe\/ima\/0\/0\/0\/7\/8\/78926.jpg\" \/>\n<meta name=\"author\" content=\"Redacci\u00f3n Aeronoticias\" \/>\n<meta name=\"twitter:card\" content=\"summary_large_image\" \/>\n<meta name=\"twitter:creator\" content=\"@aeronoticias\" \/>\n<meta name=\"twitter:site\" content=\"@aeronoticias\" \/>\n<meta name=\"twitter:label1\" content=\"Escrito por\" \/>\n\t<meta name=\"twitter:data1\" content=\"Redacci\u00f3n Aeronoticias\" \/>\n\t<meta name=\"twitter:label2\" content=\"Tiempo de lectura\" \/>\n\t<meta name=\"twitter:data2\" content=\"1 minuto\" \/>\n<script type=\"application\/ld+json\" class=\"yoast-schema-graph\">{\"@context\":\"https:\/\/schema.org\",\"@graph\":[{\"@type\":\"WebPage\",\"@id\":\"https:\/\/aeronoticias.com.pe\/noticiero\/deportes\/peru-vs-china-taipei-bicolor-gano-3-1-en-mundial-sub-18\/\",\"url\":\"https:\/\/aeronoticias.com.pe\/noticiero\/deportes\/peru-vs-china-taipei-bicolor-gano-3-1-en-mundial-sub-18\/\",\"name\":\"Per\u00fa vs. China Taip\u00e9i: 'Bicolor' gan\u00f3 3-1 en Mundial Sub-18\",\"isPartOf\":{\"@id\":\"https:\/\/aeronoticias.com.pe\/noticiero\/#website\"},\"primaryImageOfPage\":{\"@id\":\"https:\/\/aeronoticias.com.pe\/noticiero\/deportes\/peru-vs-china-taipei-bicolor-gano-3-1-en-mundial-sub-18\/#primaryimage\"},\"image\":{\"@id\":\"https:\/\/aeronoticias.com.pe\/noticiero\/deportes\/peru-vs-china-taipei-bicolor-gano-3-1-en-mundial-sub-18\/#primaryimage\"},\"thumbnailUrl\":\"http:\/\/cde.3.depor.pe\/ima\/0\/0\/0\/7\/8\/78926.jpg\",\"datePublished\":\"2015-08-12T12:03:45+00:00\",\"author\":{\"@id\":\"https:\/\/aeronoticias.com.pe\/noticiero\/#\/schema\/person\/fc1e5d578f4b62ba1cf7ac2bba1170a0\"},\"description\":\"Portal de noticias del Per\u00fa sobre el transporte a\u00e9reo, aviaci\u00f3n, turismo, hoteleria, actualidad.\",\"breadcrumb\":{\"@id\":\"https:\/\/aeronoticias.com.pe\/noticiero\/deportes\/peru-vs-china-taipei-bicolor-gano-3-1-en-mundial-sub-18\/#breadcrumb\"},\"inLanguage\":\"es\",\"potentialAction\":[{\"@type\":\"ReadAction\",\"target\":[\"https:\/\/aeronoticias.com.pe\/noticiero\/deportes\/peru-vs-china-taipei-bicolor-gano-3-1-en-mundial-sub-18\/\"]}]},{\"@type\":\"ImageObject\",\"inLanguage\":\"es\",\"@id\":\"https:\/\/aeronoticias.com.pe\/noticiero\/deportes\/peru-vs-china-taipei-bicolor-gano-3-1-en-mundial-sub-18\/#primaryimage\",\"url\":\"http:\/\/cde.3.depor.pe\/ima\/0\/0\/0\/7\/8\/78926.jpg\",\"contentUrl\":\"http:\/\/cde.3.depor.pe\/ima\/0\/0\/0\/7\/8\/78926.jpg\"},{\"@type\":\"BreadcrumbList\",\"@id\":\"https:\/\/aeronoticias.com.pe\/noticiero\/deportes\/peru-vs-china-taipei-bicolor-gano-3-1-en-mundial-sub-18\/#breadcrumb\",\"itemListElement\":[{\"@type\":\"ListItem\",\"position\":1,\"name\":\"Portada\",\"item\":\"https:\/\/aeronoticias.com.pe\/noticiero\/\"},{\"@type\":\"ListItem\",\"position\":2,\"name\":\"Per\u00fa vs. China Taip\u00e9i: &#8216;Bicolor&#8217; gan\u00f3 3-1 en Mundial Sub-18\"}]},{\"@type\":\"WebSite\",\"@id\":\"https:\/\/aeronoticias.com.pe\/noticiero\/#website\",\"url\":\"https:\/\/aeronoticias.com.pe\/noticiero\/\",\"name\":\"Aeronoticias.com.pe\",\"description\":\"Noticias de tranporte aereo, turismo, hoteles, gastronomia, actualidad, internacional\",\"potentialAction\":[{\"@type\":\"SearchAction\",\"target\":{\"@type\":\"EntryPoint\",\"urlTemplate\":\"https:\/\/aeronoticias.com.pe\/noticiero\/?s={search_term_string}\"},\"query-input\":{\"@type\":\"PropertyValueSpecification\",\"valueRequired\":true,\"valueName\":\"search_term_string\"}}],\"inLanguage\":\"es\"},{\"@type\":\"Person\",\"@id\":\"https:\/\/aeronoticias.com.pe\/noticiero\/#\/schema\/person\/fc1e5d578f4b62ba1cf7ac2bba1170a0\",\"name\":\"Redacci\u00f3n Aeronoticias\",\"url\":\"https:\/\/aeronoticias.com.pe\/noticiero\/author\/piloto\/\"}]}<\/script>\n<!-- \/ Yoast SEO plugin. -->","yoast_head_json":{"title":"Per\u00fa vs. China Taip\u00e9i: 'Bicolor' gan\u00f3 3-1 en Mundial Sub-18","description":"Portal de noticias del Per\u00fa sobre el transporte a\u00e9reo, aviaci\u00f3n, turismo, hoteleria, actualidad.","robots":{"index":"index","follow":"follow","max-snippet":"max-snippet:-1","max-image-preview":"max-image-preview:large","max-video-preview":"max-video-preview:-1"},"canonical":"https:\/\/aeronoticias.com.pe\/noticiero\/deportes\/peru-vs-china-taipei-bicolor-gano-3-1-en-mundial-sub-18\/","og_locale":"es_ES","og_type":"article","og_title":"Per\u00fa vs. China Taip\u00e9i: 'Bicolor' gan\u00f3 3-1 en Mundial Sub-18","og_description":"Portal de noticias del Per\u00fa sobre el transporte a\u00e9reo, aviaci\u00f3n, turismo, hoteleria, actualidad.","og_url":"https:\/\/aeronoticias.com.pe\/noticiero\/deportes\/peru-vs-china-taipei-bicolor-gano-3-1-en-mundial-sub-18\/","og_site_name":"Aeronoticias.com.pe","article_publisher":"https:\/\/www.facebook.com\/Aeronoticias.com.pe\/","article_published_time":"2015-08-12T12:03:45+00:00","og_image":[{"url":"http:\/\/cde.3.depor.pe\/ima\/0\/0\/0\/7\/8\/78926.jpg","type":"","width":"","height":""}],"author":"Redacci\u00f3n Aeronoticias","twitter_card":"summary_large_image","twitter_creator":"@aeronoticias","twitter_site":"@aeronoticias","twitter_misc":{"Escrito por":"Redacci\u00f3n Aeronoticias","Tiempo de lectura":"1 minuto"},"schema":{"@context":"https:\/\/schema.org","@graph":[{"@type":"WebPage","@id":"https:\/\/aeronoticias.com.pe\/noticiero\/deportes\/peru-vs-china-taipei-bicolor-gano-3-1-en-mundial-sub-18\/","url":"https:\/\/aeronoticias.com.pe\/noticiero\/deportes\/peru-vs-china-taipei-bicolor-gano-3-1-en-mundial-sub-18\/","name":"Per\u00fa vs. China Taip\u00e9i: 'Bicolor' gan\u00f3 3-1 en Mundial Sub-18","isPartOf":{"@id":"https:\/\/aeronoticias.com.pe\/noticiero\/#website"},"primaryImageOfPage":{"@id":"https:\/\/aeronoticias.com.pe\/noticiero\/deportes\/peru-vs-china-taipei-bicolor-gano-3-1-en-mundial-sub-18\/#primaryimage"},"image":{"@id":"https:\/\/aeronoticias.com.pe\/noticiero\/deportes\/peru-vs-china-taipei-bicolor-gano-3-1-en-mundial-sub-18\/#primaryimage"},"thumbnailUrl":"http:\/\/cde.3.depor.pe\/ima\/0\/0\/0\/7\/8\/78926.jpg","datePublished":"2015-08-12T12:03:45+00:00","author":{"@id":"https:\/\/aeronoticias.com.pe\/noticiero\/#\/schema\/person\/fc1e5d578f4b62ba1cf7ac2bba1170a0"},"description":"Portal de noticias del Per\u00fa sobre el transporte a\u00e9reo, aviaci\u00f3n, turismo, hoteleria, actualidad.","breadcrumb":{"@id":"https:\/\/aeronoticias.com.pe\/noticiero\/deportes\/peru-vs-china-taipei-bicolor-gano-3-1-en-mundial-sub-18\/#breadcrumb"},"inLanguage":"es","potentialAction":[{"@type":"ReadAction","target":["https:\/\/aeronoticias.com.pe\/noticiero\/deportes\/peru-vs-china-taipei-bicolor-gano-3-1-en-mundial-sub-18\/"]}]},{"@type":"ImageObject","inLanguage":"es","@id":"https:\/\/aeronoticias.com.pe\/noticiero\/deportes\/peru-vs-china-taipei-bicolor-gano-3-1-en-mundial-sub-18\/#primaryimage","url":"http:\/\/cde.3.depor.pe\/ima\/0\/0\/0\/7\/8\/78926.jpg","contentUrl":"http:\/\/cde.3.depor.pe\/ima\/0\/0\/0\/7\/8\/78926.jpg"},{"@type":"BreadcrumbList","@id":"https:\/\/aeronoticias.com.pe\/noticiero\/deportes\/peru-vs-china-taipei-bicolor-gano-3-1-en-mundial-sub-18\/#breadcrumb","itemListElement":[{"@type":"ListItem","position":1,"name":"Portada","item":"https:\/\/aeronoticias.com.pe\/noticiero\/"},{"@type":"ListItem","position":2,"name":"Per\u00fa vs. China Taip\u00e9i: &#8216;Bicolor&#8217; gan\u00f3 3-1 en Mundial Sub-18"}]},{"@type":"WebSite","@id":"https:\/\/aeronoticias.com.pe\/noticiero\/#website","url":"https:\/\/aeronoticias.com.pe\/noticiero\/","name":"Aeronoticias.com.pe","description":"Noticias de tranporte aereo, turismo, hoteles, gastronomia, actualidad, internacional","potentialAction":[{"@type":"SearchAction","target":{"@type":"EntryPoint","urlTemplate":"https:\/\/aeronoticias.com.pe\/noticiero\/?s={search_term_string}"},"query-input":{"@type":"PropertyValueSpecification","valueRequired":true,"valueName":"search_term_string"}}],"inLanguage":"es"},{"@type":"Person","@id":"https:\/\/aeronoticias.com.pe\/noticiero\/#\/schema\/person\/fc1e5d578f4b62ba1cf7ac2bba1170a0","name":"Redacci\u00f3n Aeronoticias","url":"https:\/\/aeronoticias.com.pe\/noticiero\/author\/piloto\/"}]}},"_links":{"self":[{"href":"https:\/\/aeronoticias.com.pe\/noticiero\/wp-json\/wp\/v2\/posts\/53346","targetHints":{"allow":["GET"]}}],"collection":[{"href":"https:\/\/aeronoticias.com.pe\/noticiero\/wp-json\/wp\/v2\/posts"}],"about":[{"href":"https:\/\/aeronoticias.com.pe\/noticiero\/wp-json\/wp\/v2\/types\/post"}],"author":[{"embeddable":true,"href":"https:\/\/aeronoticias.com.pe\/noticiero\/wp-json\/wp\/v2\/users\/1"}],"replies":[{"embeddable":true,"href":"https:\/\/aeronoticias.com.pe\/noticiero\/wp-json\/wp\/v2\/comments?post=53346"}],"version-history":[{"count":0,"href":"https:\/\/aeronoticias.com.pe\/noticiero\/wp-json\/wp\/v2\/posts\/53346\/revisions"}],"wp:attachment":[{"href":"https:\/\/aeronoticias.com.pe\/noticiero\/wp-json\/wp\/v2\/media?parent=53346"}],"wp:term":[{"taxonomy":"category","embeddable":true,"href":"https:\/\/aeronoticias.com.pe\/noticiero\/wp-json\/wp\/v2\/categories?post=53346"},{"taxonomy":"post_tag","embeddable":true,"href":"https:\/\/aeronoticias.com.pe\/noticiero\/wp-json\/wp\/v2\/tags?post=53346"}],"curies":[{"name":"wp","href":"https:\/\/api.w.org\/{rel}","templated":true}]}}