{"id":53348,"date":"2015-08-12T17:06:03","date_gmt":"2015-08-12T17:06:03","guid":{"rendered":"http:\/\/desarrollo.mcvicious.com\/aero2020\/2015\/08\/12\/nasca-hoy-esta-de-luto\/"},"modified":"2015-08-12T17:06:03","modified_gmt":"2015-08-12T17:06:03","slug":"nasca-hoy-esta-de-luto","status":"publish","type":"post","link":"https:\/\/aeronoticias.com.pe\/noticiero\/nacionales\/nasca-hoy-esta-de-luto\/","title":{"rendered":"Nasca hoy est\u00e1 de Luto, falleci\u00f3 Eduardo Herr\u00e1n el sucesor de Mar\u00eda Reiche"},"content":{"rendered":"<p style=\"text-align: justify;\"><strong>(Aeronoticias) <\/strong><span style=\"font-size: 12.1599998474121px; line-height: 1.3em;\">Falleci\u00f3 hoy el piloto y pionero de la Aero arqueolog\u00eda en las L\u00edneas de Nasca, Eduardo Herr\u00e1n G\u00f3mez de la Torre conocido como \u201cEdy\u201d y gestor hace 40 a\u00f1os en las investigaciones en ultralite para que las l\u00edneas y Geoglifos de Nasca y de Pampas de Jumana sean declaradas Patrimonio Mundial de la Humanidad por la UNESCO en el a\u00f1o 1994, prepar\u00f3 un enorme Dossier con fotograf\u00edas y explicaciones del Origen de las mencionadas L\u00edneas de Nasca, viajando con este hasta Francia para presentarlo ante la UNESCO logrando su cometido. Adem\u00e1s cuid\u00f3 de estas a trav\u00e9s de su Instituto de Investigaciones Aero arqueol\u00f3gicas Ojos de C\u00f3ndor con su famoso ultraligero.<\/span><\/p>\n<p style=\"text-align: justify;\">Eduardo Herr\u00e1n, \u00a0piloto de profesi\u00f3n, guardi\u00e1n y proteccionista ad honorem m\u00e1s antiguo de la zona descubri\u00f3 infinidad de lineas y dibujos en Nasca, Palpa, Ingenio Paracas y otras m\u00e1s, gran amigo de nuestra casa editorial y le rendimos un merecido homenaje, sus amigos Carlos Palacin Fern\u00e1ndez y familia lo guardar\u00e1n en su memoria y en su coraz\u00f3n, fue un gran piloto, un buen hombre, un gran padre y un mejor amigo.<\/p>\n<p style=\"text-align: justify;\">Despu\u00e9s de la Dra. Mar\u00eda Reiche Neuman fue el investigador m\u00e1s importante de las L\u00edneas de Nasca y art\u00edfice d que las L\u00edneas sean conocidas a nivel mundial, consideramos que fue el sucesor de Mar\u00eda Reiche y su obra quedar\u00e1 en la historia de las L\u00edneas de Nasca.<\/p>\n<p style=\"text-align: justify;\">Todos los peruanos te agradecemos por haber dedicado tu vida entera al descubrimiento y protecci\u00f3n permanente de este Legado Hist\u00f3rico de nuestra Cultura Peruana.<\/p>\n<p style=\"text-align: justify;\"><span style=\"font-size: 12.1599998474121px; line-height: 1.3em;\">Sus amigos pedir\u00e1n a la Municipalidad de Nasca un busto en su memoria y una misa para que su alma descanse en paz.<\/span><\/p>\n<p style=\"text-align: justify;\">Nuestra casa editorial expresa su sentido p\u00e9same a su familia y especialmente a su hija, descansa en paz querido amigo!<\/p>\n<p style=\"text-align: justify;\"><img decoding=\"async\" src=\"images\/stories\/15\/08\/120815\/eduardoherran.jpg\" border=\"0\" \/><\/p>\n<p>\u00a0<\/p>\n","protected":false},"excerpt":{"rendered":"<p>(Aeronoticias) Falleci\u00f3 hoy el piloto y pionero de la Aero arqueolog\u00eda en las L\u00edneas de Nasca, Eduardo Herr\u00e1n G\u00f3mez de la Torre conocido como \u201cEdy\u201d y gestor hace 40 a\u00f1os en las investigaciones en ultralite para que las l\u00edneas y Geoglifos de Nasca y de Pampas de Jumana sean declaradas Patrimonio Mundial de la Humanidad [&hellip;]<\/p>\n","protected":false},"author":1,"featured_media":0,"comment_status":"open","ping_status":"open","sticky":false,"template":"","format":"standard","meta":{"tdm_status":"","tdm_grid_status":"","footnotes":""},"categories":[38],"tags":[],"class_list":{"0":"post-53348","1":"post","2":"type-post","3":"status-publish","4":"format-standard","6":"category-nacionales"},"yoast_head":"<!-- This site is optimized with the Yoast SEO plugin v25.1 - https:\/\/yoast.com\/wordpress\/plugins\/seo\/ -->\n<title>Nasca hoy est\u00e1 de Luto, falleci\u00f3 Eduardo Herr\u00e1n el sucesor de Mar\u00eda Reiche<\/title>\n<meta name=\"description\" content=\"Portal de noticias del Per\u00fa sobre el transporte a\u00e9reo, aviaci\u00f3n, turismo, hoteleria, actualidad.\" \/>\n<meta name=\"robots\" content=\"index, follow, max-snippet:-1, max-image-preview:large, max-video-preview:-1\" \/>\n<link rel=\"canonical\" href=\"https:\/\/aeronoticias.com.pe\/noticiero\/nacionales\/nasca-hoy-esta-de-luto\/\" \/>\n<meta property=\"og:locale\" content=\"es_ES\" \/>\n<meta property=\"og:type\" content=\"article\" \/>\n<meta property=\"og:title\" content=\"Nasca hoy est\u00e1 de Luto, falleci\u00f3 Eduardo Herr\u00e1n el sucesor de Mar\u00eda Reiche\" \/>\n<meta property=\"og:description\" content=\"Portal de noticias del Per\u00fa sobre el transporte a\u00e9reo, aviaci\u00f3n, turismo, hoteleria, actualidad.\" \/>\n<meta property=\"og:url\" content=\"https:\/\/aeronoticias.com.pe\/noticiero\/nacionales\/nasca-hoy-esta-de-luto\/\" \/>\n<meta property=\"og:site_name\" content=\"Aeronoticias.com.pe\" \/>\n<meta property=\"article:publisher\" content=\"https:\/\/www.facebook.com\/Aeronoticias.com.pe\/\" \/>\n<meta property=\"article:published_time\" content=\"2015-08-12T17:06:03+00:00\" \/>\n<meta name=\"author\" content=\"Redacci\u00f3n Aeronoticias\" \/>\n<meta name=\"twitter:card\" content=\"summary_large_image\" \/>\n<meta name=\"twitter:creator\" content=\"@aeronoticias\" \/>\n<meta name=\"twitter:site\" content=\"@aeronoticias\" \/>\n<meta name=\"twitter:label1\" content=\"Escrito por\" \/>\n\t<meta name=\"twitter:data1\" content=\"Redacci\u00f3n Aeronoticias\" \/>\n\t<meta name=\"twitter:label2\" content=\"Tiempo de lectura\" \/>\n\t<meta name=\"twitter:data2\" content=\"2 minutos\" \/>\n<script type=\"application\/ld+json\" class=\"yoast-schema-graph\">{\"@context\":\"https:\/\/schema.org\",\"@graph\":[{\"@type\":\"WebPage\",\"@id\":\"https:\/\/aeronoticias.com.pe\/noticiero\/nacionales\/nasca-hoy-esta-de-luto\/\",\"url\":\"https:\/\/aeronoticias.com.pe\/noticiero\/nacionales\/nasca-hoy-esta-de-luto\/\",\"name\":\"Nasca hoy est\u00e1 de Luto, falleci\u00f3 Eduardo Herr\u00e1n el sucesor de Mar\u00eda Reiche\",\"isPartOf\":{\"@id\":\"https:\/\/aeronoticias.com.pe\/noticiero\/#website\"},\"datePublished\":\"2015-08-12T17:06:03+00:00\",\"author\":{\"@id\":\"https:\/\/aeronoticias.com.pe\/noticiero\/#\/schema\/person\/fc1e5d578f4b62ba1cf7ac2bba1170a0\"},\"description\":\"Portal de noticias del Per\u00fa sobre el transporte a\u00e9reo, aviaci\u00f3n, turismo, hoteleria, actualidad.\",\"breadcrumb\":{\"@id\":\"https:\/\/aeronoticias.com.pe\/noticiero\/nacionales\/nasca-hoy-esta-de-luto\/#breadcrumb\"},\"inLanguage\":\"es\",\"potentialAction\":[{\"@type\":\"ReadAction\",\"target\":[\"https:\/\/aeronoticias.com.pe\/noticiero\/nacionales\/nasca-hoy-esta-de-luto\/\"]}]},{\"@type\":\"BreadcrumbList\",\"@id\":\"https:\/\/aeronoticias.com.pe\/noticiero\/nacionales\/nasca-hoy-esta-de-luto\/#breadcrumb\",\"itemListElement\":[{\"@type\":\"ListItem\",\"position\":1,\"name\":\"Portada\",\"item\":\"https:\/\/aeronoticias.com.pe\/noticiero\/\"},{\"@type\":\"ListItem\",\"position\":2,\"name\":\"Nasca hoy est\u00e1 de Luto, falleci\u00f3 Eduardo Herr\u00e1n el sucesor de Mar\u00eda Reiche\"}]},{\"@type\":\"WebSite\",\"@id\":\"https:\/\/aeronoticias.com.pe\/noticiero\/#website\",\"url\":\"https:\/\/aeronoticias.com.pe\/noticiero\/\",\"name\":\"Aeronoticias.com.pe\",\"description\":\"Noticias de tranporte aereo, turismo, hoteles, gastronomia, actualidad, internacional\",\"potentialAction\":[{\"@type\":\"SearchAction\",\"target\":{\"@type\":\"EntryPoint\",\"urlTemplate\":\"https:\/\/aeronoticias.com.pe\/noticiero\/?s={search_term_string}\"},\"query-input\":{\"@type\":\"PropertyValueSpecification\",\"valueRequired\":true,\"valueName\":\"search_term_string\"}}],\"inLanguage\":\"es\"},{\"@type\":\"Person\",\"@id\":\"https:\/\/aeronoticias.com.pe\/noticiero\/#\/schema\/person\/fc1e5d578f4b62ba1cf7ac2bba1170a0\",\"name\":\"Redacci\u00f3n Aeronoticias\",\"url\":\"https:\/\/aeronoticias.com.pe\/noticiero\/author\/piloto\/\"}]}<\/script>\n<!-- \/ Yoast SEO plugin. -->","yoast_head_json":{"title":"Nasca hoy est\u00e1 de Luto, falleci\u00f3 Eduardo Herr\u00e1n el sucesor de Mar\u00eda Reiche","description":"Portal de noticias del Per\u00fa sobre el transporte a\u00e9reo, aviaci\u00f3n, turismo, hoteleria, actualidad.","robots":{"index":"index","follow":"follow","max-snippet":"max-snippet:-1","max-image-preview":"max-image-preview:large","max-video-preview":"max-video-preview:-1"},"canonical":"https:\/\/aeronoticias.com.pe\/noticiero\/nacionales\/nasca-hoy-esta-de-luto\/","og_locale":"es_ES","og_type":"article","og_title":"Nasca hoy est\u00e1 de Luto, falleci\u00f3 Eduardo Herr\u00e1n el sucesor de Mar\u00eda Reiche","og_description":"Portal de noticias del Per\u00fa sobre el transporte a\u00e9reo, aviaci\u00f3n, turismo, hoteleria, actualidad.","og_url":"https:\/\/aeronoticias.com.pe\/noticiero\/nacionales\/nasca-hoy-esta-de-luto\/","og_site_name":"Aeronoticias.com.pe","article_publisher":"https:\/\/www.facebook.com\/Aeronoticias.com.pe\/","article_published_time":"2015-08-12T17:06:03+00:00","author":"Redacci\u00f3n Aeronoticias","twitter_card":"summary_large_image","twitter_creator":"@aeronoticias","twitter_site":"@aeronoticias","twitter_misc":{"Escrito por":"Redacci\u00f3n Aeronoticias","Tiempo de lectura":"2 minutos"},"schema":{"@context":"https:\/\/schema.org","@graph":[{"@type":"WebPage","@id":"https:\/\/aeronoticias.com.pe\/noticiero\/nacionales\/nasca-hoy-esta-de-luto\/","url":"https:\/\/aeronoticias.com.pe\/noticiero\/nacionales\/nasca-hoy-esta-de-luto\/","name":"Nasca hoy est\u00e1 de Luto, falleci\u00f3 Eduardo Herr\u00e1n el sucesor de Mar\u00eda Reiche","isPartOf":{"@id":"https:\/\/aeronoticias.com.pe\/noticiero\/#website"},"datePublished":"2015-08-12T17:06:03+00:00","author":{"@id":"https:\/\/aeronoticias.com.pe\/noticiero\/#\/schema\/person\/fc1e5d578f4b62ba1cf7ac2bba1170a0"},"description":"Portal de noticias del Per\u00fa sobre el transporte a\u00e9reo, aviaci\u00f3n, turismo, hoteleria, actualidad.","breadcrumb":{"@id":"https:\/\/aeronoticias.com.pe\/noticiero\/nacionales\/nasca-hoy-esta-de-luto\/#breadcrumb"},"inLanguage":"es","potentialAction":[{"@type":"ReadAction","target":["https:\/\/aeronoticias.com.pe\/noticiero\/nacionales\/nasca-hoy-esta-de-luto\/"]}]},{"@type":"BreadcrumbList","@id":"https:\/\/aeronoticias.com.pe\/noticiero\/nacionales\/nasca-hoy-esta-de-luto\/#breadcrumb","itemListElement":[{"@type":"ListItem","position":1,"name":"Portada","item":"https:\/\/aeronoticias.com.pe\/noticiero\/"},{"@type":"ListItem","position":2,"name":"Nasca hoy est\u00e1 de Luto, falleci\u00f3 Eduardo Herr\u00e1n el sucesor de Mar\u00eda Reiche"}]},{"@type":"WebSite","@id":"https:\/\/aeronoticias.com.pe\/noticiero\/#website","url":"https:\/\/aeronoticias.com.pe\/noticiero\/","name":"Aeronoticias.com.pe","description":"Noticias de tranporte aereo, turismo, hoteles, gastronomia, actualidad, internacional","potentialAction":[{"@type":"SearchAction","target":{"@type":"EntryPoint","urlTemplate":"https:\/\/aeronoticias.com.pe\/noticiero\/?s={search_term_string}"},"query-input":{"@type":"PropertyValueSpecification","valueRequired":true,"valueName":"search_term_string"}}],"inLanguage":"es"},{"@type":"Person","@id":"https:\/\/aeronoticias.com.pe\/noticiero\/#\/schema\/person\/fc1e5d578f4b62ba1cf7ac2bba1170a0","name":"Redacci\u00f3n Aeronoticias","url":"https:\/\/aeronoticias.com.pe\/noticiero\/author\/piloto\/"}]}},"_links":{"self":[{"href":"https:\/\/aeronoticias.com.pe\/noticiero\/wp-json\/wp\/v2\/posts\/53348","targetHints":{"allow":["GET"]}}],"collection":[{"href":"https:\/\/aeronoticias.com.pe\/noticiero\/wp-json\/wp\/v2\/posts"}],"about":[{"href":"https:\/\/aeronoticias.com.pe\/noticiero\/wp-json\/wp\/v2\/types\/post"}],"author":[{"embeddable":true,"href":"https:\/\/aeronoticias.com.pe\/noticiero\/wp-json\/wp\/v2\/users\/1"}],"replies":[{"embeddable":true,"href":"https:\/\/aeronoticias.com.pe\/noticiero\/wp-json\/wp\/v2\/comments?post=53348"}],"version-history":[{"count":0,"href":"https:\/\/aeronoticias.com.pe\/noticiero\/wp-json\/wp\/v2\/posts\/53348\/revisions"}],"wp:attachment":[{"href":"https:\/\/aeronoticias.com.pe\/noticiero\/wp-json\/wp\/v2\/media?parent=53348"}],"wp:term":[{"taxonomy":"category","embeddable":true,"href":"https:\/\/aeronoticias.com.pe\/noticiero\/wp-json\/wp\/v2\/categories?post=53348"},{"taxonomy":"post_tag","embeddable":true,"href":"https:\/\/aeronoticias.com.pe\/noticiero\/wp-json\/wp\/v2\/tags?post=53348"}],"curies":[{"name":"wp","href":"https:\/\/api.w.org\/{rel}","templated":true}]}}