{"id":53350,"date":"2015-08-12T17:57:18","date_gmt":"2015-08-12T17:57:18","guid":{"rendered":"http:\/\/desarrollo.mcvicious.com\/aero2020\/2015\/08\/12\/mexico-y-brasil-consolidan-rol-latinoamericano-en-aviacion-ejecutiva-mundial\/"},"modified":"2015-08-12T17:57:18","modified_gmt":"2015-08-12T17:57:18","slug":"mexico-y-brasil-consolidan-rol-latinoamericano-en-aviacion-ejecutiva-mundial","status":"publish","type":"post","link":"https:\/\/aeronoticias.com.pe\/noticiero\/transporte-aereo\/internacional\/mexico-y-brasil-consolidan-rol-latinoamericano-en-aviacion-ejecutiva-mundial\/","title":{"rendered":"M\u00e9xico y Brasil consolidan rol latinoamericano en aviaci\u00f3n ejecutiva mundial"},"content":{"rendered":"<p style=\"text-align: justify;\"><strong>(Aeronoticias) <\/strong><span style=\"font-size: 12.1599998474121px; line-height: 1.3em;\">M\u00e9xico y Brasil consolidan el papel latinoamericano dentro del mercado global de la aviaci\u00f3n ejecutiva, que en los pr\u00f3ximos a\u00f1os debe generar negocios por un valor de 265 mil millones de d\u00f3lares con una amplia participaci\u00f3n de la regi\u00f3n, seg\u00fan se dio a conocer hoy en Sao Paulo.<\/span><\/p>\n<p style=\"text-align: justify;\"><span style=\"font-size: 12.1599998474121px; line-height: 1.3em;\">Para los pr\u00f3ximos diez a\u00f1os, Am\u00e9rica Latina debe generar una demanda de 850 nuevos aviones de negocios, valorados en 16 mil 300 millones de d\u00f3lares, de acuerdo con datos de la fabricante aeron\u00e1utica brasile\u00f1a Embraer divulgados en la feria latinoamericana de aviaci\u00f3n ejecutiva \u201cLabace 2015\u2033, inaugurada hoy en Brasil.<\/span><\/p>\n<p style=\"text-align: justify;\"><span style=\"font-size: 12.1599998474121px; line-height: 1.3em;\">En 2014, M\u00e9xico tuvo un crecimiento de un 5 por ciento en su flota de aviones ejecutivos y en 10 a\u00f1os debe aumentar su flota en 140 aviones, en negocios por un valor de 3 mil 200 millones de d\u00f3lares seg\u00fan la actual tabla de precios del mercado.<\/span><\/p>\n<p style=\"text-align: justify;\"><span style=\"font-size: 12.1599998474121px; line-height: 1.3em;\">El panorama global del sector ser\u00e1 abordado hasta el jueves en la Labace 2015 y de acuerdo con Embraer el actual precio internacional del petr\u00f3leo, que abarata el costo de combustibles, es visto como \u201cpositivo\u201d por la aviaci\u00f3n ejecutiva global, que en 2014 aument\u00f3 en 6,5 por ciento sus entregas anuales de jets.<\/span><\/p>\n<p style=\"text-align: justify;\"><span style=\"font-size: 12.1599998474121px; line-height: 1.3em;\">La demanda mundial en los pr\u00f3ximos a\u00f1os deber\u00e1 ser de 9 mil 250 aeronaves ejecutivas, impulsada por la recuperaci\u00f3n econ\u00f3mica y el retorno del nivel de inversiones en Estados Unidos y la expansi\u00f3n latinoamericana, liderada por M\u00e9xico y Brasil, segundo y tercer mercados a nivel mundial detr\u00e1s del pa\u00eds norteamericano.<\/span><\/p>\n<p style=\"text-align: justify;\"><span style=\"font-size: 12.1599998474121px; line-height: 1.3em;\">Estados Unidos cuenta con 11 mil 870 aeronaves ejecutivas, M\u00e9xico con 880 y Brasil con 840.<\/span><\/p>\n<p style=\"text-align: justify;\"><span style=\"font-size: 12.1599998474121px; line-height: 1.3em;\">\u201cEn la actualidad, pa\u00edses como Colombia, Chile, Panam\u00e1 y Per\u00fa tambi\u00e9n tienen un gran potencial para nuevas adquisiciones o renovaci\u00f3n de la flota\u201d, apunt\u00f3 Embraer en su informe.<\/span><\/p>\n<p style=\"text-align: justify;\"><span style=\"font-size: 12.1599998474121px; line-height: 1.3em;\">No obstante, el Vicepresidente de la Asociaci\u00f3n Brasile\u00f1a de Aviaci\u00f3n General (ABAG), Ricardo Nogueira, se\u00f1al\u00f3 durante la apertura de la feria que Brasil mira el momento como \u201cdesafiante\u201d.<\/span><\/p>\n<p style=\"text-align: justify;\">\u201cLo que veo hoy es un crisis dif\u00edcil en Brasil, ya que nuestra industria sufre as\u00ed como todas las otras del pa\u00eds, pero esperamos sobrepasar este crisis pronto y que volvamos a volar alto\u201d, dijo Nogueira al abrir la duod\u00e9cima edici\u00f3n de la Labace.<\/p>\n<p style=\"text-align: justify;\"><span style=\"font-size: 12.1599998474121px; line-height: 1.3em;\">En la feria, Embraer present\u00f3 oficialmente el avi\u00f3n Legacy 450\/500, modelo con capacidad para entre siete y nueve pasajeros, equipado con motores de bajo consumo de combustible y autonom\u00eda de vuelo calculada en unos 5 mil 560 kil\u00f3metros, lo que permite viajes sin escala entre las costas atl\u00e1ntica y pac\u00edfica de Estados Unidos.<\/span><\/p>\n<p style=\"text-align: justify;\"><span style=\"font-size: 12.1599998474121px; line-height: 1.3em;\">El lunes, antes de la apertura de la feria, la fabricante brasile\u00f1a entreg\u00f3 el primer Legacy 500 para el mercado mexicano, que ser\u00e1 operado por Transpa\u00eds A\u00e9reo, una subsidiaria de la divisi\u00f3n aeron\u00e1utica del Grupo Lomex.<\/span><\/p>\n<p><span style=\"font-size: 12.1599998474121px; line-height: 1.3em;\">En la competencia para conquistar a los hombres del mundo de negocios, adem\u00e1s de Embraer, la estadounidense Cessna present\u00f3 en la feria el Citation Latitude, in\u00e9dito en Brasil y con capacidad tambi\u00e9n de nueve pasajeros, que conectar\u00e1 Sao Paulo con cualquier capital latinoamericana sin escalas.<\/span><\/p>\n<p><span style=\"font-size: 12.1599998474121px; line-height: 1.3em;\">La japonesa Honda, a su vez, trajo el Hondajet, un avi\u00f3n menor para cuatro ocupantes, pero con un dise\u00f1o m\u00e1s \u00e1gil y sinuoso, mientras que la canadiense Bombardier expone las aeronaves Learjet 75, Challenger 350 y Global 6000.<\/span><\/p>\n<p><span style=\"font-size: 12.1599998474121px; line-height: 1.3em;\">El considerado como mayor evento de la aviaci\u00f3n ejecutiva de Latinoam\u00e9rica y uno de los principales del mundo se realiza en el aeropuerto de Congonhas, el segundo en importancia de Sao Paulo y el de m\u00e1s tr\u00e1fico a\u00e9reo nacional de la ciudad.<\/span><\/p>\n<p><span style=\"font-size: 12.1599998474121px; line-height: 1.3em;\"><strong><em>Fuente: http:\/\/www.sinembargo.mx\/11-08-2015\/1446600<\/em><\/strong><\/span><\/p>\n<p><span style=\"font-size: 12.1599998474121px; line-height: 1.3em;\"><strong><em><img decoding=\"async\" src=\"images\/stories\/15\/08\/120815\/embraer.jpg\" border=\"0\" alt=\"M\u00e9xico y Brasil consolidan rol latinoamericano en aviaci\u00f3n ejecutiva mundial\" \/><br \/><\/em><\/strong><\/span><\/p>\n","protected":false},"excerpt":{"rendered":"<p>(Aeronoticias) M\u00e9xico y Brasil consolidan el papel latinoamericano dentro del mercado global de la aviaci\u00f3n ejecutiva, que en los pr\u00f3ximos a\u00f1os debe generar negocios por un valor de 265 mil millones de d\u00f3lares con una amplia participaci\u00f3n de la regi\u00f3n, seg\u00fan se dio a conocer hoy en Sao Paulo. Para los pr\u00f3ximos diez a\u00f1os, Am\u00e9rica [&hellip;]<\/p>\n","protected":false},"author":1,"featured_media":0,"comment_status":"open","ping_status":"open","sticky":false,"template":"","format":"standard","meta":{"tdm_status":"","tdm_grid_status":"","footnotes":""},"categories":[32],"tags":[],"class_list":{"0":"post-53350","1":"post","2":"type-post","3":"status-publish","4":"format-standard","6":"category-internacional"},"yoast_head":"<!-- This site is optimized with the Yoast SEO plugin v25.1 - https:\/\/yoast.com\/wordpress\/plugins\/seo\/ -->\n<title>M\u00e9xico y Brasil consolidan rol latinoamericano en aviaci\u00f3n ejecutiva mundial<\/title>\n<meta name=\"description\" content=\"Portal de noticias del Per\u00fa sobre el transporte a\u00e9reo, aviaci\u00f3n, turismo, hoteleria, actualidad.\" \/>\n<meta name=\"robots\" content=\"index, follow, max-snippet:-1, max-image-preview:large, max-video-preview:-1\" \/>\n<link rel=\"canonical\" href=\"https:\/\/aeronoticias.com.pe\/noticiero\/transporte-aereo\/internacional\/mexico-y-brasil-consolidan-rol-latinoamericano-en-aviacion-ejecutiva-mundial\/\" \/>\n<meta property=\"og:locale\" content=\"es_ES\" \/>\n<meta property=\"og:type\" content=\"article\" \/>\n<meta property=\"og:title\" content=\"M\u00e9xico y Brasil consolidan rol latinoamericano en aviaci\u00f3n ejecutiva mundial\" \/>\n<meta property=\"og:description\" content=\"Portal de noticias del Per\u00fa sobre el transporte a\u00e9reo, aviaci\u00f3n, turismo, hoteleria, actualidad.\" \/>\n<meta property=\"og:url\" content=\"https:\/\/aeronoticias.com.pe\/noticiero\/transporte-aereo\/internacional\/mexico-y-brasil-consolidan-rol-latinoamericano-en-aviacion-ejecutiva-mundial\/\" \/>\n<meta property=\"og:site_name\" content=\"Aeronoticias.com.pe\" \/>\n<meta property=\"article:publisher\" content=\"https:\/\/www.facebook.com\/Aeronoticias.com.pe\/\" \/>\n<meta property=\"article:published_time\" content=\"2015-08-12T17:57:18+00:00\" \/>\n<meta name=\"author\" content=\"Redacci\u00f3n Aeronoticias\" \/>\n<meta name=\"twitter:card\" content=\"summary_large_image\" \/>\n<meta name=\"twitter:creator\" content=\"@aeronoticias\" \/>\n<meta name=\"twitter:site\" content=\"@aeronoticias\" \/>\n<meta name=\"twitter:label1\" content=\"Escrito por\" \/>\n\t<meta name=\"twitter:data1\" content=\"Redacci\u00f3n Aeronoticias\" \/>\n\t<meta name=\"twitter:label2\" content=\"Tiempo de lectura\" \/>\n\t<meta name=\"twitter:data2\" content=\"3 minutos\" \/>\n<script type=\"application\/ld+json\" class=\"yoast-schema-graph\">{\"@context\":\"https:\/\/schema.org\",\"@graph\":[{\"@type\":\"WebPage\",\"@id\":\"https:\/\/aeronoticias.com.pe\/noticiero\/transporte-aereo\/internacional\/mexico-y-brasil-consolidan-rol-latinoamericano-en-aviacion-ejecutiva-mundial\/\",\"url\":\"https:\/\/aeronoticias.com.pe\/noticiero\/transporte-aereo\/internacional\/mexico-y-brasil-consolidan-rol-latinoamericano-en-aviacion-ejecutiva-mundial\/\",\"name\":\"M\u00e9xico y Brasil consolidan rol latinoamericano en aviaci\u00f3n ejecutiva mundial\",\"isPartOf\":{\"@id\":\"https:\/\/aeronoticias.com.pe\/noticiero\/#website\"},\"datePublished\":\"2015-08-12T17:57:18+00:00\",\"author\":{\"@id\":\"https:\/\/aeronoticias.com.pe\/noticiero\/#\/schema\/person\/fc1e5d578f4b62ba1cf7ac2bba1170a0\"},\"description\":\"Portal de noticias del Per\u00fa sobre el transporte a\u00e9reo, aviaci\u00f3n, turismo, hoteleria, actualidad.\",\"breadcrumb\":{\"@id\":\"https:\/\/aeronoticias.com.pe\/noticiero\/transporte-aereo\/internacional\/mexico-y-brasil-consolidan-rol-latinoamericano-en-aviacion-ejecutiva-mundial\/#breadcrumb\"},\"inLanguage\":\"es\",\"potentialAction\":[{\"@type\":\"ReadAction\",\"target\":[\"https:\/\/aeronoticias.com.pe\/noticiero\/transporte-aereo\/internacional\/mexico-y-brasil-consolidan-rol-latinoamericano-en-aviacion-ejecutiva-mundial\/\"]}]},{\"@type\":\"BreadcrumbList\",\"@id\":\"https:\/\/aeronoticias.com.pe\/noticiero\/transporte-aereo\/internacional\/mexico-y-brasil-consolidan-rol-latinoamericano-en-aviacion-ejecutiva-mundial\/#breadcrumb\",\"itemListElement\":[{\"@type\":\"ListItem\",\"position\":1,\"name\":\"Portada\",\"item\":\"https:\/\/aeronoticias.com.pe\/noticiero\/\"},{\"@type\":\"ListItem\",\"position\":2,\"name\":\"M\u00e9xico y Brasil consolidan rol latinoamericano en aviaci\u00f3n ejecutiva mundial\"}]},{\"@type\":\"WebSite\",\"@id\":\"https:\/\/aeronoticias.com.pe\/noticiero\/#website\",\"url\":\"https:\/\/aeronoticias.com.pe\/noticiero\/\",\"name\":\"Aeronoticias.com.pe\",\"description\":\"Noticias de tranporte aereo, turismo, hoteles, gastronomia, actualidad, internacional\",\"potentialAction\":[{\"@type\":\"SearchAction\",\"target\":{\"@type\":\"EntryPoint\",\"urlTemplate\":\"https:\/\/aeronoticias.com.pe\/noticiero\/?s={search_term_string}\"},\"query-input\":{\"@type\":\"PropertyValueSpecification\",\"valueRequired\":true,\"valueName\":\"search_term_string\"}}],\"inLanguage\":\"es\"},{\"@type\":\"Person\",\"@id\":\"https:\/\/aeronoticias.com.pe\/noticiero\/#\/schema\/person\/fc1e5d578f4b62ba1cf7ac2bba1170a0\",\"name\":\"Redacci\u00f3n Aeronoticias\",\"url\":\"https:\/\/aeronoticias.com.pe\/noticiero\/author\/piloto\/\"}]}<\/script>\n<!-- \/ Yoast SEO plugin. -->","yoast_head_json":{"title":"M\u00e9xico y Brasil consolidan rol latinoamericano en aviaci\u00f3n ejecutiva mundial","description":"Portal de noticias del Per\u00fa sobre el transporte a\u00e9reo, aviaci\u00f3n, turismo, hoteleria, actualidad.","robots":{"index":"index","follow":"follow","max-snippet":"max-snippet:-1","max-image-preview":"max-image-preview:large","max-video-preview":"max-video-preview:-1"},"canonical":"https:\/\/aeronoticias.com.pe\/noticiero\/transporte-aereo\/internacional\/mexico-y-brasil-consolidan-rol-latinoamericano-en-aviacion-ejecutiva-mundial\/","og_locale":"es_ES","og_type":"article","og_title":"M\u00e9xico y Brasil consolidan rol latinoamericano en aviaci\u00f3n ejecutiva mundial","og_description":"Portal de noticias del Per\u00fa sobre el transporte a\u00e9reo, aviaci\u00f3n, turismo, hoteleria, actualidad.","og_url":"https:\/\/aeronoticias.com.pe\/noticiero\/transporte-aereo\/internacional\/mexico-y-brasil-consolidan-rol-latinoamericano-en-aviacion-ejecutiva-mundial\/","og_site_name":"Aeronoticias.com.pe","article_publisher":"https:\/\/www.facebook.com\/Aeronoticias.com.pe\/","article_published_time":"2015-08-12T17:57:18+00:00","author":"Redacci\u00f3n Aeronoticias","twitter_card":"summary_large_image","twitter_creator":"@aeronoticias","twitter_site":"@aeronoticias","twitter_misc":{"Escrito por":"Redacci\u00f3n Aeronoticias","Tiempo de lectura":"3 minutos"},"schema":{"@context":"https:\/\/schema.org","@graph":[{"@type":"WebPage","@id":"https:\/\/aeronoticias.com.pe\/noticiero\/transporte-aereo\/internacional\/mexico-y-brasil-consolidan-rol-latinoamericano-en-aviacion-ejecutiva-mundial\/","url":"https:\/\/aeronoticias.com.pe\/noticiero\/transporte-aereo\/internacional\/mexico-y-brasil-consolidan-rol-latinoamericano-en-aviacion-ejecutiva-mundial\/","name":"M\u00e9xico y Brasil consolidan rol latinoamericano en aviaci\u00f3n ejecutiva mundial","isPartOf":{"@id":"https:\/\/aeronoticias.com.pe\/noticiero\/#website"},"datePublished":"2015-08-12T17:57:18+00:00","author":{"@id":"https:\/\/aeronoticias.com.pe\/noticiero\/#\/schema\/person\/fc1e5d578f4b62ba1cf7ac2bba1170a0"},"description":"Portal de noticias del Per\u00fa sobre el transporte a\u00e9reo, aviaci\u00f3n, turismo, hoteleria, actualidad.","breadcrumb":{"@id":"https:\/\/aeronoticias.com.pe\/noticiero\/transporte-aereo\/internacional\/mexico-y-brasil-consolidan-rol-latinoamericano-en-aviacion-ejecutiva-mundial\/#breadcrumb"},"inLanguage":"es","potentialAction":[{"@type":"ReadAction","target":["https:\/\/aeronoticias.com.pe\/noticiero\/transporte-aereo\/internacional\/mexico-y-brasil-consolidan-rol-latinoamericano-en-aviacion-ejecutiva-mundial\/"]}]},{"@type":"BreadcrumbList","@id":"https:\/\/aeronoticias.com.pe\/noticiero\/transporte-aereo\/internacional\/mexico-y-brasil-consolidan-rol-latinoamericano-en-aviacion-ejecutiva-mundial\/#breadcrumb","itemListElement":[{"@type":"ListItem","position":1,"name":"Portada","item":"https:\/\/aeronoticias.com.pe\/noticiero\/"},{"@type":"ListItem","position":2,"name":"M\u00e9xico y Brasil consolidan rol latinoamericano en aviaci\u00f3n ejecutiva mundial"}]},{"@type":"WebSite","@id":"https:\/\/aeronoticias.com.pe\/noticiero\/#website","url":"https:\/\/aeronoticias.com.pe\/noticiero\/","name":"Aeronoticias.com.pe","description":"Noticias de tranporte aereo, turismo, hoteles, gastronomia, actualidad, internacional","potentialAction":[{"@type":"SearchAction","target":{"@type":"EntryPoint","urlTemplate":"https:\/\/aeronoticias.com.pe\/noticiero\/?s={search_term_string}"},"query-input":{"@type":"PropertyValueSpecification","valueRequired":true,"valueName":"search_term_string"}}],"inLanguage":"es"},{"@type":"Person","@id":"https:\/\/aeronoticias.com.pe\/noticiero\/#\/schema\/person\/fc1e5d578f4b62ba1cf7ac2bba1170a0","name":"Redacci\u00f3n Aeronoticias","url":"https:\/\/aeronoticias.com.pe\/noticiero\/author\/piloto\/"}]}},"_links":{"self":[{"href":"https:\/\/aeronoticias.com.pe\/noticiero\/wp-json\/wp\/v2\/posts\/53350","targetHints":{"allow":["GET"]}}],"collection":[{"href":"https:\/\/aeronoticias.com.pe\/noticiero\/wp-json\/wp\/v2\/posts"}],"about":[{"href":"https:\/\/aeronoticias.com.pe\/noticiero\/wp-json\/wp\/v2\/types\/post"}],"author":[{"embeddable":true,"href":"https:\/\/aeronoticias.com.pe\/noticiero\/wp-json\/wp\/v2\/users\/1"}],"replies":[{"embeddable":true,"href":"https:\/\/aeronoticias.com.pe\/noticiero\/wp-json\/wp\/v2\/comments?post=53350"}],"version-history":[{"count":0,"href":"https:\/\/aeronoticias.com.pe\/noticiero\/wp-json\/wp\/v2\/posts\/53350\/revisions"}],"wp:attachment":[{"href":"https:\/\/aeronoticias.com.pe\/noticiero\/wp-json\/wp\/v2\/media?parent=53350"}],"wp:term":[{"taxonomy":"category","embeddable":true,"href":"https:\/\/aeronoticias.com.pe\/noticiero\/wp-json\/wp\/v2\/categories?post=53350"},{"taxonomy":"post_tag","embeddable":true,"href":"https:\/\/aeronoticias.com.pe\/noticiero\/wp-json\/wp\/v2\/tags?post=53350"}],"curies":[{"name":"wp","href":"https:\/\/api.w.org\/{rel}","templated":true}]}}