{"id":53351,"date":"2015-08-12T18:06:31","date_gmt":"2015-08-12T18:06:31","guid":{"rendered":"http:\/\/desarrollo.mcvicious.com\/aero2020\/2015\/08\/12\/en-cinco-anos-los-aviones-en-america-latina-tendrian-wifi\/"},"modified":"2015-08-12T18:06:31","modified_gmt":"2015-08-12T18:06:31","slug":"en-cinco-anos-los-aviones-en-america-latina-tendrian-wifi","status":"publish","type":"post","link":"https:\/\/aeronoticias.com.pe\/noticiero\/27\/en-cinco-anos-los-aviones-en-america-latina-tendrian-wifi\/","title":{"rendered":"\u2018En cinco a\u00f1os, los aviones en Am\u00e9rica Latina tendr\u00edan wifi\u2019"},"content":{"rendered":"<p style=\"text-align: justify;\"><strong>(Aeronoticias) <\/strong><span style=\"font-size: 12.1599998474121px; line-height: 1.3em;\">Ruy Pinto, gerente de operaciones de la empresa Inmarsat, compa\u00f1\u00eda del mercado de servicios globales de comunicaciones m\u00f3viles, que cuenta con 11 sat\u00e9lites espaciales, explica la importancia de la industria espacial al servicio de las telecomunicaciones.<\/span><\/p>\n<p style=\"text-align: justify;\">Imag\u00ednese viajar entre Bogot\u00e1 y Santiago de Chile teniendo una video -conferencia con sus clientes o respondiendo los correos que anteriormente se le acumulaban durante su vuelo. Este tipo de servicio ser\u00eda posible solo por medio de sat\u00e9lites que est\u00e1n en el espacio reproduciendo se\u00f1ales de comunicaci\u00f3n m\u00f3vil.<\/p>\n<p style=\"text-align: justify;\"><span style=\"font-size: 12.1599998474121px; line-height: 1.3em;\">En Estados Unidos, las aerol\u00edneas comerciales ya prestan este servicio en sus vuelos nacionales, demostrando c\u00f3mo la tecnolog\u00eda aeroespacial afecta diariamente la vida de las personas en la tierra.<\/span><\/p>\n<p style=\"text-align: justify;\"><span style=\"font-size: 12.1599998474121px; line-height: 1.3em;\">\u00bfCu\u00e1ndo podr\u00edamos contar con internet en los en los aviones que viajan por Am\u00e9rica Latina?<\/span><\/p>\n<p style=\"text-align: justify;\"><span style=\"font-size: 12.1599998474121px; line-height: 1.3em;\">Estamos mirando mucho a los mercados de Asia y Latinoam\u00e9rica porque vemos que el gremio aeron\u00e1utico de esas regiones est\u00e1 creciendo mucho. Creo que en 5 a\u00f1os o menos podr\u00eda estar pasando, aunque el sat\u00e9lite ya podr\u00eda estar prestando el servicio de internet m\u00f3vil, se tienen que pasar las barreras legales de cada pa\u00eds.<\/span><\/p>\n<p style=\"text-align: justify;\"><span style=\"font-size: 12.1599998474121px; line-height: 1.3em;\">No es solo un tema econ\u00f3mico, hay que articular la normatividad de todos los pa\u00edses de la regi\u00f3n. Sin embargo cuando los pasajeros se enteren que el servicio ya se est\u00e1 prestando en Europa, lo van a querer para sus vuelos regionales en Am\u00e9rica Latina y creo que eso empujar\u00eda a\u00fan m\u00e1s el proceso.<\/span><\/p>\n<p style=\"text-align: justify;\"><span style=\"font-size: 12.1599998474121px; line-height: 1.3em;\">\u00bfEn qu\u00e9 otro lugar del mundo prestan el servicio de wifi en los aviones comerciales?<\/span><\/p>\n<p style=\"text-align: justify;\"><span style=\"font-size: 12.1599998474121px; line-height: 1.3em;\">Esta sin duda es una \u00e1rea de crecimiento para nuestra empresa. Tenemos previsto que a finales del 2016 esta red entre en servicio, y con ello se posicionar\u00e1 a Europa a la vanguardia de la conectividad en aviaci\u00f3n de pasajeros. Conectarse a una banda ancha de alta velocidad desde un avi\u00f3n ser\u00e1 posible en toda la Uni\u00f3n Europea. Inmarsat es proveedor l\u00edder de servicios de comunicaciones m\u00f3viles por sat\u00e9lite a nivel global, y la empresa Alcatel-Lucent se ha convertido en su socia tecnol\u00f3gica para el desarrollo de una nueva red de telecomunicaciones totalmente integrada; con la misma ofrecer\u00e1 estos servicios de banda ancha de alta velocidad a pasajeros de aviones comerciales y de negocios. Estamos invirtiendo medio millos de d\u00f3lares para proveer ese servicio en la UE.<\/span><\/p>\n<p style=\"text-align: justify;\"><span style=\"font-size: 12.1599998474121px; line-height: 1.3em;\">El servicio en los vuelos puede tener un costo para los pasajeros que estar\u00e1 entre los 5 y 15 d\u00f3lares para la contectividad durante el vuelo, como lo est\u00e1 haciendo Estados Unidos.<\/span><\/p>\n<p style=\"text-align: justify;\"><span style=\"font-size: 12.1599998474121px; line-height: 1.3em;\">Para un vuelo regional entre Bogot\u00e1 y Lima, que dura aproximadamente dos horas, nosotros podemos proveer el servicio para que lea las noticias y navegar un ipad. Creemos que hay todo un mercado para desarrollar ah\u00ed porque muchos quieren usar ese servicio.<\/span><\/p>\n<p style=\"text-align: justify;\"><span style=\"font-size: 12.1599998474121px; line-height: 1.3em;\">La instalaci\u00f3n de internet Satelital para m\u00f3viles en aviones como A380 or 777 podr\u00eda costar m\u00e1s de 100 mil d\u00f3lares. Aunque tratamos de volvernos cada vez m\u00e1s competitivos en el tema de precios.<\/span><\/p>\n<p style=\"text-align: justify;\"><span style=\"font-size: 12.1599998474121px; line-height: 1.3em;\">\u00bfQu\u00e9 hace la diferencia entre ustedes y el resto de sat\u00e9lites en el espacio?<\/span><\/p>\n<p style=\"text-align: justify;\"><span style=\"font-size: 12.1599998474121px; line-height: 1.3em;\">Lo que hace la diferencia es que nosotros hacemos uso de la tecnolog\u00eda espacial. La manera de pensarlo es que un sat\u00e9lite es un repetidor que uno tiene en el espacio. Un sat\u00e9lite logra cubrir un \u00e1rea casi del tama\u00f1o del continente americano. Si usted tiene tres de esos sat\u00e9lites, puede cubrir todo el mundo y actualmente tenemos 11, y antes del fin de agosto tendremos 12 sat\u00e9lites.<\/span><\/p>\n<p style=\"text-align: justify;\"><span style=\"font-size: 12.1599998474121px; line-height: 1.3em;\">\u00bfQui\u00e9n usa sus servicios satelitales?<\/span><\/p>\n<p style=\"text-align: justify;\"><span style=\"font-size: 12.1599998474121px; line-height: 1.3em;\">Tenemos m\u00faltiples constelaciones de sat\u00e9lites alrededor del mundo porque proveemos diferentes servicios. Tenemos por ejemplo una constelaci\u00f3n que provee servicios a peque\u00f1as terminales que le hacen seguimiento al movimiento de carga o de env\u00edos alrededor del mundo.<\/span><\/p>\n<p style=\"text-align: justify;\"><span style=\"font-size: 12.1599998474121px; line-height: 1.3em;\">Tambi\u00e9n ofrecemos un servicio de banda ancha con peque\u00f1as terminales, del tama\u00f1o de un computador port\u00e1til que permiten trasmitir en cualquier parte de mundo im\u00e1genes en televisi\u00f3n. Nuestros servicios los usan organizaciones como la BBC, Fox, CNN y Al-Jazeera. En Colombia, las Fuerzas Armadas usan nuestros servicios desde hace a\u00f1os para comunicaciones log\u00edsticas.<\/span><\/p>\n<p style=\"text-align: justify;\"><span style=\"font-size: 12.1599998474121px; line-height: 1.3em;\">\u00bfQUI\u00c9N TIENE SAT\u00c9LITES EN LA REGI\u00d3N?<\/span><\/p>\n<p style=\"text-align: justify;\"><span style=\"font-size: 12.1599998474121px; line-height: 1.3em;\">Seg\u00fan Ruy Pinto, Brasil, M\u00e9xico y Argentina son los \u00fanicos pa\u00edses que tienen sat\u00e9lites de comunicaci\u00f3n m\u00f3vil espaciales. Sin embargo, ninguno ha logrado exitosamente enviar uno al espacio. Recientemente, M\u00e9xico trat\u00f3 de hacerlo pero no tuvo \u00e9xito.<\/span><\/p>\n<p style=\"text-align: justify;\"><span style=\"font-size: 12.1599998474121px; line-height: 1.3em;\">Muchos otros pa\u00edses tienen sus propios sat\u00e9lites, pero normalmente esos pa\u00edses siguen usando servicios complementarios como los que presta Inmarsat, que logran cubrir una tercera parte de lo que ofrecen compa\u00f1\u00edas globales.<\/span><\/p>\n<p style=\"text-align: justify;\"><span style=\"font-size: 12.1599998474121px; line-height: 1.3em;\">Con respecto a los precios, la compra de un aparato cuesta 250 millones de d\u00f3lares. Para enviarlo al espacio hay que sumarle 100 millones m\u00e1s y 10% de lo que vale el seguro.<\/span><\/p>\n<p style=\"text-align: justify;\"><span style=\"font-size: 12.1599998474121px; line-height: 1.3em;\">En total se podr\u00eda hablar de 400 millones de d\u00f3lares solo por el sat\u00e9lite.<\/span><\/p>\n<p style=\"text-align: justify;\"><span style=\"font-size: 12.1599998474121px; line-height: 1.3em;\">Despu\u00e9s se necesita la infraestructura en tierra, explic\u00f3 el experto.<\/span><\/p>\n<p style=\"text-align: justify;\"><span style=\"font-size: 12.1599998474121px; line-height: 1.3em;\"><strong><em>Fuente: http:\/\/www.portafolio.co\/negocios\/aviones-wifi-america-latina-cinco-anos<\/em><\/strong><\/span><\/p>\n<p style=\"text-align: justify;\"><span style=\"font-size: 12.1599998474121px; line-height: 1.3em;\"><img decoding=\"async\" src=\"images\/stories\/15\/08\/120815\/satelite.jpg\" border=\"0\" \/><br \/><\/span><\/p>\n","protected":false},"excerpt":{"rendered":"<p>(Aeronoticias) Ruy Pinto, gerente de operaciones de la empresa Inmarsat, compa\u00f1\u00eda del mercado de servicios globales de comunicaciones m\u00f3viles, que cuenta con 11 sat\u00e9lites espaciales, explica la importancia de la industria espacial al servicio de las telecomunicaciones. Imag\u00ednese viajar entre Bogot\u00e1 y Santiago de Chile teniendo una video -conferencia con sus clientes o respondiendo los [&hellip;]<\/p>\n","protected":false},"author":1,"featured_media":0,"comment_status":"open","ping_status":"open","sticky":false,"template":"","format":"standard","meta":{"tdm_status":"","tdm_grid_status":"","footnotes":""},"categories":[35],"tags":[],"class_list":{"0":"post-53351","1":"post","2":"type-post","3":"status-publish","4":"format-standard","6":"category-35"},"yoast_head":"<!-- This site is optimized with the Yoast SEO plugin v25.1 - https:\/\/yoast.com\/wordpress\/plugins\/seo\/ -->\n<title>\u2018En cinco a\u00f1os, los aviones en Am\u00e9rica Latina tendr\u00edan wifi\u2019<\/title>\n<meta name=\"description\" content=\"Portal de noticias del Per\u00fa sobre el transporte a\u00e9reo, aviaci\u00f3n, turismo, hoteleria, actualidad.\" \/>\n<meta name=\"robots\" content=\"index, follow, max-snippet:-1, max-image-preview:large, max-video-preview:-1\" \/>\n<link rel=\"canonical\" href=\"https:\/\/aeronoticias.com.pe\/noticiero\/27\/en-cinco-anos-los-aviones-en-america-latina-tendrian-wifi\/\" \/>\n<meta property=\"og:locale\" content=\"es_ES\" \/>\n<meta property=\"og:type\" content=\"article\" \/>\n<meta property=\"og:title\" content=\"\u2018En cinco a\u00f1os, los aviones en Am\u00e9rica Latina tendr\u00edan wifi\u2019\" \/>\n<meta property=\"og:description\" content=\"Portal de noticias del Per\u00fa sobre el transporte a\u00e9reo, aviaci\u00f3n, turismo, hoteleria, actualidad.\" \/>\n<meta property=\"og:url\" content=\"https:\/\/aeronoticias.com.pe\/noticiero\/27\/en-cinco-anos-los-aviones-en-america-latina-tendrian-wifi\/\" \/>\n<meta property=\"og:site_name\" content=\"Aeronoticias.com.pe\" \/>\n<meta property=\"article:publisher\" content=\"https:\/\/www.facebook.com\/Aeronoticias.com.pe\/\" \/>\n<meta property=\"article:published_time\" content=\"2015-08-12T18:06:31+00:00\" \/>\n<meta name=\"author\" content=\"Redacci\u00f3n Aeronoticias\" \/>\n<meta name=\"twitter:card\" content=\"summary_large_image\" \/>\n<meta name=\"twitter:creator\" content=\"@aeronoticias\" \/>\n<meta name=\"twitter:site\" content=\"@aeronoticias\" \/>\n<meta name=\"twitter:label1\" content=\"Escrito por\" \/>\n\t<meta name=\"twitter:data1\" content=\"Redacci\u00f3n Aeronoticias\" \/>\n\t<meta name=\"twitter:label2\" content=\"Tiempo de lectura\" \/>\n\t<meta name=\"twitter:data2\" content=\"4 minutos\" \/>\n<script type=\"application\/ld+json\" class=\"yoast-schema-graph\">{\"@context\":\"https:\/\/schema.org\",\"@graph\":[{\"@type\":\"WebPage\",\"@id\":\"https:\/\/aeronoticias.com.pe\/noticiero\/27\/en-cinco-anos-los-aviones-en-america-latina-tendrian-wifi\/\",\"url\":\"https:\/\/aeronoticias.com.pe\/noticiero\/27\/en-cinco-anos-los-aviones-en-america-latina-tendrian-wifi\/\",\"name\":\"\u2018En cinco a\u00f1os, los aviones en Am\u00e9rica Latina tendr\u00edan wifi\u2019\",\"isPartOf\":{\"@id\":\"https:\/\/aeronoticias.com.pe\/noticiero\/#website\"},\"datePublished\":\"2015-08-12T18:06:31+00:00\",\"author\":{\"@id\":\"https:\/\/aeronoticias.com.pe\/noticiero\/#\/schema\/person\/fc1e5d578f4b62ba1cf7ac2bba1170a0\"},\"description\":\"Portal de noticias del Per\u00fa sobre el transporte a\u00e9reo, aviaci\u00f3n, turismo, hoteleria, actualidad.\",\"breadcrumb\":{\"@id\":\"https:\/\/aeronoticias.com.pe\/noticiero\/27\/en-cinco-anos-los-aviones-en-america-latina-tendrian-wifi\/#breadcrumb\"},\"inLanguage\":\"es\",\"potentialAction\":[{\"@type\":\"ReadAction\",\"target\":[\"https:\/\/aeronoticias.com.pe\/noticiero\/27\/en-cinco-anos-los-aviones-en-america-latina-tendrian-wifi\/\"]}]},{\"@type\":\"BreadcrumbList\",\"@id\":\"https:\/\/aeronoticias.com.pe\/noticiero\/27\/en-cinco-anos-los-aviones-en-america-latina-tendrian-wifi\/#breadcrumb\",\"itemListElement\":[{\"@type\":\"ListItem\",\"position\":1,\"name\":\"Portada\",\"item\":\"https:\/\/aeronoticias.com.pe\/noticiero\/\"},{\"@type\":\"ListItem\",\"position\":2,\"name\":\"\u2018En cinco a\u00f1os, los aviones en Am\u00e9rica Latina tendr\u00edan wifi\u2019\"}]},{\"@type\":\"WebSite\",\"@id\":\"https:\/\/aeronoticias.com.pe\/noticiero\/#website\",\"url\":\"https:\/\/aeronoticias.com.pe\/noticiero\/\",\"name\":\"Aeronoticias.com.pe\",\"description\":\"Noticias de tranporte aereo, turismo, hoteles, gastronomia, actualidad, internacional\",\"potentialAction\":[{\"@type\":\"SearchAction\",\"target\":{\"@type\":\"EntryPoint\",\"urlTemplate\":\"https:\/\/aeronoticias.com.pe\/noticiero\/?s={search_term_string}\"},\"query-input\":{\"@type\":\"PropertyValueSpecification\",\"valueRequired\":true,\"valueName\":\"search_term_string\"}}],\"inLanguage\":\"es\"},{\"@type\":\"Person\",\"@id\":\"https:\/\/aeronoticias.com.pe\/noticiero\/#\/schema\/person\/fc1e5d578f4b62ba1cf7ac2bba1170a0\",\"name\":\"Redacci\u00f3n Aeronoticias\",\"url\":\"https:\/\/aeronoticias.com.pe\/noticiero\/author\/piloto\/\"}]}<\/script>\n<!-- \/ Yoast SEO plugin. -->","yoast_head_json":{"title":"\u2018En cinco a\u00f1os, los aviones en Am\u00e9rica Latina tendr\u00edan wifi\u2019","description":"Portal de noticias del Per\u00fa sobre el transporte a\u00e9reo, aviaci\u00f3n, turismo, hoteleria, actualidad.","robots":{"index":"index","follow":"follow","max-snippet":"max-snippet:-1","max-image-preview":"max-image-preview:large","max-video-preview":"max-video-preview:-1"},"canonical":"https:\/\/aeronoticias.com.pe\/noticiero\/27\/en-cinco-anos-los-aviones-en-america-latina-tendrian-wifi\/","og_locale":"es_ES","og_type":"article","og_title":"\u2018En cinco a\u00f1os, los aviones en Am\u00e9rica Latina tendr\u00edan wifi\u2019","og_description":"Portal de noticias del Per\u00fa sobre el transporte a\u00e9reo, aviaci\u00f3n, turismo, hoteleria, actualidad.","og_url":"https:\/\/aeronoticias.com.pe\/noticiero\/27\/en-cinco-anos-los-aviones-en-america-latina-tendrian-wifi\/","og_site_name":"Aeronoticias.com.pe","article_publisher":"https:\/\/www.facebook.com\/Aeronoticias.com.pe\/","article_published_time":"2015-08-12T18:06:31+00:00","author":"Redacci\u00f3n Aeronoticias","twitter_card":"summary_large_image","twitter_creator":"@aeronoticias","twitter_site":"@aeronoticias","twitter_misc":{"Escrito por":"Redacci\u00f3n Aeronoticias","Tiempo de lectura":"4 minutos"},"schema":{"@context":"https:\/\/schema.org","@graph":[{"@type":"WebPage","@id":"https:\/\/aeronoticias.com.pe\/noticiero\/27\/en-cinco-anos-los-aviones-en-america-latina-tendrian-wifi\/","url":"https:\/\/aeronoticias.com.pe\/noticiero\/27\/en-cinco-anos-los-aviones-en-america-latina-tendrian-wifi\/","name":"\u2018En cinco a\u00f1os, los aviones en Am\u00e9rica Latina tendr\u00edan wifi\u2019","isPartOf":{"@id":"https:\/\/aeronoticias.com.pe\/noticiero\/#website"},"datePublished":"2015-08-12T18:06:31+00:00","author":{"@id":"https:\/\/aeronoticias.com.pe\/noticiero\/#\/schema\/person\/fc1e5d578f4b62ba1cf7ac2bba1170a0"},"description":"Portal de noticias del Per\u00fa sobre el transporte a\u00e9reo, aviaci\u00f3n, turismo, hoteleria, actualidad.","breadcrumb":{"@id":"https:\/\/aeronoticias.com.pe\/noticiero\/27\/en-cinco-anos-los-aviones-en-america-latina-tendrian-wifi\/#breadcrumb"},"inLanguage":"es","potentialAction":[{"@type":"ReadAction","target":["https:\/\/aeronoticias.com.pe\/noticiero\/27\/en-cinco-anos-los-aviones-en-america-latina-tendrian-wifi\/"]}]},{"@type":"BreadcrumbList","@id":"https:\/\/aeronoticias.com.pe\/noticiero\/27\/en-cinco-anos-los-aviones-en-america-latina-tendrian-wifi\/#breadcrumb","itemListElement":[{"@type":"ListItem","position":1,"name":"Portada","item":"https:\/\/aeronoticias.com.pe\/noticiero\/"},{"@type":"ListItem","position":2,"name":"\u2018En cinco a\u00f1os, los aviones en Am\u00e9rica Latina tendr\u00edan wifi\u2019"}]},{"@type":"WebSite","@id":"https:\/\/aeronoticias.com.pe\/noticiero\/#website","url":"https:\/\/aeronoticias.com.pe\/noticiero\/","name":"Aeronoticias.com.pe","description":"Noticias de tranporte aereo, turismo, hoteles, gastronomia, actualidad, internacional","potentialAction":[{"@type":"SearchAction","target":{"@type":"EntryPoint","urlTemplate":"https:\/\/aeronoticias.com.pe\/noticiero\/?s={search_term_string}"},"query-input":{"@type":"PropertyValueSpecification","valueRequired":true,"valueName":"search_term_string"}}],"inLanguage":"es"},{"@type":"Person","@id":"https:\/\/aeronoticias.com.pe\/noticiero\/#\/schema\/person\/fc1e5d578f4b62ba1cf7ac2bba1170a0","name":"Redacci\u00f3n Aeronoticias","url":"https:\/\/aeronoticias.com.pe\/noticiero\/author\/piloto\/"}]}},"_links":{"self":[{"href":"https:\/\/aeronoticias.com.pe\/noticiero\/wp-json\/wp\/v2\/posts\/53351","targetHints":{"allow":["GET"]}}],"collection":[{"href":"https:\/\/aeronoticias.com.pe\/noticiero\/wp-json\/wp\/v2\/posts"}],"about":[{"href":"https:\/\/aeronoticias.com.pe\/noticiero\/wp-json\/wp\/v2\/types\/post"}],"author":[{"embeddable":true,"href":"https:\/\/aeronoticias.com.pe\/noticiero\/wp-json\/wp\/v2\/users\/1"}],"replies":[{"embeddable":true,"href":"https:\/\/aeronoticias.com.pe\/noticiero\/wp-json\/wp\/v2\/comments?post=53351"}],"version-history":[{"count":0,"href":"https:\/\/aeronoticias.com.pe\/noticiero\/wp-json\/wp\/v2\/posts\/53351\/revisions"}],"wp:attachment":[{"href":"https:\/\/aeronoticias.com.pe\/noticiero\/wp-json\/wp\/v2\/media?parent=53351"}],"wp:term":[{"taxonomy":"category","embeddable":true,"href":"https:\/\/aeronoticias.com.pe\/noticiero\/wp-json\/wp\/v2\/categories?post=53351"},{"taxonomy":"post_tag","embeddable":true,"href":"https:\/\/aeronoticias.com.pe\/noticiero\/wp-json\/wp\/v2\/tags?post=53351"}],"curies":[{"name":"wp","href":"https:\/\/api.w.org\/{rel}","templated":true}]}}