{"id":53352,"date":"2015-08-12T19:10:06","date_gmt":"2015-08-12T19:10:06","guid":{"rendered":"http:\/\/desarrollo.mcvicious.com\/aero2020\/2015\/08\/12\/camaras-de-turismo-del-peru-piden-mayor-desarrollo-de-la-actividad-turistica\/"},"modified":"2015-08-12T19:10:06","modified_gmt":"2015-08-12T19:10:06","slug":"camaras-de-turismo-del-peru-piden-mayor-desarrollo-de-la-actividad-turistica","status":"publish","type":"post","link":"https:\/\/aeronoticias.com.pe\/noticiero\/turismo\/13\/camaras-de-turismo-del-peru-piden-mayor-desarrollo-de-la-actividad-turistica\/","title":{"rendered":"C\u00e1maras de Turismo del Per\u00fa piden mayor desarrollo de la actividad tur\u00edstica"},"content":{"rendered":"<p style=\"text-align: justify;\"><strong>(Aeronoticias) <\/strong><span style=\"font-size: 12.1599998474121px; line-height: 1.3em;\">En el marco de la II Reuni\u00f3n de Presidentes de las C\u00e1maras Regionales de Turismo (Caretures), organizada ayer por la C\u00e1mara Nacional de Turismo (Canatur) en Lima, los representantes de dichas instituciones suscribieron un manifiesto un\u00e1nime que refleja el intercambio de ideas y propuestas sobre la problem\u00e1tica de la actividad tur\u00edstica en el pa\u00eds.<\/span><\/p>\n<p style=\"text-align: justify;\"><span style=\"font-size: 12.1599998474121px; line-height: 1.3em;\">El pronunciamiento, dirigido a las autoridades del sector p\u00fablico en todos los niveles de gobierno, expresa los planteamientos y requerimientos del empresariado nacional para logar el mejor desarrollo del turismo en el Per\u00fa.<\/span><\/p>\n<p style=\"text-align: justify;\"><span style=\"font-size: 12.1599998474121px; line-height: 1.3em;\">Entre los puntos m\u00e1s destacables figuran la facilitaci\u00f3n y simplificaci\u00f3n de los tr\u00e1mites burocr\u00e1ticos a favor de las inversiones en turismo; promoci\u00f3n de la conectividad a\u00e9rea, terrestre y fluvial entre los destinos; implementaci\u00f3n de incentivos a las inversiones tur\u00edsticas; y la exhortaci\u00f3n a los gobiernos regionales y locales para que incrementen el presupuesto designado al sector.<\/span><\/p>\n<p style=\"text-align: justify;\"><span style=\"font-size: 12.1599998474121px; line-height: 1.3em;\">El documento fue suscrito por Jorge Jochamowitz, presidente de Canatur; Antonio Serv\u00e1n, presidente de Caretur Amazonas; Giuliana Melendez, presidenta de Caretur \u00c1ncash; Haydee Larrea, presidenta de la C\u00e1mara de Turismo de Barranca; Sergio C\u00e1ceres, presidente de Caretur Cajamarca; y Carolina Z\u00e1rate, presidenta de Cadetur La Libertad.<\/span><\/p>\n<p style=\"text-align: justify;\"><span style=\"font-size: 12.1599998474121px; line-height: 1.3em;\">Tambi\u00e9n firmaron el manifiesto: Jorge Veliz, presidente de Caretur Lambayeque; Elizabeth Scarpati, presidenta de la C\u00e1mara de Turismo de Nasca; Eduardo Ja\u00faregui, presidente de la C\u00e1mara de Turismo de Paracas; Carlos Vi\u00f1as, presidente de Caretur Tumbes; y Giovanna Vega, presidenta de Caretur Ucayali.<\/span><\/p>\n<p style=\"text-align: justify;\"><span style=\"font-size: 12.1599998474121px; line-height: 1.3em;\">Cabe se\u00f1alar que este pronunciamiento servir\u00e1 de base para la elaboraci\u00f3n de un plan de desarrollo tur\u00edstico para los pr\u00f3ximos cinco a\u00f1os, que ser\u00e1 presentado pr\u00f3ximamente a los candidatos presidenciales que participar\u00e1n en las Elecciones Generales del 2016.<\/span><\/p>\n<p><strong><em>Fuente: Infoturper\u00fa<\/em><\/strong><\/p>\n<p><strong><em><img decoding=\"async\" src=\"images\/stories\/15\/08\/120815\/reucanatur.jpg\" border=\"0\" \/><br \/><\/em><\/strong><\/p>\n","protected":false},"excerpt":{"rendered":"<p>(Aeronoticias) En el marco de la II Reuni\u00f3n de Presidentes de las C\u00e1maras Regionales de Turismo (Caretures), organizada ayer por la C\u00e1mara Nacional de Turismo (Canatur) en Lima, los representantes de dichas instituciones suscribieron un manifiesto un\u00e1nime que refleja el intercambio de ideas y propuestas sobre la problem\u00e1tica de la actividad tur\u00edstica en el pa\u00eds. [&hellip;]<\/p>\n","protected":false},"author":1,"featured_media":0,"comment_status":"open","ping_status":"open","sticky":false,"template":"","format":"standard","meta":{"tdm_status":"","tdm_grid_status":"","footnotes":""},"categories":[31],"tags":[],"class_list":{"0":"post-53352","1":"post","2":"type-post","3":"status-publish","4":"format-standard","6":"category-31"},"yoast_head":"<!-- This site is optimized with the Yoast SEO plugin v25.1 - https:\/\/yoast.com\/wordpress\/plugins\/seo\/ -->\n<title>C\u00e1maras de Turismo del Per\u00fa piden mayor desarrollo de la actividad tur\u00edstica<\/title>\n<meta name=\"description\" content=\"Portal de noticias del Per\u00fa sobre el transporte a\u00e9reo, aviaci\u00f3n, turismo, hoteleria, actualidad.\" \/>\n<meta name=\"robots\" content=\"index, follow, max-snippet:-1, max-image-preview:large, max-video-preview:-1\" \/>\n<link rel=\"canonical\" href=\"https:\/\/aeronoticias.com.pe\/noticiero\/turismo\/13\/camaras-de-turismo-del-peru-piden-mayor-desarrollo-de-la-actividad-turistica\/\" \/>\n<meta property=\"og:locale\" content=\"es_ES\" \/>\n<meta property=\"og:type\" content=\"article\" \/>\n<meta property=\"og:title\" content=\"C\u00e1maras de Turismo del Per\u00fa piden mayor desarrollo de la actividad tur\u00edstica\" \/>\n<meta property=\"og:description\" content=\"Portal de noticias del Per\u00fa sobre el transporte a\u00e9reo, aviaci\u00f3n, turismo, hoteleria, actualidad.\" \/>\n<meta property=\"og:url\" content=\"https:\/\/aeronoticias.com.pe\/noticiero\/turismo\/13\/camaras-de-turismo-del-peru-piden-mayor-desarrollo-de-la-actividad-turistica\/\" \/>\n<meta property=\"og:site_name\" content=\"Aeronoticias.com.pe\" \/>\n<meta property=\"article:publisher\" content=\"https:\/\/www.facebook.com\/Aeronoticias.com.pe\/\" \/>\n<meta property=\"article:published_time\" content=\"2015-08-12T19:10:06+00:00\" \/>\n<meta name=\"author\" content=\"Redacci\u00f3n Aeronoticias\" \/>\n<meta name=\"twitter:card\" content=\"summary_large_image\" \/>\n<meta name=\"twitter:creator\" content=\"@aeronoticias\" \/>\n<meta name=\"twitter:site\" content=\"@aeronoticias\" \/>\n<meta name=\"twitter:label1\" content=\"Escrito por\" \/>\n\t<meta name=\"twitter:data1\" content=\"Redacci\u00f3n Aeronoticias\" \/>\n\t<meta name=\"twitter:label2\" content=\"Tiempo de lectura\" \/>\n\t<meta name=\"twitter:data2\" content=\"2 minutos\" \/>\n<script type=\"application\/ld+json\" class=\"yoast-schema-graph\">{\"@context\":\"https:\/\/schema.org\",\"@graph\":[{\"@type\":\"WebPage\",\"@id\":\"https:\/\/aeronoticias.com.pe\/noticiero\/turismo\/13\/camaras-de-turismo-del-peru-piden-mayor-desarrollo-de-la-actividad-turistica\/\",\"url\":\"https:\/\/aeronoticias.com.pe\/noticiero\/turismo\/13\/camaras-de-turismo-del-peru-piden-mayor-desarrollo-de-la-actividad-turistica\/\",\"name\":\"C\u00e1maras de Turismo del Per\u00fa piden mayor desarrollo de la actividad tur\u00edstica\",\"isPartOf\":{\"@id\":\"https:\/\/aeronoticias.com.pe\/noticiero\/#website\"},\"datePublished\":\"2015-08-12T19:10:06+00:00\",\"author\":{\"@id\":\"https:\/\/aeronoticias.com.pe\/noticiero\/#\/schema\/person\/fc1e5d578f4b62ba1cf7ac2bba1170a0\"},\"description\":\"Portal de noticias del Per\u00fa sobre el transporte a\u00e9reo, aviaci\u00f3n, turismo, hoteleria, actualidad.\",\"breadcrumb\":{\"@id\":\"https:\/\/aeronoticias.com.pe\/noticiero\/turismo\/13\/camaras-de-turismo-del-peru-piden-mayor-desarrollo-de-la-actividad-turistica\/#breadcrumb\"},\"inLanguage\":\"es\",\"potentialAction\":[{\"@type\":\"ReadAction\",\"target\":[\"https:\/\/aeronoticias.com.pe\/noticiero\/turismo\/13\/camaras-de-turismo-del-peru-piden-mayor-desarrollo-de-la-actividad-turistica\/\"]}]},{\"@type\":\"BreadcrumbList\",\"@id\":\"https:\/\/aeronoticias.com.pe\/noticiero\/turismo\/13\/camaras-de-turismo-del-peru-piden-mayor-desarrollo-de-la-actividad-turistica\/#breadcrumb\",\"itemListElement\":[{\"@type\":\"ListItem\",\"position\":1,\"name\":\"Portada\",\"item\":\"https:\/\/aeronoticias.com.pe\/noticiero\/\"},{\"@type\":\"ListItem\",\"position\":2,\"name\":\"C\u00e1maras de Turismo del Per\u00fa piden mayor desarrollo de la actividad tur\u00edstica\"}]},{\"@type\":\"WebSite\",\"@id\":\"https:\/\/aeronoticias.com.pe\/noticiero\/#website\",\"url\":\"https:\/\/aeronoticias.com.pe\/noticiero\/\",\"name\":\"Aeronoticias.com.pe\",\"description\":\"Noticias de tranporte aereo, turismo, hoteles, gastronomia, actualidad, internacional\",\"potentialAction\":[{\"@type\":\"SearchAction\",\"target\":{\"@type\":\"EntryPoint\",\"urlTemplate\":\"https:\/\/aeronoticias.com.pe\/noticiero\/?s={search_term_string}\"},\"query-input\":{\"@type\":\"PropertyValueSpecification\",\"valueRequired\":true,\"valueName\":\"search_term_string\"}}],\"inLanguage\":\"es\"},{\"@type\":\"Person\",\"@id\":\"https:\/\/aeronoticias.com.pe\/noticiero\/#\/schema\/person\/fc1e5d578f4b62ba1cf7ac2bba1170a0\",\"name\":\"Redacci\u00f3n Aeronoticias\",\"url\":\"https:\/\/aeronoticias.com.pe\/noticiero\/author\/piloto\/\"}]}<\/script>\n<!-- \/ Yoast SEO plugin. -->","yoast_head_json":{"title":"C\u00e1maras de Turismo del Per\u00fa piden mayor desarrollo de la actividad tur\u00edstica","description":"Portal de noticias del Per\u00fa sobre el transporte a\u00e9reo, aviaci\u00f3n, turismo, hoteleria, actualidad.","robots":{"index":"index","follow":"follow","max-snippet":"max-snippet:-1","max-image-preview":"max-image-preview:large","max-video-preview":"max-video-preview:-1"},"canonical":"https:\/\/aeronoticias.com.pe\/noticiero\/turismo\/13\/camaras-de-turismo-del-peru-piden-mayor-desarrollo-de-la-actividad-turistica\/","og_locale":"es_ES","og_type":"article","og_title":"C\u00e1maras de Turismo del Per\u00fa piden mayor desarrollo de la actividad tur\u00edstica","og_description":"Portal de noticias del Per\u00fa sobre el transporte a\u00e9reo, aviaci\u00f3n, turismo, hoteleria, actualidad.","og_url":"https:\/\/aeronoticias.com.pe\/noticiero\/turismo\/13\/camaras-de-turismo-del-peru-piden-mayor-desarrollo-de-la-actividad-turistica\/","og_site_name":"Aeronoticias.com.pe","article_publisher":"https:\/\/www.facebook.com\/Aeronoticias.com.pe\/","article_published_time":"2015-08-12T19:10:06+00:00","author":"Redacci\u00f3n Aeronoticias","twitter_card":"summary_large_image","twitter_creator":"@aeronoticias","twitter_site":"@aeronoticias","twitter_misc":{"Escrito por":"Redacci\u00f3n Aeronoticias","Tiempo de lectura":"2 minutos"},"schema":{"@context":"https:\/\/schema.org","@graph":[{"@type":"WebPage","@id":"https:\/\/aeronoticias.com.pe\/noticiero\/turismo\/13\/camaras-de-turismo-del-peru-piden-mayor-desarrollo-de-la-actividad-turistica\/","url":"https:\/\/aeronoticias.com.pe\/noticiero\/turismo\/13\/camaras-de-turismo-del-peru-piden-mayor-desarrollo-de-la-actividad-turistica\/","name":"C\u00e1maras de Turismo del Per\u00fa piden mayor desarrollo de la actividad tur\u00edstica","isPartOf":{"@id":"https:\/\/aeronoticias.com.pe\/noticiero\/#website"},"datePublished":"2015-08-12T19:10:06+00:00","author":{"@id":"https:\/\/aeronoticias.com.pe\/noticiero\/#\/schema\/person\/fc1e5d578f4b62ba1cf7ac2bba1170a0"},"description":"Portal de noticias del Per\u00fa sobre el transporte a\u00e9reo, aviaci\u00f3n, turismo, hoteleria, actualidad.","breadcrumb":{"@id":"https:\/\/aeronoticias.com.pe\/noticiero\/turismo\/13\/camaras-de-turismo-del-peru-piden-mayor-desarrollo-de-la-actividad-turistica\/#breadcrumb"},"inLanguage":"es","potentialAction":[{"@type":"ReadAction","target":["https:\/\/aeronoticias.com.pe\/noticiero\/turismo\/13\/camaras-de-turismo-del-peru-piden-mayor-desarrollo-de-la-actividad-turistica\/"]}]},{"@type":"BreadcrumbList","@id":"https:\/\/aeronoticias.com.pe\/noticiero\/turismo\/13\/camaras-de-turismo-del-peru-piden-mayor-desarrollo-de-la-actividad-turistica\/#breadcrumb","itemListElement":[{"@type":"ListItem","position":1,"name":"Portada","item":"https:\/\/aeronoticias.com.pe\/noticiero\/"},{"@type":"ListItem","position":2,"name":"C\u00e1maras de Turismo del Per\u00fa piden mayor desarrollo de la actividad tur\u00edstica"}]},{"@type":"WebSite","@id":"https:\/\/aeronoticias.com.pe\/noticiero\/#website","url":"https:\/\/aeronoticias.com.pe\/noticiero\/","name":"Aeronoticias.com.pe","description":"Noticias de tranporte aereo, turismo, hoteles, gastronomia, actualidad, internacional","potentialAction":[{"@type":"SearchAction","target":{"@type":"EntryPoint","urlTemplate":"https:\/\/aeronoticias.com.pe\/noticiero\/?s={search_term_string}"},"query-input":{"@type":"PropertyValueSpecification","valueRequired":true,"valueName":"search_term_string"}}],"inLanguage":"es"},{"@type":"Person","@id":"https:\/\/aeronoticias.com.pe\/noticiero\/#\/schema\/person\/fc1e5d578f4b62ba1cf7ac2bba1170a0","name":"Redacci\u00f3n Aeronoticias","url":"https:\/\/aeronoticias.com.pe\/noticiero\/author\/piloto\/"}]}},"_links":{"self":[{"href":"https:\/\/aeronoticias.com.pe\/noticiero\/wp-json\/wp\/v2\/posts\/53352","targetHints":{"allow":["GET"]}}],"collection":[{"href":"https:\/\/aeronoticias.com.pe\/noticiero\/wp-json\/wp\/v2\/posts"}],"about":[{"href":"https:\/\/aeronoticias.com.pe\/noticiero\/wp-json\/wp\/v2\/types\/post"}],"author":[{"embeddable":true,"href":"https:\/\/aeronoticias.com.pe\/noticiero\/wp-json\/wp\/v2\/users\/1"}],"replies":[{"embeddable":true,"href":"https:\/\/aeronoticias.com.pe\/noticiero\/wp-json\/wp\/v2\/comments?post=53352"}],"version-history":[{"count":0,"href":"https:\/\/aeronoticias.com.pe\/noticiero\/wp-json\/wp\/v2\/posts\/53352\/revisions"}],"wp:attachment":[{"href":"https:\/\/aeronoticias.com.pe\/noticiero\/wp-json\/wp\/v2\/media?parent=53352"}],"wp:term":[{"taxonomy":"category","embeddable":true,"href":"https:\/\/aeronoticias.com.pe\/noticiero\/wp-json\/wp\/v2\/categories?post=53352"},{"taxonomy":"post_tag","embeddable":true,"href":"https:\/\/aeronoticias.com.pe\/noticiero\/wp-json\/wp\/v2\/tags?post=53352"}],"curies":[{"name":"wp","href":"https:\/\/api.w.org\/{rel}","templated":true}]}}