{"id":53353,"date":"2015-08-12T19:11:27","date_gmt":"2015-08-12T19:11:27","guid":{"rendered":"http:\/\/desarrollo.mcvicious.com\/aero2020\/2015\/08\/12\/autoridades-de-loreto-no-apoyaron-vuelos-de-copa-entre-panama-e-iquitos\/"},"modified":"2015-08-12T19:11:27","modified_gmt":"2015-08-12T19:11:27","slug":"autoridades-de-loreto-no-apoyaron-vuelos-de-copa-entre-panama-e-iquitos","status":"publish","type":"post","link":"https:\/\/aeronoticias.com.pe\/noticiero\/transporte-aereo\/internacional\/autoridades-de-loreto-no-apoyaron-vuelos-de-copa-entre-panama-e-iquitos\/","title":{"rendered":"Autoridades de Loreto no apoyaron vuelos de Copa entre Panam\u00e1 e Iquitos"},"content":{"rendered":"<p style=\"text-align: justify;\"><strong>(Aeronoticias) <\/strong><span style=\"font-size: 12.1599998474121px; line-height: 1.3em;\">Los vuelos de Copa Airlines entre Panam\u00e1 e Iquitos, que ser\u00e1n suspendidos desde el 05 de setiembre pr\u00f3ximo, carecieron desde un inicio del apoyo de las autoridades del sector p\u00fablico, a nivel regional y local, en materia de promoci\u00f3n del destino, afirm\u00f3 Jammer Ram\u00edrez, ex presidente de la C\u00e1mara Regional de Turismo (Caretur) de Loreto.<\/span><\/p>\n<p style=\"text-align: justify;\"><span style=\"font-size: 12.1599998474121px; line-height: 1.3em;\">En declaraciones a Infotur Per\u00fa, sostuvo que la decisi\u00f3n adoptada por Copa responde b\u00e1sicamente a la poca rentabilidad de la ruta y dijo que ser\u00e1 dif\u00edcil evitar que la aerol\u00ednea deje de volar a Iquitos, tal como lo se\u00f1al\u00f3 la presidenta de la C\u00e1mara de Comercio, Industria y Turismo de Loreto, Julia V\u00e1squez, quien apel\u00f3 al cumplimiento de convenios bilaterales.<\/span><\/p>\n<p style=\"text-align: justify;\"><span style=\"font-size: 12.1599998474121px; line-height: 1.3em;\">Para Jammer Ram\u00edrez, tanto el Gobierno Regional de Loreto como la Municipalidad de Iquitos son los responsables de la cancelaci\u00f3n de los \u00fanicos vuelos internacionales que llegaban a la ciudad amaz\u00f3nica. \u201cNo se ha contado con el compromiso del sector p\u00fablico, gobiernos regionales y locales. A ellos no les interesan los aspectos de infraestructura, conectividad y promoci\u00f3n\u201d, expres\u00f3.<\/span><\/p>\n<p style=\"text-align: justify;\"><span style=\"font-size: 12.1599998474121px; line-height: 1.3em;\">Consultado sobre alg\u00fan tipo de responsabilidad que podr\u00eda tener la l\u00ednea a\u00e9rea, el empresario indic\u00f3 que Copa Airlines \u201cha hecho lo suyo, lanzando precios bajos, entrenando a las agencias de viajes y promocionando el destino\u201d. Lamentablemente, la baja rentabilidad de la ruta ha primado en su decisi\u00f3n.<\/span><\/p>\n<p style=\"text-align: justify;\"><span style=\"font-size: 12.1599998474121px; line-height: 1.3em;\">ACUERDO A\u00c9REO<\/span><\/p>\n<p style=\"text-align: justify;\"><span style=\"font-size: 12.1599998474121px; line-height: 1.3em;\">La presidenta de la C\u00e1mara de Comercio, Industria y Turismo de Loreto, Julia V\u00e1squez, dijo ayer que no permitir\u00e1 que Copa Airlines se vaya de la ciudad de Iquitos, ya que \u201chay convenios que respetar\u201d.<\/span><\/p>\n<p style=\"text-align: justify;\"><span style=\"font-size: 12.1599998474121px; line-height: 1.3em;\">\u201cLastimosamente ese tema ya estaba previsto, nosotros tuvimos una reuni\u00f3n con el Ministerio de Transportes y Comunicaciones (MTC), espec\u00edficamente con el Director General de Aeron\u00e1utica, y a ra\u00edz de eso ellos revisaron el convenio que firmaron con Copa\u201d, declar\u00f3 la empresaria al diario La Regi\u00f3n de Loreto.<\/span><\/p>\n<p style=\"text-align: justify;\"><span style=\"font-size: 12.1599998474121px; line-height: 1.3em;\">Dicho medio afirm\u00f3 que si la aerol\u00ednea paname\u00f1a decide retirarse, el gobierno peruano le exigir\u00eda que cancele la frecuencia adicional que le dieron en la ruta Lima-Panam\u00e1-Lima (en la actualidad tienen cinco vuelos diarios v\u00eda Lima) con la condici\u00f3n de que lleguen a Iquitos.<\/span><\/p>\n<p style=\"text-align: justify;\"><span style=\"font-size: 12.1599998474121px; line-height: 1.3em;\">Al respecto, Jammer Ram\u00edrez dijo que dif\u00edcilmente se podr\u00eda dar esta situaci\u00f3n, ya que se desconocen las condiciones de los acuerdos a\u00e9reos firmados entre las partes, en este caso entre Per\u00fa, Panam\u00e1 y Copa Airlines.<\/span><\/p>\n<p style=\"text-align: justify;\"><span style=\"font-size: 12.1599998474121px; line-height: 1.3em;\">\u201cLo que afirma Julia V\u00e1squez puede sonar muy bien, pero lamentablemente son versiones no confirmadas. Lo cierto es que los puntos del convenio a\u00e9reo firmado con Panam\u00e1 no se conocen\u201d, acot\u00f3.<\/span><\/p>\n<p><strong><em>Fuente: Infotuper\u00fa<\/em><\/strong><\/p>\n<p><strong><em><img decoding=\"async\" src=\"images\/stories\/15\/08\/120815\/copa.jpg\" border=\"0\" \/><br \/><\/em><\/strong><\/p>\n<p><strong><em><br \/><\/em><\/strong><\/p>\n","protected":false},"excerpt":{"rendered":"<p>(Aeronoticias) Los vuelos de Copa Airlines entre Panam\u00e1 e Iquitos, que ser\u00e1n suspendidos desde el 05 de setiembre pr\u00f3ximo, carecieron desde un inicio del apoyo de las autoridades del sector p\u00fablico, a nivel regional y local, en materia de promoci\u00f3n del destino, afirm\u00f3 Jammer Ram\u00edrez, ex presidente de la C\u00e1mara Regional de Turismo (Caretur) de [&hellip;]<\/p>\n","protected":false},"author":1,"featured_media":0,"comment_status":"open","ping_status":"open","sticky":false,"template":"","format":"standard","meta":{"tdm_status":"","tdm_grid_status":"","footnotes":""},"categories":[32],"tags":[],"class_list":{"0":"post-53353","1":"post","2":"type-post","3":"status-publish","4":"format-standard","6":"category-internacional"},"yoast_head":"<!-- This site is optimized with the Yoast SEO plugin v25.1 - https:\/\/yoast.com\/wordpress\/plugins\/seo\/ -->\n<title>Autoridades de Loreto no apoyaron vuelos de Copa entre Panam\u00e1 e Iquitos<\/title>\n<meta name=\"description\" content=\"Portal de noticias del Per\u00fa sobre el transporte a\u00e9reo, aviaci\u00f3n, turismo, hoteleria, actualidad.\" \/>\n<meta name=\"robots\" content=\"index, follow, max-snippet:-1, max-image-preview:large, max-video-preview:-1\" \/>\n<link rel=\"canonical\" href=\"https:\/\/aeronoticias.com.pe\/noticiero\/transporte-aereo\/internacional\/autoridades-de-loreto-no-apoyaron-vuelos-de-copa-entre-panama-e-iquitos\/\" \/>\n<meta property=\"og:locale\" content=\"es_ES\" \/>\n<meta property=\"og:type\" content=\"article\" \/>\n<meta property=\"og:title\" content=\"Autoridades de Loreto no apoyaron vuelos de Copa entre Panam\u00e1 e Iquitos\" \/>\n<meta property=\"og:description\" content=\"Portal de noticias del Per\u00fa sobre el transporte a\u00e9reo, aviaci\u00f3n, turismo, hoteleria, actualidad.\" \/>\n<meta property=\"og:url\" content=\"https:\/\/aeronoticias.com.pe\/noticiero\/transporte-aereo\/internacional\/autoridades-de-loreto-no-apoyaron-vuelos-de-copa-entre-panama-e-iquitos\/\" \/>\n<meta property=\"og:site_name\" content=\"Aeronoticias.com.pe\" \/>\n<meta property=\"article:publisher\" content=\"https:\/\/www.facebook.com\/Aeronoticias.com.pe\/\" \/>\n<meta property=\"article:published_time\" content=\"2015-08-12T19:11:27+00:00\" \/>\n<meta name=\"author\" content=\"Redacci\u00f3n Aeronoticias\" \/>\n<meta name=\"twitter:card\" content=\"summary_large_image\" \/>\n<meta name=\"twitter:creator\" content=\"@aeronoticias\" \/>\n<meta name=\"twitter:site\" content=\"@aeronoticias\" \/>\n<meta name=\"twitter:label1\" content=\"Escrito por\" \/>\n\t<meta name=\"twitter:data1\" content=\"Redacci\u00f3n Aeronoticias\" \/>\n\t<meta name=\"twitter:label2\" content=\"Tiempo de lectura\" \/>\n\t<meta name=\"twitter:data2\" content=\"2 minutos\" \/>\n<script type=\"application\/ld+json\" class=\"yoast-schema-graph\">{\"@context\":\"https:\/\/schema.org\",\"@graph\":[{\"@type\":\"WebPage\",\"@id\":\"https:\/\/aeronoticias.com.pe\/noticiero\/transporte-aereo\/internacional\/autoridades-de-loreto-no-apoyaron-vuelos-de-copa-entre-panama-e-iquitos\/\",\"url\":\"https:\/\/aeronoticias.com.pe\/noticiero\/transporte-aereo\/internacional\/autoridades-de-loreto-no-apoyaron-vuelos-de-copa-entre-panama-e-iquitos\/\",\"name\":\"Autoridades de Loreto no apoyaron vuelos de Copa entre Panam\u00e1 e Iquitos\",\"isPartOf\":{\"@id\":\"https:\/\/aeronoticias.com.pe\/noticiero\/#website\"},\"datePublished\":\"2015-08-12T19:11:27+00:00\",\"author\":{\"@id\":\"https:\/\/aeronoticias.com.pe\/noticiero\/#\/schema\/person\/fc1e5d578f4b62ba1cf7ac2bba1170a0\"},\"description\":\"Portal de noticias del Per\u00fa sobre el transporte a\u00e9reo, aviaci\u00f3n, turismo, hoteleria, actualidad.\",\"breadcrumb\":{\"@id\":\"https:\/\/aeronoticias.com.pe\/noticiero\/transporte-aereo\/internacional\/autoridades-de-loreto-no-apoyaron-vuelos-de-copa-entre-panama-e-iquitos\/#breadcrumb\"},\"inLanguage\":\"es\",\"potentialAction\":[{\"@type\":\"ReadAction\",\"target\":[\"https:\/\/aeronoticias.com.pe\/noticiero\/transporte-aereo\/internacional\/autoridades-de-loreto-no-apoyaron-vuelos-de-copa-entre-panama-e-iquitos\/\"]}]},{\"@type\":\"BreadcrumbList\",\"@id\":\"https:\/\/aeronoticias.com.pe\/noticiero\/transporte-aereo\/internacional\/autoridades-de-loreto-no-apoyaron-vuelos-de-copa-entre-panama-e-iquitos\/#breadcrumb\",\"itemListElement\":[{\"@type\":\"ListItem\",\"position\":1,\"name\":\"Portada\",\"item\":\"https:\/\/aeronoticias.com.pe\/noticiero\/\"},{\"@type\":\"ListItem\",\"position\":2,\"name\":\"Autoridades de Loreto no apoyaron vuelos de Copa entre Panam\u00e1 e Iquitos\"}]},{\"@type\":\"WebSite\",\"@id\":\"https:\/\/aeronoticias.com.pe\/noticiero\/#website\",\"url\":\"https:\/\/aeronoticias.com.pe\/noticiero\/\",\"name\":\"Aeronoticias.com.pe\",\"description\":\"Noticias de tranporte aereo, turismo, hoteles, gastronomia, actualidad, internacional\",\"potentialAction\":[{\"@type\":\"SearchAction\",\"target\":{\"@type\":\"EntryPoint\",\"urlTemplate\":\"https:\/\/aeronoticias.com.pe\/noticiero\/?s={search_term_string}\"},\"query-input\":{\"@type\":\"PropertyValueSpecification\",\"valueRequired\":true,\"valueName\":\"search_term_string\"}}],\"inLanguage\":\"es\"},{\"@type\":\"Person\",\"@id\":\"https:\/\/aeronoticias.com.pe\/noticiero\/#\/schema\/person\/fc1e5d578f4b62ba1cf7ac2bba1170a0\",\"name\":\"Redacci\u00f3n Aeronoticias\",\"url\":\"https:\/\/aeronoticias.com.pe\/noticiero\/author\/piloto\/\"}]}<\/script>\n<!-- \/ Yoast SEO plugin. -->","yoast_head_json":{"title":"Autoridades de Loreto no apoyaron vuelos de Copa entre Panam\u00e1 e Iquitos","description":"Portal de noticias del Per\u00fa sobre el transporte a\u00e9reo, aviaci\u00f3n, turismo, hoteleria, actualidad.","robots":{"index":"index","follow":"follow","max-snippet":"max-snippet:-1","max-image-preview":"max-image-preview:large","max-video-preview":"max-video-preview:-1"},"canonical":"https:\/\/aeronoticias.com.pe\/noticiero\/transporte-aereo\/internacional\/autoridades-de-loreto-no-apoyaron-vuelos-de-copa-entre-panama-e-iquitos\/","og_locale":"es_ES","og_type":"article","og_title":"Autoridades de Loreto no apoyaron vuelos de Copa entre Panam\u00e1 e Iquitos","og_description":"Portal de noticias del Per\u00fa sobre el transporte a\u00e9reo, aviaci\u00f3n, turismo, hoteleria, actualidad.","og_url":"https:\/\/aeronoticias.com.pe\/noticiero\/transporte-aereo\/internacional\/autoridades-de-loreto-no-apoyaron-vuelos-de-copa-entre-panama-e-iquitos\/","og_site_name":"Aeronoticias.com.pe","article_publisher":"https:\/\/www.facebook.com\/Aeronoticias.com.pe\/","article_published_time":"2015-08-12T19:11:27+00:00","author":"Redacci\u00f3n Aeronoticias","twitter_card":"summary_large_image","twitter_creator":"@aeronoticias","twitter_site":"@aeronoticias","twitter_misc":{"Escrito por":"Redacci\u00f3n Aeronoticias","Tiempo de lectura":"2 minutos"},"schema":{"@context":"https:\/\/schema.org","@graph":[{"@type":"WebPage","@id":"https:\/\/aeronoticias.com.pe\/noticiero\/transporte-aereo\/internacional\/autoridades-de-loreto-no-apoyaron-vuelos-de-copa-entre-panama-e-iquitos\/","url":"https:\/\/aeronoticias.com.pe\/noticiero\/transporte-aereo\/internacional\/autoridades-de-loreto-no-apoyaron-vuelos-de-copa-entre-panama-e-iquitos\/","name":"Autoridades de Loreto no apoyaron vuelos de Copa entre Panam\u00e1 e Iquitos","isPartOf":{"@id":"https:\/\/aeronoticias.com.pe\/noticiero\/#website"},"datePublished":"2015-08-12T19:11:27+00:00","author":{"@id":"https:\/\/aeronoticias.com.pe\/noticiero\/#\/schema\/person\/fc1e5d578f4b62ba1cf7ac2bba1170a0"},"description":"Portal de noticias del Per\u00fa sobre el transporte a\u00e9reo, aviaci\u00f3n, turismo, hoteleria, actualidad.","breadcrumb":{"@id":"https:\/\/aeronoticias.com.pe\/noticiero\/transporte-aereo\/internacional\/autoridades-de-loreto-no-apoyaron-vuelos-de-copa-entre-panama-e-iquitos\/#breadcrumb"},"inLanguage":"es","potentialAction":[{"@type":"ReadAction","target":["https:\/\/aeronoticias.com.pe\/noticiero\/transporte-aereo\/internacional\/autoridades-de-loreto-no-apoyaron-vuelos-de-copa-entre-panama-e-iquitos\/"]}]},{"@type":"BreadcrumbList","@id":"https:\/\/aeronoticias.com.pe\/noticiero\/transporte-aereo\/internacional\/autoridades-de-loreto-no-apoyaron-vuelos-de-copa-entre-panama-e-iquitos\/#breadcrumb","itemListElement":[{"@type":"ListItem","position":1,"name":"Portada","item":"https:\/\/aeronoticias.com.pe\/noticiero\/"},{"@type":"ListItem","position":2,"name":"Autoridades de Loreto no apoyaron vuelos de Copa entre Panam\u00e1 e Iquitos"}]},{"@type":"WebSite","@id":"https:\/\/aeronoticias.com.pe\/noticiero\/#website","url":"https:\/\/aeronoticias.com.pe\/noticiero\/","name":"Aeronoticias.com.pe","description":"Noticias de tranporte aereo, turismo, hoteles, gastronomia, actualidad, internacional","potentialAction":[{"@type":"SearchAction","target":{"@type":"EntryPoint","urlTemplate":"https:\/\/aeronoticias.com.pe\/noticiero\/?s={search_term_string}"},"query-input":{"@type":"PropertyValueSpecification","valueRequired":true,"valueName":"search_term_string"}}],"inLanguage":"es"},{"@type":"Person","@id":"https:\/\/aeronoticias.com.pe\/noticiero\/#\/schema\/person\/fc1e5d578f4b62ba1cf7ac2bba1170a0","name":"Redacci\u00f3n Aeronoticias","url":"https:\/\/aeronoticias.com.pe\/noticiero\/author\/piloto\/"}]}},"_links":{"self":[{"href":"https:\/\/aeronoticias.com.pe\/noticiero\/wp-json\/wp\/v2\/posts\/53353","targetHints":{"allow":["GET"]}}],"collection":[{"href":"https:\/\/aeronoticias.com.pe\/noticiero\/wp-json\/wp\/v2\/posts"}],"about":[{"href":"https:\/\/aeronoticias.com.pe\/noticiero\/wp-json\/wp\/v2\/types\/post"}],"author":[{"embeddable":true,"href":"https:\/\/aeronoticias.com.pe\/noticiero\/wp-json\/wp\/v2\/users\/1"}],"replies":[{"embeddable":true,"href":"https:\/\/aeronoticias.com.pe\/noticiero\/wp-json\/wp\/v2\/comments?post=53353"}],"version-history":[{"count":0,"href":"https:\/\/aeronoticias.com.pe\/noticiero\/wp-json\/wp\/v2\/posts\/53353\/revisions"}],"wp:attachment":[{"href":"https:\/\/aeronoticias.com.pe\/noticiero\/wp-json\/wp\/v2\/media?parent=53353"}],"wp:term":[{"taxonomy":"category","embeddable":true,"href":"https:\/\/aeronoticias.com.pe\/noticiero\/wp-json\/wp\/v2\/categories?post=53353"},{"taxonomy":"post_tag","embeddable":true,"href":"https:\/\/aeronoticias.com.pe\/noticiero\/wp-json\/wp\/v2\/tags?post=53353"}],"curies":[{"name":"wp","href":"https:\/\/api.w.org\/{rel}","templated":true}]}}