{"id":53356,"date":"2015-08-13T05:32:39","date_gmt":"2015-08-13T05:32:39","guid":{"rendered":"http:\/\/desarrollo.mcvicious.com\/aero2020\/2015\/08\/13\/activistas-provida-protestaron-pacificamente-frente-al-congreso\/"},"modified":"2015-08-13T05:32:39","modified_gmt":"2015-08-13T05:32:39","slug":"activistas-provida-protestaron-pacificamente-frente-al-congreso","status":"publish","type":"post","link":"https:\/\/aeronoticias.com.pe\/noticiero\/nacionales\/activistas-provida-protestaron-pacificamente-frente-al-congreso\/","title":{"rendered":"Activistas provida protestaron pac\u00edficamente frente al Congreso"},"content":{"rendered":"<p style=\"text-align: justify;\"><strong>(Aeronoticias)<\/strong>.- Vestidos de blanco, con mensajes en los carteles y peque\u00f1os ata\u00fades simb\u00f3licos de beb\u00e9s abortados, activistas provida se manifestaron pac\u00edficamente frente al Congreso de la Rep\u00fablica en respuesta a la marcha convocada por la\u00a0<span style=\"font-size: 12.1599998474121px; line-height: 15.8079996109009px;\">campa\u00f1a \u00ab<em>D\u00e9jala Decidir<\/em>\u00ab, la cual<\/span><span style=\"font-size: 12.1599998474121px; line-height: 1.3em;\"> exige la despenalizaci\u00f3n del aborto en casos de violaci\u00f3n sexual.<\/span><\/p>\n<p style=\"text-align: justify;\">Previo al &#8216;plant\u00f3n <strong><span style=\"text-decoration: underline;\">en defensa del ni\u00f1o por nacer<\/span><\/strong>&#8216; frente al Parlamento Nacional, los activistas provida se reunieron en el Parque Juana Alarco de Dammert a las 4 de la tarde, luego se dirigieron al Palacio de Justicia donde realizaron una intervenci\u00f3n para finalmente movilizarse hacia el Congreso.<\/p>\n<p style=\"text-align: justify;\">Los j\u00f3venes activistas son integrantes de la <strong>Red J\u00f3venes Provida Per\u00fa<\/strong> y del <strong>Movimiento Ambas Vidas Importan, <\/strong>llevando a\u00a0cabo esta iniciativa voluntaria en apenas unos pocos d\u00edas.<\/p>\n<p style=\"text-align: justify;\"><span style=\"font-size: 12.1599998474121px; line-height: 1.3em;\">Por otro lado, varias \u00abfeministas\u00bb junto a algunos integrantes del coletivo LGTB causaron caos, vandalismo y una gran congesti\u00f3n vehicular al enfrentarse con la polic\u00eda tras violar el permiso de solo llegar hasta el Parque Universitario. La polic\u00eda utiliz\u00f3 &#8216;rochabuses&#8217; y gases lacrim\u00f3genos para dispersarlos.<\/span><\/p>\n<p style=\"text-align: justify;\"><span style=\"font-size: 12.1599998474121px; line-height: 1.3em;\">Tras la dispersi\u00f3n los activistas provida regresaron al lugar que ten\u00edan permitido por la polic\u00eda y continuaron con su manifestaci\u00f3n pac\u00edfica. De pronto, algunos <\/span><span style=\"font-size: 12.1599998474121px; line-height: 1.3em;\">integrantes de colectivos \u00abfeministas\u00bb regresaron al frontis del Congreso y arremetieron contra los activistas con insultos y gritos. Sin embargo, pese a la provocaci\u00f3n, los j\u00f3venes provida permanecieron calmados en todo momento.<\/span><\/p>\n<p style=\"text-align: justify;\">Natalia Soto, activista provida resalt\u00f3 que \u00abnuestra Constituci\u00f3n protege y defiende al concebido\u00bb. Adem\u00e1s se\u00f1al\u00f3 que \u00abla mujer es v\u00edctima efectivamente en una violaci\u00f3n y eso es terrible\u00bb pero \u00abquien debe pagar es el violador, mas no la criatura que tambi\u00e9n es una v\u00edctima\u00bb.<\/p>\n<p style=\"text-align: justify;\"><img decoding=\"async\" src=\"https:\/\/fbcdn-sphotos-f-a.akamaihd.net\/hphotos-ak-xft1\/v\/t1.0-9\/20604_1600322090229816_892687454842357919_n.jpg?oh=101fbeaefd20eacd54b499ecabbee5fd&amp;oe=5641930A&amp;__gda__=1446611340_7af9429f0e51c9712a01454f5257f2b0\" border=\"0\" \/><\/p>\n<p style=\"text-align: justify;\"><img decoding=\"async\" src=\"https:\/\/scontent-mia1-1.xx.fbcdn.net\/hphotos-xfp1\/v\/t1.0-9\/11891154_1600324036896288_8282680010073364336_n.jpg?oh=6d8286095bb832ebb3f5a5e999f40af0&amp;oe=567F6411\" border=\"0\" \/><\/p>\n<p style=\"text-align: justify;\"><img decoding=\"async\" src=\"https:\/\/fbcdn-sphotos-e-a.akamaihd.net\/hphotos-ak-xpt1\/v\/t1.0-9\/11224006_1600325333562825_915622079170180108_n.jpg?oh=d46d0b1a3662ac63e9541b3d2b258f20&amp;oe=564457D4&amp;__gda__=1446558928_73a2f549a43fdc5bd8ee3038148645f8\" border=\"0\" \/><\/p>\n<p style=\"text-align: justify;\"><img decoding=\"async\" src=\"https:\/\/fbcdn-sphotos-h-a.akamaihd.net\/hphotos-ak-xap1\/v\/t1.0-9\/p235x350\/11885314_1600325840229441_1607728003011160534_n.jpg?oh=9410445428c296eed69669f3044b9241&amp;oe=5642B568&amp;__gda__=1447085392_5ea5d54dafabc6101645d8c4594ee155\" border=\"0\" \/><\/p>\n<p style=\"text-align: justify;\"><em>Fotograf\u00edas: Yhonatan Luque \/ Jefrey Cuya<\/em><\/p>\n","protected":false},"excerpt":{"rendered":"<p>(Aeronoticias).- Vestidos de blanco, con mensajes en los carteles y peque\u00f1os ata\u00fades simb\u00f3licos de beb\u00e9s abortados, activistas provida se manifestaron pac\u00edficamente frente al Congreso de la Rep\u00fablica en respuesta a la marcha convocada por la\u00a0campa\u00f1a \u00abD\u00e9jala Decidir\u00ab, la cual exige la despenalizaci\u00f3n del aborto en casos de violaci\u00f3n sexual. Previo al &#8216;plant\u00f3n en defensa del [&hellip;]<\/p>\n","protected":false},"author":1,"featured_media":0,"comment_status":"open","ping_status":"open","sticky":false,"template":"","format":"standard","meta":{"tdm_status":"","tdm_grid_status":"","footnotes":""},"categories":[38],"tags":[],"class_list":{"0":"post-53356","1":"post","2":"type-post","3":"status-publish","4":"format-standard","6":"category-nacionales"},"yoast_head":"<!-- This site is optimized with the Yoast SEO plugin v25.1 - https:\/\/yoast.com\/wordpress\/plugins\/seo\/ -->\n<title>Activistas provida protestaron pac\u00edficamente frente al Congreso<\/title>\n<meta name=\"description\" content=\"Portal de noticias del Per\u00fa sobre el transporte a\u00e9reo, aviaci\u00f3n, turismo, hoteleria, actualidad.\" \/>\n<meta name=\"robots\" content=\"index, follow, max-snippet:-1, max-image-preview:large, max-video-preview:-1\" \/>\n<link rel=\"canonical\" href=\"https:\/\/aeronoticias.com.pe\/noticiero\/nacionales\/activistas-provida-protestaron-pacificamente-frente-al-congreso\/\" \/>\n<meta property=\"og:locale\" content=\"es_ES\" \/>\n<meta property=\"og:type\" content=\"article\" \/>\n<meta property=\"og:title\" content=\"Activistas provida protestaron pac\u00edficamente frente al Congreso\" \/>\n<meta property=\"og:description\" content=\"Portal de noticias del Per\u00fa sobre el transporte a\u00e9reo, aviaci\u00f3n, turismo, hoteleria, actualidad.\" \/>\n<meta property=\"og:url\" content=\"https:\/\/aeronoticias.com.pe\/noticiero\/nacionales\/activistas-provida-protestaron-pacificamente-frente-al-congreso\/\" \/>\n<meta property=\"og:site_name\" content=\"Aeronoticias.com.pe\" \/>\n<meta property=\"article:publisher\" content=\"https:\/\/www.facebook.com\/Aeronoticias.com.pe\/\" \/>\n<meta property=\"article:published_time\" content=\"2015-08-13T05:32:39+00:00\" \/>\n<meta property=\"og:image\" content=\"https:\/\/fbcdn-sphotos-f-a.akamaihd.net\/hphotos-ak-xft1\/v\/t1.0-9\/20604_1600322090229816_892687454842357919_n.jpg?oh=101fbeaefd20eacd54b499ecabbee5fd&amp;oe=5641930A&amp;__gda__=1446611340_7af9429f0e51c9712a01454f5257f2b0\" \/>\n<meta name=\"author\" content=\"Redacci\u00f3n Aeronoticias\" \/>\n<meta name=\"twitter:card\" content=\"summary_large_image\" \/>\n<meta name=\"twitter:creator\" content=\"@aeronoticias\" \/>\n<meta name=\"twitter:site\" content=\"@aeronoticias\" \/>\n<meta name=\"twitter:label1\" content=\"Escrito por\" \/>\n\t<meta name=\"twitter:data1\" content=\"Redacci\u00f3n Aeronoticias\" \/>\n\t<meta name=\"twitter:label2\" content=\"Tiempo de lectura\" \/>\n\t<meta name=\"twitter:data2\" content=\"2 minutos\" \/>\n<script type=\"application\/ld+json\" class=\"yoast-schema-graph\">{\"@context\":\"https:\/\/schema.org\",\"@graph\":[{\"@type\":\"WebPage\",\"@id\":\"https:\/\/aeronoticias.com.pe\/noticiero\/nacionales\/activistas-provida-protestaron-pacificamente-frente-al-congreso\/\",\"url\":\"https:\/\/aeronoticias.com.pe\/noticiero\/nacionales\/activistas-provida-protestaron-pacificamente-frente-al-congreso\/\",\"name\":\"Activistas provida protestaron pac\u00edficamente frente al Congreso\",\"isPartOf\":{\"@id\":\"https:\/\/aeronoticias.com.pe\/noticiero\/#website\"},\"primaryImageOfPage\":{\"@id\":\"https:\/\/aeronoticias.com.pe\/noticiero\/nacionales\/activistas-provida-protestaron-pacificamente-frente-al-congreso\/#primaryimage\"},\"image\":{\"@id\":\"https:\/\/aeronoticias.com.pe\/noticiero\/nacionales\/activistas-provida-protestaron-pacificamente-frente-al-congreso\/#primaryimage\"},\"thumbnailUrl\":\"https:\/\/fbcdn-sphotos-f-a.akamaihd.net\/hphotos-ak-xft1\/v\/t1.0-9\/20604_1600322090229816_892687454842357919_n.jpg?oh=101fbeaefd20eacd54b499ecabbee5fd&amp;oe=5641930A&amp;__gda__=1446611340_7af9429f0e51c9712a01454f5257f2b0\",\"datePublished\":\"2015-08-13T05:32:39+00:00\",\"author\":{\"@id\":\"https:\/\/aeronoticias.com.pe\/noticiero\/#\/schema\/person\/fc1e5d578f4b62ba1cf7ac2bba1170a0\"},\"description\":\"Portal de noticias del Per\u00fa sobre el transporte a\u00e9reo, aviaci\u00f3n, turismo, hoteleria, actualidad.\",\"breadcrumb\":{\"@id\":\"https:\/\/aeronoticias.com.pe\/noticiero\/nacionales\/activistas-provida-protestaron-pacificamente-frente-al-congreso\/#breadcrumb\"},\"inLanguage\":\"es\",\"potentialAction\":[{\"@type\":\"ReadAction\",\"target\":[\"https:\/\/aeronoticias.com.pe\/noticiero\/nacionales\/activistas-provida-protestaron-pacificamente-frente-al-congreso\/\"]}]},{\"@type\":\"ImageObject\",\"inLanguage\":\"es\",\"@id\":\"https:\/\/aeronoticias.com.pe\/noticiero\/nacionales\/activistas-provida-protestaron-pacificamente-frente-al-congreso\/#primaryimage\",\"url\":\"https:\/\/fbcdn-sphotos-f-a.akamaihd.net\/hphotos-ak-xft1\/v\/t1.0-9\/20604_1600322090229816_892687454842357919_n.jpg?oh=101fbeaefd20eacd54b499ecabbee5fd&amp;oe=5641930A&amp;__gda__=1446611340_7af9429f0e51c9712a01454f5257f2b0\",\"contentUrl\":\"https:\/\/fbcdn-sphotos-f-a.akamaihd.net\/hphotos-ak-xft1\/v\/t1.0-9\/20604_1600322090229816_892687454842357919_n.jpg?oh=101fbeaefd20eacd54b499ecabbee5fd&amp;oe=5641930A&amp;__gda__=1446611340_7af9429f0e51c9712a01454f5257f2b0\"},{\"@type\":\"BreadcrumbList\",\"@id\":\"https:\/\/aeronoticias.com.pe\/noticiero\/nacionales\/activistas-provida-protestaron-pacificamente-frente-al-congreso\/#breadcrumb\",\"itemListElement\":[{\"@type\":\"ListItem\",\"position\":1,\"name\":\"Portada\",\"item\":\"https:\/\/aeronoticias.com.pe\/noticiero\/\"},{\"@type\":\"ListItem\",\"position\":2,\"name\":\"Activistas provida protestaron pac\u00edficamente frente al Congreso\"}]},{\"@type\":\"WebSite\",\"@id\":\"https:\/\/aeronoticias.com.pe\/noticiero\/#website\",\"url\":\"https:\/\/aeronoticias.com.pe\/noticiero\/\",\"name\":\"Aeronoticias.com.pe\",\"description\":\"Noticias de tranporte aereo, turismo, hoteles, gastronomia, actualidad, internacional\",\"potentialAction\":[{\"@type\":\"SearchAction\",\"target\":{\"@type\":\"EntryPoint\",\"urlTemplate\":\"https:\/\/aeronoticias.com.pe\/noticiero\/?s={search_term_string}\"},\"query-input\":{\"@type\":\"PropertyValueSpecification\",\"valueRequired\":true,\"valueName\":\"search_term_string\"}}],\"inLanguage\":\"es\"},{\"@type\":\"Person\",\"@id\":\"https:\/\/aeronoticias.com.pe\/noticiero\/#\/schema\/person\/fc1e5d578f4b62ba1cf7ac2bba1170a0\",\"name\":\"Redacci\u00f3n Aeronoticias\",\"url\":\"https:\/\/aeronoticias.com.pe\/noticiero\/author\/piloto\/\"}]}<\/script>\n<!-- \/ Yoast SEO plugin. -->","yoast_head_json":{"title":"Activistas provida protestaron pac\u00edficamente frente al Congreso","description":"Portal de noticias del Per\u00fa sobre el transporte a\u00e9reo, aviaci\u00f3n, turismo, hoteleria, actualidad.","robots":{"index":"index","follow":"follow","max-snippet":"max-snippet:-1","max-image-preview":"max-image-preview:large","max-video-preview":"max-video-preview:-1"},"canonical":"https:\/\/aeronoticias.com.pe\/noticiero\/nacionales\/activistas-provida-protestaron-pacificamente-frente-al-congreso\/","og_locale":"es_ES","og_type":"article","og_title":"Activistas provida protestaron pac\u00edficamente frente al Congreso","og_description":"Portal de noticias del Per\u00fa sobre el transporte a\u00e9reo, aviaci\u00f3n, turismo, hoteleria, actualidad.","og_url":"https:\/\/aeronoticias.com.pe\/noticiero\/nacionales\/activistas-provida-protestaron-pacificamente-frente-al-congreso\/","og_site_name":"Aeronoticias.com.pe","article_publisher":"https:\/\/www.facebook.com\/Aeronoticias.com.pe\/","article_published_time":"2015-08-13T05:32:39+00:00","og_image":[{"url":"https:\/\/fbcdn-sphotos-f-a.akamaihd.net\/hphotos-ak-xft1\/v\/t1.0-9\/20604_1600322090229816_892687454842357919_n.jpg?oh=101fbeaefd20eacd54b499ecabbee5fd&amp;oe=5641930A&amp;__gda__=1446611340_7af9429f0e51c9712a01454f5257f2b0","type":"","width":"","height":""}],"author":"Redacci\u00f3n Aeronoticias","twitter_card":"summary_large_image","twitter_creator":"@aeronoticias","twitter_site":"@aeronoticias","twitter_misc":{"Escrito por":"Redacci\u00f3n Aeronoticias","Tiempo de lectura":"2 minutos"},"schema":{"@context":"https:\/\/schema.org","@graph":[{"@type":"WebPage","@id":"https:\/\/aeronoticias.com.pe\/noticiero\/nacionales\/activistas-provida-protestaron-pacificamente-frente-al-congreso\/","url":"https:\/\/aeronoticias.com.pe\/noticiero\/nacionales\/activistas-provida-protestaron-pacificamente-frente-al-congreso\/","name":"Activistas provida protestaron pac\u00edficamente frente al Congreso","isPartOf":{"@id":"https:\/\/aeronoticias.com.pe\/noticiero\/#website"},"primaryImageOfPage":{"@id":"https:\/\/aeronoticias.com.pe\/noticiero\/nacionales\/activistas-provida-protestaron-pacificamente-frente-al-congreso\/#primaryimage"},"image":{"@id":"https:\/\/aeronoticias.com.pe\/noticiero\/nacionales\/activistas-provida-protestaron-pacificamente-frente-al-congreso\/#primaryimage"},"thumbnailUrl":"https:\/\/fbcdn-sphotos-f-a.akamaihd.net\/hphotos-ak-xft1\/v\/t1.0-9\/20604_1600322090229816_892687454842357919_n.jpg?oh=101fbeaefd20eacd54b499ecabbee5fd&amp;oe=5641930A&amp;__gda__=1446611340_7af9429f0e51c9712a01454f5257f2b0","datePublished":"2015-08-13T05:32:39+00:00","author":{"@id":"https:\/\/aeronoticias.com.pe\/noticiero\/#\/schema\/person\/fc1e5d578f4b62ba1cf7ac2bba1170a0"},"description":"Portal de noticias del Per\u00fa sobre el transporte a\u00e9reo, aviaci\u00f3n, turismo, hoteleria, actualidad.","breadcrumb":{"@id":"https:\/\/aeronoticias.com.pe\/noticiero\/nacionales\/activistas-provida-protestaron-pacificamente-frente-al-congreso\/#breadcrumb"},"inLanguage":"es","potentialAction":[{"@type":"ReadAction","target":["https:\/\/aeronoticias.com.pe\/noticiero\/nacionales\/activistas-provida-protestaron-pacificamente-frente-al-congreso\/"]}]},{"@type":"ImageObject","inLanguage":"es","@id":"https:\/\/aeronoticias.com.pe\/noticiero\/nacionales\/activistas-provida-protestaron-pacificamente-frente-al-congreso\/#primaryimage","url":"https:\/\/fbcdn-sphotos-f-a.akamaihd.net\/hphotos-ak-xft1\/v\/t1.0-9\/20604_1600322090229816_892687454842357919_n.jpg?oh=101fbeaefd20eacd54b499ecabbee5fd&amp;oe=5641930A&amp;__gda__=1446611340_7af9429f0e51c9712a01454f5257f2b0","contentUrl":"https:\/\/fbcdn-sphotos-f-a.akamaihd.net\/hphotos-ak-xft1\/v\/t1.0-9\/20604_1600322090229816_892687454842357919_n.jpg?oh=101fbeaefd20eacd54b499ecabbee5fd&amp;oe=5641930A&amp;__gda__=1446611340_7af9429f0e51c9712a01454f5257f2b0"},{"@type":"BreadcrumbList","@id":"https:\/\/aeronoticias.com.pe\/noticiero\/nacionales\/activistas-provida-protestaron-pacificamente-frente-al-congreso\/#breadcrumb","itemListElement":[{"@type":"ListItem","position":1,"name":"Portada","item":"https:\/\/aeronoticias.com.pe\/noticiero\/"},{"@type":"ListItem","position":2,"name":"Activistas provida protestaron pac\u00edficamente frente al Congreso"}]},{"@type":"WebSite","@id":"https:\/\/aeronoticias.com.pe\/noticiero\/#website","url":"https:\/\/aeronoticias.com.pe\/noticiero\/","name":"Aeronoticias.com.pe","description":"Noticias de tranporte aereo, turismo, hoteles, gastronomia, actualidad, internacional","potentialAction":[{"@type":"SearchAction","target":{"@type":"EntryPoint","urlTemplate":"https:\/\/aeronoticias.com.pe\/noticiero\/?s={search_term_string}"},"query-input":{"@type":"PropertyValueSpecification","valueRequired":true,"valueName":"search_term_string"}}],"inLanguage":"es"},{"@type":"Person","@id":"https:\/\/aeronoticias.com.pe\/noticiero\/#\/schema\/person\/fc1e5d578f4b62ba1cf7ac2bba1170a0","name":"Redacci\u00f3n Aeronoticias","url":"https:\/\/aeronoticias.com.pe\/noticiero\/author\/piloto\/"}]}},"_links":{"self":[{"href":"https:\/\/aeronoticias.com.pe\/noticiero\/wp-json\/wp\/v2\/posts\/53356","targetHints":{"allow":["GET"]}}],"collection":[{"href":"https:\/\/aeronoticias.com.pe\/noticiero\/wp-json\/wp\/v2\/posts"}],"about":[{"href":"https:\/\/aeronoticias.com.pe\/noticiero\/wp-json\/wp\/v2\/types\/post"}],"author":[{"embeddable":true,"href":"https:\/\/aeronoticias.com.pe\/noticiero\/wp-json\/wp\/v2\/users\/1"}],"replies":[{"embeddable":true,"href":"https:\/\/aeronoticias.com.pe\/noticiero\/wp-json\/wp\/v2\/comments?post=53356"}],"version-history":[{"count":0,"href":"https:\/\/aeronoticias.com.pe\/noticiero\/wp-json\/wp\/v2\/posts\/53356\/revisions"}],"wp:attachment":[{"href":"https:\/\/aeronoticias.com.pe\/noticiero\/wp-json\/wp\/v2\/media?parent=53356"}],"wp:term":[{"taxonomy":"category","embeddable":true,"href":"https:\/\/aeronoticias.com.pe\/noticiero\/wp-json\/wp\/v2\/categories?post=53356"},{"taxonomy":"post_tag","embeddable":true,"href":"https:\/\/aeronoticias.com.pe\/noticiero\/wp-json\/wp\/v2\/tags?post=53356"}],"curies":[{"name":"wp","href":"https:\/\/api.w.org\/{rel}","templated":true}]}}