{"id":53357,"date":"2015-08-13T07:28:29","date_gmt":"2015-08-13T07:28:29","guid":{"rendered":"http:\/\/desarrollo.mcvicious.com\/aero2020\/2015\/08\/13\/caos-y-gran-congestion-vehicular-en-marcha-por-despenalizacion-de-aborto\/"},"modified":"2015-08-13T07:28:29","modified_gmt":"2015-08-13T07:28:29","slug":"caos-y-gran-congestion-vehicular-en-marcha-por-despenalizacion-de-aborto","status":"publish","type":"post","link":"https:\/\/aeronoticias.com.pe\/noticiero\/nacionales\/caos-y-gran-congestion-vehicular-en-marcha-por-despenalizacion-de-aborto\/","title":{"rendered":"Caos y gran congesti\u00f3n vehicular en marcha por despenalizaci\u00f3n de aborto"},"content":{"rendered":"<p style=\"text-align: justify;\"><strong>(Aernoticias)<\/strong>.- Diversos colectivos\u00a0\u00abfeministas\u00bb e \u00a0integrantes del grupo LGTB causaron caos, vandalismo y una gran congesti\u00f3n vehicular por varios minutos al enfrentarse con la polic\u00eda en una marcha para exigir la despenalizaci\u00f3n del aborto en casos de violaci\u00f3n sexual.<\/p>\n<p style=\"text-align: justify;\">La polic\u00eda utiliz\u00f3 &#8216;rochabuses&#8217; y gases lacrim\u00f3genos para dispersar a los mani<span style=\"font-size: 12.1599998474121px; line-height: 1.3em;\">festantes pues solo ten\u00edan permitido llegar <\/span><span style=\"font-size: 12.1599998474121px; line-height: 15.8079996109009px;\">hasta el Parque Universitario.<\/span><\/p>\n<p style=\"text-align: justify;\">La marcha tuvo su punto de concentraci\u00f3n en la Plaza Dos de Mayo a las 4 pm y la movilizaci\u00f3n se inici\u00f3 cerca de las 6 pm, algunos de ellos protestaban con el dorso desnudo y pintado con mensajes en favor de la despenalizaci\u00f3n del aborto.<\/p>\n<p style=\"text-align: justify;\">Hace una semana atr\u00e1s el portal AciPrensa public\u00f3 un informe emitido por <span style=\"font-size: 12.1599998474121px; line-height: 1.3em;\">la <\/span><span style=\"font-size: 12.1599998474121px; line-height: 1.3em;\"><strong>Agencia Peruana de Cooperaci\u00f3n Internacional<\/strong><\/span><span style=\"font-size: 12.1599998474121px; line-height: 1.3em;\"> (APCI) sobre el dinero que ingres\u00f3 al pa\u00eds de la multinacional abortista <strong>International Planned Parenthood Federation<\/strong> (IPPF), la cual \u00a0invirti\u00f3 cerca de 3 millones de d\u00f3lares para legalizar el aborto en el Per\u00fa a trav\u00e9s de las organizaciones <\/span><span style=\"font-size: 12.1599998474121px; line-height: 15.8079996109009px;\">Promsex, Innpares y Cat\u00f3licas por el Derecho a Decidir.<\/span><\/p>\n<p style=\"text-align: justify;\"><span style=\"font-size: 12.1599998474121px; line-height: 1.3em;\"><strong>DATO<\/strong>: Como se recuerda, el Centro para el Progreso M\u00e9dico, una organizaci\u00f3n de investigaciones cient\u00edficas denunci\u00f3 a trav\u00e9s de 5 videos el tr\u00e1fico de \u00f3rganos y tejidos <span style=\"text-decoration: underline;\">de fetos abortados que realiza Planned Parenthood en sus instalaciones con el fin de lucrar ilegalmente<\/span>. Hasta el momento ninguna de las promotoras ni colectivos que apoyan y respaldan la campa\u00f1a \u00abd\u00e9jala decidir\u00bb se ha pronunciado al respecto en alguna conferencia de prensa.<\/span><\/p>\n<p style=\"text-align: justify;\"><span style=\"font-size: 12.1599998474121px; line-height: 15.8079996109009px;\"><em>Fotograf\u00eda: RPP.<\/em><\/span><\/p>\n<p style=\"text-align: justify;\"><img decoding=\"async\" src=\"http:\/\/www.rpp.com.pe\/manifestantes-y-policia-se-enfrentan-en-marcha-por-despenalizacion-del-aborto-imagen-noticia-8-n-\/images\/picnewsa\/1509614.jpg\" border=\"0\" \/><\/p>\n","protected":false},"excerpt":{"rendered":"<p>(Aernoticias).- Diversos colectivos\u00a0\u00abfeministas\u00bb e \u00a0integrantes del grupo LGTB causaron caos, vandalismo y una gran congesti\u00f3n vehicular por varios minutos al enfrentarse con la polic\u00eda en una marcha para exigir la despenalizaci\u00f3n del aborto en casos de violaci\u00f3n sexual. La polic\u00eda utiliz\u00f3 &#8216;rochabuses&#8217; y gases lacrim\u00f3genos para dispersar a los manifestantes pues solo ten\u00edan permitido llegar [&hellip;]<\/p>\n","protected":false},"author":1,"featured_media":0,"comment_status":"open","ping_status":"open","sticky":false,"template":"","format":"standard","meta":{"tdm_status":"","tdm_grid_status":"","footnotes":""},"categories":[38],"tags":[],"class_list":{"0":"post-53357","1":"post","2":"type-post","3":"status-publish","4":"format-standard","6":"category-nacionales"},"yoast_head":"<!-- This site is optimized with the Yoast SEO plugin v25.1 - https:\/\/yoast.com\/wordpress\/plugins\/seo\/ -->\n<title>Caos y gran congesti\u00f3n vehicular en marcha por despenalizaci\u00f3n de aborto<\/title>\n<meta name=\"description\" content=\"Portal de noticias del Per\u00fa sobre el transporte a\u00e9reo, aviaci\u00f3n, turismo, hoteleria, actualidad.\" \/>\n<meta name=\"robots\" content=\"index, follow, max-snippet:-1, max-image-preview:large, max-video-preview:-1\" \/>\n<link rel=\"canonical\" href=\"https:\/\/aeronoticias.com.pe\/noticiero\/nacionales\/caos-y-gran-congestion-vehicular-en-marcha-por-despenalizacion-de-aborto\/\" \/>\n<meta property=\"og:locale\" content=\"es_ES\" \/>\n<meta property=\"og:type\" content=\"article\" \/>\n<meta property=\"og:title\" content=\"Caos y gran congesti\u00f3n vehicular en marcha por despenalizaci\u00f3n de aborto\" \/>\n<meta property=\"og:description\" content=\"Portal de noticias del Per\u00fa sobre el transporte a\u00e9reo, aviaci\u00f3n, turismo, hoteleria, actualidad.\" \/>\n<meta property=\"og:url\" content=\"https:\/\/aeronoticias.com.pe\/noticiero\/nacionales\/caos-y-gran-congestion-vehicular-en-marcha-por-despenalizacion-de-aborto\/\" \/>\n<meta property=\"og:site_name\" content=\"Aeronoticias.com.pe\" \/>\n<meta property=\"article:publisher\" content=\"https:\/\/www.facebook.com\/Aeronoticias.com.pe\/\" \/>\n<meta property=\"article:published_time\" content=\"2015-08-13T07:28:29+00:00\" \/>\n<meta property=\"og:image\" content=\"http:\/\/www.rpp.com.pe\/manifestantes-y-policia-se-enfrentan-en-marcha-por-despenalizacion-del-aborto-imagen-noticia-8-n-\/images\/picnewsa\/1509614.jpg\" \/>\n<meta name=\"author\" content=\"Redacci\u00f3n Aeronoticias\" \/>\n<meta name=\"twitter:card\" content=\"summary_large_image\" \/>\n<meta name=\"twitter:creator\" content=\"@aeronoticias\" \/>\n<meta name=\"twitter:site\" content=\"@aeronoticias\" \/>\n<meta name=\"twitter:label1\" content=\"Escrito por\" \/>\n\t<meta name=\"twitter:data1\" content=\"Redacci\u00f3n Aeronoticias\" \/>\n\t<meta name=\"twitter:label2\" content=\"Tiempo de lectura\" \/>\n\t<meta name=\"twitter:data2\" content=\"1 minuto\" \/>\n<script type=\"application\/ld+json\" class=\"yoast-schema-graph\">{\"@context\":\"https:\/\/schema.org\",\"@graph\":[{\"@type\":\"WebPage\",\"@id\":\"https:\/\/aeronoticias.com.pe\/noticiero\/nacionales\/caos-y-gran-congestion-vehicular-en-marcha-por-despenalizacion-de-aborto\/\",\"url\":\"https:\/\/aeronoticias.com.pe\/noticiero\/nacionales\/caos-y-gran-congestion-vehicular-en-marcha-por-despenalizacion-de-aborto\/\",\"name\":\"Caos y gran congesti\u00f3n vehicular en marcha por despenalizaci\u00f3n de aborto\",\"isPartOf\":{\"@id\":\"https:\/\/aeronoticias.com.pe\/noticiero\/#website\"},\"primaryImageOfPage\":{\"@id\":\"https:\/\/aeronoticias.com.pe\/noticiero\/nacionales\/caos-y-gran-congestion-vehicular-en-marcha-por-despenalizacion-de-aborto\/#primaryimage\"},\"image\":{\"@id\":\"https:\/\/aeronoticias.com.pe\/noticiero\/nacionales\/caos-y-gran-congestion-vehicular-en-marcha-por-despenalizacion-de-aborto\/#primaryimage\"},\"thumbnailUrl\":\"http:\/\/www.rpp.com.pe\/manifestantes-y-policia-se-enfrentan-en-marcha-por-despenalizacion-del-aborto-imagen-noticia-8-n-\/images\/picnewsa\/1509614.jpg\",\"datePublished\":\"2015-08-13T07:28:29+00:00\",\"author\":{\"@id\":\"https:\/\/aeronoticias.com.pe\/noticiero\/#\/schema\/person\/fc1e5d578f4b62ba1cf7ac2bba1170a0\"},\"description\":\"Portal de noticias del Per\u00fa sobre el transporte a\u00e9reo, aviaci\u00f3n, turismo, hoteleria, actualidad.\",\"breadcrumb\":{\"@id\":\"https:\/\/aeronoticias.com.pe\/noticiero\/nacionales\/caos-y-gran-congestion-vehicular-en-marcha-por-despenalizacion-de-aborto\/#breadcrumb\"},\"inLanguage\":\"es\",\"potentialAction\":[{\"@type\":\"ReadAction\",\"target\":[\"https:\/\/aeronoticias.com.pe\/noticiero\/nacionales\/caos-y-gran-congestion-vehicular-en-marcha-por-despenalizacion-de-aborto\/\"]}]},{\"@type\":\"ImageObject\",\"inLanguage\":\"es\",\"@id\":\"https:\/\/aeronoticias.com.pe\/noticiero\/nacionales\/caos-y-gran-congestion-vehicular-en-marcha-por-despenalizacion-de-aborto\/#primaryimage\",\"url\":\"http:\/\/www.rpp.com.pe\/manifestantes-y-policia-se-enfrentan-en-marcha-por-despenalizacion-del-aborto-imagen-noticia-8-n-\/images\/picnewsa\/1509614.jpg\",\"contentUrl\":\"http:\/\/www.rpp.com.pe\/manifestantes-y-policia-se-enfrentan-en-marcha-por-despenalizacion-del-aborto-imagen-noticia-8-n-\/images\/picnewsa\/1509614.jpg\"},{\"@type\":\"BreadcrumbList\",\"@id\":\"https:\/\/aeronoticias.com.pe\/noticiero\/nacionales\/caos-y-gran-congestion-vehicular-en-marcha-por-despenalizacion-de-aborto\/#breadcrumb\",\"itemListElement\":[{\"@type\":\"ListItem\",\"position\":1,\"name\":\"Portada\",\"item\":\"https:\/\/aeronoticias.com.pe\/noticiero\/\"},{\"@type\":\"ListItem\",\"position\":2,\"name\":\"Caos y gran congesti\u00f3n vehicular en marcha por despenalizaci\u00f3n de aborto\"}]},{\"@type\":\"WebSite\",\"@id\":\"https:\/\/aeronoticias.com.pe\/noticiero\/#website\",\"url\":\"https:\/\/aeronoticias.com.pe\/noticiero\/\",\"name\":\"Aeronoticias.com.pe\",\"description\":\"Noticias de tranporte aereo, turismo, hoteles, gastronomia, actualidad, internacional\",\"potentialAction\":[{\"@type\":\"SearchAction\",\"target\":{\"@type\":\"EntryPoint\",\"urlTemplate\":\"https:\/\/aeronoticias.com.pe\/noticiero\/?s={search_term_string}\"},\"query-input\":{\"@type\":\"PropertyValueSpecification\",\"valueRequired\":true,\"valueName\":\"search_term_string\"}}],\"inLanguage\":\"es\"},{\"@type\":\"Person\",\"@id\":\"https:\/\/aeronoticias.com.pe\/noticiero\/#\/schema\/person\/fc1e5d578f4b62ba1cf7ac2bba1170a0\",\"name\":\"Redacci\u00f3n Aeronoticias\",\"url\":\"https:\/\/aeronoticias.com.pe\/noticiero\/author\/piloto\/\"}]}<\/script>\n<!-- \/ Yoast SEO plugin. -->","yoast_head_json":{"title":"Caos y gran congesti\u00f3n vehicular en marcha por despenalizaci\u00f3n de aborto","description":"Portal de noticias del Per\u00fa sobre el transporte a\u00e9reo, aviaci\u00f3n, turismo, hoteleria, actualidad.","robots":{"index":"index","follow":"follow","max-snippet":"max-snippet:-1","max-image-preview":"max-image-preview:large","max-video-preview":"max-video-preview:-1"},"canonical":"https:\/\/aeronoticias.com.pe\/noticiero\/nacionales\/caos-y-gran-congestion-vehicular-en-marcha-por-despenalizacion-de-aborto\/","og_locale":"es_ES","og_type":"article","og_title":"Caos y gran congesti\u00f3n vehicular en marcha por despenalizaci\u00f3n de aborto","og_description":"Portal de noticias del Per\u00fa sobre el transporte a\u00e9reo, aviaci\u00f3n, turismo, hoteleria, actualidad.","og_url":"https:\/\/aeronoticias.com.pe\/noticiero\/nacionales\/caos-y-gran-congestion-vehicular-en-marcha-por-despenalizacion-de-aborto\/","og_site_name":"Aeronoticias.com.pe","article_publisher":"https:\/\/www.facebook.com\/Aeronoticias.com.pe\/","article_published_time":"2015-08-13T07:28:29+00:00","og_image":[{"url":"http:\/\/www.rpp.com.pe\/manifestantes-y-policia-se-enfrentan-en-marcha-por-despenalizacion-del-aborto-imagen-noticia-8-n-\/images\/picnewsa\/1509614.jpg","type":"","width":"","height":""}],"author":"Redacci\u00f3n Aeronoticias","twitter_card":"summary_large_image","twitter_creator":"@aeronoticias","twitter_site":"@aeronoticias","twitter_misc":{"Escrito por":"Redacci\u00f3n Aeronoticias","Tiempo de lectura":"1 minuto"},"schema":{"@context":"https:\/\/schema.org","@graph":[{"@type":"WebPage","@id":"https:\/\/aeronoticias.com.pe\/noticiero\/nacionales\/caos-y-gran-congestion-vehicular-en-marcha-por-despenalizacion-de-aborto\/","url":"https:\/\/aeronoticias.com.pe\/noticiero\/nacionales\/caos-y-gran-congestion-vehicular-en-marcha-por-despenalizacion-de-aborto\/","name":"Caos y gran congesti\u00f3n vehicular en marcha por despenalizaci\u00f3n de aborto","isPartOf":{"@id":"https:\/\/aeronoticias.com.pe\/noticiero\/#website"},"primaryImageOfPage":{"@id":"https:\/\/aeronoticias.com.pe\/noticiero\/nacionales\/caos-y-gran-congestion-vehicular-en-marcha-por-despenalizacion-de-aborto\/#primaryimage"},"image":{"@id":"https:\/\/aeronoticias.com.pe\/noticiero\/nacionales\/caos-y-gran-congestion-vehicular-en-marcha-por-despenalizacion-de-aborto\/#primaryimage"},"thumbnailUrl":"http:\/\/www.rpp.com.pe\/manifestantes-y-policia-se-enfrentan-en-marcha-por-despenalizacion-del-aborto-imagen-noticia-8-n-\/images\/picnewsa\/1509614.jpg","datePublished":"2015-08-13T07:28:29+00:00","author":{"@id":"https:\/\/aeronoticias.com.pe\/noticiero\/#\/schema\/person\/fc1e5d578f4b62ba1cf7ac2bba1170a0"},"description":"Portal de noticias del Per\u00fa sobre el transporte a\u00e9reo, aviaci\u00f3n, turismo, hoteleria, actualidad.","breadcrumb":{"@id":"https:\/\/aeronoticias.com.pe\/noticiero\/nacionales\/caos-y-gran-congestion-vehicular-en-marcha-por-despenalizacion-de-aborto\/#breadcrumb"},"inLanguage":"es","potentialAction":[{"@type":"ReadAction","target":["https:\/\/aeronoticias.com.pe\/noticiero\/nacionales\/caos-y-gran-congestion-vehicular-en-marcha-por-despenalizacion-de-aborto\/"]}]},{"@type":"ImageObject","inLanguage":"es","@id":"https:\/\/aeronoticias.com.pe\/noticiero\/nacionales\/caos-y-gran-congestion-vehicular-en-marcha-por-despenalizacion-de-aborto\/#primaryimage","url":"http:\/\/www.rpp.com.pe\/manifestantes-y-policia-se-enfrentan-en-marcha-por-despenalizacion-del-aborto-imagen-noticia-8-n-\/images\/picnewsa\/1509614.jpg","contentUrl":"http:\/\/www.rpp.com.pe\/manifestantes-y-policia-se-enfrentan-en-marcha-por-despenalizacion-del-aborto-imagen-noticia-8-n-\/images\/picnewsa\/1509614.jpg"},{"@type":"BreadcrumbList","@id":"https:\/\/aeronoticias.com.pe\/noticiero\/nacionales\/caos-y-gran-congestion-vehicular-en-marcha-por-despenalizacion-de-aborto\/#breadcrumb","itemListElement":[{"@type":"ListItem","position":1,"name":"Portada","item":"https:\/\/aeronoticias.com.pe\/noticiero\/"},{"@type":"ListItem","position":2,"name":"Caos y gran congesti\u00f3n vehicular en marcha por despenalizaci\u00f3n de aborto"}]},{"@type":"WebSite","@id":"https:\/\/aeronoticias.com.pe\/noticiero\/#website","url":"https:\/\/aeronoticias.com.pe\/noticiero\/","name":"Aeronoticias.com.pe","description":"Noticias de tranporte aereo, turismo, hoteles, gastronomia, actualidad, internacional","potentialAction":[{"@type":"SearchAction","target":{"@type":"EntryPoint","urlTemplate":"https:\/\/aeronoticias.com.pe\/noticiero\/?s={search_term_string}"},"query-input":{"@type":"PropertyValueSpecification","valueRequired":true,"valueName":"search_term_string"}}],"inLanguage":"es"},{"@type":"Person","@id":"https:\/\/aeronoticias.com.pe\/noticiero\/#\/schema\/person\/fc1e5d578f4b62ba1cf7ac2bba1170a0","name":"Redacci\u00f3n Aeronoticias","url":"https:\/\/aeronoticias.com.pe\/noticiero\/author\/piloto\/"}]}},"_links":{"self":[{"href":"https:\/\/aeronoticias.com.pe\/noticiero\/wp-json\/wp\/v2\/posts\/53357","targetHints":{"allow":["GET"]}}],"collection":[{"href":"https:\/\/aeronoticias.com.pe\/noticiero\/wp-json\/wp\/v2\/posts"}],"about":[{"href":"https:\/\/aeronoticias.com.pe\/noticiero\/wp-json\/wp\/v2\/types\/post"}],"author":[{"embeddable":true,"href":"https:\/\/aeronoticias.com.pe\/noticiero\/wp-json\/wp\/v2\/users\/1"}],"replies":[{"embeddable":true,"href":"https:\/\/aeronoticias.com.pe\/noticiero\/wp-json\/wp\/v2\/comments?post=53357"}],"version-history":[{"count":0,"href":"https:\/\/aeronoticias.com.pe\/noticiero\/wp-json\/wp\/v2\/posts\/53357\/revisions"}],"wp:attachment":[{"href":"https:\/\/aeronoticias.com.pe\/noticiero\/wp-json\/wp\/v2\/media?parent=53357"}],"wp:term":[{"taxonomy":"category","embeddable":true,"href":"https:\/\/aeronoticias.com.pe\/noticiero\/wp-json\/wp\/v2\/categories?post=53357"},{"taxonomy":"post_tag","embeddable":true,"href":"https:\/\/aeronoticias.com.pe\/noticiero\/wp-json\/wp\/v2\/tags?post=53357"}],"curies":[{"name":"wp","href":"https:\/\/api.w.org\/{rel}","templated":true}]}}