{"id":53359,"date":"2015-08-13T16:54:24","date_gmt":"2015-08-13T16:54:24","guid":{"rendered":"http:\/\/desarrollo.mcvicious.com\/aero2020\/2015\/08\/13\/busqueda-de-restos-del-avion-mh370-terminara-la-proxima-semana\/"},"modified":"2015-08-13T16:54:24","modified_gmt":"2015-08-13T16:54:24","slug":"busqueda-de-restos-del-avion-mh370-terminara-la-proxima-semana","status":"publish","type":"post","link":"https:\/\/aeronoticias.com.pe\/noticiero\/transporte-aereo\/internacional\/busqueda-de-restos-del-avion-mh370-terminara-la-proxima-semana\/","title":{"rendered":"B\u00fasqueda de restos del avi\u00f3n MH370 terminar\u00e1 la pr\u00f3xima semana"},"content":{"rendered":"<p style=\"text-align: justify;\"><strong>(Aeronoticias) <\/strong><span style=\"font-size: 12.1599998474121px; line-height: 1.3em;\">La b\u00fasqueda organizada en las costas de la isla francesa de La Reuni\u00f3n de restos del avi\u00f3n de Malaysia Airlines desaparecido en marzo de 2014 terminar\u00e1n a principios de la pr\u00f3xima semana anunciaron fuentes de la prefectura de la isla.<\/span><\/p>\n<p style=\"text-align: justify;\"><span style=\"font-size: 12.1599998474121px; line-height: 1.3em;\">\u00abLas acciones de b\u00fasqueda coordinadas van a continuar hasta principios de la pr\u00f3xima semana\u00bb anunci\u00f3 la prefectura (delegaci\u00f3n del gobierno franc\u00e9s) en un comunicado emitido esta noche en el que no precis\u00f3 el d\u00eda exacto de la suspensi\u00f3n de las tareas de b\u00fasqueda.<\/span><\/p>\n<p style=\"text-align: justify;\"><span style=\"font-size: 12.1599998474121px; line-height: 1.3em;\">Desde el lunes, cuando se retomaron las b\u00fasquedas, se realizaron 45 horas y 30 minutos de labor en tierra, as\u00ed como 15 horas de inspecciones en el mar con helic\u00f3pteros, aviones y barcos.<\/span><\/p>\n<p style=\"text-align: justify;\"><span style=\"font-size: 12.1599998474121px; line-height: 1.3em;\">La fuente no precis\u00f3 los restos encontrados. De acuerdo a algunos voluntarios participantes fueron encontradas botellas con inscripciones en el idioma de Malasia y otros objetos por identificar.<\/span><\/p>\n<p style=\"text-align: justify;\"><span style=\"font-size: 12.1599998474121px; line-height: 1.3em;\">Seg\u00fan el bolet\u00edn informativo, a partir de ahora los equipos de b\u00fasqueda se concentrar\u00e1n en una zona de corrientes marinas en la que podr\u00edan haber llegado restos del vuelo arrastrado desde miles de kil\u00f3metros, seg\u00fan expertos.<\/span><\/p>\n<p style=\"text-align: justify;\"><span style=\"font-size: 12.1599998474121px; line-height: 1.3em;\">Dos equipos de personas y un avi\u00f3n reiniciaron el lunes en la isla francesa la b\u00fasqueda de nuevos restos del Boeing de Malaysia Airlines del que el mes pasado apareci\u00f3 un aler\u00f3n en una playa de la isla.<\/span><\/p>\n<p style=\"text-align: justify;\"><span style=\"font-size: 12.1599998474121px; line-height: 1.3em;\">Las b\u00fasquedas tuvieron lugar en la costa de la comuna de Saint-Andr\u00e9, al este de la isla, en donde a finales de julio pasado apareci\u00f3 una parte del ala del aparato y restos de maletas.<\/span><\/p>\n<p style=\"text-align: justify;\"><span style=\"font-size: 12.1599998474121px; line-height: 1.3em;\">Dos equipos de 15 personas miembros de asociaciones encargadas de la protecci\u00f3n del medio ambiente y de la limpieza del litoral costero partieron de puntos distintos de la isla en b\u00fasqueda de nuevos fragmentos del avi\u00f3n desaparecido en marzo de 2014.<\/span><\/p>\n<p style=\"text-align: justify;\"><span style=\"font-size: 12.1599998474121px; line-height: 1.3em;\">El jueves de la semana pasada un equipo internacional de expertos aeron\u00e1uticos anunci\u00f3 que el aler\u00f3n descubierto hace dos semanas pertenec\u00eda al vuelo MH370 de la aerol\u00ednea Malaysia Airlines.<\/span><\/p>\n<p style=\"text-align: justify;\"><span style=\"font-size: 12.1599998474121px; line-height: 1.3em;\">El Boeing 777 del vuelo de la compa\u00f1\u00eda de Malasia MH370 desapareci\u00f3 cuando volaba de Kuala Lumpur, Malasia, a Pek\u00edn, China, con 239 personas a bordo.<\/span><\/p>\n<p style=\"text-align: justify;\"><span style=\"font-size: 12.1599998474121px; line-height: 1.3em;\">Pese a las b\u00fasquedas realizadas durante meses luego de la desaparici\u00f3n del avi\u00f3n por miles de kil\u00f3metros cuadrados en el Oc\u00e9ano \u00cdndico ning\u00fan resto del aparato fue encontrado.<\/span><\/p>\n<p style=\"text-align: justify;\"><span style=\"font-size: 12.1599998474121px; line-height: 1.3em;\"><strong><em>Fuente: http:\/\/www.informador.com.mx\/internacional\/2015\/608583\/6\/busqueda-de-restos-del-avion-mh370-terminara-la-proxima-semana.htm<\/em><\/strong><\/span><\/p>\n<p style=\"text-align: justify;\"><span style=\"font-size: 12.1599998474121px; line-height: 1.3em;\"><strong><em><img decoding=\"async\" src=\"images\/stories\/15\/08\/130815\/busquedamh370.jpg\" border=\"0\" \/><br \/><\/em><\/strong><\/span><\/p>\n","protected":false},"excerpt":{"rendered":"<p>(Aeronoticias) La b\u00fasqueda organizada en las costas de la isla francesa de La Reuni\u00f3n de restos del avi\u00f3n de Malaysia Airlines desaparecido en marzo de 2014 terminar\u00e1n a principios de la pr\u00f3xima semana anunciaron fuentes de la prefectura de la isla. \u00abLas acciones de b\u00fasqueda coordinadas van a continuar hasta principios de la pr\u00f3xima semana\u00bb [&hellip;]<\/p>\n","protected":false},"author":1,"featured_media":0,"comment_status":"open","ping_status":"open","sticky":false,"template":"","format":"standard","meta":{"tdm_status":"","tdm_grid_status":"","footnotes":""},"categories":[32],"tags":[],"class_list":{"0":"post-53359","1":"post","2":"type-post","3":"status-publish","4":"format-standard","6":"category-internacional"},"yoast_head":"<!-- This site is optimized with the Yoast SEO plugin v25.1 - https:\/\/yoast.com\/wordpress\/plugins\/seo\/ -->\n<title>B\u00fasqueda de restos del avi\u00f3n MH370 terminar\u00e1 la pr\u00f3xima semana<\/title>\n<meta name=\"description\" content=\"Portal de noticias del Per\u00fa sobre el transporte a\u00e9reo, aviaci\u00f3n, turismo, hoteleria, actualidad.\" \/>\n<meta name=\"robots\" content=\"index, follow, max-snippet:-1, max-image-preview:large, max-video-preview:-1\" \/>\n<link rel=\"canonical\" href=\"https:\/\/aeronoticias.com.pe\/noticiero\/transporte-aereo\/internacional\/busqueda-de-restos-del-avion-mh370-terminara-la-proxima-semana\/\" \/>\n<meta property=\"og:locale\" content=\"es_ES\" \/>\n<meta property=\"og:type\" content=\"article\" \/>\n<meta property=\"og:title\" content=\"B\u00fasqueda de restos del avi\u00f3n MH370 terminar\u00e1 la pr\u00f3xima semana\" \/>\n<meta property=\"og:description\" content=\"Portal de noticias del Per\u00fa sobre el transporte a\u00e9reo, aviaci\u00f3n, turismo, hoteleria, actualidad.\" \/>\n<meta property=\"og:url\" content=\"https:\/\/aeronoticias.com.pe\/noticiero\/transporte-aereo\/internacional\/busqueda-de-restos-del-avion-mh370-terminara-la-proxima-semana\/\" \/>\n<meta property=\"og:site_name\" content=\"Aeronoticias.com.pe\" \/>\n<meta property=\"article:publisher\" content=\"https:\/\/www.facebook.com\/Aeronoticias.com.pe\/\" \/>\n<meta property=\"article:published_time\" content=\"2015-08-13T16:54:24+00:00\" \/>\n<meta name=\"author\" content=\"Redacci\u00f3n Aeronoticias\" \/>\n<meta name=\"twitter:card\" content=\"summary_large_image\" \/>\n<meta name=\"twitter:creator\" content=\"@aeronoticias\" \/>\n<meta name=\"twitter:site\" content=\"@aeronoticias\" \/>\n<meta name=\"twitter:label1\" content=\"Escrito por\" \/>\n\t<meta name=\"twitter:data1\" content=\"Redacci\u00f3n Aeronoticias\" \/>\n\t<meta name=\"twitter:label2\" content=\"Tiempo de lectura\" \/>\n\t<meta name=\"twitter:data2\" content=\"2 minutos\" \/>\n<script type=\"application\/ld+json\" class=\"yoast-schema-graph\">{\"@context\":\"https:\/\/schema.org\",\"@graph\":[{\"@type\":\"WebPage\",\"@id\":\"https:\/\/aeronoticias.com.pe\/noticiero\/transporte-aereo\/internacional\/busqueda-de-restos-del-avion-mh370-terminara-la-proxima-semana\/\",\"url\":\"https:\/\/aeronoticias.com.pe\/noticiero\/transporte-aereo\/internacional\/busqueda-de-restos-del-avion-mh370-terminara-la-proxima-semana\/\",\"name\":\"B\u00fasqueda de restos del avi\u00f3n MH370 terminar\u00e1 la pr\u00f3xima semana\",\"isPartOf\":{\"@id\":\"https:\/\/aeronoticias.com.pe\/noticiero\/#website\"},\"datePublished\":\"2015-08-13T16:54:24+00:00\",\"author\":{\"@id\":\"https:\/\/aeronoticias.com.pe\/noticiero\/#\/schema\/person\/fc1e5d578f4b62ba1cf7ac2bba1170a0\"},\"description\":\"Portal de noticias del Per\u00fa sobre el transporte a\u00e9reo, aviaci\u00f3n, turismo, hoteleria, actualidad.\",\"breadcrumb\":{\"@id\":\"https:\/\/aeronoticias.com.pe\/noticiero\/transporte-aereo\/internacional\/busqueda-de-restos-del-avion-mh370-terminara-la-proxima-semana\/#breadcrumb\"},\"inLanguage\":\"es\",\"potentialAction\":[{\"@type\":\"ReadAction\",\"target\":[\"https:\/\/aeronoticias.com.pe\/noticiero\/transporte-aereo\/internacional\/busqueda-de-restos-del-avion-mh370-terminara-la-proxima-semana\/\"]}]},{\"@type\":\"BreadcrumbList\",\"@id\":\"https:\/\/aeronoticias.com.pe\/noticiero\/transporte-aereo\/internacional\/busqueda-de-restos-del-avion-mh370-terminara-la-proxima-semana\/#breadcrumb\",\"itemListElement\":[{\"@type\":\"ListItem\",\"position\":1,\"name\":\"Portada\",\"item\":\"https:\/\/aeronoticias.com.pe\/noticiero\/\"},{\"@type\":\"ListItem\",\"position\":2,\"name\":\"B\u00fasqueda de restos del avi\u00f3n MH370 terminar\u00e1 la pr\u00f3xima semana\"}]},{\"@type\":\"WebSite\",\"@id\":\"https:\/\/aeronoticias.com.pe\/noticiero\/#website\",\"url\":\"https:\/\/aeronoticias.com.pe\/noticiero\/\",\"name\":\"Aeronoticias.com.pe\",\"description\":\"Noticias de tranporte aereo, turismo, hoteles, gastronomia, actualidad, internacional\",\"potentialAction\":[{\"@type\":\"SearchAction\",\"target\":{\"@type\":\"EntryPoint\",\"urlTemplate\":\"https:\/\/aeronoticias.com.pe\/noticiero\/?s={search_term_string}\"},\"query-input\":{\"@type\":\"PropertyValueSpecification\",\"valueRequired\":true,\"valueName\":\"search_term_string\"}}],\"inLanguage\":\"es\"},{\"@type\":\"Person\",\"@id\":\"https:\/\/aeronoticias.com.pe\/noticiero\/#\/schema\/person\/fc1e5d578f4b62ba1cf7ac2bba1170a0\",\"name\":\"Redacci\u00f3n Aeronoticias\",\"url\":\"https:\/\/aeronoticias.com.pe\/noticiero\/author\/piloto\/\"}]}<\/script>\n<!-- \/ Yoast SEO plugin. -->","yoast_head_json":{"title":"B\u00fasqueda de restos del avi\u00f3n MH370 terminar\u00e1 la pr\u00f3xima semana","description":"Portal de noticias del Per\u00fa sobre el transporte a\u00e9reo, aviaci\u00f3n, turismo, hoteleria, actualidad.","robots":{"index":"index","follow":"follow","max-snippet":"max-snippet:-1","max-image-preview":"max-image-preview:large","max-video-preview":"max-video-preview:-1"},"canonical":"https:\/\/aeronoticias.com.pe\/noticiero\/transporte-aereo\/internacional\/busqueda-de-restos-del-avion-mh370-terminara-la-proxima-semana\/","og_locale":"es_ES","og_type":"article","og_title":"B\u00fasqueda de restos del avi\u00f3n MH370 terminar\u00e1 la pr\u00f3xima semana","og_description":"Portal de noticias del Per\u00fa sobre el transporte a\u00e9reo, aviaci\u00f3n, turismo, hoteleria, actualidad.","og_url":"https:\/\/aeronoticias.com.pe\/noticiero\/transporte-aereo\/internacional\/busqueda-de-restos-del-avion-mh370-terminara-la-proxima-semana\/","og_site_name":"Aeronoticias.com.pe","article_publisher":"https:\/\/www.facebook.com\/Aeronoticias.com.pe\/","article_published_time":"2015-08-13T16:54:24+00:00","author":"Redacci\u00f3n Aeronoticias","twitter_card":"summary_large_image","twitter_creator":"@aeronoticias","twitter_site":"@aeronoticias","twitter_misc":{"Escrito por":"Redacci\u00f3n Aeronoticias","Tiempo de lectura":"2 minutos"},"schema":{"@context":"https:\/\/schema.org","@graph":[{"@type":"WebPage","@id":"https:\/\/aeronoticias.com.pe\/noticiero\/transporte-aereo\/internacional\/busqueda-de-restos-del-avion-mh370-terminara-la-proxima-semana\/","url":"https:\/\/aeronoticias.com.pe\/noticiero\/transporte-aereo\/internacional\/busqueda-de-restos-del-avion-mh370-terminara-la-proxima-semana\/","name":"B\u00fasqueda de restos del avi\u00f3n MH370 terminar\u00e1 la pr\u00f3xima semana","isPartOf":{"@id":"https:\/\/aeronoticias.com.pe\/noticiero\/#website"},"datePublished":"2015-08-13T16:54:24+00:00","author":{"@id":"https:\/\/aeronoticias.com.pe\/noticiero\/#\/schema\/person\/fc1e5d578f4b62ba1cf7ac2bba1170a0"},"description":"Portal de noticias del Per\u00fa sobre el transporte a\u00e9reo, aviaci\u00f3n, turismo, hoteleria, actualidad.","breadcrumb":{"@id":"https:\/\/aeronoticias.com.pe\/noticiero\/transporte-aereo\/internacional\/busqueda-de-restos-del-avion-mh370-terminara-la-proxima-semana\/#breadcrumb"},"inLanguage":"es","potentialAction":[{"@type":"ReadAction","target":["https:\/\/aeronoticias.com.pe\/noticiero\/transporte-aereo\/internacional\/busqueda-de-restos-del-avion-mh370-terminara-la-proxima-semana\/"]}]},{"@type":"BreadcrumbList","@id":"https:\/\/aeronoticias.com.pe\/noticiero\/transporte-aereo\/internacional\/busqueda-de-restos-del-avion-mh370-terminara-la-proxima-semana\/#breadcrumb","itemListElement":[{"@type":"ListItem","position":1,"name":"Portada","item":"https:\/\/aeronoticias.com.pe\/noticiero\/"},{"@type":"ListItem","position":2,"name":"B\u00fasqueda de restos del avi\u00f3n MH370 terminar\u00e1 la pr\u00f3xima semana"}]},{"@type":"WebSite","@id":"https:\/\/aeronoticias.com.pe\/noticiero\/#website","url":"https:\/\/aeronoticias.com.pe\/noticiero\/","name":"Aeronoticias.com.pe","description":"Noticias de tranporte aereo, turismo, hoteles, gastronomia, actualidad, internacional","potentialAction":[{"@type":"SearchAction","target":{"@type":"EntryPoint","urlTemplate":"https:\/\/aeronoticias.com.pe\/noticiero\/?s={search_term_string}"},"query-input":{"@type":"PropertyValueSpecification","valueRequired":true,"valueName":"search_term_string"}}],"inLanguage":"es"},{"@type":"Person","@id":"https:\/\/aeronoticias.com.pe\/noticiero\/#\/schema\/person\/fc1e5d578f4b62ba1cf7ac2bba1170a0","name":"Redacci\u00f3n Aeronoticias","url":"https:\/\/aeronoticias.com.pe\/noticiero\/author\/piloto\/"}]}},"_links":{"self":[{"href":"https:\/\/aeronoticias.com.pe\/noticiero\/wp-json\/wp\/v2\/posts\/53359","targetHints":{"allow":["GET"]}}],"collection":[{"href":"https:\/\/aeronoticias.com.pe\/noticiero\/wp-json\/wp\/v2\/posts"}],"about":[{"href":"https:\/\/aeronoticias.com.pe\/noticiero\/wp-json\/wp\/v2\/types\/post"}],"author":[{"embeddable":true,"href":"https:\/\/aeronoticias.com.pe\/noticiero\/wp-json\/wp\/v2\/users\/1"}],"replies":[{"embeddable":true,"href":"https:\/\/aeronoticias.com.pe\/noticiero\/wp-json\/wp\/v2\/comments?post=53359"}],"version-history":[{"count":0,"href":"https:\/\/aeronoticias.com.pe\/noticiero\/wp-json\/wp\/v2\/posts\/53359\/revisions"}],"wp:attachment":[{"href":"https:\/\/aeronoticias.com.pe\/noticiero\/wp-json\/wp\/v2\/media?parent=53359"}],"wp:term":[{"taxonomy":"category","embeddable":true,"href":"https:\/\/aeronoticias.com.pe\/noticiero\/wp-json\/wp\/v2\/categories?post=53359"},{"taxonomy":"post_tag","embeddable":true,"href":"https:\/\/aeronoticias.com.pe\/noticiero\/wp-json\/wp\/v2\/tags?post=53359"}],"curies":[{"name":"wp","href":"https:\/\/api.w.org\/{rel}","templated":true}]}}