{"id":53361,"date":"2015-08-13T17:27:26","date_gmt":"2015-08-13T17:27:26","guid":{"rendered":"http:\/\/desarrollo.mcvicious.com\/aero2020\/2015\/08\/13\/palacin-presento-el-proyecto-torre-cal\/"},"modified":"2020-09-11T13:03:45","modified_gmt":"2020-09-11T13:03:45","slug":"palacin-presento-el-proyecto-torre-cal","status":"publish","type":"post","link":"https:\/\/aeronoticias.com.pe\/noticiero\/politica\/palacin-presento-el-proyecto-torre-cal\/","title":{"rendered":"Palacin present\u00f3 el Proyecto \u201cTorre CAL\u201d"},"content":{"rendered":"<p style=\"text-align: justify;\"><strong>(Aeronoticias)<\/strong> El candidato al Decanato del Ilustre Colegio de Abogados de Lima 2016-2017 \u00a0Juli\u00e1n Palacin Fern\u00e1ndez, present\u00f3 el Proyecto \u201cTorre CAL\u201d que es el primer objetivo de su plan de desarrollo institucional del Ilustre Colegio de Abogados de Lima en el supuesto que 68 mil agremiados le den la confianza de elegirlo Decano en las elecciones que se llevar\u00e1n a cabo el s\u00e1bado 28 de noviembre de 2015<\/p>\n<p style=\"text-align: justify;\">\u201cLa Torre CAL\u201d de 10 pisos m\u00e1s aires libres en 500 a 600 metros cuadrados de terreno que hoy est\u00e1n sin uso en el CAL (entrando por la Av. Santa Cruz al fondo, se utilizar\u00eda el \u00e1rea de la tarumba).<\/p>\n<p style=\"text-align: justify;\">El proyecto incluye cocheras subterr\u00e1neas, en el segundo y tercer piso 800 m\u00f3dulos muy peque\u00f1os que los denominaremos Estudios Jur\u00eddicos Virtuales para que m\u00e1s de 30,000 colegas puedan atender a sus clientes en horarios alternos.<\/p>\n<p style=\"text-align: justify;\"><span style=\"font-size: 12.1599998474121px; line-height: 1.3em;\">Del cuarto al noveno piso tendremos 2 auditorios de 500 metros cuadrados cada uno y 20 aulas para maestr\u00edas y doctorados de 100 metros cuadrados cada una, se incluir\u00eda una biblioteca, salas para las Comisiones Consultivas y Direcciones de nuestra instituci\u00f3n.<\/span><\/p>\n<p style=\"text-align: justify;\"><span style=\"font-size: 12.1599998474121px; line-height: 1.3em;\">Los aires del d\u00e9cimo piso, es decir el onceavo, estar\u00eda destinado a la gran cafeter\u00eda, bar-Restaurante del Abogado con \u00e1reas recreativas y all\u00ed funcionar\u00eda el \u201cRinc\u00f3n de la poes\u00eda\u201d que fund\u00e9 en el 2011, un ambiente para el Coro Polif\u00f3nico, un ambiente para los delegados, para el Centro de Arbitraje y el Tribunal de Honor.<\/span><\/p>\n<p style=\"text-align: justify;\"><span style=\"font-size: 12.1599998474121px; line-height: 1.3em;\">Todos por el CAL tenemos que mirar hacia el futuro con optimismo, dijo Juli\u00e1n Palacin, expresando su deseo de \u00a0sentar las bases para que nunca m\u00e1s los Directores de Econom\u00eda dejen d\u00e9ficits econ\u00f3micos inmanejables, tendr\u00e1n que terminar las frivolidades de quienes organizaron concursos de belleza y contrataron con las universidades privadas de las que eran sus directivos, tampoco podemos permitir que a futuro los oscuros intereses que financien candidatos al Decanato del CAL, \u201ctenemos que estar alertas\u201d, a futuro no podemos permitir que se hagan posiblemente campa\u00f1as millonarias y no se explican de d\u00f3nde salen los fondos, eso tiene que terminar en el Ilustre Colegio de Abogados de Lima.<\/span><\/p>\n<p style=\"text-align: justify;\">Exhort\u00f3 a los agremiados a que le den la confianza para terminar con una etapa muy triste y penosa en la historia de la vida gremial del Ilustre Colegio de Abogados de Lima, en donde inclusive Directores de Econom\u00eda contrataban con Universidades que ellos mismos representaban, es decir, todo fue un desorden, inclusive se han dado parte de nuestros terrenos en un comodato de uso gratuitamente a un banco sin la autorizaci\u00f3n de la asamblea de Delegados y todo el mundo se queda callado, sin embargo los abogados gremialistas que queremos a nuestra instituci\u00f3n defendemos los derechos del CAL y su futuro.<\/p>\n<p style=\"text-align: justify;\">Asumiremos el Decanato si somos elegidos honrando la historia de todos aquellos Decanos que hicieron la gloria del Ilustre Colegio de Abogados de Lima como conciencia jur\u00eddica del Per\u00fa, agreg\u00f3 el jurista.<\/p>\n<p style=\"text-align: justify;\">Por \u00faltimo inform\u00f3 que este s\u00e1bado 15 de agosto de 2015 se llevar\u00e1 a cabo el Desayuno de las Abogadas del CAL con Juli\u00e1n Palacin, en donde 42 abogadas distinguidas damas representantes de todos los distritos de Lima, quienes manifestar\u00e1n sus inquietudes gremiales para enriquecer el plan de desarrollo institucional de Juli\u00e1n Palacin al Ilustre Colegio de Abogados de Lima.<\/p>\n<p style=\"text-align: justify;\"><img decoding=\"async\" src=\"images\/stories\/15\/08\/130815\/torrecal.jpg\" border=\"0\" \/><\/p>\n","protected":false},"excerpt":{"rendered":"<p>(Aeronoticias) El candidato al Decanato del Ilustre Colegio de Abogados de Lima 2016-2017 \u00a0Juli\u00e1n Palacin Fern\u00e1ndez, present\u00f3 el Proyecto \u201cTorre CAL\u201d que es el primer objetivo de su plan de desarrollo institucional del Ilustre Colegio de Abogados de Lima en el supuesto que 68 mil agremiados le den la confianza de elegirlo Decano en las [&hellip;]<\/p>\n","protected":false},"author":1,"featured_media":0,"comment_status":"open","ping_status":"open","sticky":false,"template":"","format":"standard","meta":{"tdm_status":"","tdm_grid_status":"","footnotes":""},"categories":[36],"tags":[],"class_list":{"0":"post-53361","1":"post","2":"type-post","3":"status-publish","4":"format-standard","6":"category-politica"},"yoast_head":"<!-- This site is optimized with the Yoast SEO plugin v25.1 - https:\/\/yoast.com\/wordpress\/plugins\/seo\/ -->\n<title>Palacin present\u00f3 el Proyecto \u201cTorre CAL\u201d<\/title>\n<meta name=\"description\" content=\"Portal de noticias del Per\u00fa sobre el transporte a\u00e9reo, aviaci\u00f3n, turismo, hoteleria, actualidad.\" \/>\n<meta name=\"robots\" content=\"index, follow, max-snippet:-1, max-image-preview:large, max-video-preview:-1\" \/>\n<link rel=\"canonical\" href=\"https:\/\/aeronoticias.com.pe\/noticiero\/politica\/palacin-presento-el-proyecto-torre-cal\/\" \/>\n<meta property=\"og:locale\" content=\"es_ES\" \/>\n<meta property=\"og:type\" content=\"article\" \/>\n<meta property=\"og:title\" content=\"Palacin present\u00f3 el Proyecto \u201cTorre CAL\u201d\" \/>\n<meta property=\"og:description\" content=\"Portal de noticias del Per\u00fa sobre el transporte a\u00e9reo, aviaci\u00f3n, turismo, hoteleria, actualidad.\" \/>\n<meta property=\"og:url\" content=\"https:\/\/aeronoticias.com.pe\/noticiero\/politica\/palacin-presento-el-proyecto-torre-cal\/\" \/>\n<meta property=\"og:site_name\" content=\"Aeronoticias.com.pe\" \/>\n<meta property=\"article:publisher\" content=\"https:\/\/www.facebook.com\/Aeronoticias.com.pe\/\" \/>\n<meta property=\"article:published_time\" content=\"2015-08-13T17:27:26+00:00\" \/>\n<meta property=\"article:modified_time\" content=\"2020-09-11T13:03:45+00:00\" \/>\n<meta name=\"author\" content=\"Redacci\u00f3n Aeronoticias\" \/>\n<meta name=\"twitter:card\" content=\"summary_large_image\" \/>\n<meta name=\"twitter:creator\" content=\"@aeronoticias\" \/>\n<meta name=\"twitter:site\" content=\"@aeronoticias\" \/>\n<meta name=\"twitter:label1\" content=\"Escrito por\" \/>\n\t<meta name=\"twitter:data1\" content=\"Redacci\u00f3n Aeronoticias\" \/>\n\t<meta name=\"twitter:label2\" content=\"Tiempo de lectura\" \/>\n\t<meta name=\"twitter:data2\" content=\"3 minutos\" \/>\n<script type=\"application\/ld+json\" class=\"yoast-schema-graph\">{\"@context\":\"https:\/\/schema.org\",\"@graph\":[{\"@type\":\"WebPage\",\"@id\":\"https:\/\/aeronoticias.com.pe\/noticiero\/politica\/palacin-presento-el-proyecto-torre-cal\/\",\"url\":\"https:\/\/aeronoticias.com.pe\/noticiero\/politica\/palacin-presento-el-proyecto-torre-cal\/\",\"name\":\"Palacin present\u00f3 el Proyecto \u201cTorre CAL\u201d\",\"isPartOf\":{\"@id\":\"https:\/\/aeronoticias.com.pe\/noticiero\/#website\"},\"datePublished\":\"2015-08-13T17:27:26+00:00\",\"dateModified\":\"2020-09-11T13:03:45+00:00\",\"author\":{\"@id\":\"https:\/\/aeronoticias.com.pe\/noticiero\/#\/schema\/person\/fc1e5d578f4b62ba1cf7ac2bba1170a0\"},\"description\":\"Portal de noticias del Per\u00fa sobre el transporte a\u00e9reo, aviaci\u00f3n, turismo, hoteleria, actualidad.\",\"breadcrumb\":{\"@id\":\"https:\/\/aeronoticias.com.pe\/noticiero\/politica\/palacin-presento-el-proyecto-torre-cal\/#breadcrumb\"},\"inLanguage\":\"es\",\"potentialAction\":[{\"@type\":\"ReadAction\",\"target\":[\"https:\/\/aeronoticias.com.pe\/noticiero\/politica\/palacin-presento-el-proyecto-torre-cal\/\"]}]},{\"@type\":\"BreadcrumbList\",\"@id\":\"https:\/\/aeronoticias.com.pe\/noticiero\/politica\/palacin-presento-el-proyecto-torre-cal\/#breadcrumb\",\"itemListElement\":[{\"@type\":\"ListItem\",\"position\":1,\"name\":\"Portada\",\"item\":\"https:\/\/aeronoticias.com.pe\/noticiero\/\"},{\"@type\":\"ListItem\",\"position\":2,\"name\":\"Palacin present\u00f3 el Proyecto \u201cTorre CAL\u201d\"}]},{\"@type\":\"WebSite\",\"@id\":\"https:\/\/aeronoticias.com.pe\/noticiero\/#website\",\"url\":\"https:\/\/aeronoticias.com.pe\/noticiero\/\",\"name\":\"Aeronoticias.com.pe\",\"description\":\"Noticias de tranporte aereo, turismo, hoteles, gastronomia, actualidad, internacional\",\"potentialAction\":[{\"@type\":\"SearchAction\",\"target\":{\"@type\":\"EntryPoint\",\"urlTemplate\":\"https:\/\/aeronoticias.com.pe\/noticiero\/?s={search_term_string}\"},\"query-input\":{\"@type\":\"PropertyValueSpecification\",\"valueRequired\":true,\"valueName\":\"search_term_string\"}}],\"inLanguage\":\"es\"},{\"@type\":\"Person\",\"@id\":\"https:\/\/aeronoticias.com.pe\/noticiero\/#\/schema\/person\/fc1e5d578f4b62ba1cf7ac2bba1170a0\",\"name\":\"Redacci\u00f3n Aeronoticias\",\"url\":\"https:\/\/aeronoticias.com.pe\/noticiero\/author\/piloto\/\"}]}<\/script>\n<!-- \/ Yoast SEO plugin. -->","yoast_head_json":{"title":"Palacin present\u00f3 el Proyecto \u201cTorre CAL\u201d","description":"Portal de noticias del Per\u00fa sobre el transporte a\u00e9reo, aviaci\u00f3n, turismo, hoteleria, actualidad.","robots":{"index":"index","follow":"follow","max-snippet":"max-snippet:-1","max-image-preview":"max-image-preview:large","max-video-preview":"max-video-preview:-1"},"canonical":"https:\/\/aeronoticias.com.pe\/noticiero\/politica\/palacin-presento-el-proyecto-torre-cal\/","og_locale":"es_ES","og_type":"article","og_title":"Palacin present\u00f3 el Proyecto \u201cTorre CAL\u201d","og_description":"Portal de noticias del Per\u00fa sobre el transporte a\u00e9reo, aviaci\u00f3n, turismo, hoteleria, actualidad.","og_url":"https:\/\/aeronoticias.com.pe\/noticiero\/politica\/palacin-presento-el-proyecto-torre-cal\/","og_site_name":"Aeronoticias.com.pe","article_publisher":"https:\/\/www.facebook.com\/Aeronoticias.com.pe\/","article_published_time":"2015-08-13T17:27:26+00:00","article_modified_time":"2020-09-11T13:03:45+00:00","author":"Redacci\u00f3n Aeronoticias","twitter_card":"summary_large_image","twitter_creator":"@aeronoticias","twitter_site":"@aeronoticias","twitter_misc":{"Escrito por":"Redacci\u00f3n Aeronoticias","Tiempo de lectura":"3 minutos"},"schema":{"@context":"https:\/\/schema.org","@graph":[{"@type":"WebPage","@id":"https:\/\/aeronoticias.com.pe\/noticiero\/politica\/palacin-presento-el-proyecto-torre-cal\/","url":"https:\/\/aeronoticias.com.pe\/noticiero\/politica\/palacin-presento-el-proyecto-torre-cal\/","name":"Palacin present\u00f3 el Proyecto \u201cTorre CAL\u201d","isPartOf":{"@id":"https:\/\/aeronoticias.com.pe\/noticiero\/#website"},"datePublished":"2015-08-13T17:27:26+00:00","dateModified":"2020-09-11T13:03:45+00:00","author":{"@id":"https:\/\/aeronoticias.com.pe\/noticiero\/#\/schema\/person\/fc1e5d578f4b62ba1cf7ac2bba1170a0"},"description":"Portal de noticias del Per\u00fa sobre el transporte a\u00e9reo, aviaci\u00f3n, turismo, hoteleria, actualidad.","breadcrumb":{"@id":"https:\/\/aeronoticias.com.pe\/noticiero\/politica\/palacin-presento-el-proyecto-torre-cal\/#breadcrumb"},"inLanguage":"es","potentialAction":[{"@type":"ReadAction","target":["https:\/\/aeronoticias.com.pe\/noticiero\/politica\/palacin-presento-el-proyecto-torre-cal\/"]}]},{"@type":"BreadcrumbList","@id":"https:\/\/aeronoticias.com.pe\/noticiero\/politica\/palacin-presento-el-proyecto-torre-cal\/#breadcrumb","itemListElement":[{"@type":"ListItem","position":1,"name":"Portada","item":"https:\/\/aeronoticias.com.pe\/noticiero\/"},{"@type":"ListItem","position":2,"name":"Palacin present\u00f3 el Proyecto \u201cTorre CAL\u201d"}]},{"@type":"WebSite","@id":"https:\/\/aeronoticias.com.pe\/noticiero\/#website","url":"https:\/\/aeronoticias.com.pe\/noticiero\/","name":"Aeronoticias.com.pe","description":"Noticias de tranporte aereo, turismo, hoteles, gastronomia, actualidad, internacional","potentialAction":[{"@type":"SearchAction","target":{"@type":"EntryPoint","urlTemplate":"https:\/\/aeronoticias.com.pe\/noticiero\/?s={search_term_string}"},"query-input":{"@type":"PropertyValueSpecification","valueRequired":true,"valueName":"search_term_string"}}],"inLanguage":"es"},{"@type":"Person","@id":"https:\/\/aeronoticias.com.pe\/noticiero\/#\/schema\/person\/fc1e5d578f4b62ba1cf7ac2bba1170a0","name":"Redacci\u00f3n Aeronoticias","url":"https:\/\/aeronoticias.com.pe\/noticiero\/author\/piloto\/"}]}},"_links":{"self":[{"href":"https:\/\/aeronoticias.com.pe\/noticiero\/wp-json\/wp\/v2\/posts\/53361","targetHints":{"allow":["GET"]}}],"collection":[{"href":"https:\/\/aeronoticias.com.pe\/noticiero\/wp-json\/wp\/v2\/posts"}],"about":[{"href":"https:\/\/aeronoticias.com.pe\/noticiero\/wp-json\/wp\/v2\/types\/post"}],"author":[{"embeddable":true,"href":"https:\/\/aeronoticias.com.pe\/noticiero\/wp-json\/wp\/v2\/users\/1"}],"replies":[{"embeddable":true,"href":"https:\/\/aeronoticias.com.pe\/noticiero\/wp-json\/wp\/v2\/comments?post=53361"}],"version-history":[{"count":0,"href":"https:\/\/aeronoticias.com.pe\/noticiero\/wp-json\/wp\/v2\/posts\/53361\/revisions"}],"wp:attachment":[{"href":"https:\/\/aeronoticias.com.pe\/noticiero\/wp-json\/wp\/v2\/media?parent=53361"}],"wp:term":[{"taxonomy":"category","embeddable":true,"href":"https:\/\/aeronoticias.com.pe\/noticiero\/wp-json\/wp\/v2\/categories?post=53361"},{"taxonomy":"post_tag","embeddable":true,"href":"https:\/\/aeronoticias.com.pe\/noticiero\/wp-json\/wp\/v2\/tags?post=53361"}],"curies":[{"name":"wp","href":"https:\/\/api.w.org\/{rel}","templated":true}]}}