{"id":53363,"date":"2015-08-13T18:00:42","date_gmt":"2015-08-13T18:00:42","guid":{"rendered":"http:\/\/desarrollo.mcvicious.com\/aero2020\/2015\/08\/13\/hallan-restos-de-asientos-y-de-ventanas-de-avion-en-isla-la-reunion\/"},"modified":"2015-08-13T18:00:42","modified_gmt":"2015-08-13T18:00:42","slug":"hallan-restos-de-asientos-y-de-ventanas-de-avion-en-isla-la-reunion","status":"publish","type":"post","link":"https:\/\/aeronoticias.com.pe\/noticiero\/transporte-aereo\/internacional\/hallan-restos-de-asientos-y-de-ventanas-de-avion-en-isla-la-reunion\/","title":{"rendered":"Hallan restos de asientos y de ventanas de avi\u00f3n en isla La Reuni\u00f3n"},"content":{"rendered":"<p style=\"text-align: justify;\"><strong>(Aeronoticias) <\/strong><span style=\"font-size: 12.1599998474121px; line-height: 1.3em;\">Varios cojines de asientos y ventanas de avi\u00f3n fueron hallados en la isla francesa de La Reuni\u00f3n, en el oc\u00e9ano \u00cdndico, donde la semana pasada se encontraron restos de un avi\u00f3n Boeing 777, inform\u00f3 este el ministro malasio de Transportes.<\/span><\/p>\n<p style=\"text-align: justify;\"><span style=\"font-size: 12.1599998474121px; line-height: 1.3em;\">\u00abTambi\u00e9n hemos encontrado restos como cristales, l\u00e1minas de aluminio y cojines de asientos\u00bb, dijo el ministro de Transportes malasio, Liow Tiong Lai.<\/span><\/p>\n<p style=\"text-align: justify;\"><span style=\"font-size: 12.1599998474121px; line-height: 1.3em;\">Este es el resto de avi\u00f3n encontrado el 29 de julio en la isla francesa de La Reuni\u00f3n. \u00a0El primer ministro de Malasia, Najib Razak, anunci\u00f3 este mi\u00e9rcoles que tales restos pertenecen al vuelo MH370 de Malaysia Airlines desaparecido en marzo de 2014. | EFE<\/span><\/p>\n<p style=\"text-align: justify;\">Este es el resto de avi\u00f3n encontrado el 29 de julio en la isla francesa de La Reuni\u00f3n. El primer ministro de Malasia, Najib Razak, anunci\u00f3 este mi\u00e9rcoles que tales restos pertenecen al vuelo MH370 de Malaysia Airlines desaparecido en marzo de 2014. | EFE ampliar<\/p>\n<p style=\"text-align: justify;\">En Par\u00eds, fuentes judiciales francesas informaron a la AFP que por el momento los investigadores del pa\u00eds no estaban en posesi\u00f3n de m\u00e1s restos del avi\u00f3n.<\/p>\n<p style=\"text-align: justify;\"><span style=\"font-size: 12.1599998474121px; line-height: 1.3em;\">Liow Tiong Lai precis\u00f3 que se refer\u00eda a asientos y ventanillas de avi\u00f3n encontrados por el equipo de expertos malasios desplegados en La Reuni\u00f3n tras el descubrimiento, hace una semana, de un fragmento de ala de un Boeing 777.<\/span><\/p>\n<p style=\"text-align: justify;\"><span style=\"font-size: 12.1599998474121px; line-height: 1.3em;\">El ministro indic\u00f3, no obstante, que no era posible determinar si estos nuevos restos proced\u00edan del mismo Boeing.<\/span><\/p>\n<p style=\"text-align: justify;\"><span style=\"font-size: 12.1599998474121px; line-height: 1.3em;\">\u00abEso deben verificarlo las autoridades francesas\u00bb, dijo.<\/span><\/p>\n<p style=\"text-align: justify;\"><span style=\"font-size: 12.1599998474121px; line-height: 1.3em;\">Las autoridades judiciales francesas \u00abno han recibido de momento nuevos escombros del avi\u00f3n\u00bb, indic\u00f3 la fuente judicial de Francia.<\/span><\/p>\n<p style=\"text-align: justify;\"><span style=\"font-size: 12.1599998474121px; line-height: 1.3em;\">El primer ministro malasio, Najib Razak, hab\u00eda declarado previamente el jueves que el flaper\u00f3n -un fragmento del ala- encontrado la semana pasada en La Reuni\u00f3n pertenec\u00eda al Boeing 777 que cubr\u00eda el vuelo de Malaysia Airlines MH370 entre Kuala Lumpur y Pek\u00edn, desaparecido hace 17 meses poco despu\u00e9s de su despegue.<\/span><\/p>\n<p style=\"text-align: justify;\"><span style=\"font-size: 12.1599998474121px; line-height: 1.3em;\">La fiscal\u00eda de Par\u00eds, que tambi\u00e9n investiga la desaparici\u00f3n, ya que cuatro v\u00edctimas eran francesas, se mostr\u00f3 m\u00e1s prudente y habl\u00f3 de \u00abmuy fuertes sospechas\u00bb de que el fragmento de ala pertenec\u00eda al Boeing 777 del MH370.<\/span><\/p>\n<p style=\"text-align: justify;\"><span style=\"font-size: 12.1599998474121px; line-height: 1.3em;\">La investigaci\u00f3n de los restos iniciada el mi\u00e9rcoles en un laboratorio militar del sudoeste de Francia, en la que participan expertos franceses y malasios, continuaba este jueves.<\/span><\/p>\n<p style=\"text-align: justify;\"><span style=\"font-size: 12.1599998474121px; line-height: 1.3em;\"><img decoding=\"async\" src=\"images\/stories\/15\/08\/130815\/restoreunion.jpg\" border=\"0\" \/><br \/><\/span><\/p>\n","protected":false},"excerpt":{"rendered":"<p>(Aeronoticias) Varios cojines de asientos y ventanas de avi\u00f3n fueron hallados en la isla francesa de La Reuni\u00f3n, en el oc\u00e9ano \u00cdndico, donde la semana pasada se encontraron restos de un avi\u00f3n Boeing 777, inform\u00f3 este el ministro malasio de Transportes. \u00abTambi\u00e9n hemos encontrado restos como cristales, l\u00e1minas de aluminio y cojines de asientos\u00bb, dijo [&hellip;]<\/p>\n","protected":false},"author":1,"featured_media":0,"comment_status":"open","ping_status":"open","sticky":false,"template":"","format":"standard","meta":{"tdm_status":"","tdm_grid_status":"","footnotes":""},"categories":[32],"tags":[],"class_list":{"0":"post-53363","1":"post","2":"type-post","3":"status-publish","4":"format-standard","6":"category-internacional"},"yoast_head":"<!-- This site is optimized with the Yoast SEO plugin v25.1 - https:\/\/yoast.com\/wordpress\/plugins\/seo\/ -->\n<title>Hallan restos de asientos y de ventanas de avi\u00f3n en isla La Reuni\u00f3n<\/title>\n<meta name=\"description\" content=\"Portal de noticias del Per\u00fa sobre el transporte a\u00e9reo, aviaci\u00f3n, turismo, hoteleria, actualidad.\" \/>\n<meta name=\"robots\" content=\"index, follow, max-snippet:-1, max-image-preview:large, max-video-preview:-1\" \/>\n<link rel=\"canonical\" href=\"https:\/\/aeronoticias.com.pe\/noticiero\/transporte-aereo\/internacional\/hallan-restos-de-asientos-y-de-ventanas-de-avion-en-isla-la-reunion\/\" \/>\n<meta property=\"og:locale\" content=\"es_ES\" \/>\n<meta property=\"og:type\" content=\"article\" \/>\n<meta property=\"og:title\" content=\"Hallan restos de asientos y de ventanas de avi\u00f3n en isla La Reuni\u00f3n\" \/>\n<meta property=\"og:description\" content=\"Portal de noticias del Per\u00fa sobre el transporte a\u00e9reo, aviaci\u00f3n, turismo, hoteleria, actualidad.\" \/>\n<meta property=\"og:url\" content=\"https:\/\/aeronoticias.com.pe\/noticiero\/transporte-aereo\/internacional\/hallan-restos-de-asientos-y-de-ventanas-de-avion-en-isla-la-reunion\/\" \/>\n<meta property=\"og:site_name\" content=\"Aeronoticias.com.pe\" \/>\n<meta property=\"article:publisher\" content=\"https:\/\/www.facebook.com\/Aeronoticias.com.pe\/\" \/>\n<meta property=\"article:published_time\" content=\"2015-08-13T18:00:42+00:00\" \/>\n<meta name=\"author\" content=\"Redacci\u00f3n Aeronoticias\" \/>\n<meta name=\"twitter:card\" content=\"summary_large_image\" \/>\n<meta name=\"twitter:creator\" content=\"@aeronoticias\" \/>\n<meta name=\"twitter:site\" content=\"@aeronoticias\" \/>\n<meta name=\"twitter:label1\" content=\"Escrito por\" \/>\n\t<meta name=\"twitter:data1\" content=\"Redacci\u00f3n Aeronoticias\" \/>\n\t<meta name=\"twitter:label2\" content=\"Tiempo de lectura\" \/>\n\t<meta name=\"twitter:data2\" content=\"2 minutos\" \/>\n<script type=\"application\/ld+json\" class=\"yoast-schema-graph\">{\"@context\":\"https:\/\/schema.org\",\"@graph\":[{\"@type\":\"WebPage\",\"@id\":\"https:\/\/aeronoticias.com.pe\/noticiero\/transporte-aereo\/internacional\/hallan-restos-de-asientos-y-de-ventanas-de-avion-en-isla-la-reunion\/\",\"url\":\"https:\/\/aeronoticias.com.pe\/noticiero\/transporte-aereo\/internacional\/hallan-restos-de-asientos-y-de-ventanas-de-avion-en-isla-la-reunion\/\",\"name\":\"Hallan restos de asientos y de ventanas de avi\u00f3n en isla La Reuni\u00f3n\",\"isPartOf\":{\"@id\":\"https:\/\/aeronoticias.com.pe\/noticiero\/#website\"},\"datePublished\":\"2015-08-13T18:00:42+00:00\",\"author\":{\"@id\":\"https:\/\/aeronoticias.com.pe\/noticiero\/#\/schema\/person\/fc1e5d578f4b62ba1cf7ac2bba1170a0\"},\"description\":\"Portal de noticias del Per\u00fa sobre el transporte a\u00e9reo, aviaci\u00f3n, turismo, hoteleria, actualidad.\",\"breadcrumb\":{\"@id\":\"https:\/\/aeronoticias.com.pe\/noticiero\/transporte-aereo\/internacional\/hallan-restos-de-asientos-y-de-ventanas-de-avion-en-isla-la-reunion\/#breadcrumb\"},\"inLanguage\":\"es\",\"potentialAction\":[{\"@type\":\"ReadAction\",\"target\":[\"https:\/\/aeronoticias.com.pe\/noticiero\/transporte-aereo\/internacional\/hallan-restos-de-asientos-y-de-ventanas-de-avion-en-isla-la-reunion\/\"]}]},{\"@type\":\"BreadcrumbList\",\"@id\":\"https:\/\/aeronoticias.com.pe\/noticiero\/transporte-aereo\/internacional\/hallan-restos-de-asientos-y-de-ventanas-de-avion-en-isla-la-reunion\/#breadcrumb\",\"itemListElement\":[{\"@type\":\"ListItem\",\"position\":1,\"name\":\"Portada\",\"item\":\"https:\/\/aeronoticias.com.pe\/noticiero\/\"},{\"@type\":\"ListItem\",\"position\":2,\"name\":\"Hallan restos de asientos y de ventanas de avi\u00f3n en isla La Reuni\u00f3n\"}]},{\"@type\":\"WebSite\",\"@id\":\"https:\/\/aeronoticias.com.pe\/noticiero\/#website\",\"url\":\"https:\/\/aeronoticias.com.pe\/noticiero\/\",\"name\":\"Aeronoticias.com.pe\",\"description\":\"Noticias de tranporte aereo, turismo, hoteles, gastronomia, actualidad, internacional\",\"potentialAction\":[{\"@type\":\"SearchAction\",\"target\":{\"@type\":\"EntryPoint\",\"urlTemplate\":\"https:\/\/aeronoticias.com.pe\/noticiero\/?s={search_term_string}\"},\"query-input\":{\"@type\":\"PropertyValueSpecification\",\"valueRequired\":true,\"valueName\":\"search_term_string\"}}],\"inLanguage\":\"es\"},{\"@type\":\"Person\",\"@id\":\"https:\/\/aeronoticias.com.pe\/noticiero\/#\/schema\/person\/fc1e5d578f4b62ba1cf7ac2bba1170a0\",\"name\":\"Redacci\u00f3n Aeronoticias\",\"url\":\"https:\/\/aeronoticias.com.pe\/noticiero\/author\/piloto\/\"}]}<\/script>\n<!-- \/ Yoast SEO plugin. -->","yoast_head_json":{"title":"Hallan restos de asientos y de ventanas de avi\u00f3n en isla La Reuni\u00f3n","description":"Portal de noticias del Per\u00fa sobre el transporte a\u00e9reo, aviaci\u00f3n, turismo, hoteleria, actualidad.","robots":{"index":"index","follow":"follow","max-snippet":"max-snippet:-1","max-image-preview":"max-image-preview:large","max-video-preview":"max-video-preview:-1"},"canonical":"https:\/\/aeronoticias.com.pe\/noticiero\/transporte-aereo\/internacional\/hallan-restos-de-asientos-y-de-ventanas-de-avion-en-isla-la-reunion\/","og_locale":"es_ES","og_type":"article","og_title":"Hallan restos de asientos y de ventanas de avi\u00f3n en isla La Reuni\u00f3n","og_description":"Portal de noticias del Per\u00fa sobre el transporte a\u00e9reo, aviaci\u00f3n, turismo, hoteleria, actualidad.","og_url":"https:\/\/aeronoticias.com.pe\/noticiero\/transporte-aereo\/internacional\/hallan-restos-de-asientos-y-de-ventanas-de-avion-en-isla-la-reunion\/","og_site_name":"Aeronoticias.com.pe","article_publisher":"https:\/\/www.facebook.com\/Aeronoticias.com.pe\/","article_published_time":"2015-08-13T18:00:42+00:00","author":"Redacci\u00f3n Aeronoticias","twitter_card":"summary_large_image","twitter_creator":"@aeronoticias","twitter_site":"@aeronoticias","twitter_misc":{"Escrito por":"Redacci\u00f3n Aeronoticias","Tiempo de lectura":"2 minutos"},"schema":{"@context":"https:\/\/schema.org","@graph":[{"@type":"WebPage","@id":"https:\/\/aeronoticias.com.pe\/noticiero\/transporte-aereo\/internacional\/hallan-restos-de-asientos-y-de-ventanas-de-avion-en-isla-la-reunion\/","url":"https:\/\/aeronoticias.com.pe\/noticiero\/transporte-aereo\/internacional\/hallan-restos-de-asientos-y-de-ventanas-de-avion-en-isla-la-reunion\/","name":"Hallan restos de asientos y de ventanas de avi\u00f3n en isla La Reuni\u00f3n","isPartOf":{"@id":"https:\/\/aeronoticias.com.pe\/noticiero\/#website"},"datePublished":"2015-08-13T18:00:42+00:00","author":{"@id":"https:\/\/aeronoticias.com.pe\/noticiero\/#\/schema\/person\/fc1e5d578f4b62ba1cf7ac2bba1170a0"},"description":"Portal de noticias del Per\u00fa sobre el transporte a\u00e9reo, aviaci\u00f3n, turismo, hoteleria, actualidad.","breadcrumb":{"@id":"https:\/\/aeronoticias.com.pe\/noticiero\/transporte-aereo\/internacional\/hallan-restos-de-asientos-y-de-ventanas-de-avion-en-isla-la-reunion\/#breadcrumb"},"inLanguage":"es","potentialAction":[{"@type":"ReadAction","target":["https:\/\/aeronoticias.com.pe\/noticiero\/transporte-aereo\/internacional\/hallan-restos-de-asientos-y-de-ventanas-de-avion-en-isla-la-reunion\/"]}]},{"@type":"BreadcrumbList","@id":"https:\/\/aeronoticias.com.pe\/noticiero\/transporte-aereo\/internacional\/hallan-restos-de-asientos-y-de-ventanas-de-avion-en-isla-la-reunion\/#breadcrumb","itemListElement":[{"@type":"ListItem","position":1,"name":"Portada","item":"https:\/\/aeronoticias.com.pe\/noticiero\/"},{"@type":"ListItem","position":2,"name":"Hallan restos de asientos y de ventanas de avi\u00f3n en isla La Reuni\u00f3n"}]},{"@type":"WebSite","@id":"https:\/\/aeronoticias.com.pe\/noticiero\/#website","url":"https:\/\/aeronoticias.com.pe\/noticiero\/","name":"Aeronoticias.com.pe","description":"Noticias de tranporte aereo, turismo, hoteles, gastronomia, actualidad, internacional","potentialAction":[{"@type":"SearchAction","target":{"@type":"EntryPoint","urlTemplate":"https:\/\/aeronoticias.com.pe\/noticiero\/?s={search_term_string}"},"query-input":{"@type":"PropertyValueSpecification","valueRequired":true,"valueName":"search_term_string"}}],"inLanguage":"es"},{"@type":"Person","@id":"https:\/\/aeronoticias.com.pe\/noticiero\/#\/schema\/person\/fc1e5d578f4b62ba1cf7ac2bba1170a0","name":"Redacci\u00f3n Aeronoticias","url":"https:\/\/aeronoticias.com.pe\/noticiero\/author\/piloto\/"}]}},"_links":{"self":[{"href":"https:\/\/aeronoticias.com.pe\/noticiero\/wp-json\/wp\/v2\/posts\/53363","targetHints":{"allow":["GET"]}}],"collection":[{"href":"https:\/\/aeronoticias.com.pe\/noticiero\/wp-json\/wp\/v2\/posts"}],"about":[{"href":"https:\/\/aeronoticias.com.pe\/noticiero\/wp-json\/wp\/v2\/types\/post"}],"author":[{"embeddable":true,"href":"https:\/\/aeronoticias.com.pe\/noticiero\/wp-json\/wp\/v2\/users\/1"}],"replies":[{"embeddable":true,"href":"https:\/\/aeronoticias.com.pe\/noticiero\/wp-json\/wp\/v2\/comments?post=53363"}],"version-history":[{"count":0,"href":"https:\/\/aeronoticias.com.pe\/noticiero\/wp-json\/wp\/v2\/posts\/53363\/revisions"}],"wp:attachment":[{"href":"https:\/\/aeronoticias.com.pe\/noticiero\/wp-json\/wp\/v2\/media?parent=53363"}],"wp:term":[{"taxonomy":"category","embeddable":true,"href":"https:\/\/aeronoticias.com.pe\/noticiero\/wp-json\/wp\/v2\/categories?post=53363"},{"taxonomy":"post_tag","embeddable":true,"href":"https:\/\/aeronoticias.com.pe\/noticiero\/wp-json\/wp\/v2\/tags?post=53363"}],"curies":[{"name":"wp","href":"https:\/\/api.w.org\/{rel}","templated":true}]}}